{"id":29277,"date":"2026-01-27T12:35:21","date_gmt":"2026-01-27T11:35:21","guid":{"rendered":"https:\/\/veritasinfo.org\/?p=29277"},"modified":"2026-01-27T12:35:21","modified_gmt":"2026-01-27T11:35:21","slug":"nestao-tokom-rata-pronadjeno-telo-rasima-mehmeta-kocija","status":"publish","type":"post","link":"https:\/\/veritasinfo.org\/?p=29277&lang=sr","title":{"rendered":"Nestao tokom rata, prona\u0111eno telo Rasima Mehmeta Ko\u010dija"},"content":{"rendered":"<p>Pri\u0161tina, 27. januar 2026. 12:33<\/p>\n<p>Nakon 26 godina i 10 meseci \u010dekanja, prona\u0111eno je telo Rasima Mehmeta Ko\u010dija (ro\u0111enog 1957), koji je nestao 1. aprila 1999. godine u blizini sela Osek Hile, tokom rata na Kosovu.<\/p>\n<p>Prema re\u010dima \u010dlanova porodice, Rasima Mehmeta Ko\u010dija su uhapsile srpske snage, zatim ubile i njegovo telo je nestalo.<\/p>\n<p>Nakon oko 27 godina strepnje i neizvesnosti, njegovi posmrtni ostaci su identifikovani i bic\u0301e predati njegovoj porodici u petak, 30. januara 2026. godine. Porodica Ko\u010di je jedna od porodica koje su pretrpele te\u0161ke gubitke tokom rata na Kosovu.<\/p>\n<p>Pored Rasima Mehmeta Ko\u010dija, ova porodica je dala jo\u0161 dvojicu \u0161ehida: Afrima Idriza Ko\u010dija i Besima Idriza Ko\u010dija, koje su brutalno ubile 25. marta 1999. godine srpske paravojne i vojne snage. Pomen \u017ertvi rata Rasimu Mehmetu Ko\u010diju odr\u017eac\u0301e se 31. januara 2026. godine, od 12:00 do 13:00 \u010dasova, u Palati kulture u \u0110akovici, dok c\u0301e se sahrana obaviti u 13:30 \u010dasova na Groblju \u0161ehida u Kabratu. Porodica Ko\u010di poziva gra\u0111ane, institucije i medije da u\u010destvuju u odavanju po\u010dasti \u017eivotu, \u017ertvi i sec\u0301anju na njene \u0161ehide. Porodica Ko\u010di \u2013 \u0110akova<\/p>\n","protected":false},"excerpt":{"rendered":"<p>Pri\u0161tina, 27. januar 2026. 12:33 Nakon 26 godina i 10 meseci \u010dekanja, prona\u0111eno je telo Rasima Mehmeta Ko\u010dija (ro\u0111enog 1957), koji je nestao 1. aprila<\/p>\n","protected":false},"author":6,"featured_media":29275,"comment_status":"open","ping_status":"open","sticky":false,"template":"","format":"standard","meta":{"footnotes":""},"categories":[103],"tags":[],"class_list":["post-29277","post","type-post","status-publish","format-standard","has-post-thumbnail","hentry","category-hronika"],"yoast_head":"<!-- This site is optimized with the Yoast SEO plugin v25.3.1 - https:\/\/yoast.com\/wordpress\/plugins\/seo\/ -->\n<title>Nestao tokom rata, prona\u0111eno telo Rasima Mehmeta Ko\u010dija -<\/title>\n<meta name=\"robots\" content=\"index, follow, max-snippet:-1, max-image-preview:large, max-video-preview:-1\" \/>\n<link rel=\"canonical\" href=\"https:\/\/veritasinfo.org\/?p=29277&lang=sr\" \/>\n<meta property=\"og:locale\" content=\"en_US\" \/>\n<meta property=\"og:type\" content=\"article\" \/>\n<meta property=\"og:title\" content=\"Nestao tokom rata, prona\u0111eno telo Rasima Mehmeta Ko\u010dija -\" \/>\n<meta property=\"og:description\" content=\"Pri\u0161tina, 27. januar 2026. 12:33 Nakon 26 godina i 10 meseci \u010dekanja, prona\u0111eno je telo Rasima Mehmeta Ko\u010dija (ro\u0111enog 1957), koji je nestao 1. aprila\" \/>\n<meta property=\"og:url\" content=\"https:\/\/veritasinfo.org\/?p=29277&amp;lang=sr\" \/>\n<meta property=\"article:published_time\" content=\"2026-01-27T11:35:21+00:00\" \/>\n<meta property=\"og:image\" content=\"https:\/\/veritasinfo.org\/wp-content\/uploads\/2026\/01\/i-zhdukur.jpg\" \/>\n\t<meta property=\"og:image:width\" content=\"795\" \/>\n\t<meta property=\"og:image:height\" content=\"669\" \/>\n\t<meta property=\"og:image:type\" content=\"image\/jpeg\" \/>\n<meta name=\"author\" content=\"US5\" \/>\n<meta name=\"twitter:card\" content=\"summary_large_image\" \/>\n<meta name=\"twitter:label1\" content=\"Written by\" \/>\n\t<meta name=\"twitter:data1\" content=\"US5\" \/>\n<script type=\"application\/ld+json\" class=\"yoast-schema-graph\">{\"@context\":\"https:\/\/schema.org\",\"@graph\":[{\"@type\":\"WebPage\",\"@id\":\"https:\/\/veritasinfo.org\/?p=29277&lang=sr\",\"url\":\"https:\/\/veritasinfo.org\/?p=29277&lang=sr\",\"name\":\"Nestao tokom rata, prona\u0111eno telo Rasima Mehmeta Ko\u010dija -\",\"isPartOf\":{\"@id\":\"https:\/\/veritasinfo.org\/#website\"},\"primaryImageOfPage\":{\"@id\":\"https:\/\/veritasinfo.org\/?p=29277&lang=sr#primaryimage\"},\"image\":{\"@id\":\"https:\/\/veritasinfo.org\/?p=29277&lang=sr#primaryimage\"},\"thumbnailUrl\":\"https:\/\/veritasinfo.org\/wp-content\/uploads\/2026\/01\/i-zhdukur.jpg\",\"datePublished\":\"2026-01-27T11:35:21+00:00\",\"author\":{\"@id\":\"https:\/\/veritasinfo.org\/#\/schema\/person\/bc442336e35414d04494ab8fb45db4c6\"},\"breadcrumb\":{\"@id\":\"https:\/\/veritasinfo.org\/?p=29277&lang=sr#breadcrumb\"},\"inLanguage\":\"en-US\",\"potentialAction\":[{\"@type\":\"ReadAction\",\"target\":[\"https:\/\/veritasinfo.org\/?p=29277&lang=sr\"]}]},{\"@type\":\"ImageObject\",\"inLanguage\":\"en-US\",\"@id\":\"https:\/\/veritasinfo.org\/?p=29277&lang=sr#primaryimage\",\"url\":\"https:\/\/veritasinfo.org\/wp-content\/uploads\/2026\/01\/i-zhdukur.jpg\",\"contentUrl\":\"https:\/\/veritasinfo.org\/wp-content\/uploads\/2026\/01\/i-zhdukur.jpg\",\"width\":795,\"height\":669},{\"@type\":\"BreadcrumbList\",\"@id\":\"https:\/\/veritasinfo.org\/?p=29277&lang=sr#breadcrumb\",\"itemListElement\":[{\"@type\":\"ListItem\",\"position\":1,\"name\":\"Home\",\"item\":\"https:\/\/veritasinfo.org\/\"},{\"@type\":\"ListItem\",\"position\":2,\"name\":\"Nestao tokom rata, prona\u0111eno telo Rasima Mehmeta Ko\u010dija\"}]},{\"@type\":\"WebSite\",\"@id\":\"https:\/\/veritasinfo.org\/#website\",\"url\":\"https:\/\/veritasinfo.org\/\",\"name\":\"\",\"description\":\"\",\"potentialAction\":[{\"@type\":\"SearchAction\",\"target\":{\"@type\":\"EntryPoint\",\"urlTemplate\":\"https:\/\/veritasinfo.org\/?s={search_term_string}\"},\"query-input\":{\"@type\":\"PropertyValueSpecification\",\"valueRequired\":true,\"valueName\":\"search_term_string\"}}],\"inLanguage\":\"en-US\"},{\"@type\":\"Person\",\"@id\":\"https:\/\/veritasinfo.org\/#\/schema\/person\/bc442336e35414d04494ab8fb45db4c6\",\"name\":\"US5\",\"image\":{\"@type\":\"ImageObject\",\"inLanguage\":\"en-US\",\"@id\":\"https:\/\/veritasinfo.org\/#\/schema\/person\/image\/\",\"url\":\"https:\/\/secure.gravatar.com\/avatar\/16a61e7272a0c5d001121ebb9e60e925d5816e4ac1e443ed3e640d9a6ae55d0c?s=96&d=mm&r=g\",\"contentUrl\":\"https:\/\/secure.gravatar.com\/avatar\/16a61e7272a0c5d001121ebb9e60e925d5816e4ac1e443ed3e640d9a6ae55d0c?s=96&d=mm&r=g\",\"caption\":\"US5\"},\"url\":\"https:\/\/veritasinfo.org\/?author=6\"}]}<\/script>\n<!-- \/ Yoast SEO plugin. -->","yoast_head_json":{"title":"Nestao tokom rata, prona\u0111eno telo Rasima Mehmeta Ko\u010dija -","robots":{"index":"index","follow":"follow","max-snippet":"max-snippet:-1","max-image-preview":"max-image-preview:large","max-video-preview":"max-video-preview:-1"},"canonical":"https:\/\/veritasinfo.org\/?p=29277&lang=sr","og_locale":"en_US","og_type":"article","og_title":"Nestao tokom rata, prona\u0111eno telo Rasima Mehmeta Ko\u010dija -","og_description":"Pri\u0161tina, 27. januar 2026. 12:33 Nakon 26 godina i 10 meseci \u010dekanja, prona\u0111eno je telo Rasima Mehmeta Ko\u010dija (ro\u0111enog 1957), koji je nestao 1. aprila","og_url":"https:\/\/veritasinfo.org\/?p=29277&lang=sr","article_published_time":"2026-01-27T11:35:21+00:00","og_image":[{"width":795,"height":669,"url":"https:\/\/veritasinfo.org\/wp-content\/uploads\/2026\/01\/i-zhdukur.jpg","type":"image\/jpeg"}],"author":"US5","twitter_card":"summary_large_image","twitter_misc":{"Written by":"US5"},"schema":{"@context":"https:\/\/schema.org","@graph":[{"@type":"WebPage","@id":"https:\/\/veritasinfo.org\/?p=29277&lang=sr","url":"https:\/\/veritasinfo.org\/?p=29277&lang=sr","name":"Nestao tokom rata, prona\u0111eno telo Rasima Mehmeta Ko\u010dija -","isPartOf":{"@id":"https:\/\/veritasinfo.org\/#website"},"primaryImageOfPage":{"@id":"https:\/\/veritasinfo.org\/?p=29277&lang=sr#primaryimage"},"image":{"@id":"https:\/\/veritasinfo.org\/?p=29277&lang=sr#primaryimage"},"thumbnailUrl":"https:\/\/veritasinfo.org\/wp-content\/uploads\/2026\/01\/i-zhdukur.jpg","datePublished":"2026-01-27T11:35:21+00:00","author":{"@id":"https:\/\/veritasinfo.org\/#\/schema\/person\/bc442336e35414d04494ab8fb45db4c6"},"breadcrumb":{"@id":"https:\/\/veritasinfo.org\/?p=29277&lang=sr#breadcrumb"},"inLanguage":"en-US","potentialAction":[{"@type":"ReadAction","target":["https:\/\/veritasinfo.org\/?p=29277&lang=sr"]}]},{"@type":"ImageObject","inLanguage":"en-US","@id":"https:\/\/veritasinfo.org\/?p=29277&lang=sr#primaryimage","url":"https:\/\/veritasinfo.org\/wp-content\/uploads\/2026\/01\/i-zhdukur.jpg","contentUrl":"https:\/\/veritasinfo.org\/wp-content\/uploads\/2026\/01\/i-zhdukur.jpg","width":795,"height":669},{"@type":"BreadcrumbList","@id":"https:\/\/veritasinfo.org\/?p=29277&lang=sr#breadcrumb","itemListElement":[{"@type":"ListItem","position":1,"name":"Home","item":"https:\/\/veritasinfo.org\/"},{"@type":"ListItem","position":2,"name":"Nestao tokom rata, prona\u0111eno telo Rasima Mehmeta Ko\u010dija"}]},{"@type":"WebSite","@id":"https:\/\/veritasinfo.org\/#website","url":"https:\/\/veritasinfo.org\/","name":"","description":"","potentialAction":[{"@type":"SearchAction","target":{"@type":"EntryPoint","urlTemplate":"https:\/\/veritasinfo.org\/?s={search_term_string}"},"query-input":{"@type":"PropertyValueSpecification","valueRequired":true,"valueName":"search_term_string"}}],"inLanguage":"en-US"},{"@type":"Person","@id":"https:\/\/veritasinfo.org\/#\/schema\/person\/bc442336e35414d04494ab8fb45db4c6","name":"US5","image":{"@type":"ImageObject","inLanguage":"en-US","@id":"https:\/\/veritasinfo.org\/#\/schema\/person\/image\/","url":"https:\/\/secure.gravatar.com\/avatar\/16a61e7272a0c5d001121ebb9e60e925d5816e4ac1e443ed3e640d9a6ae55d0c?s=96&d=mm&r=g","contentUrl":"https:\/\/secure.gravatar.com\/avatar\/16a61e7272a0c5d001121ebb9e60e925d5816e4ac1e443ed3e640d9a6ae55d0c?s=96&d=mm&r=g","caption":"US5"},"url":"https:\/\/veritasinfo.org\/?author=6"}]}},"featured_image_urls":{"full":["https:\/\/veritasinfo.org\/wp-content\/uploads\/2026\/01\/i-zhdukur.jpg",795,669,false],"thumbnail":["https:\/\/veritasinfo.org\/wp-content\/uploads\/2026\/01\/i-zhdukur-150x150.jpg",150,150,true],"medium":["https:\/\/veritasinfo.org\/wp-content\/uploads\/2026\/01\/i-zhdukur-300x252.jpg",300,252,true],"medium_large":["https:\/\/veritasinfo.org\/wp-content\/uploads\/2026\/01\/i-zhdukur-768x646.jpg",640,538,true],"large":["https:\/\/veritasinfo.org\/wp-content\/uploads\/2026\/01\/i-zhdukur.jpg",640,539,false],"1536x1536":["https:\/\/veritasinfo.org\/wp-content\/uploads\/2026\/01\/i-zhdukur.jpg",795,669,false],"2048x2048":["https:\/\/veritasinfo.org\/wp-content\/uploads\/2026\/01\/i-zhdukur.jpg",795,669,false],"kreeti-slider-full":["https:\/\/veritasinfo.org\/wp-content\/uploads\/2026\/01\/i-zhdukur.jpg",795,669,false],"kreeti-featured":["https:\/\/veritasinfo.org\/wp-content\/uploads\/2026\/01\/i-zhdukur.jpg",795,669,false],"kreeti-medium":["https:\/\/veritasinfo.org\/wp-content\/uploads\/2026\/01\/i-zhdukur.jpg",630,530,false],"kreeti-medium-square":["https:\/\/veritasinfo.org\/wp-content\/uploads\/2026\/01\/i-zhdukur.jpg",350,295,false]},"author_info":{"info":["US5"]},"category_info":"<a href=\"https:\/\/veritasinfo.org\/?cat=103&#038;lang=sr\" rel=\"category\">Hronika<\/a>","tag_info":"Hronika","comment_count":"0","_links":{"self":[{"href":"https:\/\/veritasinfo.org\/index.php?rest_route=\/wp\/v2\/posts\/29277","targetHints":{"allow":["GET"]}}],"collection":[{"href":"https:\/\/veritasinfo.org\/index.php?rest_route=\/wp\/v2\/posts"}],"about":[{"href":"https:\/\/veritasinfo.org\/index.php?rest_route=\/wp\/v2\/types\/post"}],"author":[{"embeddable":true,"href":"https:\/\/veritasinfo.org\/index.php?rest_route=\/wp\/v2\/users\/6"}],"replies":[{"embeddable":true,"href":"https:\/\/veritasinfo.org\/index.php?rest_route=%2Fwp%2Fv2%2Fcomments&post=29277"}],"version-history":[{"count":1,"href":"https:\/\/veritasinfo.org\/index.php?rest_route=\/wp\/v2\/posts\/29277\/revisions"}],"predecessor-version":[{"id":29278,"href":"https:\/\/veritasinfo.org\/index.php?rest_route=\/wp\/v2\/posts\/29277\/revisions\/29278"}],"wp:featuredmedia":[{"embeddable":true,"href":"https:\/\/veritasinfo.org\/index.php?rest_route=\/wp\/v2\/media\/29275"}],"wp:attachment":[{"href":"https:\/\/veritasinfo.org\/index.php?rest_route=%2Fwp%2Fv2%2Fmedia&parent=29277"}],"wp:term":[{"taxonomy":"category","embeddable":true,"href":"https:\/\/veritasinfo.org\/index.php?rest_route=%2Fwp%2Fv2%2Fcategories&post=29277"},{"taxonomy":"post_tag","embeddable":true,"href":"https:\/\/veritasinfo.org\/index.php?rest_route=%2Fwp%2Fv2%2Ftags&post=29277"}],"curies":[{"name":"wp","href":"https:\/\/api.w.org\/{rel}","templated":true}]}}