{"id":2926,"date":"2025-07-08T12:09:21","date_gmt":"2025-07-08T10:09:21","guid":{"rendered":"https:\/\/veritasinfo.org\/?p=2926"},"modified":"2025-07-08T12:09:21","modified_gmt":"2025-07-08T10:09:21","slug":"vrasje-keqtrajtime-debime-cka-thuhet-ne-dosjen-e-prokurorise-per-te-akuzuarin-per-krime-lufte-ne-gjakove","status":"publish","type":"post","link":"https:\/\/veritasinfo.org\/?p=2926","title":{"rendered":"Vrasje, keqtrajtime, d\u00ebbime &#8211; \u00c7ka thuhet n\u00eb dosjen e Prokuroris\u00eb p\u00ebr t\u00eb akuzuarin p\u00ebr krime lufte n\u00eb Gjakov\u00eb?"},"content":{"rendered":"<p>Prishtin\u00eb, 8 Korrik 2025<\/p>\n<p>Prokuroria Speciale e Kosov\u00ebs m\u00eb 27.06.2025 ka ngritur aktakuz\u00eb ndaj Dragan Ristiqit p\u00ebr vepr\u00ebn penale \u2013 krim i luft\u00ebs kund\u00ebr popullsis\u00eb civile.<br \/>\nKALLXO.com ka siguruar aktakuz\u00ebn e ngritur ndaj Dragan Ristiqit.<\/p>\n<p>Sipas dosjes s\u00eb Prokuroris\u00eb, gjat\u00eb periudh\u00ebs kohore 1998-1999, n\u00eb koh\u00ebn e luft\u00ebs n\u00eb Kosov\u00eb, n\u00eb territorin e qytetit t\u00eb Gjakov\u00ebs, duke vepruar n\u00eb bashk\u00ebkryerje me pjes\u00ebtar\u00eb t\u00eb tjer\u00eb t\u00eb forcave policore dhe ushtarake serbe, duke shkelur rregullat e t\u00eb drejt\u00ebs nd\u00ebrkomb\u00ebtare, ka marr\u00eb pjes\u00eb n\u00eb vrasje, keqtrajtime fizike edhe psikike, arrestime, vjedhje dhe shkat\u00ebrrime t\u00eb pasuris\u00eb s\u00eb luajtshme dhe t\u00eb paluajtshme t\u00eb popullsis\u00eb civile t\u00eb nacionalitetit shqiptar t\u00eb cil\u00ebt nuk ishin t\u00eb p\u00ebrfshir\u00eb n\u00eb luft\u00eb.<\/p>\n<p>N\u00eb aktakuz\u00eb thuhet se m\u00eb 10.05.1999 n\u00eb rrug\u00ebn \u201cBajram Curri\u201d n\u00eb Gjakov\u00eb pjes\u00ebtar\u00eb t\u00eb forcave policore dhe ushtarake serbe, ku b\u00ebnte pjes\u00eb edhe i pandehuri, t\u00eb uniformuar edhe t\u00eb armatosur, t\u00eb ndar\u00eb n\u00eb grupe t\u00eb ndryshme, kishin hyr\u00eb me dhun\u00eb n\u00eb sht\u00ebpin\u00eb e M.D., ku kishin qen\u00eb duke q\u00ebndruar M.D, Dukagjin Dyla, bashk\u00ebshortja e tij, nj\u00eb f\u00ebmij\u00eb si dhe dy t\u00eb strehuar C.H., dhe I.L.<\/p>\n<p>Tutje, n\u00eb aktakuz\u00eb thuhet se fillimisht i kishin urdh\u00ebruar t\u00eb d\u00ebmtuarit q\u00eb t\u00eb dilnin n\u00eb oborr, mir\u00ebpo brenda kishte mbetur M.D., pastaj me t\u00eb dal\u00eb n\u00eb oborrin e sht\u00ebpis\u00eb, nj\u00eb polic serb i kishte ndaluar viktimat C.H. dhe I.L. dhe ua kishte k\u00ebrkuar let\u00ebrnjoftimet, pastaj nj\u00ebri nga pjes\u00ebtar\u00ebt e forcave serbe u kishte th\u00ebn\u00eb \u201cah ju qenkeni U\u00c7K\u201d dhe menj\u00ebher\u00eb kishte sht\u00ebn\u00eb me arm\u00eb n\u00eb drejtim t\u00eb tyre dhe i kishte vrar\u00eb q\u00eb t\u00eb dy.<\/p>\n<p>Po ashtu, n\u00eb aktakuz\u00eb thuhet se nj\u00eb polic tjet\u00ebr kishte hyr\u00eb n\u00eb sht\u00ebpi ku po q\u00ebndronte M.D. dhe kishte sht\u00ebn\u00eb me arm\u00eb, nd\u00ebrsa polic\u00ebt e tjer\u00eb q\u00eb ishin n\u00eb oborr kishin sht\u00ebn\u00eb me arm\u00eb n\u00eb drejtim t\u00eb k\u00ebmb\u00ebve t\u00eb t\u00eb d\u00ebmtuarve Florije Dyla, Dukagjin Dyla, etj., duke i detyruar q\u00eb t\u00eb largohen nga sht\u00ebpia.<\/p>\n<p>Gjithnj\u00eb sipas aktakuz\u00ebs m\u00eb 13.05.1999, Florije Dyla, bashk\u00eb me Sabrije Dyl\u00ebn, dhe Humajun Dyl\u00ebn, ishin kthyer n\u00eb sht\u00ebpi ku n\u00eb korridor\u00a0 t\u00eb sht\u00ebpis\u00eb e kishin gjetur t\u00eb vrar\u00eb M.D., i cili e kishte pasur fytyr\u00ebn e gjakosur, nj\u00eb plag\u00eb n\u00eb gjoks, nd\u00ebrsa n\u00eb oborr kishin qen\u00eb t\u00eb vrar\u00eb edhe C.H. dhe I.L., kufomat e t\u00eb cil\u00ebve ishin gjetur pas luft\u00ebs n\u00eb varreza masive n\u00eb Batajanic\u00eb t\u00eb Serbis\u00eb, kurse identifikimi i tyre ishte b\u00ebr\u00eb p\u00ebrmes analiz\u00ebs s\u00eb ADN-s\u00eb.<\/p>\n<p>N\u00eb dosjen e Prokuroris\u00eb, t\u00eb cil\u00ebn e ka siguruar KALLXO.com, thuhet se nga data 07 maj e deri m\u00eb 10 maj 1999, n\u00eb territorin e qytetit t\u00eb Gjakov\u00ebs, n\u00eb kuad\u00ebr t\u00eb nj\u00eb sulmi t\u00eb gjer\u00eb dhe sistematik t\u00eb forcave ushtarake, policore edhe paramilitare serbe kund\u00ebr popullsis\u00eb civile shqiptare i pandehuri Dragan Ristiq kishte ushtruar dhun\u00eb fizike, psikologjike edhe trajtim \u00e7njer\u00ebzor ndaj civil\u00ebve shqiptar\u00eb, duke marr\u00eb pjes\u00eb aktive n\u00eb ndalimin dhe ndarjen e dhunshme t\u00eb meshkujve civil\u00eb shqiptar\u00eb nga familjet e tyre.<\/p>\n<p>N\u00eb aktakuz\u00eb thuhet se m\u00eb 10 maj 1999 n\u00eb pik\u00ebn e kontrollit t\u00eb improvizuar tek ura e Islam Begut (Kulla e Avdullah Pash\u00ebs), n\u00eb Gjakov\u00eb, duke vepruar n\u00eb bashk\u00ebkryerje me dy pjes\u00ebtar\u00eb t\u00eb tjer\u00eb t\u00eb forcave serbe, fillimisht kishin ndalur vetur\u00ebn t\u00eb cil\u00ebn e kishte drejtuar i d\u00ebmtuari Masar Caka, i kishin nxjerr\u00eb me forc\u00eb nga vetura t\u00eb d\u00ebmtuarit Masar edhe Afrim Caka, u kishin k\u00ebrkuar para dhe n\u00eb munges\u00eb t\u00eb mjeteve monetare, kishin ushtruar dhun\u00eb fizike ndaj tyre, p\u00ebrfshir\u00eb goditje me grushte, shqelma dhe me kondak\u00eb arm\u00ebsh n\u00eb prani t\u00eb f\u00ebmij\u00ebve dhe familjar\u00ebve, si dhe kishin ndaluar edhe keqtrajtuar civil\u00eb t\u00eb tjer\u00eb shqiptar\u00eb n\u00eb t\u00eb nj\u00ebjtin vend pa ndonj\u00eb baz\u00eb ligjore apo procedurale.<\/p>\n<p>Tutje n\u00eb aktakuz\u00eb thuhet se kishin ushtruar kontrollin mbi kolon\u00ebn e civil\u00ebve t\u00eb\u00a0 d\u00ebbuar me q\u00ebllim selektimin dhe ndarjen e burrave p\u00ebr q\u00ebllime t\u00eb m\u00ebtejshme represive, me \u00e7\u2019rast gjat\u00eb k\u00ebtij aksioni u arrestuan t\u00eb d\u00ebmtuarit Afrim Caka, Enver Dyla dhe u burgos\u00ebn rreth 300 persona civil\u00eb t\u00eb nacionalitetit shqiptar dhe komuniteteve t\u00eb tjera, t\u00eb cil\u00ebt fillimisht u mbajt\u00ebn n\u00eb burgje t\u00eb improvizuara, duke mos pasur trajtim human, duke u munguar edhe gj\u00ebrat elementare si ushqim i rregullt, higjien\u00eb edhe kujdes sh\u00ebndet\u00ebsor dhe m\u00eb pastaj nj\u00eb pjes\u00eb e t\u00eb burgosurve ishin liruar, rreth 150 prej tyre ishin d\u00ebrguar n\u00eb burgje t\u00eb ndryshme n\u00eb Kosov\u00eb dhe n\u00eb fund nga Burgu i Dubrav\u00ebs sipas aktakuz\u00ebs u transferuan n\u00eb burgjet e Serbis\u00eb, ku pas qershorit t\u00eb vitit 1999 t\u00eb d\u00ebmtuarit ishin liruar me ndihm\u00ebn e organizatave nd\u00ebrkomb\u00ebtare.<\/p>\n<p>N\u00eb pik\u00ebn e tret\u00eb t\u00eb dispozitivit t\u00eb par\u00eb thuhet se forcat policore dhe ushtarake serbe me dhun\u00eb dhe n\u00ebn k\u00ebrc\u00ebnimin e arm\u00ebve d\u00ebbuan nga sht\u00ebpit\u00eb e tyre familjet Caka, Dyla dhe t\u00eb gjitha familjet q\u00eb banonin n\u00eb rrug\u00ebt \u201cBajram Curri\u201d, \u201cMulliri\u201d, \u201cQabrati\u201d dhe \u201cMithat Frash\u00ebri\u201d t\u00eb qytetit t\u00eb Gjakov\u00ebs.<\/p>\n<p>N\u00eb k\u00ebt\u00eb pik\u00eb m\u00eb tej thuhet se n\u00eb dit\u00ebn kritike pjes\u00ebtar\u00ebt e forcave policore dhe ushtarake serbe kishin hyr\u00eb n\u00eb sht\u00ebpin\u00eb e familjes Dyla n\u00eb Gjakov\u00eb dhe kishin vrar\u00eb tre persona.<\/p>\n<p>Sipas aktakuz\u00ebs, t\u00eb nj\u00ebjtit i kan\u00eb detyruar t\u00eb gjith\u00eb banor\u00ebt e lagjeve q\u00eb t\u2019u bashkohen kolonave t\u00eb banor\u00ebve civil\u00eb t\u00eb nacionalitetit shqiptar dhe nacionaliteteve t\u00eb tjera, t\u00eb cil\u00ebt me dhun\u00eb po largoheshin nga Gjakova.<\/p>\n<p>Tutje sipas pik\u00ebs s\u00eb kat\u00ebrt t\u00eb k\u00ebsaj aktakuze gjat\u00eb nj\u00eb aksioni t\u00eb forcave policore dhe ushtarake serbe t\u00eb filluar m\u00eb 7 maj 1999 dhe t\u00eb p\u00ebrfunduar m\u00eb 10 maj 1999 e ku b\u00ebnte pjes\u00eb edhe i pandehuri Dragan Ristiq, fillimisht u pla\u00e7kit\u00ebn sht\u00ebpit\u00eb e familjes Caka, Dyla dhe t\u00eb gjitha sht\u00ebpit\u00eb n\u00eb rrug\u00ebt \u201cBajram Curri\u201d, \u201cMulliri\u201d, \u201cQabrati\u201d, dhe \u201cMithat Frash\u00ebri\u201d, t\u00eb qytetit t\u00eb Gjakov\u00ebs t\u00eb nacionalitetit shqiptar e m\u00eb pastaj u dogj\u00ebn, duke u shkaktuar d\u00ebme shum\u00eb t\u00eb m\u00ebdha materiale.<\/p>\n<p>Me k\u00ebto veprime i pandehuri Dragan Ristiq po akuzohet se ka kryer vepr\u00ebn penale \u2013 krim i luft\u00ebs kund\u00ebr popullsis\u00eb civile n\u00eb bashk\u00ebkryerje.<\/p>\n<p>Dragan Ristiq gjendet n\u00eb paraburgim.<\/p>\n<p>P\u00ebr masakrat dhe krimet e tjera t\u00eb luft\u00ebs dhe krimet kund\u00ebr njer\u00ebzimit t\u00eb kryera n\u00eb Kosov\u00eb nga forcat serbe e jugosllave gjat\u00eb luft\u00ebs s\u00eb viteve 1998\/1999 ishin gjykuar, e disa edhe d\u00ebnuar, ish-udh\u00ebheq\u00ebsit m\u00eb t\u00eb lart\u00eb politik\u00eb dhe ushtarak\u00eb t\u00eb Jugosllavis\u00eb s\u00eb mbetur dhe t\u00eb Serbis\u00eb.<\/p>\n<p>P\u00ebr masakrat dhe krimet e tjera t\u00eb luft\u00ebs dhe krimet kund\u00ebr njer\u00ebzimit t\u00eb kryera n\u00eb Kosov\u00eb nga forcat serbe e jugosllave gjat\u00eb luft\u00ebs s\u00eb viteve 1998\/1999 ishin gjykuar, e disa edhe d\u00ebnuar, ish-udh\u00ebheq\u00ebsit m\u00eb t\u00eb lart\u00eb politik\u00eb dhe ushtarak\u00eb t\u00eb Jugosllavis\u00eb s\u00eb mbetur dhe t\u00eb Serbis\u00eb.<\/p>\n<p>Ish-presidenti i Jugosllavis\u00eb, Sllobodan Millosheviq, ishte akuzuar p\u00ebr krime lufte dhe p\u00ebr krime kund\u00ebr njer\u00ebzimit, t\u00eb kryera nga forcat serbe e jugosllave n\u00eb Kosov\u00eb.<\/p>\n<p>Millosheviq\u00a0<a href=\"https:\/\/www.icty.org\/en\/case\/slobodan_milosevic\">ishte akuzuar p\u00ebr krime lufte dhe krime kund\u00ebr njer\u00ebzimit t\u00eb kryera edhe n\u00eb luft\u00ebrat n\u00eb Bosnj\u00eb e Hercegovin\u00eb, si dhe n\u00eb Kroaci.<\/a><\/p>\n<p>Gjykimi i tij n\u00eb Gjykat\u00ebn nd\u00ebrkomb\u00ebtare penale p\u00ebr ish-Jugosllavin\u00eb (ICTY), me seli n\u00eb Hag\u00eb, nuk kishte marr\u00eb epilog pasi Millosheviq kishte vdekur m\u00eb 11.03.2006 n\u00eb qeli teksa po mbahej n\u00eb paraburgim.<\/p>\n<p>Millan Millutinoviq, ish-kryetari i Serbis\u00eb, ishte liruar nga akuzat p\u00ebr krime lufte gjat\u00eb konfliktit n\u00eb Kosov\u00eb.<\/p>\n<p>Nikolla Shainoviq, z\u00ebvend\u00ebskryeminist\u00ebr i Republik\u00ebs Federale t\u00eb Jugosllavis\u00eb, ishte d\u00ebnuar me 18 vjet burg p\u00ebr krime kund\u00ebr njer\u00ebzimit dhe shkelje t\u00eb ligjeve apo zakoneve t\u00eb luft\u00ebs.<\/p>\n<p>Dragolub Ojdaniq, ish-shefi i Shtabit t\u00eb P\u00ebrgjithsh\u00ebm t\u00eb Ushtris\u00eb jugosllave, ishte d\u00ebnuar me 15 vjet burg p\u00ebr krime kund\u00ebr njer\u00ebzimit.<\/p>\n<p>Nebojsha Pavkoviq, ish-komandanti i Armat\u00ebs s\u00eb Tret\u00eb t\u00eb Ushtris\u00eb jugosllave, ishte d\u00ebnuar me 22 vjet burg p\u00ebr krime kund\u00ebr njer\u00ebzimit dhe shkelje t\u00eb ligjeve apo zakoneve t\u00eb luft\u00ebs.<\/p>\n<p>Vlladimir Llazareviq, ish-komandanti i Korpusit t\u00eb Prishtin\u00ebs t\u00eb Ushtris\u00eb jugosllave, ishte d\u00ebnuar me 14 vjet burg p\u00ebr krime kund\u00ebr njer\u00ebzimit.<\/p>\n<p>Sreten Llukiq, ish-shefi i stafit t\u00eb Ministris\u00eb s\u00eb Pun\u00ebve t\u00eb Brendshme t\u00eb Serbis\u00eb p\u00ebr Kosov\u00eb, ishte d\u00ebnuar me 20 vjet burg p\u00ebr krime kund\u00ebr njer\u00ebzimit dhe shkelje t\u00eb ligjeve apo zakoneve t\u00eb luft\u00ebs.<\/p>\n","protected":false},"excerpt":{"rendered":"<p>Prishtin\u00eb, 8 Korrik 2025 Prokuroria Speciale e Kosov\u00ebs m\u00eb 27.06.2025 ka ngritur aktakuz\u00eb ndaj Dragan Ristiqit p\u00ebr vepr\u00ebn penale \u2013 krim i luft\u00ebs kund\u00ebr popullsis\u00eb<\/p>\n","protected":false},"author":1,"featured_media":2927,"comment_status":"open","ping_status":"open","sticky":false,"template":"","format":"standard","meta":{"footnotes":""},"categories":[60],"tags":[],"class_list":["post-2926","post","type-post","status-publish","format-standard","has-post-thumbnail","hentry","category-shoqerore-sq"],"yoast_head":"<!-- This site is optimized with the Yoast SEO plugin v25.3.1 - https:\/\/yoast.com\/wordpress\/plugins\/seo\/ -->\n<title>Vrasje, keqtrajtime, d\u00ebbime - \u00c7ka thuhet n\u00eb dosjen e Prokuroris\u00eb p\u00ebr t\u00eb akuzuarin p\u00ebr krime lufte n\u00eb Gjakov\u00eb? -<\/title>\n<meta name=\"robots\" content=\"index, follow, max-snippet:-1, max-image-preview:large, max-video-preview:-1\" \/>\n<link rel=\"canonical\" href=\"https:\/\/veritasinfo.org\/?p=2926\" \/>\n<meta property=\"og:locale\" content=\"en_US\" \/>\n<meta property=\"og:type\" content=\"article\" \/>\n<meta property=\"og:title\" content=\"Vrasje, keqtrajtime, d\u00ebbime - \u00c7ka thuhet n\u00eb dosjen e Prokuroris\u00eb p\u00ebr t\u00eb akuzuarin p\u00ebr krime lufte n\u00eb Gjakov\u00eb? -\" \/>\n<meta property=\"og:description\" content=\"Prishtin\u00eb, 8 Korrik 2025 Prokuroria Speciale e Kosov\u00ebs m\u00eb 27.06.2025 ka ngritur aktakuz\u00eb ndaj Dragan Ristiqit p\u00ebr vepr\u00ebn penale \u2013 krim i luft\u00ebs kund\u00ebr popullsis\u00eb\" \/>\n<meta property=\"og:url\" content=\"https:\/\/veritasinfo.org\/?p=2926\" \/>\n<meta property=\"article:published_time\" content=\"2025-07-08T10:09:21+00:00\" \/>\n<meta property=\"og:image\" content=\"https:\/\/veritasinfo.org\/wp-content\/uploads\/2025\/07\/Prokuroria-Speciale-Llogo-768x451-1.png\" \/>\n\t<meta property=\"og:image:width\" content=\"768\" \/>\n\t<meta property=\"og:image:height\" content=\"451\" \/>\n\t<meta property=\"og:image:type\" content=\"image\/png\" \/>\n<meta name=\"author\" content=\"admin\" \/>\n<meta name=\"twitter:card\" content=\"summary_large_image\" \/>\n<meta name=\"twitter:label1\" content=\"Written by\" \/>\n\t<meta name=\"twitter:data1\" content=\"admin\" \/>\n\t<meta name=\"twitter:label2\" content=\"Est. reading time\" \/>\n\t<meta name=\"twitter:data2\" content=\"6 minutes\" \/>\n<script type=\"application\/ld+json\" class=\"yoast-schema-graph\">{\"@context\":\"https:\/\/schema.org\",\"@graph\":[{\"@type\":\"WebPage\",\"@id\":\"https:\/\/veritasinfo.org\/?p=2926\",\"url\":\"https:\/\/veritasinfo.org\/?p=2926\",\"name\":\"Vrasje, keqtrajtime, d\u00ebbime - \u00c7ka thuhet n\u00eb dosjen e Prokuroris\u00eb p\u00ebr t\u00eb akuzuarin p\u00ebr krime lufte n\u00eb Gjakov\u00eb? -\",\"isPartOf\":{\"@id\":\"https:\/\/veritasinfo.org\/#website\"},\"primaryImageOfPage\":{\"@id\":\"https:\/\/veritasinfo.org\/?p=2926#primaryimage\"},\"image\":{\"@id\":\"https:\/\/veritasinfo.org\/?p=2926#primaryimage\"},\"thumbnailUrl\":\"https:\/\/veritasinfo.org\/wp-content\/uploads\/2025\/07\/Prokuroria-Speciale-Llogo-768x451-1.png\",\"datePublished\":\"2025-07-08T10:09:21+00:00\",\"author\":{\"@id\":\"https:\/\/veritasinfo.org\/#\/schema\/person\/7701f8c088bece422266b100a712374f\"},\"breadcrumb\":{\"@id\":\"https:\/\/veritasinfo.org\/?p=2926#breadcrumb\"},\"inLanguage\":\"en-US\",\"potentialAction\":[{\"@type\":\"ReadAction\",\"target\":[\"https:\/\/veritasinfo.org\/?p=2926\"]}]},{\"@type\":\"ImageObject\",\"inLanguage\":\"en-US\",\"@id\":\"https:\/\/veritasinfo.org\/?p=2926#primaryimage\",\"url\":\"https:\/\/veritasinfo.org\/wp-content\/uploads\/2025\/07\/Prokuroria-Speciale-Llogo-768x451-1.png\",\"contentUrl\":\"https:\/\/veritasinfo.org\/wp-content\/uploads\/2025\/07\/Prokuroria-Speciale-Llogo-768x451-1.png\",\"width\":768,\"height\":451},{\"@type\":\"BreadcrumbList\",\"@id\":\"https:\/\/veritasinfo.org\/?p=2926#breadcrumb\",\"itemListElement\":[{\"@type\":\"ListItem\",\"position\":1,\"name\":\"Home\",\"item\":\"https:\/\/veritasinfo.org\/\"},{\"@type\":\"ListItem\",\"position\":2,\"name\":\"Vrasje, keqtrajtime, d\u00ebbime &#8211; \u00c7ka thuhet n\u00eb dosjen e Prokuroris\u00eb p\u00ebr t\u00eb akuzuarin p\u00ebr krime lufte n\u00eb Gjakov\u00eb?\"}]},{\"@type\":\"WebSite\",\"@id\":\"https:\/\/veritasinfo.org\/#website\",\"url\":\"https:\/\/veritasinfo.org\/\",\"name\":\"\",\"description\":\"\",\"potentialAction\":[{\"@type\":\"SearchAction\",\"target\":{\"@type\":\"EntryPoint\",\"urlTemplate\":\"https:\/\/veritasinfo.org\/?s={search_term_string}\"},\"query-input\":{\"@type\":\"PropertyValueSpecification\",\"valueRequired\":true,\"valueName\":\"search_term_string\"}}],\"inLanguage\":\"en-US\"},{\"@type\":\"Person\",\"@id\":\"https:\/\/veritasinfo.org\/#\/schema\/person\/7701f8c088bece422266b100a712374f\",\"name\":\"admin\",\"image\":{\"@type\":\"ImageObject\",\"inLanguage\":\"en-US\",\"@id\":\"https:\/\/veritasinfo.org\/#\/schema\/person\/image\/\",\"url\":\"https:\/\/secure.gravatar.com\/avatar\/ea53aa3bf6c9a12d5fde8ce4deff43fef3885ae33cf60184161a50d6987cfd2f?s=96&d=mm&r=g\",\"contentUrl\":\"https:\/\/secure.gravatar.com\/avatar\/ea53aa3bf6c9a12d5fde8ce4deff43fef3885ae33cf60184161a50d6987cfd2f?s=96&d=mm&r=g\",\"caption\":\"admin\"},\"sameAs\":[\"https:\/\/veritasinfo.org\"],\"url\":\"https:\/\/veritasinfo.org\/?author=1\"}]}<\/script>\n<!-- \/ Yoast SEO plugin. -->","yoast_head_json":{"title":"Vrasje, keqtrajtime, d\u00ebbime - \u00c7ka thuhet n\u00eb dosjen e Prokuroris\u00eb p\u00ebr t\u00eb akuzuarin p\u00ebr krime lufte n\u00eb Gjakov\u00eb? -","robots":{"index":"index","follow":"follow","max-snippet":"max-snippet:-1","max-image-preview":"max-image-preview:large","max-video-preview":"max-video-preview:-1"},"canonical":"https:\/\/veritasinfo.org\/?p=2926","og_locale":"en_US","og_type":"article","og_title":"Vrasje, keqtrajtime, d\u00ebbime - \u00c7ka thuhet n\u00eb dosjen e Prokuroris\u00eb p\u00ebr t\u00eb akuzuarin p\u00ebr krime lufte n\u00eb Gjakov\u00eb? -","og_description":"Prishtin\u00eb, 8 Korrik 2025 Prokuroria Speciale e Kosov\u00ebs m\u00eb 27.06.2025 ka ngritur aktakuz\u00eb ndaj Dragan Ristiqit p\u00ebr vepr\u00ebn penale \u2013 krim i luft\u00ebs kund\u00ebr popullsis\u00eb","og_url":"https:\/\/veritasinfo.org\/?p=2926","article_published_time":"2025-07-08T10:09:21+00:00","og_image":[{"width":768,"height":451,"url":"https:\/\/veritasinfo.org\/wp-content\/uploads\/2025\/07\/Prokuroria-Speciale-Llogo-768x451-1.png","type":"image\/png"}],"author":"admin","twitter_card":"summary_large_image","twitter_misc":{"Written by":"admin","Est. reading time":"6 minutes"},"schema":{"@context":"https:\/\/schema.org","@graph":[{"@type":"WebPage","@id":"https:\/\/veritasinfo.org\/?p=2926","url":"https:\/\/veritasinfo.org\/?p=2926","name":"Vrasje, keqtrajtime, d\u00ebbime - \u00c7ka thuhet n\u00eb dosjen e Prokuroris\u00eb p\u00ebr t\u00eb akuzuarin p\u00ebr krime lufte n\u00eb Gjakov\u00eb? -","isPartOf":{"@id":"https:\/\/veritasinfo.org\/#website"},"primaryImageOfPage":{"@id":"https:\/\/veritasinfo.org\/?p=2926#primaryimage"},"image":{"@id":"https:\/\/veritasinfo.org\/?p=2926#primaryimage"},"thumbnailUrl":"https:\/\/veritasinfo.org\/wp-content\/uploads\/2025\/07\/Prokuroria-Speciale-Llogo-768x451-1.png","datePublished":"2025-07-08T10:09:21+00:00","author":{"@id":"https:\/\/veritasinfo.org\/#\/schema\/person\/7701f8c088bece422266b100a712374f"},"breadcrumb":{"@id":"https:\/\/veritasinfo.org\/?p=2926#breadcrumb"},"inLanguage":"en-US","potentialAction":[{"@type":"ReadAction","target":["https:\/\/veritasinfo.org\/?p=2926"]}]},{"@type":"ImageObject","inLanguage":"en-US","@id":"https:\/\/veritasinfo.org\/?p=2926#primaryimage","url":"https:\/\/veritasinfo.org\/wp-content\/uploads\/2025\/07\/Prokuroria-Speciale-Llogo-768x451-1.png","contentUrl":"https:\/\/veritasinfo.org\/wp-content\/uploads\/2025\/07\/Prokuroria-Speciale-Llogo-768x451-1.png","width":768,"height":451},{"@type":"BreadcrumbList","@id":"https:\/\/veritasinfo.org\/?p=2926#breadcrumb","itemListElement":[{"@type":"ListItem","position":1,"name":"Home","item":"https:\/\/veritasinfo.org\/"},{"@type":"ListItem","position":2,"name":"Vrasje, keqtrajtime, d\u00ebbime &#8211; \u00c7ka thuhet n\u00eb dosjen e Prokuroris\u00eb p\u00ebr t\u00eb akuzuarin p\u00ebr krime lufte n\u00eb Gjakov\u00eb?"}]},{"@type":"WebSite","@id":"https:\/\/veritasinfo.org\/#website","url":"https:\/\/veritasinfo.org\/","name":"","description":"","potentialAction":[{"@type":"SearchAction","target":{"@type":"EntryPoint","urlTemplate":"https:\/\/veritasinfo.org\/?s={search_term_string}"},"query-input":{"@type":"PropertyValueSpecification","valueRequired":true,"valueName":"search_term_string"}}],"inLanguage":"en-US"},{"@type":"Person","@id":"https:\/\/veritasinfo.org\/#\/schema\/person\/7701f8c088bece422266b100a712374f","name":"admin","image":{"@type":"ImageObject","inLanguage":"en-US","@id":"https:\/\/veritasinfo.org\/#\/schema\/person\/image\/","url":"https:\/\/secure.gravatar.com\/avatar\/ea53aa3bf6c9a12d5fde8ce4deff43fef3885ae33cf60184161a50d6987cfd2f?s=96&d=mm&r=g","contentUrl":"https:\/\/secure.gravatar.com\/avatar\/ea53aa3bf6c9a12d5fde8ce4deff43fef3885ae33cf60184161a50d6987cfd2f?s=96&d=mm&r=g","caption":"admin"},"sameAs":["https:\/\/veritasinfo.org"],"url":"https:\/\/veritasinfo.org\/?author=1"}]}},"featured_image_urls":{"full":["https:\/\/veritasinfo.org\/wp-content\/uploads\/2025\/07\/Prokuroria-Speciale-Llogo-768x451-1.png",768,451,false],"thumbnail":["https:\/\/veritasinfo.org\/wp-content\/uploads\/2025\/07\/Prokuroria-Speciale-Llogo-768x451-1-150x150.png",150,150,true],"medium":["https:\/\/veritasinfo.org\/wp-content\/uploads\/2025\/07\/Prokuroria-Speciale-Llogo-768x451-1-300x176.png",300,176,true],"medium_large":["https:\/\/veritasinfo.org\/wp-content\/uploads\/2025\/07\/Prokuroria-Speciale-Llogo-768x451-1.png",640,376,false],"large":["https:\/\/veritasinfo.org\/wp-content\/uploads\/2025\/07\/Prokuroria-Speciale-Llogo-768x451-1.png",640,376,false],"1536x1536":["https:\/\/veritasinfo.org\/wp-content\/uploads\/2025\/07\/Prokuroria-Speciale-Llogo-768x451-1.png",768,451,false],"2048x2048":["https:\/\/veritasinfo.org\/wp-content\/uploads\/2025\/07\/Prokuroria-Speciale-Llogo-768x451-1.png",768,451,false],"kreeti-slider-full":["https:\/\/veritasinfo.org\/wp-content\/uploads\/2025\/07\/Prokuroria-Speciale-Llogo-768x451-1.png",768,451,false],"kreeti-featured":["https:\/\/veritasinfo.org\/wp-content\/uploads\/2025\/07\/Prokuroria-Speciale-Llogo-768x451-1.png",768,451,false],"kreeti-medium":["https:\/\/veritasinfo.org\/wp-content\/uploads\/2025\/07\/Prokuroria-Speciale-Llogo-768x451-1.png",720,423,false],"kreeti-medium-square":["https:\/\/veritasinfo.org\/wp-content\/uploads\/2025\/07\/Prokuroria-Speciale-Llogo-768x451-1.png",350,206,false]},"author_info":{"info":["admin"]},"category_info":"<a href=\"https:\/\/veritasinfo.org\/?cat=60\" rel=\"category\">Shoq\u00ebrore<\/a>","tag_info":"Shoq\u00ebrore","comment_count":"0","_links":{"self":[{"href":"https:\/\/veritasinfo.org\/index.php?rest_route=\/wp\/v2\/posts\/2926","targetHints":{"allow":["GET"]}}],"collection":[{"href":"https:\/\/veritasinfo.org\/index.php?rest_route=\/wp\/v2\/posts"}],"about":[{"href":"https:\/\/veritasinfo.org\/index.php?rest_route=\/wp\/v2\/types\/post"}],"author":[{"embeddable":true,"href":"https:\/\/veritasinfo.org\/index.php?rest_route=\/wp\/v2\/users\/1"}],"replies":[{"embeddable":true,"href":"https:\/\/veritasinfo.org\/index.php?rest_route=%2Fwp%2Fv2%2Fcomments&post=2926"}],"version-history":[{"count":1,"href":"https:\/\/veritasinfo.org\/index.php?rest_route=\/wp\/v2\/posts\/2926\/revisions"}],"predecessor-version":[{"id":2929,"href":"https:\/\/veritasinfo.org\/index.php?rest_route=\/wp\/v2\/posts\/2926\/revisions\/2929"}],"wp:featuredmedia":[{"embeddable":true,"href":"https:\/\/veritasinfo.org\/index.php?rest_route=\/wp\/v2\/media\/2927"}],"wp:attachment":[{"href":"https:\/\/veritasinfo.org\/index.php?rest_route=%2Fwp%2Fv2%2Fmedia&parent=2926"}],"wp:term":[{"taxonomy":"category","embeddable":true,"href":"https:\/\/veritasinfo.org\/index.php?rest_route=%2Fwp%2Fv2%2Fcategories&post=2926"},{"taxonomy":"post_tag","embeddable":true,"href":"https:\/\/veritasinfo.org\/index.php?rest_route=%2Fwp%2Fv2%2Ftags&post=2926"}],"curies":[{"name":"wp","href":"https:\/\/api.w.org\/{rel}","templated":true}]}}