{"id":29240,"date":"2026-01-27T10:04:22","date_gmt":"2026-01-27T09:04:22","guid":{"rendered":"https:\/\/veritasinfo.org\/?p=29240"},"modified":"2026-01-27T10:04:22","modified_gmt":"2026-01-27T09:04:22","slug":"rasti-i-izbices-sot-fjalet-perfundimtare-per-muhamet-alidemajn","status":"publish","type":"post","link":"https:\/\/veritasinfo.org\/?p=29240","title":{"rendered":"Rasti i Izbic\u00ebs, Sot fjal\u00ebt p\u00ebrfundimtare p\u00ebr Muhamet Alidemajn"},"content":{"rendered":"<p>Prishtin\u00eb 27 janar 2026 10:03<\/p>\n<p>N\u00eb Gjykat\u00ebn Themelore n\u00eb Prishtin\u00eb, po zhvillohet seanca vendimtare n\u00eb procesin gjyq\u00ebsor ndaj Muhamet Alidemajt, i akuzuar p\u00ebr krime lufte n\u00eb Izbic\u00eb gjat\u00eb luft\u00ebs n\u00eb Kosov\u00eb.<\/p>\n<p>N\u00eb k\u00ebt\u00eb seanc\u00eb, pal\u00ebt pritet t\u00eb paraqesin fjal\u00ebt e tyre p\u00ebrfundimtare, para se trupi gjykues t\u00eb marr\u00eb vendim lidhur me t\u00eb akuzuarin.<\/p>\n<p>Alidemaj ishte shpallur fajtor n\u00eb vitin 2024 dhe ishte d\u00ebnuar me 15 vjet burgim nga Gjykata Themelore. Por, Gjykata e Apelit e kishte anuluar k\u00ebt\u00eb aktgjykim dhe e kishte kthyer l\u00ebnd\u00ebn n\u00eb rigjykim, duke vler\u00ebsuar se vendimi i shkall\u00ebs s\u00eb par\u00eb nuk kishte arsyetim t\u00eb mjaftuesh\u00ebm p\u00ebr faktet ky\u00e7e t\u00eb \u00e7\u00ebshtjes.<\/p>\n<p>Sipas aktakuz\u00ebs, m\u00eb 28 maj 1999, Alidemaj dyshohet se, n\u00eb bashk\u00ebkryerje me pjes\u00ebtar\u00eb t\u00eb forcave serbe, ka marr\u00eb pjes\u00eb n\u00eb masakr\u00ebn e Izbic\u00ebs n\u00eb komun\u00ebn e Skenderajt, nj\u00eb nga ngjarjet m\u00eb t\u00eb r\u00ebnda t\u00eb luft\u00ebs.<\/p>\n","protected":false},"excerpt":{"rendered":"<p>Prishtin\u00eb 27 janar 2026 10:03 N\u00eb Gjykat\u00ebn Themelore n\u00eb Prishtin\u00eb, po zhvillohet seanca vendimtare n\u00eb procesin gjyq\u00ebsor ndaj Muhamet Alidemajt, i akuzuar p\u00ebr krime lufte<\/p>\n","protected":false},"author":6,"featured_media":29241,"comment_status":"open","ping_status":"open","sticky":false,"template":"","format":"standard","meta":{"footnotes":""},"categories":[60],"tags":[],"class_list":["post-29240","post","type-post","status-publish","format-standard","has-post-thumbnail","hentry","category-shoqerore-sq"],"yoast_head":"<!-- This site is optimized with the Yoast SEO plugin v25.3.1 - https:\/\/yoast.com\/wordpress\/plugins\/seo\/ -->\n<title>Rasti i Izbic\u00ebs, Sot fjal\u00ebt p\u00ebrfundimtare p\u00ebr Muhamet Alidemajn -<\/title>\n<meta name=\"robots\" content=\"index, follow, max-snippet:-1, max-image-preview:large, max-video-preview:-1\" \/>\n<link rel=\"canonical\" href=\"https:\/\/veritasinfo.org\/?p=29240\" \/>\n<meta property=\"og:locale\" content=\"en_US\" \/>\n<meta property=\"og:type\" content=\"article\" \/>\n<meta property=\"og:title\" content=\"Rasti i Izbic\u00ebs, Sot fjal\u00ebt p\u00ebrfundimtare p\u00ebr Muhamet Alidemajn -\" \/>\n<meta property=\"og:description\" content=\"Prishtin\u00eb 27 janar 2026 10:03 N\u00eb Gjykat\u00ebn Themelore n\u00eb Prishtin\u00eb, po zhvillohet seanca vendimtare n\u00eb procesin gjyq\u00ebsor ndaj Muhamet Alidemajt, i akuzuar p\u00ebr krime lufte\" \/>\n<meta property=\"og:url\" content=\"https:\/\/veritasinfo.org\/?p=29240\" \/>\n<meta property=\"article:published_time\" content=\"2026-01-27T09:04:22+00:00\" \/>\n<meta property=\"og:image\" content=\"https:\/\/veritasinfo.org\/wp-content\/uploads\/2026\/01\/715414-kzYUREFQKX.jpg\" \/>\n\t<meta property=\"og:image:width\" content=\"780\" \/>\n\t<meta property=\"og:image:height\" content=\"500\" \/>\n\t<meta property=\"og:image:type\" content=\"image\/jpeg\" \/>\n<meta name=\"author\" content=\"US5\" \/>\n<meta name=\"twitter:card\" content=\"summary_large_image\" \/>\n<meta name=\"twitter:label1\" content=\"Written by\" \/>\n\t<meta name=\"twitter:data1\" content=\"US5\" \/>\n<script type=\"application\/ld+json\" class=\"yoast-schema-graph\">{\"@context\":\"https:\/\/schema.org\",\"@graph\":[{\"@type\":\"WebPage\",\"@id\":\"https:\/\/veritasinfo.org\/?p=29240\",\"url\":\"https:\/\/veritasinfo.org\/?p=29240\",\"name\":\"Rasti i Izbic\u00ebs, Sot fjal\u00ebt p\u00ebrfundimtare p\u00ebr Muhamet Alidemajn -\",\"isPartOf\":{\"@id\":\"https:\/\/veritasinfo.org\/#website\"},\"primaryImageOfPage\":{\"@id\":\"https:\/\/veritasinfo.org\/?p=29240#primaryimage\"},\"image\":{\"@id\":\"https:\/\/veritasinfo.org\/?p=29240#primaryimage\"},\"thumbnailUrl\":\"https:\/\/veritasinfo.org\/wp-content\/uploads\/2026\/01\/715414-kzYUREFQKX.jpg\",\"datePublished\":\"2026-01-27T09:04:22+00:00\",\"author\":{\"@id\":\"https:\/\/veritasinfo.org\/#\/schema\/person\/bc442336e35414d04494ab8fb45db4c6\"},\"breadcrumb\":{\"@id\":\"https:\/\/veritasinfo.org\/?p=29240#breadcrumb\"},\"inLanguage\":\"en-US\",\"potentialAction\":[{\"@type\":\"ReadAction\",\"target\":[\"https:\/\/veritasinfo.org\/?p=29240\"]}]},{\"@type\":\"ImageObject\",\"inLanguage\":\"en-US\",\"@id\":\"https:\/\/veritasinfo.org\/?p=29240#primaryimage\",\"url\":\"https:\/\/veritasinfo.org\/wp-content\/uploads\/2026\/01\/715414-kzYUREFQKX.jpg\",\"contentUrl\":\"https:\/\/veritasinfo.org\/wp-content\/uploads\/2026\/01\/715414-kzYUREFQKX.jpg\",\"width\":780,\"height\":500},{\"@type\":\"BreadcrumbList\",\"@id\":\"https:\/\/veritasinfo.org\/?p=29240#breadcrumb\",\"itemListElement\":[{\"@type\":\"ListItem\",\"position\":1,\"name\":\"Home\",\"item\":\"https:\/\/veritasinfo.org\/\"},{\"@type\":\"ListItem\",\"position\":2,\"name\":\"Rasti i Izbic\u00ebs, Sot fjal\u00ebt p\u00ebrfundimtare p\u00ebr Muhamet Alidemajn\"}]},{\"@type\":\"WebSite\",\"@id\":\"https:\/\/veritasinfo.org\/#website\",\"url\":\"https:\/\/veritasinfo.org\/\",\"name\":\"\",\"description\":\"\",\"potentialAction\":[{\"@type\":\"SearchAction\",\"target\":{\"@type\":\"EntryPoint\",\"urlTemplate\":\"https:\/\/veritasinfo.org\/?s={search_term_string}\"},\"query-input\":{\"@type\":\"PropertyValueSpecification\",\"valueRequired\":true,\"valueName\":\"search_term_string\"}}],\"inLanguage\":\"en-US\"},{\"@type\":\"Person\",\"@id\":\"https:\/\/veritasinfo.org\/#\/schema\/person\/bc442336e35414d04494ab8fb45db4c6\",\"name\":\"US5\",\"image\":{\"@type\":\"ImageObject\",\"inLanguage\":\"en-US\",\"@id\":\"https:\/\/veritasinfo.org\/#\/schema\/person\/image\/\",\"url\":\"https:\/\/secure.gravatar.com\/avatar\/16a61e7272a0c5d001121ebb9e60e925d5816e4ac1e443ed3e640d9a6ae55d0c?s=96&d=mm&r=g\",\"contentUrl\":\"https:\/\/secure.gravatar.com\/avatar\/16a61e7272a0c5d001121ebb9e60e925d5816e4ac1e443ed3e640d9a6ae55d0c?s=96&d=mm&r=g\",\"caption\":\"US5\"},\"url\":\"https:\/\/veritasinfo.org\/?author=6\"}]}<\/script>\n<!-- \/ Yoast SEO plugin. -->","yoast_head_json":{"title":"Rasti i Izbic\u00ebs, Sot fjal\u00ebt p\u00ebrfundimtare p\u00ebr Muhamet Alidemajn -","robots":{"index":"index","follow":"follow","max-snippet":"max-snippet:-1","max-image-preview":"max-image-preview:large","max-video-preview":"max-video-preview:-1"},"canonical":"https:\/\/veritasinfo.org\/?p=29240","og_locale":"en_US","og_type":"article","og_title":"Rasti i Izbic\u00ebs, Sot fjal\u00ebt p\u00ebrfundimtare p\u00ebr Muhamet Alidemajn -","og_description":"Prishtin\u00eb 27 janar 2026 10:03 N\u00eb Gjykat\u00ebn Themelore n\u00eb Prishtin\u00eb, po zhvillohet seanca vendimtare n\u00eb procesin gjyq\u00ebsor ndaj Muhamet Alidemajt, i akuzuar p\u00ebr krime lufte","og_url":"https:\/\/veritasinfo.org\/?p=29240","article_published_time":"2026-01-27T09:04:22+00:00","og_image":[{"width":780,"height":500,"url":"https:\/\/veritasinfo.org\/wp-content\/uploads\/2026\/01\/715414-kzYUREFQKX.jpg","type":"image\/jpeg"}],"author":"US5","twitter_card":"summary_large_image","twitter_misc":{"Written by":"US5"},"schema":{"@context":"https:\/\/schema.org","@graph":[{"@type":"WebPage","@id":"https:\/\/veritasinfo.org\/?p=29240","url":"https:\/\/veritasinfo.org\/?p=29240","name":"Rasti i Izbic\u00ebs, Sot fjal\u00ebt p\u00ebrfundimtare p\u00ebr Muhamet Alidemajn -","isPartOf":{"@id":"https:\/\/veritasinfo.org\/#website"},"primaryImageOfPage":{"@id":"https:\/\/veritasinfo.org\/?p=29240#primaryimage"},"image":{"@id":"https:\/\/veritasinfo.org\/?p=29240#primaryimage"},"thumbnailUrl":"https:\/\/veritasinfo.org\/wp-content\/uploads\/2026\/01\/715414-kzYUREFQKX.jpg","datePublished":"2026-01-27T09:04:22+00:00","author":{"@id":"https:\/\/veritasinfo.org\/#\/schema\/person\/bc442336e35414d04494ab8fb45db4c6"},"breadcrumb":{"@id":"https:\/\/veritasinfo.org\/?p=29240#breadcrumb"},"inLanguage":"en-US","potentialAction":[{"@type":"ReadAction","target":["https:\/\/veritasinfo.org\/?p=29240"]}]},{"@type":"ImageObject","inLanguage":"en-US","@id":"https:\/\/veritasinfo.org\/?p=29240#primaryimage","url":"https:\/\/veritasinfo.org\/wp-content\/uploads\/2026\/01\/715414-kzYUREFQKX.jpg","contentUrl":"https:\/\/veritasinfo.org\/wp-content\/uploads\/2026\/01\/715414-kzYUREFQKX.jpg","width":780,"height":500},{"@type":"BreadcrumbList","@id":"https:\/\/veritasinfo.org\/?p=29240#breadcrumb","itemListElement":[{"@type":"ListItem","position":1,"name":"Home","item":"https:\/\/veritasinfo.org\/"},{"@type":"ListItem","position":2,"name":"Rasti i Izbic\u00ebs, Sot fjal\u00ebt p\u00ebrfundimtare p\u00ebr Muhamet Alidemajn"}]},{"@type":"WebSite","@id":"https:\/\/veritasinfo.org\/#website","url":"https:\/\/veritasinfo.org\/","name":"","description":"","potentialAction":[{"@type":"SearchAction","target":{"@type":"EntryPoint","urlTemplate":"https:\/\/veritasinfo.org\/?s={search_term_string}"},"query-input":{"@type":"PropertyValueSpecification","valueRequired":true,"valueName":"search_term_string"}}],"inLanguage":"en-US"},{"@type":"Person","@id":"https:\/\/veritasinfo.org\/#\/schema\/person\/bc442336e35414d04494ab8fb45db4c6","name":"US5","image":{"@type":"ImageObject","inLanguage":"en-US","@id":"https:\/\/veritasinfo.org\/#\/schema\/person\/image\/","url":"https:\/\/secure.gravatar.com\/avatar\/16a61e7272a0c5d001121ebb9e60e925d5816e4ac1e443ed3e640d9a6ae55d0c?s=96&d=mm&r=g","contentUrl":"https:\/\/secure.gravatar.com\/avatar\/16a61e7272a0c5d001121ebb9e60e925d5816e4ac1e443ed3e640d9a6ae55d0c?s=96&d=mm&r=g","caption":"US5"},"url":"https:\/\/veritasinfo.org\/?author=6"}]}},"featured_image_urls":{"full":["https:\/\/veritasinfo.org\/wp-content\/uploads\/2026\/01\/715414-kzYUREFQKX.jpg",780,500,false],"thumbnail":["https:\/\/veritasinfo.org\/wp-content\/uploads\/2026\/01\/715414-kzYUREFQKX-150x150.jpg",150,150,true],"medium":["https:\/\/veritasinfo.org\/wp-content\/uploads\/2026\/01\/715414-kzYUREFQKX-300x192.jpg",300,192,true],"medium_large":["https:\/\/veritasinfo.org\/wp-content\/uploads\/2026\/01\/715414-kzYUREFQKX-768x492.jpg",640,410,true],"large":["https:\/\/veritasinfo.org\/wp-content\/uploads\/2026\/01\/715414-kzYUREFQKX.jpg",640,410,false],"1536x1536":["https:\/\/veritasinfo.org\/wp-content\/uploads\/2026\/01\/715414-kzYUREFQKX.jpg",780,500,false],"2048x2048":["https:\/\/veritasinfo.org\/wp-content\/uploads\/2026\/01\/715414-kzYUREFQKX.jpg",780,500,false],"kreeti-slider-full":["https:\/\/veritasinfo.org\/wp-content\/uploads\/2026\/01\/715414-kzYUREFQKX.jpg",780,500,false],"kreeti-featured":["https:\/\/veritasinfo.org\/wp-content\/uploads\/2026\/01\/715414-kzYUREFQKX.jpg",780,500,false],"kreeti-medium":["https:\/\/veritasinfo.org\/wp-content\/uploads\/2026\/01\/715414-kzYUREFQKX.jpg",720,462,false],"kreeti-medium-square":["https:\/\/veritasinfo.org\/wp-content\/uploads\/2026\/01\/715414-kzYUREFQKX.jpg",350,224,false]},"author_info":{"info":["US5"]},"category_info":"<a href=\"https:\/\/veritasinfo.org\/?cat=60\" rel=\"category\">Shoq\u00ebrore<\/a>","tag_info":"Shoq\u00ebrore","comment_count":"0","_links":{"self":[{"href":"https:\/\/veritasinfo.org\/index.php?rest_route=\/wp\/v2\/posts\/29240","targetHints":{"allow":["GET"]}}],"collection":[{"href":"https:\/\/veritasinfo.org\/index.php?rest_route=\/wp\/v2\/posts"}],"about":[{"href":"https:\/\/veritasinfo.org\/index.php?rest_route=\/wp\/v2\/types\/post"}],"author":[{"embeddable":true,"href":"https:\/\/veritasinfo.org\/index.php?rest_route=\/wp\/v2\/users\/6"}],"replies":[{"embeddable":true,"href":"https:\/\/veritasinfo.org\/index.php?rest_route=%2Fwp%2Fv2%2Fcomments&post=29240"}],"version-history":[{"count":1,"href":"https:\/\/veritasinfo.org\/index.php?rest_route=\/wp\/v2\/posts\/29240\/revisions"}],"predecessor-version":[{"id":29242,"href":"https:\/\/veritasinfo.org\/index.php?rest_route=\/wp\/v2\/posts\/29240\/revisions\/29242"}],"wp:featuredmedia":[{"embeddable":true,"href":"https:\/\/veritasinfo.org\/index.php?rest_route=\/wp\/v2\/media\/29241"}],"wp:attachment":[{"href":"https:\/\/veritasinfo.org\/index.php?rest_route=%2Fwp%2Fv2%2Fmedia&parent=29240"}],"wp:term":[{"taxonomy":"category","embeddable":true,"href":"https:\/\/veritasinfo.org\/index.php?rest_route=%2Fwp%2Fv2%2Fcategories&post=29240"},{"taxonomy":"post_tag","embeddable":true,"href":"https:\/\/veritasinfo.org\/index.php?rest_route=%2Fwp%2Fv2%2Ftags&post=29240"}],"curies":[{"name":"wp","href":"https:\/\/api.w.org\/{rel}","templated":true}]}}