{"id":29200,"date":"2026-01-26T20:57:15","date_gmt":"2026-01-26T19:57:15","guid":{"rendered":"https:\/\/veritasinfo.org\/?p=29200"},"modified":"2026-01-26T20:57:15","modified_gmt":"2026-01-26T19:57:15","slug":"rutte-presim-nga-vuciqi-qe-ta-percaktoje-pergjegjesine-per-banjsken-dhe-sulmet-ndaj-kfor-it","status":"publish","type":"post","link":"https:\/\/veritasinfo.org\/?p=29200","title":{"rendered":"Rutte: Presim nga Vu\u00e7iqi q\u00eb ta p\u00ebrcaktoj\u00eb p\u00ebrgjegj\u00ebsin\u00eb p\u00ebr Banjsk\u00ebn dhe sulmet ndaj KFOR-it"},"content":{"rendered":"<p>Prishtin\u00eb, 26 janar 2026 20:55<\/p>\n<p>Sekretari i P\u00ebrgjithsh\u00ebm i NATO-s, Mark Rutte, ka ritheksuar se aleanca pret nga autoritetet n\u00eb Beograd q\u00eb t\u00eb marrin p\u00ebrgjegj\u00ebsi p\u00ebr ngjarjet e r\u00ebnda t\u00eb ndodhura n\u00eb Kosov\u00eb, p\u00ebrfshir\u00eb sulmin n\u00eb Banjsk\u00eb, si dhe sulmet ndaj trupave t\u00eb KFOR-it gjat\u00eb tensioneve t\u00eb pranver\u00ebs s\u00eb vitit 2023.<\/p>\n<p>Gjat\u00eb nj\u00eb fjalimi para Komitetit p\u00ebr Pun\u00eb t\u00eb Jashtme t\u00eb Parlamentit Evropian (AFET), Rutte theksoi se pret nga presidenti i Serbis\u00eb, Aleksandar Vu\u00e7iq, q\u00eb t\u00eb identifikoj\u00eb dhe v\u00ebr\u00eb para p\u00ebrgjegj\u00ebsis\u00eb personat p\u00ebrgjegj\u00ebs p\u00ebr dy incidente t\u00eb ndara, p\u00ebr t\u00eb cilat, sipas tij, jan\u00eb dh\u00ebn\u00eb premtime p\u00ebr zbardhim t\u00eb plot\u00eb.<\/p>\n<p>\u201cKam nj\u00eb marr\u00ebdh\u00ebnie personale me presidentin Aleksandar Vu\u00e7iq. Njohim nj\u00ebri-tjetrin prej shum\u00eb vitesh. Por, natyrisht, presim nga ai q\u00eb t\u00eb p\u00ebrcaktoj\u00eb p\u00ebrgjegj\u00ebsin\u00eb p\u00ebr at\u00eb q\u00eb ndodhi disa vite m\u00eb par\u00eb, dhe kjo p\u00ebr dy \u00e7\u00ebshtje. P\u00ebr t\u00eb dyja ka premtuar p\u00ebrcaktimin e plot\u00eb t\u00eb p\u00ebrgjegj\u00ebsis\u00eb\u201d, deklaroi Rutte.<\/p>\n<p>Kreu i NATO-s n\u00ebnvizoi se pritjet e aleanc\u00ebs mbeten t\u00eb qarta dhe t\u00eb pandryshuara, duke theksuar r\u00ebnd\u00ebsin\u00eb e llogaridh\u00ebnies p\u00ebr ruajtjen e stabilitetit dhe siguris\u00eb n\u00eb rajon.<\/p>\n<p>&nbsp;<\/p>\n","protected":false},"excerpt":{"rendered":"<p>Prishtin\u00eb, 26 janar 2026 20:55 Sekretari i P\u00ebrgjithsh\u00ebm i NATO-s, Mark Rutte, ka ritheksuar se aleanca pret nga autoritetet n\u00eb Beograd q\u00eb t\u00eb marrin p\u00ebrgjegj\u00ebsi<\/p>\n","protected":false},"author":7,"featured_media":29201,"comment_status":"open","ping_status":"open","sticky":false,"template":"","format":"standard","meta":{"footnotes":""},"categories":[58],"tags":[],"class_list":["post-29200","post","type-post","status-publish","format-standard","has-post-thumbnail","hentry","category-politike-sq"],"yoast_head":"<!-- This site is optimized with the Yoast SEO plugin v25.3.1 - https:\/\/yoast.com\/wordpress\/plugins\/seo\/ -->\n<title>Rutte: Presim nga Vu\u00e7iqi q\u00eb ta p\u00ebrcaktoj\u00eb p\u00ebrgjegj\u00ebsin\u00eb p\u00ebr Banjsk\u00ebn dhe sulmet ndaj KFOR-it -<\/title>\n<meta name=\"robots\" content=\"index, follow, max-snippet:-1, max-image-preview:large, max-video-preview:-1\" \/>\n<link rel=\"canonical\" href=\"https:\/\/veritasinfo.org\/?p=29200\" \/>\n<meta property=\"og:locale\" content=\"en_US\" \/>\n<meta property=\"og:type\" content=\"article\" \/>\n<meta property=\"og:title\" content=\"Rutte: Presim nga Vu\u00e7iqi q\u00eb ta p\u00ebrcaktoj\u00eb p\u00ebrgjegj\u00ebsin\u00eb p\u00ebr Banjsk\u00ebn dhe sulmet ndaj KFOR-it -\" \/>\n<meta property=\"og:description\" content=\"Prishtin\u00eb, 26 janar 2026 20:55 Sekretari i P\u00ebrgjithsh\u00ebm i NATO-s, Mark Rutte, ka ritheksuar se aleanca pret nga autoritetet n\u00eb Beograd q\u00eb t\u00eb marrin p\u00ebrgjegj\u00ebsi\" \/>\n<meta property=\"og:url\" content=\"https:\/\/veritasinfo.org\/?p=29200\" \/>\n<meta property=\"article:published_time\" content=\"2026-01-26T19:57:15+00:00\" \/>\n<meta property=\"og:image\" content=\"https:\/\/veritasinfo.org\/wp-content\/uploads\/2026\/01\/1-78.jpg\" \/>\n\t<meta property=\"og:image:width\" content=\"707\" \/>\n\t<meta property=\"og:image:height\" content=\"446\" \/>\n\t<meta property=\"og:image:type\" content=\"image\/jpeg\" \/>\n<meta name=\"author\" content=\"US6\" \/>\n<meta name=\"twitter:card\" content=\"summary_large_image\" \/>\n<meta name=\"twitter:label1\" content=\"Written by\" \/>\n\t<meta name=\"twitter:data1\" content=\"US6\" \/>\n\t<meta name=\"twitter:label2\" content=\"Est. reading time\" \/>\n\t<meta name=\"twitter:data2\" content=\"1 minute\" \/>\n<script type=\"application\/ld+json\" class=\"yoast-schema-graph\">{\"@context\":\"https:\/\/schema.org\",\"@graph\":[{\"@type\":\"WebPage\",\"@id\":\"https:\/\/veritasinfo.org\/?p=29200\",\"url\":\"https:\/\/veritasinfo.org\/?p=29200\",\"name\":\"Rutte: Presim nga Vu\u00e7iqi q\u00eb ta p\u00ebrcaktoj\u00eb p\u00ebrgjegj\u00ebsin\u00eb p\u00ebr Banjsk\u00ebn dhe sulmet ndaj KFOR-it -\",\"isPartOf\":{\"@id\":\"https:\/\/veritasinfo.org\/#website\"},\"primaryImageOfPage\":{\"@id\":\"https:\/\/veritasinfo.org\/?p=29200#primaryimage\"},\"image\":{\"@id\":\"https:\/\/veritasinfo.org\/?p=29200#primaryimage\"},\"thumbnailUrl\":\"https:\/\/veritasinfo.org\/wp-content\/uploads\/2026\/01\/1-78.jpg\",\"datePublished\":\"2026-01-26T19:57:15+00:00\",\"author\":{\"@id\":\"https:\/\/veritasinfo.org\/#\/schema\/person\/fe199eede04c3937362892b7444747cc\"},\"breadcrumb\":{\"@id\":\"https:\/\/veritasinfo.org\/?p=29200#breadcrumb\"},\"inLanguage\":\"en-US\",\"potentialAction\":[{\"@type\":\"ReadAction\",\"target\":[\"https:\/\/veritasinfo.org\/?p=29200\"]}]},{\"@type\":\"ImageObject\",\"inLanguage\":\"en-US\",\"@id\":\"https:\/\/veritasinfo.org\/?p=29200#primaryimage\",\"url\":\"https:\/\/veritasinfo.org\/wp-content\/uploads\/2026\/01\/1-78.jpg\",\"contentUrl\":\"https:\/\/veritasinfo.org\/wp-content\/uploads\/2026\/01\/1-78.jpg\",\"width\":707,\"height\":446},{\"@type\":\"BreadcrumbList\",\"@id\":\"https:\/\/veritasinfo.org\/?p=29200#breadcrumb\",\"itemListElement\":[{\"@type\":\"ListItem\",\"position\":1,\"name\":\"Home\",\"item\":\"https:\/\/veritasinfo.org\/\"},{\"@type\":\"ListItem\",\"position\":2,\"name\":\"Rutte: Presim nga Vu\u00e7iqi q\u00eb ta p\u00ebrcaktoj\u00eb p\u00ebrgjegj\u00ebsin\u00eb p\u00ebr Banjsk\u00ebn dhe sulmet ndaj KFOR-it\"}]},{\"@type\":\"WebSite\",\"@id\":\"https:\/\/veritasinfo.org\/#website\",\"url\":\"https:\/\/veritasinfo.org\/\",\"name\":\"\",\"description\":\"\",\"potentialAction\":[{\"@type\":\"SearchAction\",\"target\":{\"@type\":\"EntryPoint\",\"urlTemplate\":\"https:\/\/veritasinfo.org\/?s={search_term_string}\"},\"query-input\":{\"@type\":\"PropertyValueSpecification\",\"valueRequired\":true,\"valueName\":\"search_term_string\"}}],\"inLanguage\":\"en-US\"},{\"@type\":\"Person\",\"@id\":\"https:\/\/veritasinfo.org\/#\/schema\/person\/fe199eede04c3937362892b7444747cc\",\"name\":\"US6\",\"image\":{\"@type\":\"ImageObject\",\"inLanguage\":\"en-US\",\"@id\":\"https:\/\/veritasinfo.org\/#\/schema\/person\/image\/\",\"url\":\"https:\/\/secure.gravatar.com\/avatar\/cb16c3c31c9d23b9b8c705964598220b3014e42ff51eb540ff23cefa3ae8c15f?s=96&d=mm&r=g\",\"contentUrl\":\"https:\/\/secure.gravatar.com\/avatar\/cb16c3c31c9d23b9b8c705964598220b3014e42ff51eb540ff23cefa3ae8c15f?s=96&d=mm&r=g\",\"caption\":\"US6\"},\"url\":\"https:\/\/veritasinfo.org\/?author=7\"}]}<\/script>\n<!-- \/ Yoast SEO plugin. -->","yoast_head_json":{"title":"Rutte: Presim nga Vu\u00e7iqi q\u00eb ta p\u00ebrcaktoj\u00eb p\u00ebrgjegj\u00ebsin\u00eb p\u00ebr Banjsk\u00ebn dhe sulmet ndaj KFOR-it -","robots":{"index":"index","follow":"follow","max-snippet":"max-snippet:-1","max-image-preview":"max-image-preview:large","max-video-preview":"max-video-preview:-1"},"canonical":"https:\/\/veritasinfo.org\/?p=29200","og_locale":"en_US","og_type":"article","og_title":"Rutte: Presim nga Vu\u00e7iqi q\u00eb ta p\u00ebrcaktoj\u00eb p\u00ebrgjegj\u00ebsin\u00eb p\u00ebr Banjsk\u00ebn dhe sulmet ndaj KFOR-it -","og_description":"Prishtin\u00eb, 26 janar 2026 20:55 Sekretari i P\u00ebrgjithsh\u00ebm i NATO-s, Mark Rutte, ka ritheksuar se aleanca pret nga autoritetet n\u00eb Beograd q\u00eb t\u00eb marrin p\u00ebrgjegj\u00ebsi","og_url":"https:\/\/veritasinfo.org\/?p=29200","article_published_time":"2026-01-26T19:57:15+00:00","og_image":[{"width":707,"height":446,"url":"https:\/\/veritasinfo.org\/wp-content\/uploads\/2026\/01\/1-78.jpg","type":"image\/jpeg"}],"author":"US6","twitter_card":"summary_large_image","twitter_misc":{"Written by":"US6","Est. reading time":"1 minute"},"schema":{"@context":"https:\/\/schema.org","@graph":[{"@type":"WebPage","@id":"https:\/\/veritasinfo.org\/?p=29200","url":"https:\/\/veritasinfo.org\/?p=29200","name":"Rutte: Presim nga Vu\u00e7iqi q\u00eb ta p\u00ebrcaktoj\u00eb p\u00ebrgjegj\u00ebsin\u00eb p\u00ebr Banjsk\u00ebn dhe sulmet ndaj KFOR-it -","isPartOf":{"@id":"https:\/\/veritasinfo.org\/#website"},"primaryImageOfPage":{"@id":"https:\/\/veritasinfo.org\/?p=29200#primaryimage"},"image":{"@id":"https:\/\/veritasinfo.org\/?p=29200#primaryimage"},"thumbnailUrl":"https:\/\/veritasinfo.org\/wp-content\/uploads\/2026\/01\/1-78.jpg","datePublished":"2026-01-26T19:57:15+00:00","author":{"@id":"https:\/\/veritasinfo.org\/#\/schema\/person\/fe199eede04c3937362892b7444747cc"},"breadcrumb":{"@id":"https:\/\/veritasinfo.org\/?p=29200#breadcrumb"},"inLanguage":"en-US","potentialAction":[{"@type":"ReadAction","target":["https:\/\/veritasinfo.org\/?p=29200"]}]},{"@type":"ImageObject","inLanguage":"en-US","@id":"https:\/\/veritasinfo.org\/?p=29200#primaryimage","url":"https:\/\/veritasinfo.org\/wp-content\/uploads\/2026\/01\/1-78.jpg","contentUrl":"https:\/\/veritasinfo.org\/wp-content\/uploads\/2026\/01\/1-78.jpg","width":707,"height":446},{"@type":"BreadcrumbList","@id":"https:\/\/veritasinfo.org\/?p=29200#breadcrumb","itemListElement":[{"@type":"ListItem","position":1,"name":"Home","item":"https:\/\/veritasinfo.org\/"},{"@type":"ListItem","position":2,"name":"Rutte: Presim nga Vu\u00e7iqi q\u00eb ta p\u00ebrcaktoj\u00eb p\u00ebrgjegj\u00ebsin\u00eb p\u00ebr Banjsk\u00ebn dhe sulmet ndaj KFOR-it"}]},{"@type":"WebSite","@id":"https:\/\/veritasinfo.org\/#website","url":"https:\/\/veritasinfo.org\/","name":"","description":"","potentialAction":[{"@type":"SearchAction","target":{"@type":"EntryPoint","urlTemplate":"https:\/\/veritasinfo.org\/?s={search_term_string}"},"query-input":{"@type":"PropertyValueSpecification","valueRequired":true,"valueName":"search_term_string"}}],"inLanguage":"en-US"},{"@type":"Person","@id":"https:\/\/veritasinfo.org\/#\/schema\/person\/fe199eede04c3937362892b7444747cc","name":"US6","image":{"@type":"ImageObject","inLanguage":"en-US","@id":"https:\/\/veritasinfo.org\/#\/schema\/person\/image\/","url":"https:\/\/secure.gravatar.com\/avatar\/cb16c3c31c9d23b9b8c705964598220b3014e42ff51eb540ff23cefa3ae8c15f?s=96&d=mm&r=g","contentUrl":"https:\/\/secure.gravatar.com\/avatar\/cb16c3c31c9d23b9b8c705964598220b3014e42ff51eb540ff23cefa3ae8c15f?s=96&d=mm&r=g","caption":"US6"},"url":"https:\/\/veritasinfo.org\/?author=7"}]}},"featured_image_urls":{"full":["https:\/\/veritasinfo.org\/wp-content\/uploads\/2026\/01\/1-78.jpg",707,446,false],"thumbnail":["https:\/\/veritasinfo.org\/wp-content\/uploads\/2026\/01\/1-78-150x150.jpg",150,150,true],"medium":["https:\/\/veritasinfo.org\/wp-content\/uploads\/2026\/01\/1-78-300x189.jpg",300,189,true],"medium_large":["https:\/\/veritasinfo.org\/wp-content\/uploads\/2026\/01\/1-78.jpg",640,404,false],"large":["https:\/\/veritasinfo.org\/wp-content\/uploads\/2026\/01\/1-78.jpg",640,404,false],"1536x1536":["https:\/\/veritasinfo.org\/wp-content\/uploads\/2026\/01\/1-78.jpg",707,446,false],"2048x2048":["https:\/\/veritasinfo.org\/wp-content\/uploads\/2026\/01\/1-78.jpg",707,446,false],"kreeti-slider-full":["https:\/\/veritasinfo.org\/wp-content\/uploads\/2026\/01\/1-78.jpg",707,446,false],"kreeti-featured":["https:\/\/veritasinfo.org\/wp-content\/uploads\/2026\/01\/1-78.jpg",707,446,false],"kreeti-medium":["https:\/\/veritasinfo.org\/wp-content\/uploads\/2026\/01\/1-78.jpg",707,446,false],"kreeti-medium-square":["https:\/\/veritasinfo.org\/wp-content\/uploads\/2026\/01\/1-78.jpg",350,221,false]},"author_info":{"info":["US6"]},"category_info":"<a href=\"https:\/\/veritasinfo.org\/?cat=58\" rel=\"category\">Politik\u00eb<\/a>","tag_info":"Politik\u00eb","comment_count":"0","_links":{"self":[{"href":"https:\/\/veritasinfo.org\/index.php?rest_route=\/wp\/v2\/posts\/29200","targetHints":{"allow":["GET"]}}],"collection":[{"href":"https:\/\/veritasinfo.org\/index.php?rest_route=\/wp\/v2\/posts"}],"about":[{"href":"https:\/\/veritasinfo.org\/index.php?rest_route=\/wp\/v2\/types\/post"}],"author":[{"embeddable":true,"href":"https:\/\/veritasinfo.org\/index.php?rest_route=\/wp\/v2\/users\/7"}],"replies":[{"embeddable":true,"href":"https:\/\/veritasinfo.org\/index.php?rest_route=%2Fwp%2Fv2%2Fcomments&post=29200"}],"version-history":[{"count":1,"href":"https:\/\/veritasinfo.org\/index.php?rest_route=\/wp\/v2\/posts\/29200\/revisions"}],"predecessor-version":[{"id":29202,"href":"https:\/\/veritasinfo.org\/index.php?rest_route=\/wp\/v2\/posts\/29200\/revisions\/29202"}],"wp:featuredmedia":[{"embeddable":true,"href":"https:\/\/veritasinfo.org\/index.php?rest_route=\/wp\/v2\/media\/29201"}],"wp:attachment":[{"href":"https:\/\/veritasinfo.org\/index.php?rest_route=%2Fwp%2Fv2%2Fmedia&parent=29200"}],"wp:term":[{"taxonomy":"category","embeddable":true,"href":"https:\/\/veritasinfo.org\/index.php?rest_route=%2Fwp%2Fv2%2Fcategories&post=29200"},{"taxonomy":"post_tag","embeddable":true,"href":"https:\/\/veritasinfo.org\/index.php?rest_route=%2Fwp%2Fv2%2Ftags&post=29200"}],"curies":[{"name":"wp","href":"https:\/\/api.w.org\/{rel}","templated":true}]}}