{"id":29190,"date":"2026-01-26T18:45:57","date_gmt":"2026-01-26T17:45:57","guid":{"rendered":"https:\/\/veritasinfo.org\/?p=29190"},"modified":"2026-01-26T18:45:57","modified_gmt":"2026-01-26T17:45:57","slug":"osmani-avancimi-i-aktit-per-luginen-mesazh-i-qarte-kunder-diskriminimit","status":"publish","type":"post","link":"https:\/\/veritasinfo.org\/?p=29190","title":{"rendered":"Osmani: Avancimi i Aktit p\u00ebr Lugin\u00ebn, mesazh i qart\u00eb kund\u00ebr diskriminimit"},"content":{"rendered":"<p>Prishtin\u00eb, 26 janar 2026 18:45<\/p>\n<p>Presidentja e Kosov\u00ebs, Vjosa Osmani, ka vler\u00ebsuar avancimin e Aktit t\u00eb Vler\u00ebsimit t\u00eb Diskriminimit n\u00eb Lugin\u00ebn e Preshev\u00ebs n\u00eb Komitetin e Pun\u00ebve t\u00eb Jashtme t\u00eb Dhom\u00ebs s\u00eb P\u00ebrfaq\u00ebsuesve t\u00eb SHBA-s\u00eb, duke th\u00ebn\u00eb se kjo d\u00ebrgon nj\u00eb mesazh t\u00eb qart\u00eb se diskriminimi sistematik ndaj komunitetit shqiptar n\u00eb Serbi nuk do t\u00eb mbetet m\u00eb i paduksh\u00ebm apo i toleruar, raporton KosovaPress.<\/p>\n<p>Ajo ka theksuar se Serbia, sipas saj, ka kryer vazhdimisht shkelje t\u00eb r\u00ebnda ndaj t\u00eb drejtave t\u00eb pakicave, duke p\u00ebrmendur: pasivizimin e adresave si mjet p\u00ebr \u201cspastrim etnik\u201d administrativ, shtypjen e gjuh\u00ebs shqipe, p\u00ebrjashtimin nga institucionet publike, diskriminimin n\u00eb arsim, margjinalizimin ekonomik dhe frik\u00ebsimin nga autoritetet qendrore.<\/p>\n<p>Osmani ka p\u00ebrg\u00ebzuar kongresistin amerikan Keith Self p\u00ebr prezantimin dhe mb\u00ebshtetjen e k\u00ebtij akti, si dhe kryetarin e komitetit Brian Mast dhe an\u00ebtarin kryesor Gregory Meeks p\u00ebr udh\u00ebheqjen, nd\u00ebrsa ka fal\u00ebnderuar edhe t\u00eb gjith\u00eb deputet\u00ebt q\u00eb votuan pro me mb\u00ebshtetje dypartiake.<\/p>\n<p>\u201cSerbia ka kryer vazhdimisht shkelje autoritare t\u00eb t\u00eb drejtave t\u00eb pakicave, duke p\u00ebrfshir\u00eb fushat\u00ebn e q\u00ebllimshme t\u00eb pasivizimit p\u00ebr spastrim etnik p\u00ebrmes mjeteve administrative, shtypjen e gjuh\u00ebs shqipe, p\u00ebrjashtimin nga institucionet publike, diskriminimin n\u00eb arsim, margjinalizimin ekonomik dhe frik\u00ebsimin nga autoritetet qendrore\u201d, shkruan Osmani.<\/p>\n<p>Po ashtu, ajo ka shprehur mir\u00ebnjohje p\u00ebr organizat\u00ebn Albanians4USA, duke th\u00ebn\u00eb se ka ndihmuar q\u00eb z\u00ebri i shqiptar\u00ebve t\u00eb Lugin\u00ebs s\u00eb Preshev\u00ebs t\u00eb d\u00ebgjohet n\u00eb nivelet m\u00eb t\u00eb larta t\u00eb politik\u00ebb\u00ebrjes n\u00eb SHBA.<\/p>\n<p>Kat\u00ebr dit\u00eb m\u00eb par\u00eb, Kongresmeni amerikan Keith Self ka prezantuar n\u00eb Kongresin e Shteteve t\u00eb Bashkuara t\u00eb Amerik\u00ebs Aktin p\u00ebr Vler\u00ebsimin e Diskriminimit n\u00eb Lugin\u00ebn e Preshev\u00ebs, nj\u00eb nism\u00eb ligjore q\u00eb synon t\u00eb adresoj\u00eb trajtimin e shqiptar\u00ebve nga autoritetet serbe.<\/p>\n<p>P\u00ebr k\u00ebt\u00eb pati reaguar, edhe deputeti i vet\u00ebm shqiptar n\u00eb Kuvendin e Serbis\u00eb, Shaip Kamberi.<\/p>\n<p>Ai shprehu mir\u00ebnjohje p\u00ebr kongresmenin amerikan Keith Self.<\/p>\n<p>&nbsp;<\/p>\n","protected":false},"excerpt":{"rendered":"<p>Prishtin\u00eb, 26 janar 2026 18:45 Presidentja e Kosov\u00ebs, Vjosa Osmani, ka vler\u00ebsuar avancimin e Aktit t\u00eb Vler\u00ebsimit t\u00eb Diskriminimit n\u00eb Lugin\u00ebn e Preshev\u00ebs n\u00eb Komitetin<\/p>\n","protected":false},"author":7,"featured_media":29191,"comment_status":"open","ping_status":"open","sticky":false,"template":"","format":"standard","meta":{"footnotes":""},"categories":[58],"tags":[],"class_list":["post-29190","post","type-post","status-publish","format-standard","has-post-thumbnail","hentry","category-politike-sq"],"yoast_head":"<!-- This site is optimized with the Yoast SEO plugin v25.3.1 - https:\/\/yoast.com\/wordpress\/plugins\/seo\/ -->\n<title>Osmani: Avancimi i Aktit p\u00ebr Lugin\u00ebn, mesazh i qart\u00eb kund\u00ebr diskriminimit -<\/title>\n<meta name=\"robots\" content=\"index, follow, max-snippet:-1, max-image-preview:large, max-video-preview:-1\" \/>\n<link rel=\"canonical\" href=\"https:\/\/veritasinfo.org\/?p=29190\" \/>\n<meta property=\"og:locale\" content=\"en_US\" \/>\n<meta property=\"og:type\" content=\"article\" \/>\n<meta property=\"og:title\" content=\"Osmani: Avancimi i Aktit p\u00ebr Lugin\u00ebn, mesazh i qart\u00eb kund\u00ebr diskriminimit -\" \/>\n<meta property=\"og:description\" content=\"Prishtin\u00eb, 26 janar 2026 18:45 Presidentja e Kosov\u00ebs, Vjosa Osmani, ka vler\u00ebsuar avancimin e Aktit t\u00eb Vler\u00ebsimit t\u00eb Diskriminimit n\u00eb Lugin\u00ebn e Preshev\u00ebs n\u00eb Komitetin\" \/>\n<meta property=\"og:url\" content=\"https:\/\/veritasinfo.org\/?p=29190\" \/>\n<meta property=\"article:published_time\" content=\"2026-01-26T17:45:57+00:00\" \/>\n<meta property=\"og:image\" content=\"https:\/\/veritasinfo.org\/wp-content\/uploads\/2026\/01\/1-76.jpg\" \/>\n\t<meta property=\"og:image:width\" content=\"753\" \/>\n\t<meta property=\"og:image:height\" content=\"494\" \/>\n\t<meta property=\"og:image:type\" content=\"image\/jpeg\" \/>\n<meta name=\"author\" content=\"US6\" \/>\n<meta name=\"twitter:card\" content=\"summary_large_image\" \/>\n<meta name=\"twitter:label1\" content=\"Written by\" \/>\n\t<meta name=\"twitter:data1\" content=\"US6\" \/>\n\t<meta name=\"twitter:label2\" content=\"Est. reading time\" \/>\n\t<meta name=\"twitter:data2\" content=\"2 minutes\" \/>\n<script type=\"application\/ld+json\" class=\"yoast-schema-graph\">{\"@context\":\"https:\/\/schema.org\",\"@graph\":[{\"@type\":\"WebPage\",\"@id\":\"https:\/\/veritasinfo.org\/?p=29190\",\"url\":\"https:\/\/veritasinfo.org\/?p=29190\",\"name\":\"Osmani: Avancimi i Aktit p\u00ebr Lugin\u00ebn, mesazh i qart\u00eb kund\u00ebr diskriminimit -\",\"isPartOf\":{\"@id\":\"https:\/\/veritasinfo.org\/#website\"},\"primaryImageOfPage\":{\"@id\":\"https:\/\/veritasinfo.org\/?p=29190#primaryimage\"},\"image\":{\"@id\":\"https:\/\/veritasinfo.org\/?p=29190#primaryimage\"},\"thumbnailUrl\":\"https:\/\/veritasinfo.org\/wp-content\/uploads\/2026\/01\/1-76.jpg\",\"datePublished\":\"2026-01-26T17:45:57+00:00\",\"author\":{\"@id\":\"https:\/\/veritasinfo.org\/#\/schema\/person\/fe199eede04c3937362892b7444747cc\"},\"breadcrumb\":{\"@id\":\"https:\/\/veritasinfo.org\/?p=29190#breadcrumb\"},\"inLanguage\":\"en-US\",\"potentialAction\":[{\"@type\":\"ReadAction\",\"target\":[\"https:\/\/veritasinfo.org\/?p=29190\"]}]},{\"@type\":\"ImageObject\",\"inLanguage\":\"en-US\",\"@id\":\"https:\/\/veritasinfo.org\/?p=29190#primaryimage\",\"url\":\"https:\/\/veritasinfo.org\/wp-content\/uploads\/2026\/01\/1-76.jpg\",\"contentUrl\":\"https:\/\/veritasinfo.org\/wp-content\/uploads\/2026\/01\/1-76.jpg\",\"width\":753,\"height\":494},{\"@type\":\"BreadcrumbList\",\"@id\":\"https:\/\/veritasinfo.org\/?p=29190#breadcrumb\",\"itemListElement\":[{\"@type\":\"ListItem\",\"position\":1,\"name\":\"Home\",\"item\":\"https:\/\/veritasinfo.org\/\"},{\"@type\":\"ListItem\",\"position\":2,\"name\":\"Osmani: Avancimi i Aktit p\u00ebr Lugin\u00ebn, mesazh i qart\u00eb kund\u00ebr diskriminimit\"}]},{\"@type\":\"WebSite\",\"@id\":\"https:\/\/veritasinfo.org\/#website\",\"url\":\"https:\/\/veritasinfo.org\/\",\"name\":\"\",\"description\":\"\",\"potentialAction\":[{\"@type\":\"SearchAction\",\"target\":{\"@type\":\"EntryPoint\",\"urlTemplate\":\"https:\/\/veritasinfo.org\/?s={search_term_string}\"},\"query-input\":{\"@type\":\"PropertyValueSpecification\",\"valueRequired\":true,\"valueName\":\"search_term_string\"}}],\"inLanguage\":\"en-US\"},{\"@type\":\"Person\",\"@id\":\"https:\/\/veritasinfo.org\/#\/schema\/person\/fe199eede04c3937362892b7444747cc\",\"name\":\"US6\",\"image\":{\"@type\":\"ImageObject\",\"inLanguage\":\"en-US\",\"@id\":\"https:\/\/veritasinfo.org\/#\/schema\/person\/image\/\",\"url\":\"https:\/\/secure.gravatar.com\/avatar\/cb16c3c31c9d23b9b8c705964598220b3014e42ff51eb540ff23cefa3ae8c15f?s=96&d=mm&r=g\",\"contentUrl\":\"https:\/\/secure.gravatar.com\/avatar\/cb16c3c31c9d23b9b8c705964598220b3014e42ff51eb540ff23cefa3ae8c15f?s=96&d=mm&r=g\",\"caption\":\"US6\"},\"url\":\"https:\/\/veritasinfo.org\/?author=7\"}]}<\/script>\n<!-- \/ Yoast SEO plugin. -->","yoast_head_json":{"title":"Osmani: Avancimi i Aktit p\u00ebr Lugin\u00ebn, mesazh i qart\u00eb kund\u00ebr diskriminimit -","robots":{"index":"index","follow":"follow","max-snippet":"max-snippet:-1","max-image-preview":"max-image-preview:large","max-video-preview":"max-video-preview:-1"},"canonical":"https:\/\/veritasinfo.org\/?p=29190","og_locale":"en_US","og_type":"article","og_title":"Osmani: Avancimi i Aktit p\u00ebr Lugin\u00ebn, mesazh i qart\u00eb kund\u00ebr diskriminimit -","og_description":"Prishtin\u00eb, 26 janar 2026 18:45 Presidentja e Kosov\u00ebs, Vjosa Osmani, ka vler\u00ebsuar avancimin e Aktit t\u00eb Vler\u00ebsimit t\u00eb Diskriminimit n\u00eb Lugin\u00ebn e Preshev\u00ebs n\u00eb Komitetin","og_url":"https:\/\/veritasinfo.org\/?p=29190","article_published_time":"2026-01-26T17:45:57+00:00","og_image":[{"width":753,"height":494,"url":"https:\/\/veritasinfo.org\/wp-content\/uploads\/2026\/01\/1-76.jpg","type":"image\/jpeg"}],"author":"US6","twitter_card":"summary_large_image","twitter_misc":{"Written by":"US6","Est. reading time":"2 minutes"},"schema":{"@context":"https:\/\/schema.org","@graph":[{"@type":"WebPage","@id":"https:\/\/veritasinfo.org\/?p=29190","url":"https:\/\/veritasinfo.org\/?p=29190","name":"Osmani: Avancimi i Aktit p\u00ebr Lugin\u00ebn, mesazh i qart\u00eb kund\u00ebr diskriminimit -","isPartOf":{"@id":"https:\/\/veritasinfo.org\/#website"},"primaryImageOfPage":{"@id":"https:\/\/veritasinfo.org\/?p=29190#primaryimage"},"image":{"@id":"https:\/\/veritasinfo.org\/?p=29190#primaryimage"},"thumbnailUrl":"https:\/\/veritasinfo.org\/wp-content\/uploads\/2026\/01\/1-76.jpg","datePublished":"2026-01-26T17:45:57+00:00","author":{"@id":"https:\/\/veritasinfo.org\/#\/schema\/person\/fe199eede04c3937362892b7444747cc"},"breadcrumb":{"@id":"https:\/\/veritasinfo.org\/?p=29190#breadcrumb"},"inLanguage":"en-US","potentialAction":[{"@type":"ReadAction","target":["https:\/\/veritasinfo.org\/?p=29190"]}]},{"@type":"ImageObject","inLanguage":"en-US","@id":"https:\/\/veritasinfo.org\/?p=29190#primaryimage","url":"https:\/\/veritasinfo.org\/wp-content\/uploads\/2026\/01\/1-76.jpg","contentUrl":"https:\/\/veritasinfo.org\/wp-content\/uploads\/2026\/01\/1-76.jpg","width":753,"height":494},{"@type":"BreadcrumbList","@id":"https:\/\/veritasinfo.org\/?p=29190#breadcrumb","itemListElement":[{"@type":"ListItem","position":1,"name":"Home","item":"https:\/\/veritasinfo.org\/"},{"@type":"ListItem","position":2,"name":"Osmani: Avancimi i Aktit p\u00ebr Lugin\u00ebn, mesazh i qart\u00eb kund\u00ebr diskriminimit"}]},{"@type":"WebSite","@id":"https:\/\/veritasinfo.org\/#website","url":"https:\/\/veritasinfo.org\/","name":"","description":"","potentialAction":[{"@type":"SearchAction","target":{"@type":"EntryPoint","urlTemplate":"https:\/\/veritasinfo.org\/?s={search_term_string}"},"query-input":{"@type":"PropertyValueSpecification","valueRequired":true,"valueName":"search_term_string"}}],"inLanguage":"en-US"},{"@type":"Person","@id":"https:\/\/veritasinfo.org\/#\/schema\/person\/fe199eede04c3937362892b7444747cc","name":"US6","image":{"@type":"ImageObject","inLanguage":"en-US","@id":"https:\/\/veritasinfo.org\/#\/schema\/person\/image\/","url":"https:\/\/secure.gravatar.com\/avatar\/cb16c3c31c9d23b9b8c705964598220b3014e42ff51eb540ff23cefa3ae8c15f?s=96&d=mm&r=g","contentUrl":"https:\/\/secure.gravatar.com\/avatar\/cb16c3c31c9d23b9b8c705964598220b3014e42ff51eb540ff23cefa3ae8c15f?s=96&d=mm&r=g","caption":"US6"},"url":"https:\/\/veritasinfo.org\/?author=7"}]}},"featured_image_urls":{"full":["https:\/\/veritasinfo.org\/wp-content\/uploads\/2026\/01\/1-76.jpg",753,494,false],"thumbnail":["https:\/\/veritasinfo.org\/wp-content\/uploads\/2026\/01\/1-76-150x150.jpg",150,150,true],"medium":["https:\/\/veritasinfo.org\/wp-content\/uploads\/2026\/01\/1-76-300x197.jpg",300,197,true],"medium_large":["https:\/\/veritasinfo.org\/wp-content\/uploads\/2026\/01\/1-76.jpg",640,420,false],"large":["https:\/\/veritasinfo.org\/wp-content\/uploads\/2026\/01\/1-76.jpg",640,420,false],"1536x1536":["https:\/\/veritasinfo.org\/wp-content\/uploads\/2026\/01\/1-76.jpg",753,494,false],"2048x2048":["https:\/\/veritasinfo.org\/wp-content\/uploads\/2026\/01\/1-76.jpg",753,494,false],"kreeti-slider-full":["https:\/\/veritasinfo.org\/wp-content\/uploads\/2026\/01\/1-76.jpg",753,494,false],"kreeti-featured":["https:\/\/veritasinfo.org\/wp-content\/uploads\/2026\/01\/1-76.jpg",753,494,false],"kreeti-medium":["https:\/\/veritasinfo.org\/wp-content\/uploads\/2026\/01\/1-76.jpg",720,472,false],"kreeti-medium-square":["https:\/\/veritasinfo.org\/wp-content\/uploads\/2026\/01\/1-76.jpg",350,230,false]},"author_info":{"info":["US6"]},"category_info":"<a href=\"https:\/\/veritasinfo.org\/?cat=58\" rel=\"category\">Politik\u00eb<\/a>","tag_info":"Politik\u00eb","comment_count":"0","_links":{"self":[{"href":"https:\/\/veritasinfo.org\/index.php?rest_route=\/wp\/v2\/posts\/29190","targetHints":{"allow":["GET"]}}],"collection":[{"href":"https:\/\/veritasinfo.org\/index.php?rest_route=\/wp\/v2\/posts"}],"about":[{"href":"https:\/\/veritasinfo.org\/index.php?rest_route=\/wp\/v2\/types\/post"}],"author":[{"embeddable":true,"href":"https:\/\/veritasinfo.org\/index.php?rest_route=\/wp\/v2\/users\/7"}],"replies":[{"embeddable":true,"href":"https:\/\/veritasinfo.org\/index.php?rest_route=%2Fwp%2Fv2%2Fcomments&post=29190"}],"version-history":[{"count":1,"href":"https:\/\/veritasinfo.org\/index.php?rest_route=\/wp\/v2\/posts\/29190\/revisions"}],"predecessor-version":[{"id":29192,"href":"https:\/\/veritasinfo.org\/index.php?rest_route=\/wp\/v2\/posts\/29190\/revisions\/29192"}],"wp:featuredmedia":[{"embeddable":true,"href":"https:\/\/veritasinfo.org\/index.php?rest_route=\/wp\/v2\/media\/29191"}],"wp:attachment":[{"href":"https:\/\/veritasinfo.org\/index.php?rest_route=%2Fwp%2Fv2%2Fmedia&parent=29190"}],"wp:term":[{"taxonomy":"category","embeddable":true,"href":"https:\/\/veritasinfo.org\/index.php?rest_route=%2Fwp%2Fv2%2Fcategories&post=29190"},{"taxonomy":"post_tag","embeddable":true,"href":"https:\/\/veritasinfo.org\/index.php?rest_route=%2Fwp%2Fv2%2Ftags&post=29190"}],"curies":[{"name":"wp","href":"https:\/\/api.w.org\/{rel}","templated":true}]}}