{"id":29180,"date":"2026-01-26T17:40:00","date_gmt":"2026-01-26T16:40:00","guid":{"rendered":"https:\/\/veritasinfo.org\/?p=29180"},"modified":"2026-01-26T17:40:00","modified_gmt":"2026-01-26T16:40:00","slug":"komuna-e-obiliqit-ashperson-masat-ndaj-ndotjes-gjoba-deri-ne-1-mije-euro","status":"publish","type":"post","link":"https:\/\/veritasinfo.org\/?p=29180","title":{"rendered":"Komuna e Obiliqit ashp\u00ebrson masat ndaj ndotjes, gjoba deri n\u00eb 1 mij\u00eb euro"},"content":{"rendered":"<p>Obiliq, 26 janar 2026 17:38<\/p>\n<p>Kryetari i Komun\u00ebs s\u00eb Obiliqit, Halil Tha\u00e7i, ka njoftuar se sot ka marr\u00eb vendim p\u00ebr ashp\u00ebrsimin e masave ndaj ndotjes s\u00eb hap\u00ebsirave publike, me q\u00ebllim t\u00eb rritjes s\u00eb vet\u00ebdijesimit dhe p\u00ebrmir\u00ebsimit t\u00eb menaxhimit t\u00eb mbeturinave.<\/p>\n<p>Sipas vendimit, \u00e7do person fizik q\u00eb ndot hap\u00ebsirat publike ose zon\u00ebn para pron\u00ebs s\u00eb tij do t\u00eb gjobitet me 200 euro, nd\u00ebrsa \u00e7do biznes apo subjekt afarist q\u00eb ndot hap\u00ebsirat publike ose zon\u00ebn para objektit t\u00eb tij do t\u00eb gjobitet me 1000 euro.<\/p>\n<p>\u201cSot kam marr\u00eb vendim q\u00eb, me q\u00ebllim t\u00eb rritjes s\u00eb vet\u00ebdijesimit dhe p\u00ebrmir\u00ebsimit t\u00eb menaxhimit t\u00eb mbeturinave: \u00c7do person fizik q\u00eb ndot hap\u00ebsirat publike apo zon\u00ebn para pron\u00ebs s\u00eb tij do t\u00eb gjobitet me 200 euro. \u00c7do biznes apo subjekt afarist q\u00eb ndot hap\u00ebsirat publike apo zon\u00ebn para objektit t\u00eb tij do t\u00eb gjobitet me 1000 euro\u201d, shkruan Tha\u00e7i n\u00eb Facebook.<\/p>\n<p>Zbatimi i vendimit do t\u00eb realizohet nga Inspektorati Komunal.<\/p>\n<p>Vendimi hyn n\u00eb fuqi m\u00eb 15 shkurt 2026.<\/p>\n","protected":false},"excerpt":{"rendered":"<p>Obiliq, 26 janar 2026 17:38 Kryetari i Komun\u00ebs s\u00eb Obiliqit, Halil Tha\u00e7i, ka njoftuar se sot ka marr\u00eb vendim p\u00ebr ashp\u00ebrsimin e masave ndaj ndotjes<\/p>\n","protected":false},"author":7,"featured_media":29181,"comment_status":"open","ping_status":"open","sticky":false,"template":"","format":"standard","meta":{"footnotes":""},"categories":[52],"tags":[],"class_list":["post-29180","post","type-post","status-publish","format-standard","has-post-thumbnail","hentry","category-komunat-sq"],"yoast_head":"<!-- This site is optimized with the Yoast SEO plugin v25.3.1 - https:\/\/yoast.com\/wordpress\/plugins\/seo\/ -->\n<title>Komuna e Obiliqit ashp\u00ebrson masat ndaj ndotjes, gjoba deri n\u00eb 1 mij\u00eb euro -<\/title>\n<meta name=\"robots\" content=\"index, follow, max-snippet:-1, max-image-preview:large, max-video-preview:-1\" \/>\n<link rel=\"canonical\" href=\"https:\/\/veritasinfo.org\/?p=29180\" \/>\n<meta property=\"og:locale\" content=\"en_US\" \/>\n<meta property=\"og:type\" content=\"article\" \/>\n<meta property=\"og:title\" content=\"Komuna e Obiliqit ashp\u00ebrson masat ndaj ndotjes, gjoba deri n\u00eb 1 mij\u00eb euro -\" \/>\n<meta property=\"og:description\" content=\"Obiliq, 26 janar 2026 17:38 Kryetari i Komun\u00ebs s\u00eb Obiliqit, Halil Tha\u00e7i, ka njoftuar se sot ka marr\u00eb vendim p\u00ebr ashp\u00ebrsimin e masave ndaj ndotjes\" \/>\n<meta property=\"og:url\" content=\"https:\/\/veritasinfo.org\/?p=29180\" \/>\n<meta property=\"article:published_time\" content=\"2026-01-26T16:40:00+00:00\" \/>\n<meta property=\"og:image\" content=\"https:\/\/veritasinfo.org\/wp-content\/uploads\/2026\/01\/FB_IMG_1769445576359.jpg\" \/>\n\t<meta property=\"og:image:width\" content=\"2048\" \/>\n\t<meta property=\"og:image:height\" content=\"1366\" \/>\n\t<meta property=\"og:image:type\" content=\"image\/jpeg\" \/>\n<meta name=\"author\" content=\"US6\" \/>\n<meta name=\"twitter:card\" content=\"summary_large_image\" \/>\n<meta name=\"twitter:label1\" content=\"Written by\" \/>\n\t<meta name=\"twitter:data1\" content=\"US6\" \/>\n\t<meta name=\"twitter:label2\" content=\"Est. reading time\" \/>\n\t<meta name=\"twitter:data2\" content=\"1 minute\" \/>\n<script type=\"application\/ld+json\" class=\"yoast-schema-graph\">{\"@context\":\"https:\/\/schema.org\",\"@graph\":[{\"@type\":\"WebPage\",\"@id\":\"https:\/\/veritasinfo.org\/?p=29180\",\"url\":\"https:\/\/veritasinfo.org\/?p=29180\",\"name\":\"Komuna e Obiliqit ashp\u00ebrson masat ndaj ndotjes, gjoba deri n\u00eb 1 mij\u00eb euro -\",\"isPartOf\":{\"@id\":\"https:\/\/veritasinfo.org\/#website\"},\"primaryImageOfPage\":{\"@id\":\"https:\/\/veritasinfo.org\/?p=29180#primaryimage\"},\"image\":{\"@id\":\"https:\/\/veritasinfo.org\/?p=29180#primaryimage\"},\"thumbnailUrl\":\"https:\/\/veritasinfo.org\/wp-content\/uploads\/2026\/01\/FB_IMG_1769445576359.jpg\",\"datePublished\":\"2026-01-26T16:40:00+00:00\",\"author\":{\"@id\":\"https:\/\/veritasinfo.org\/#\/schema\/person\/fe199eede04c3937362892b7444747cc\"},\"breadcrumb\":{\"@id\":\"https:\/\/veritasinfo.org\/?p=29180#breadcrumb\"},\"inLanguage\":\"en-US\",\"potentialAction\":[{\"@type\":\"ReadAction\",\"target\":[\"https:\/\/veritasinfo.org\/?p=29180\"]}]},{\"@type\":\"ImageObject\",\"inLanguage\":\"en-US\",\"@id\":\"https:\/\/veritasinfo.org\/?p=29180#primaryimage\",\"url\":\"https:\/\/veritasinfo.org\/wp-content\/uploads\/2026\/01\/FB_IMG_1769445576359.jpg\",\"contentUrl\":\"https:\/\/veritasinfo.org\/wp-content\/uploads\/2026\/01\/FB_IMG_1769445576359.jpg\",\"width\":2048,\"height\":1366},{\"@type\":\"BreadcrumbList\",\"@id\":\"https:\/\/veritasinfo.org\/?p=29180#breadcrumb\",\"itemListElement\":[{\"@type\":\"ListItem\",\"position\":1,\"name\":\"Home\",\"item\":\"https:\/\/veritasinfo.org\/\"},{\"@type\":\"ListItem\",\"position\":2,\"name\":\"Komuna e Obiliqit ashp\u00ebrson masat ndaj ndotjes, gjoba deri n\u00eb 1 mij\u00eb euro\"}]},{\"@type\":\"WebSite\",\"@id\":\"https:\/\/veritasinfo.org\/#website\",\"url\":\"https:\/\/veritasinfo.org\/\",\"name\":\"\",\"description\":\"\",\"potentialAction\":[{\"@type\":\"SearchAction\",\"target\":{\"@type\":\"EntryPoint\",\"urlTemplate\":\"https:\/\/veritasinfo.org\/?s={search_term_string}\"},\"query-input\":{\"@type\":\"PropertyValueSpecification\",\"valueRequired\":true,\"valueName\":\"search_term_string\"}}],\"inLanguage\":\"en-US\"},{\"@type\":\"Person\",\"@id\":\"https:\/\/veritasinfo.org\/#\/schema\/person\/fe199eede04c3937362892b7444747cc\",\"name\":\"US6\",\"image\":{\"@type\":\"ImageObject\",\"inLanguage\":\"en-US\",\"@id\":\"https:\/\/veritasinfo.org\/#\/schema\/person\/image\/\",\"url\":\"https:\/\/secure.gravatar.com\/avatar\/cb16c3c31c9d23b9b8c705964598220b3014e42ff51eb540ff23cefa3ae8c15f?s=96&d=mm&r=g\",\"contentUrl\":\"https:\/\/secure.gravatar.com\/avatar\/cb16c3c31c9d23b9b8c705964598220b3014e42ff51eb540ff23cefa3ae8c15f?s=96&d=mm&r=g\",\"caption\":\"US6\"},\"url\":\"https:\/\/veritasinfo.org\/?author=7\"}]}<\/script>\n<!-- \/ Yoast SEO plugin. -->","yoast_head_json":{"title":"Komuna e Obiliqit ashp\u00ebrson masat ndaj ndotjes, gjoba deri n\u00eb 1 mij\u00eb euro -","robots":{"index":"index","follow":"follow","max-snippet":"max-snippet:-1","max-image-preview":"max-image-preview:large","max-video-preview":"max-video-preview:-1"},"canonical":"https:\/\/veritasinfo.org\/?p=29180","og_locale":"en_US","og_type":"article","og_title":"Komuna e Obiliqit ashp\u00ebrson masat ndaj ndotjes, gjoba deri n\u00eb 1 mij\u00eb euro -","og_description":"Obiliq, 26 janar 2026 17:38 Kryetari i Komun\u00ebs s\u00eb Obiliqit, Halil Tha\u00e7i, ka njoftuar se sot ka marr\u00eb vendim p\u00ebr ashp\u00ebrsimin e masave ndaj ndotjes","og_url":"https:\/\/veritasinfo.org\/?p=29180","article_published_time":"2026-01-26T16:40:00+00:00","og_image":[{"width":2048,"height":1366,"url":"https:\/\/veritasinfo.org\/wp-content\/uploads\/2026\/01\/FB_IMG_1769445576359.jpg","type":"image\/jpeg"}],"author":"US6","twitter_card":"summary_large_image","twitter_misc":{"Written by":"US6","Est. reading time":"1 minute"},"schema":{"@context":"https:\/\/schema.org","@graph":[{"@type":"WebPage","@id":"https:\/\/veritasinfo.org\/?p=29180","url":"https:\/\/veritasinfo.org\/?p=29180","name":"Komuna e Obiliqit ashp\u00ebrson masat ndaj ndotjes, gjoba deri n\u00eb 1 mij\u00eb euro -","isPartOf":{"@id":"https:\/\/veritasinfo.org\/#website"},"primaryImageOfPage":{"@id":"https:\/\/veritasinfo.org\/?p=29180#primaryimage"},"image":{"@id":"https:\/\/veritasinfo.org\/?p=29180#primaryimage"},"thumbnailUrl":"https:\/\/veritasinfo.org\/wp-content\/uploads\/2026\/01\/FB_IMG_1769445576359.jpg","datePublished":"2026-01-26T16:40:00+00:00","author":{"@id":"https:\/\/veritasinfo.org\/#\/schema\/person\/fe199eede04c3937362892b7444747cc"},"breadcrumb":{"@id":"https:\/\/veritasinfo.org\/?p=29180#breadcrumb"},"inLanguage":"en-US","potentialAction":[{"@type":"ReadAction","target":["https:\/\/veritasinfo.org\/?p=29180"]}]},{"@type":"ImageObject","inLanguage":"en-US","@id":"https:\/\/veritasinfo.org\/?p=29180#primaryimage","url":"https:\/\/veritasinfo.org\/wp-content\/uploads\/2026\/01\/FB_IMG_1769445576359.jpg","contentUrl":"https:\/\/veritasinfo.org\/wp-content\/uploads\/2026\/01\/FB_IMG_1769445576359.jpg","width":2048,"height":1366},{"@type":"BreadcrumbList","@id":"https:\/\/veritasinfo.org\/?p=29180#breadcrumb","itemListElement":[{"@type":"ListItem","position":1,"name":"Home","item":"https:\/\/veritasinfo.org\/"},{"@type":"ListItem","position":2,"name":"Komuna e Obiliqit ashp\u00ebrson masat ndaj ndotjes, gjoba deri n\u00eb 1 mij\u00eb euro"}]},{"@type":"WebSite","@id":"https:\/\/veritasinfo.org\/#website","url":"https:\/\/veritasinfo.org\/","name":"","description":"","potentialAction":[{"@type":"SearchAction","target":{"@type":"EntryPoint","urlTemplate":"https:\/\/veritasinfo.org\/?s={search_term_string}"},"query-input":{"@type":"PropertyValueSpecification","valueRequired":true,"valueName":"search_term_string"}}],"inLanguage":"en-US"},{"@type":"Person","@id":"https:\/\/veritasinfo.org\/#\/schema\/person\/fe199eede04c3937362892b7444747cc","name":"US6","image":{"@type":"ImageObject","inLanguage":"en-US","@id":"https:\/\/veritasinfo.org\/#\/schema\/person\/image\/","url":"https:\/\/secure.gravatar.com\/avatar\/cb16c3c31c9d23b9b8c705964598220b3014e42ff51eb540ff23cefa3ae8c15f?s=96&d=mm&r=g","contentUrl":"https:\/\/secure.gravatar.com\/avatar\/cb16c3c31c9d23b9b8c705964598220b3014e42ff51eb540ff23cefa3ae8c15f?s=96&d=mm&r=g","caption":"US6"},"url":"https:\/\/veritasinfo.org\/?author=7"}]}},"featured_image_urls":{"full":["https:\/\/veritasinfo.org\/wp-content\/uploads\/2026\/01\/FB_IMG_1769445576359.jpg",2048,1366,false],"thumbnail":["https:\/\/veritasinfo.org\/wp-content\/uploads\/2026\/01\/FB_IMG_1769445576359-150x150.jpg",150,150,true],"medium":["https:\/\/veritasinfo.org\/wp-content\/uploads\/2026\/01\/FB_IMG_1769445576359-300x200.jpg",300,200,true],"medium_large":["https:\/\/veritasinfo.org\/wp-content\/uploads\/2026\/01\/FB_IMG_1769445576359-768x512.jpg",640,427,true],"large":["https:\/\/veritasinfo.org\/wp-content\/uploads\/2026\/01\/FB_IMG_1769445576359-1024x683.jpg",640,427,true],"1536x1536":["https:\/\/veritasinfo.org\/wp-content\/uploads\/2026\/01\/FB_IMG_1769445576359-1536x1025.jpg",1536,1025,true],"2048x2048":["https:\/\/veritasinfo.org\/wp-content\/uploads\/2026\/01\/FB_IMG_1769445576359.jpg",2048,1366,false],"kreeti-slider-full":["https:\/\/veritasinfo.org\/wp-content\/uploads\/2026\/01\/FB_IMG_1769445576359.jpg",1079,720,false],"kreeti-featured":["https:\/\/veritasinfo.org\/wp-content\/uploads\/2026\/01\/FB_IMG_1769445576359.jpg",1024,683,false],"kreeti-medium":["https:\/\/veritasinfo.org\/wp-content\/uploads\/2026\/01\/FB_IMG_1769445576359.jpg",720,480,false],"kreeti-medium-square":["https:\/\/veritasinfo.org\/wp-content\/uploads\/2026\/01\/FB_IMG_1769445576359.jpg",350,233,false]},"author_info":{"info":["US6"]},"category_info":"<a href=\"https:\/\/veritasinfo.org\/?cat=52\" rel=\"category\">Komunat<\/a>","tag_info":"Komunat","comment_count":"0","_links":{"self":[{"href":"https:\/\/veritasinfo.org\/index.php?rest_route=\/wp\/v2\/posts\/29180","targetHints":{"allow":["GET"]}}],"collection":[{"href":"https:\/\/veritasinfo.org\/index.php?rest_route=\/wp\/v2\/posts"}],"about":[{"href":"https:\/\/veritasinfo.org\/index.php?rest_route=\/wp\/v2\/types\/post"}],"author":[{"embeddable":true,"href":"https:\/\/veritasinfo.org\/index.php?rest_route=\/wp\/v2\/users\/7"}],"replies":[{"embeddable":true,"href":"https:\/\/veritasinfo.org\/index.php?rest_route=%2Fwp%2Fv2%2Fcomments&post=29180"}],"version-history":[{"count":1,"href":"https:\/\/veritasinfo.org\/index.php?rest_route=\/wp\/v2\/posts\/29180\/revisions"}],"predecessor-version":[{"id":29182,"href":"https:\/\/veritasinfo.org\/index.php?rest_route=\/wp\/v2\/posts\/29180\/revisions\/29182"}],"wp:featuredmedia":[{"embeddable":true,"href":"https:\/\/veritasinfo.org\/index.php?rest_route=\/wp\/v2\/media\/29181"}],"wp:attachment":[{"href":"https:\/\/veritasinfo.org\/index.php?rest_route=%2Fwp%2Fv2%2Fmedia&parent=29180"}],"wp:term":[{"taxonomy":"category","embeddable":true,"href":"https:\/\/veritasinfo.org\/index.php?rest_route=%2Fwp%2Fv2%2Fcategories&post=29180"},{"taxonomy":"post_tag","embeddable":true,"href":"https:\/\/veritasinfo.org\/index.php?rest_route=%2Fwp%2Fv2%2Ftags&post=29180"}],"curies":[{"name":"wp","href":"https:\/\/api.w.org\/{rel}","templated":true}]}}