{"id":2918,"date":"2025-07-08T09:44:14","date_gmt":"2025-07-08T07:44:14","guid":{"rendered":"https:\/\/veritasinfo.org\/?p=2918"},"modified":"2025-07-08T09:44:14","modified_gmt":"2025-07-08T07:44:14","slug":"vdes-nje-person-ne-nje-aksident-trafiku-ne-duhel","status":"publish","type":"post","link":"https:\/\/veritasinfo.org\/?p=2918","title":{"rendered":"Vdes nj\u00eb person n\u00eb nj\u00eb aksident trafiku n\u00eb Duh\u00ebl"},"content":{"rendered":"<p>Prizren, 08 Korrik 2025<\/p>\n<div class=\"post-meta\">\n<div id=\"shareIcons\" class=\"jssocials\">\n<div class=\"jssocials-shares\">\n<div class=\"jssocials-share jssocials-share-linkedin\">Nj\u00eb grua ka humbur jet\u00ebn n\u00eb nj\u00eb aksident trafiku n\u00eb Qaf\u00eb t\u00eb Duhl\u00ebs n\u00eb magjistralen Suharek\u00eb-Shtime t\u00eb mart\u00ebn n\u00eb m\u00ebngjes. Sipas policis\u00eb, moto\u00e7ikleta n\u00eb t\u00eb cil\u00ebn gruaja ishte pasagjere, humbi kontrollin pasi nj\u00eb qen endacak i doli n\u00eb rrug\u00eb.<\/p>\n<p>N\u00eb njoftimin e policis\u00eb thuhet:<\/p><\/div>\n<div>\n<div class=\"xdj266r x14z9mp xat24cr x1lziwak x1vvkbs x126k92a\">\n<div dir=\"auto\">Aksident trafiku me pasoj\u00eb vdekjen<\/div>\n<\/div>\n<div class=\"x14z9mp xat24cr x1lziwak x1vvkbs xtlvy1s x126k92a\">\n<div dir=\"auto\"><\/div>\n<\/div>\n<div class=\"x14z9mp xat24cr x1lziwak x1vvkbs xtlvy1s x126k92a\">\n<div dir=\"auto\">Sot rreth or\u00ebs 06:57 Policia e Kosov\u00ebs ka pranuar informat\u00ebn se n\u00eb magjistralen Suharek\u00eb \u2013 Shtime, tek vendi i quajtur Qafa e Duhl\u00ebs ka ndodhur nj\u00eb aksident trafiku ku \u00ebsht\u00eb i p\u00ebrfshir\u00eb nj\u00eb moto\u00e7iklet\u00eb. Sipas informacioneve fillestare nj\u00eb \u00e7ift shtetas Maqedonas (A.S. 1979 &#8211; mashkull dhe D.M. 1985 \u2013 fem\u00ebr), deri sa ishin duke udh\u00ebtuar me nj\u00eb moto\u00e7iklet\u00eb nga qyteti i Shtim\u00ebs n\u00eb drejtim t\u00eb qytetit t\u00eb Suharek\u00ebs, tek vendi i quajtur Qafa e Duhles nj\u00eb qen\u00eb endacak u del n\u00eb rrug\u00eb, me \u00e7\u2019rast drejtuesi i motorit ka humb kontrollin e motorit dhe jan\u00eb p\u00ebrplasur. Si pasoj e p\u00ebrplasjes s\u00eb motorit, pasagjerja D.M. 1985 (fem\u00ebr) ka mbetur e vdekur n\u00eb vendin e ngjarjes deri sa drejtuesi i motorit A.S. 1979 ka mbetur i l\u00ebnduar.<\/div>\n<div dir=\"auto\">Policia e Kosov\u00ebs s\u00eb bashku me Emergjenc\u00ebn me t\u00eb pranuar informacionin ka dal n\u00eb vendin e ngjarjes, ku mjeku ka konfirmuar vdekjen e viktim\u00ebs deri sa i \u00ebsht\u00eb dh\u00ebn\u00eb ndihma mjek\u00ebsore t\u00eb l\u00ebnduarit.<\/div>\n<div dir=\"auto\">T\u00eb gjitha veprimet policore jan\u00eb duke u nd\u00ebrmarr konform procedurave at\u00eb parapara me ligj.<\/div>\n<div dir=\"auto\">Prokurori i shtetit \u00ebsht\u00eb informuar lidhur me rastin. Me vendim t\u00eb Prokurorit, trupi i pajet\u00eb i viktim\u00ebs d\u00ebrgohet n\u00eb Institutin e Mjek\u00ebsis\u00eb Ligjore p\u00ebr autopsi.<\/div>\n<div dir=\"auto\">Hetimet lidhur me rastin jan\u00eb duke vazhduar.<\/div>\n<div dir=\"auto\">Magjistralja Suharek\u00eb \u2013 Shtime \u00ebsht\u00eb e qarkullueshme p\u00ebr l\u00ebvizjen e qytetar\u00ebve.<\/div>\n<\/div>\n<\/div>\n<\/div>\n<\/div>\n<\/div>\n","protected":false},"excerpt":{"rendered":"<p>Prizren, 08 Korrik 2025 Nj\u00eb grua ka humbur jet\u00ebn n\u00eb nj\u00eb aksident trafiku n\u00eb Qaf\u00eb t\u00eb Duhl\u00ebs n\u00eb magjistralen Suharek\u00eb-Shtime t\u00eb mart\u00ebn n\u00eb m\u00ebngjes. Sipas<\/p>\n","protected":false},"author":1,"featured_media":2920,"comment_status":"open","ping_status":"open","sticky":false,"template":"","format":"standard","meta":{"footnotes":""},"categories":[60],"tags":[],"class_list":["post-2918","post","type-post","status-publish","format-standard","has-post-thumbnail","hentry","category-shoqerore-sq"],"yoast_head":"<!-- This site is optimized with the Yoast SEO plugin v25.3.1 - https:\/\/yoast.com\/wordpress\/plugins\/seo\/ -->\n<title>Vdes nj\u00eb person n\u00eb nj\u00eb aksident trafiku n\u00eb Duh\u00ebl -<\/title>\n<meta name=\"robots\" content=\"index, follow, max-snippet:-1, max-image-preview:large, max-video-preview:-1\" \/>\n<link rel=\"canonical\" href=\"https:\/\/veritasinfo.org\/?p=2918\" \/>\n<meta property=\"og:locale\" content=\"en_US\" \/>\n<meta property=\"og:type\" content=\"article\" \/>\n<meta property=\"og:title\" content=\"Vdes nj\u00eb person n\u00eb nj\u00eb aksident trafiku n\u00eb Duh\u00ebl -\" \/>\n<meta property=\"og:description\" content=\"Prizren, 08 Korrik 2025 Nj\u00eb grua ka humbur jet\u00ebn n\u00eb nj\u00eb aksident trafiku n\u00eb Qaf\u00eb t\u00eb Duhl\u00ebs n\u00eb magjistralen Suharek\u00eb-Shtime t\u00eb mart\u00ebn n\u00eb m\u00ebngjes. Sipas\" \/>\n<meta property=\"og:url\" content=\"https:\/\/veritasinfo.org\/?p=2918\" \/>\n<meta property=\"article:published_time\" content=\"2025-07-08T07:44:14+00:00\" \/>\n<meta property=\"og:image\" content=\"https:\/\/veritasinfo.org\/wp-content\/uploads\/2025\/07\/IMG_0884.webp\" \/>\n\t<meta property=\"og:image:width\" content=\"860\" \/>\n\t<meta property=\"og:image:height\" content=\"550\" \/>\n\t<meta property=\"og:image:type\" content=\"image\/webp\" \/>\n<meta name=\"author\" content=\"admin\" \/>\n<meta name=\"twitter:card\" content=\"summary_large_image\" \/>\n<meta name=\"twitter:label1\" content=\"Written by\" \/>\n\t<meta name=\"twitter:data1\" content=\"admin\" \/>\n\t<meta name=\"twitter:label2\" content=\"Est. reading time\" \/>\n\t<meta name=\"twitter:data2\" content=\"2 minutes\" \/>\n<script type=\"application\/ld+json\" class=\"yoast-schema-graph\">{\"@context\":\"https:\/\/schema.org\",\"@graph\":[{\"@type\":\"WebPage\",\"@id\":\"https:\/\/veritasinfo.org\/?p=2918\",\"url\":\"https:\/\/veritasinfo.org\/?p=2918\",\"name\":\"Vdes nj\u00eb person n\u00eb nj\u00eb aksident trafiku n\u00eb Duh\u00ebl -\",\"isPartOf\":{\"@id\":\"https:\/\/veritasinfo.org\/#website\"},\"primaryImageOfPage\":{\"@id\":\"https:\/\/veritasinfo.org\/?p=2918#primaryimage\"},\"image\":{\"@id\":\"https:\/\/veritasinfo.org\/?p=2918#primaryimage\"},\"thumbnailUrl\":\"https:\/\/veritasinfo.org\/wp-content\/uploads\/2025\/07\/IMG_0884.webp\",\"datePublished\":\"2025-07-08T07:44:14+00:00\",\"author\":{\"@id\":\"https:\/\/veritasinfo.org\/#\/schema\/person\/7701f8c088bece422266b100a712374f\"},\"breadcrumb\":{\"@id\":\"https:\/\/veritasinfo.org\/?p=2918#breadcrumb\"},\"inLanguage\":\"en-US\",\"potentialAction\":[{\"@type\":\"ReadAction\",\"target\":[\"https:\/\/veritasinfo.org\/?p=2918\"]}]},{\"@type\":\"ImageObject\",\"inLanguage\":\"en-US\",\"@id\":\"https:\/\/veritasinfo.org\/?p=2918#primaryimage\",\"url\":\"https:\/\/veritasinfo.org\/wp-content\/uploads\/2025\/07\/IMG_0884.webp\",\"contentUrl\":\"https:\/\/veritasinfo.org\/wp-content\/uploads\/2025\/07\/IMG_0884.webp\",\"width\":860,\"height\":550},{\"@type\":\"BreadcrumbList\",\"@id\":\"https:\/\/veritasinfo.org\/?p=2918#breadcrumb\",\"itemListElement\":[{\"@type\":\"ListItem\",\"position\":1,\"name\":\"Home\",\"item\":\"https:\/\/veritasinfo.org\/\"},{\"@type\":\"ListItem\",\"position\":2,\"name\":\"Vdes nj\u00eb person n\u00eb nj\u00eb aksident trafiku n\u00eb Duh\u00ebl\"}]},{\"@type\":\"WebSite\",\"@id\":\"https:\/\/veritasinfo.org\/#website\",\"url\":\"https:\/\/veritasinfo.org\/\",\"name\":\"\",\"description\":\"\",\"potentialAction\":[{\"@type\":\"SearchAction\",\"target\":{\"@type\":\"EntryPoint\",\"urlTemplate\":\"https:\/\/veritasinfo.org\/?s={search_term_string}\"},\"query-input\":{\"@type\":\"PropertyValueSpecification\",\"valueRequired\":true,\"valueName\":\"search_term_string\"}}],\"inLanguage\":\"en-US\"},{\"@type\":\"Person\",\"@id\":\"https:\/\/veritasinfo.org\/#\/schema\/person\/7701f8c088bece422266b100a712374f\",\"name\":\"admin\",\"image\":{\"@type\":\"ImageObject\",\"inLanguage\":\"en-US\",\"@id\":\"https:\/\/veritasinfo.org\/#\/schema\/person\/image\/\",\"url\":\"https:\/\/secure.gravatar.com\/avatar\/ea53aa3bf6c9a12d5fde8ce4deff43fef3885ae33cf60184161a50d6987cfd2f?s=96&d=mm&r=g\",\"contentUrl\":\"https:\/\/secure.gravatar.com\/avatar\/ea53aa3bf6c9a12d5fde8ce4deff43fef3885ae33cf60184161a50d6987cfd2f?s=96&d=mm&r=g\",\"caption\":\"admin\"},\"sameAs\":[\"https:\/\/veritasinfo.org\"],\"url\":\"https:\/\/veritasinfo.org\/?author=1\"}]}<\/script>\n<!-- \/ Yoast SEO plugin. -->","yoast_head_json":{"title":"Vdes nj\u00eb person n\u00eb nj\u00eb aksident trafiku n\u00eb Duh\u00ebl -","robots":{"index":"index","follow":"follow","max-snippet":"max-snippet:-1","max-image-preview":"max-image-preview:large","max-video-preview":"max-video-preview:-1"},"canonical":"https:\/\/veritasinfo.org\/?p=2918","og_locale":"en_US","og_type":"article","og_title":"Vdes nj\u00eb person n\u00eb nj\u00eb aksident trafiku n\u00eb Duh\u00ebl -","og_description":"Prizren, 08 Korrik 2025 Nj\u00eb grua ka humbur jet\u00ebn n\u00eb nj\u00eb aksident trafiku n\u00eb Qaf\u00eb t\u00eb Duhl\u00ebs n\u00eb magjistralen Suharek\u00eb-Shtime t\u00eb mart\u00ebn n\u00eb m\u00ebngjes. Sipas","og_url":"https:\/\/veritasinfo.org\/?p=2918","article_published_time":"2025-07-08T07:44:14+00:00","og_image":[{"width":860,"height":550,"url":"https:\/\/veritasinfo.org\/wp-content\/uploads\/2025\/07\/IMG_0884.webp","type":"image\/webp"}],"author":"admin","twitter_card":"summary_large_image","twitter_misc":{"Written by":"admin","Est. reading time":"2 minutes"},"schema":{"@context":"https:\/\/schema.org","@graph":[{"@type":"WebPage","@id":"https:\/\/veritasinfo.org\/?p=2918","url":"https:\/\/veritasinfo.org\/?p=2918","name":"Vdes nj\u00eb person n\u00eb nj\u00eb aksident trafiku n\u00eb Duh\u00ebl -","isPartOf":{"@id":"https:\/\/veritasinfo.org\/#website"},"primaryImageOfPage":{"@id":"https:\/\/veritasinfo.org\/?p=2918#primaryimage"},"image":{"@id":"https:\/\/veritasinfo.org\/?p=2918#primaryimage"},"thumbnailUrl":"https:\/\/veritasinfo.org\/wp-content\/uploads\/2025\/07\/IMG_0884.webp","datePublished":"2025-07-08T07:44:14+00:00","author":{"@id":"https:\/\/veritasinfo.org\/#\/schema\/person\/7701f8c088bece422266b100a712374f"},"breadcrumb":{"@id":"https:\/\/veritasinfo.org\/?p=2918#breadcrumb"},"inLanguage":"en-US","potentialAction":[{"@type":"ReadAction","target":["https:\/\/veritasinfo.org\/?p=2918"]}]},{"@type":"ImageObject","inLanguage":"en-US","@id":"https:\/\/veritasinfo.org\/?p=2918#primaryimage","url":"https:\/\/veritasinfo.org\/wp-content\/uploads\/2025\/07\/IMG_0884.webp","contentUrl":"https:\/\/veritasinfo.org\/wp-content\/uploads\/2025\/07\/IMG_0884.webp","width":860,"height":550},{"@type":"BreadcrumbList","@id":"https:\/\/veritasinfo.org\/?p=2918#breadcrumb","itemListElement":[{"@type":"ListItem","position":1,"name":"Home","item":"https:\/\/veritasinfo.org\/"},{"@type":"ListItem","position":2,"name":"Vdes nj\u00eb person n\u00eb nj\u00eb aksident trafiku n\u00eb Duh\u00ebl"}]},{"@type":"WebSite","@id":"https:\/\/veritasinfo.org\/#website","url":"https:\/\/veritasinfo.org\/","name":"","description":"","potentialAction":[{"@type":"SearchAction","target":{"@type":"EntryPoint","urlTemplate":"https:\/\/veritasinfo.org\/?s={search_term_string}"},"query-input":{"@type":"PropertyValueSpecification","valueRequired":true,"valueName":"search_term_string"}}],"inLanguage":"en-US"},{"@type":"Person","@id":"https:\/\/veritasinfo.org\/#\/schema\/person\/7701f8c088bece422266b100a712374f","name":"admin","image":{"@type":"ImageObject","inLanguage":"en-US","@id":"https:\/\/veritasinfo.org\/#\/schema\/person\/image\/","url":"https:\/\/secure.gravatar.com\/avatar\/ea53aa3bf6c9a12d5fde8ce4deff43fef3885ae33cf60184161a50d6987cfd2f?s=96&d=mm&r=g","contentUrl":"https:\/\/secure.gravatar.com\/avatar\/ea53aa3bf6c9a12d5fde8ce4deff43fef3885ae33cf60184161a50d6987cfd2f?s=96&d=mm&r=g","caption":"admin"},"sameAs":["https:\/\/veritasinfo.org"],"url":"https:\/\/veritasinfo.org\/?author=1"}]}},"featured_image_urls":{"full":["https:\/\/veritasinfo.org\/wp-content\/uploads\/2025\/07\/IMG_0884.webp",860,550,false],"thumbnail":["https:\/\/veritasinfo.org\/wp-content\/uploads\/2025\/07\/IMG_0884-150x150.webp",150,150,true],"medium":["https:\/\/veritasinfo.org\/wp-content\/uploads\/2025\/07\/IMG_0884-300x192.webp",300,192,true],"medium_large":["https:\/\/veritasinfo.org\/wp-content\/uploads\/2025\/07\/IMG_0884-768x491.webp",640,409,true],"large":["https:\/\/veritasinfo.org\/wp-content\/uploads\/2025\/07\/IMG_0884.webp",640,409,false],"1536x1536":["https:\/\/veritasinfo.org\/wp-content\/uploads\/2025\/07\/IMG_0884.webp",860,550,false],"2048x2048":["https:\/\/veritasinfo.org\/wp-content\/uploads\/2025\/07\/IMG_0884.webp",860,550,false],"kreeti-slider-full":["https:\/\/veritasinfo.org\/wp-content\/uploads\/2025\/07\/IMG_0884.webp",860,550,false],"kreeti-featured":["https:\/\/veritasinfo.org\/wp-content\/uploads\/2025\/07\/IMG_0884.webp",860,550,false],"kreeti-medium":["https:\/\/veritasinfo.org\/wp-content\/uploads\/2025\/07\/IMG_0884.webp",720,460,false],"kreeti-medium-square":["https:\/\/veritasinfo.org\/wp-content\/uploads\/2025\/07\/IMG_0884.webp",350,224,false]},"author_info":{"info":["admin"]},"category_info":"<a href=\"https:\/\/veritasinfo.org\/?cat=60\" rel=\"category\">Shoq\u00ebrore<\/a>","tag_info":"Shoq\u00ebrore","comment_count":"0","_links":{"self":[{"href":"https:\/\/veritasinfo.org\/index.php?rest_route=\/wp\/v2\/posts\/2918","targetHints":{"allow":["GET"]}}],"collection":[{"href":"https:\/\/veritasinfo.org\/index.php?rest_route=\/wp\/v2\/posts"}],"about":[{"href":"https:\/\/veritasinfo.org\/index.php?rest_route=\/wp\/v2\/types\/post"}],"author":[{"embeddable":true,"href":"https:\/\/veritasinfo.org\/index.php?rest_route=\/wp\/v2\/users\/1"}],"replies":[{"embeddable":true,"href":"https:\/\/veritasinfo.org\/index.php?rest_route=%2Fwp%2Fv2%2Fcomments&post=2918"}],"version-history":[{"count":1,"href":"https:\/\/veritasinfo.org\/index.php?rest_route=\/wp\/v2\/posts\/2918\/revisions"}],"predecessor-version":[{"id":2921,"href":"https:\/\/veritasinfo.org\/index.php?rest_route=\/wp\/v2\/posts\/2918\/revisions\/2921"}],"wp:featuredmedia":[{"embeddable":true,"href":"https:\/\/veritasinfo.org\/index.php?rest_route=\/wp\/v2\/media\/2920"}],"wp:attachment":[{"href":"https:\/\/veritasinfo.org\/index.php?rest_route=%2Fwp%2Fv2%2Fmedia&parent=2918"}],"wp:term":[{"taxonomy":"category","embeddable":true,"href":"https:\/\/veritasinfo.org\/index.php?rest_route=%2Fwp%2Fv2%2Fcategories&post=2918"},{"taxonomy":"post_tag","embeddable":true,"href":"https:\/\/veritasinfo.org\/index.php?rest_route=%2Fwp%2Fv2%2Ftags&post=2918"}],"curies":[{"name":"wp","href":"https:\/\/api.w.org\/{rel}","templated":true}]}}