{"id":29165,"date":"2026-01-26T13:46:01","date_gmt":"2026-01-26T12:46:01","guid":{"rendered":"https:\/\/veritasinfo.org\/?p=29165"},"modified":"2026-01-26T13:46:01","modified_gmt":"2026-01-26T12:46:01","slug":"kiana-i-drini-predstavljaju-kosovo-na-milano-kortina-2026","status":"publish","type":"post","link":"https:\/\/veritasinfo.org\/?p=29165&lang=sr","title":{"rendered":"Kiana i Drini predstavljaju Kosovo na Milano-Kortina 2026"},"content":{"rendered":"<p>Pri\u0161tina, 26. januar 2026. 13:46<\/p>\n<p>Kosovo se priprema za Zimske olimpijske igre Milano-Kortina 2026. godine, koje c\u0301e se odr\u017eati od 6. do 22. februara, slanjem malog, ali ambicioznog tima koji c\u0301e predstavljati zemlju u alpskim disciplinama i postic\u0301i bolje rezultate nego na prethodnim izdanjima.<\/p>\n<p>Predsednik Kosovskog olimpijskog komiteta, Ismet Krasnic\u0301i, na konferenciji za novinare istakao je posvec\u0301enost institucija i podr\u0161ku sportistima.<\/p>\n<p>\u201eOve zimske igre su veoma va\u017ene za Kosovski olimpijski komitet i za sve na\u0161e sportiste. Kao \u0161to znate, Kosovo predstavljaju dva sportiste. Dakle, Kiana Krjeziu, koja nas predstavlja u tri alpske discipline, i Drini, koji je zajedno sa svojim trenerom Agimom Popo\u010dijem i Kianinim trenerom Visarom Krjeziuom. Svih ovih godina smo se trudili zajedno sa Skija\u0161kim savezom da podr\u017eimo na\u0161e sportiste olimpijskim stipendijama, kao i trening kampovima, koji znamo da nisu nimalo laki\u201c, naglasio je on.<\/p>\n<p>Predsednik Skija\u0161kog saveza, Milaim Keljmendi, govorio je o intenzivnim pripremama i iskustvu sportista.<\/p>\n<p>\u201eNikada u istoriji skijanja nisu bili spremniji nego sada kada idu na Olimpijske igre u Kortini. Zato takmi\u010darima \u017eelim puno uspeha u prvom kolu i o\u010dekujem bolji rezultat nego u ostalim kolima. Znajuc\u0301i da imaju mnogo dana treninga na snegu, a podr\u0161ka nikada nije nedostajala. Zato o\u010dekujem najbolje moguc\u0301e rezultate na predstojec\u0301im Olimpijskim igrama\u201c, rekao je.<\/p>\n<p>Sa iskustvom sa Pekinga 2022, Kijana Krieziju je izrazila ambiciju za nastup u tri alpske discipline.<\/p>\n<p>\u201eManje-vi\u0161e, ovo je nastavak moje karijere. Provela sam 17 godina u Pekingu i takmi\u010dila sam se samo u jednoj disciplini, veleslalomu. Sada, posle \u010detiri godine, mnogo rada i mnogo posvec\u0301enosti, omoguc\u0301ila sam sebi da se takmi\u010dim sa rezultatima u tri discipline. Sve je rezultat rada i posvec\u0301enosti i stalne podr\u0161ke. O\u010dekujem dobre rezultate od sebe, o\u010dekujem mnogo bolji nastup nego pro\u0161log puta i dostojanstvenije predstavljanje zemlje\u201c, izjavila je.<\/p>\n<p>Drin Kokaj, koji debituje na Zimskim olimpijskim igrama, pokazao je izazove kvalifikacija i odlu\u010dnost da da sve od sebe za Kosovo.<\/p>\n<p>\u201eZa mene su Olimpijske igre Milano-Kortina prvi put da predstavljam Kosovo na najvec\u0301em svetskom doga\u0111aju. Ove Olimpijske igre su bile te\u017ee, jer je kvalifikacija za Olimpijske igre bila te\u017ea nego na prethodnim Olimpijskim igrama od strane Me\u0111unarodne federacije da bi se postigla norma. To jest, mere su bile stro\u017ee i morali smo da doka\u017eemo nivo na koji smo sposobni za te Olimpijske igre. Tako sam to dokazao i nadam se da c\u0301e reprezentacija biti na najboljem moguc\u0301em svetskom nivou\u201c, naglasio je on.<\/p>\n<p>Ovaj mali, ali posvec\u0301en tim ima za cilj da pru\u017ei dostojanstven nastup i podigne nivo Kosova u olimpijskom skijanju.<\/p>\n","protected":false},"excerpt":{"rendered":"<p>Pri\u0161tina, 26. januar 2026. 13:46 Kosovo se priprema za Zimske olimpijske igre Milano-Kortina 2026. godine, koje c\u0301e se odr\u017eati od 6. do 22. februara, slanjem<\/p>\n","protected":false},"author":6,"featured_media":29163,"comment_status":"open","ping_status":"open","sticky":false,"template":"","format":"standard","meta":{"footnotes":""},"categories":[36],"tags":[],"class_list":["post-29165","post","type-post","status-publish","format-standard","has-post-thumbnail","hentry","category-sport-sr"],"yoast_head":"<!-- This site is optimized with the Yoast SEO plugin v25.3.1 - https:\/\/yoast.com\/wordpress\/plugins\/seo\/ -->\n<title>Kiana i Drini predstavljaju Kosovo na Milano-Kortina 2026 -<\/title>\n<meta name=\"robots\" content=\"index, follow, max-snippet:-1, max-image-preview:large, max-video-preview:-1\" \/>\n<link rel=\"canonical\" href=\"https:\/\/veritasinfo.org\/?p=29165&lang=sr\" \/>\n<meta property=\"og:locale\" content=\"en_US\" \/>\n<meta property=\"og:type\" content=\"article\" \/>\n<meta property=\"og:title\" content=\"Kiana i Drini predstavljaju Kosovo na Milano-Kortina 2026 -\" \/>\n<meta property=\"og:description\" content=\"Pri\u0161tina, 26. januar 2026. 13:46 Kosovo se priprema za Zimske olimpijske igre Milano-Kortina 2026. godine, koje c\u0301e se odr\u017eati od 6. do 22. februara, slanjem\" \/>\n<meta property=\"og:url\" content=\"https:\/\/veritasinfo.org\/?p=29165&amp;lang=sr\" \/>\n<meta property=\"article:published_time\" content=\"2026-01-26T12:46:01+00:00\" \/>\n<meta property=\"og:image\" content=\"https:\/\/veritasinfo.org\/wp-content\/uploads\/2026\/01\/715358-SPEcUG7gqL.jpg\" \/>\n\t<meta property=\"og:image:width\" content=\"780\" \/>\n\t<meta property=\"og:image:height\" content=\"500\" \/>\n\t<meta property=\"og:image:type\" content=\"image\/jpeg\" \/>\n<meta name=\"author\" content=\"US5\" \/>\n<meta name=\"twitter:card\" content=\"summary_large_image\" \/>\n<meta name=\"twitter:label1\" content=\"Written by\" \/>\n\t<meta name=\"twitter:data1\" content=\"US5\" \/>\n<script type=\"application\/ld+json\" class=\"yoast-schema-graph\">{\"@context\":\"https:\/\/schema.org\",\"@graph\":[{\"@type\":\"WebPage\",\"@id\":\"https:\/\/veritasinfo.org\/?p=29165&lang=sr\",\"url\":\"https:\/\/veritasinfo.org\/?p=29165&lang=sr\",\"name\":\"Kiana i Drini predstavljaju Kosovo na Milano-Kortina 2026 -\",\"isPartOf\":{\"@id\":\"https:\/\/veritasinfo.org\/#website\"},\"primaryImageOfPage\":{\"@id\":\"https:\/\/veritasinfo.org\/?p=29165&lang=sr#primaryimage\"},\"image\":{\"@id\":\"https:\/\/veritasinfo.org\/?p=29165&lang=sr#primaryimage\"},\"thumbnailUrl\":\"https:\/\/veritasinfo.org\/wp-content\/uploads\/2026\/01\/715358-SPEcUG7gqL.jpg\",\"datePublished\":\"2026-01-26T12:46:01+00:00\",\"author\":{\"@id\":\"https:\/\/veritasinfo.org\/#\/schema\/person\/bc442336e35414d04494ab8fb45db4c6\"},\"breadcrumb\":{\"@id\":\"https:\/\/veritasinfo.org\/?p=29165&lang=sr#breadcrumb\"},\"inLanguage\":\"en-US\",\"potentialAction\":[{\"@type\":\"ReadAction\",\"target\":[\"https:\/\/veritasinfo.org\/?p=29165&lang=sr\"]}]},{\"@type\":\"ImageObject\",\"inLanguage\":\"en-US\",\"@id\":\"https:\/\/veritasinfo.org\/?p=29165&lang=sr#primaryimage\",\"url\":\"https:\/\/veritasinfo.org\/wp-content\/uploads\/2026\/01\/715358-SPEcUG7gqL.jpg\",\"contentUrl\":\"https:\/\/veritasinfo.org\/wp-content\/uploads\/2026\/01\/715358-SPEcUG7gqL.jpg\",\"width\":780,\"height\":500},{\"@type\":\"BreadcrumbList\",\"@id\":\"https:\/\/veritasinfo.org\/?p=29165&lang=sr#breadcrumb\",\"itemListElement\":[{\"@type\":\"ListItem\",\"position\":1,\"name\":\"Home\",\"item\":\"https:\/\/veritasinfo.org\/\"},{\"@type\":\"ListItem\",\"position\":2,\"name\":\"Kiana i Drini predstavljaju Kosovo na Milano-Kortina 2026\"}]},{\"@type\":\"WebSite\",\"@id\":\"https:\/\/veritasinfo.org\/#website\",\"url\":\"https:\/\/veritasinfo.org\/\",\"name\":\"\",\"description\":\"\",\"potentialAction\":[{\"@type\":\"SearchAction\",\"target\":{\"@type\":\"EntryPoint\",\"urlTemplate\":\"https:\/\/veritasinfo.org\/?s={search_term_string}\"},\"query-input\":{\"@type\":\"PropertyValueSpecification\",\"valueRequired\":true,\"valueName\":\"search_term_string\"}}],\"inLanguage\":\"en-US\"},{\"@type\":\"Person\",\"@id\":\"https:\/\/veritasinfo.org\/#\/schema\/person\/bc442336e35414d04494ab8fb45db4c6\",\"name\":\"US5\",\"image\":{\"@type\":\"ImageObject\",\"inLanguage\":\"en-US\",\"@id\":\"https:\/\/veritasinfo.org\/#\/schema\/person\/image\/\",\"url\":\"https:\/\/secure.gravatar.com\/avatar\/16a61e7272a0c5d001121ebb9e60e925d5816e4ac1e443ed3e640d9a6ae55d0c?s=96&d=mm&r=g\",\"contentUrl\":\"https:\/\/secure.gravatar.com\/avatar\/16a61e7272a0c5d001121ebb9e60e925d5816e4ac1e443ed3e640d9a6ae55d0c?s=96&d=mm&r=g\",\"caption\":\"US5\"},\"url\":\"https:\/\/veritasinfo.org\/?author=6\"}]}<\/script>\n<!-- \/ Yoast SEO plugin. -->","yoast_head_json":{"title":"Kiana i Drini predstavljaju Kosovo na Milano-Kortina 2026 -","robots":{"index":"index","follow":"follow","max-snippet":"max-snippet:-1","max-image-preview":"max-image-preview:large","max-video-preview":"max-video-preview:-1"},"canonical":"https:\/\/veritasinfo.org\/?p=29165&lang=sr","og_locale":"en_US","og_type":"article","og_title":"Kiana i Drini predstavljaju Kosovo na Milano-Kortina 2026 -","og_description":"Pri\u0161tina, 26. januar 2026. 13:46 Kosovo se priprema za Zimske olimpijske igre Milano-Kortina 2026. godine, koje c\u0301e se odr\u017eati od 6. do 22. februara, slanjem","og_url":"https:\/\/veritasinfo.org\/?p=29165&lang=sr","article_published_time":"2026-01-26T12:46:01+00:00","og_image":[{"width":780,"height":500,"url":"https:\/\/veritasinfo.org\/wp-content\/uploads\/2026\/01\/715358-SPEcUG7gqL.jpg","type":"image\/jpeg"}],"author":"US5","twitter_card":"summary_large_image","twitter_misc":{"Written by":"US5"},"schema":{"@context":"https:\/\/schema.org","@graph":[{"@type":"WebPage","@id":"https:\/\/veritasinfo.org\/?p=29165&lang=sr","url":"https:\/\/veritasinfo.org\/?p=29165&lang=sr","name":"Kiana i Drini predstavljaju Kosovo na Milano-Kortina 2026 -","isPartOf":{"@id":"https:\/\/veritasinfo.org\/#website"},"primaryImageOfPage":{"@id":"https:\/\/veritasinfo.org\/?p=29165&lang=sr#primaryimage"},"image":{"@id":"https:\/\/veritasinfo.org\/?p=29165&lang=sr#primaryimage"},"thumbnailUrl":"https:\/\/veritasinfo.org\/wp-content\/uploads\/2026\/01\/715358-SPEcUG7gqL.jpg","datePublished":"2026-01-26T12:46:01+00:00","author":{"@id":"https:\/\/veritasinfo.org\/#\/schema\/person\/bc442336e35414d04494ab8fb45db4c6"},"breadcrumb":{"@id":"https:\/\/veritasinfo.org\/?p=29165&lang=sr#breadcrumb"},"inLanguage":"en-US","potentialAction":[{"@type":"ReadAction","target":["https:\/\/veritasinfo.org\/?p=29165&lang=sr"]}]},{"@type":"ImageObject","inLanguage":"en-US","@id":"https:\/\/veritasinfo.org\/?p=29165&lang=sr#primaryimage","url":"https:\/\/veritasinfo.org\/wp-content\/uploads\/2026\/01\/715358-SPEcUG7gqL.jpg","contentUrl":"https:\/\/veritasinfo.org\/wp-content\/uploads\/2026\/01\/715358-SPEcUG7gqL.jpg","width":780,"height":500},{"@type":"BreadcrumbList","@id":"https:\/\/veritasinfo.org\/?p=29165&lang=sr#breadcrumb","itemListElement":[{"@type":"ListItem","position":1,"name":"Home","item":"https:\/\/veritasinfo.org\/"},{"@type":"ListItem","position":2,"name":"Kiana i Drini predstavljaju Kosovo na Milano-Kortina 2026"}]},{"@type":"WebSite","@id":"https:\/\/veritasinfo.org\/#website","url":"https:\/\/veritasinfo.org\/","name":"","description":"","potentialAction":[{"@type":"SearchAction","target":{"@type":"EntryPoint","urlTemplate":"https:\/\/veritasinfo.org\/?s={search_term_string}"},"query-input":{"@type":"PropertyValueSpecification","valueRequired":true,"valueName":"search_term_string"}}],"inLanguage":"en-US"},{"@type":"Person","@id":"https:\/\/veritasinfo.org\/#\/schema\/person\/bc442336e35414d04494ab8fb45db4c6","name":"US5","image":{"@type":"ImageObject","inLanguage":"en-US","@id":"https:\/\/veritasinfo.org\/#\/schema\/person\/image\/","url":"https:\/\/secure.gravatar.com\/avatar\/16a61e7272a0c5d001121ebb9e60e925d5816e4ac1e443ed3e640d9a6ae55d0c?s=96&d=mm&r=g","contentUrl":"https:\/\/secure.gravatar.com\/avatar\/16a61e7272a0c5d001121ebb9e60e925d5816e4ac1e443ed3e640d9a6ae55d0c?s=96&d=mm&r=g","caption":"US5"},"url":"https:\/\/veritasinfo.org\/?author=6"}]}},"featured_image_urls":{"full":["https:\/\/veritasinfo.org\/wp-content\/uploads\/2026\/01\/715358-SPEcUG7gqL.jpg",780,500,false],"thumbnail":["https:\/\/veritasinfo.org\/wp-content\/uploads\/2026\/01\/715358-SPEcUG7gqL-150x150.jpg",150,150,true],"medium":["https:\/\/veritasinfo.org\/wp-content\/uploads\/2026\/01\/715358-SPEcUG7gqL-300x192.jpg",300,192,true],"medium_large":["https:\/\/veritasinfo.org\/wp-content\/uploads\/2026\/01\/715358-SPEcUG7gqL-768x492.jpg",640,410,true],"large":["https:\/\/veritasinfo.org\/wp-content\/uploads\/2026\/01\/715358-SPEcUG7gqL.jpg",640,410,false],"1536x1536":["https:\/\/veritasinfo.org\/wp-content\/uploads\/2026\/01\/715358-SPEcUG7gqL.jpg",780,500,false],"2048x2048":["https:\/\/veritasinfo.org\/wp-content\/uploads\/2026\/01\/715358-SPEcUG7gqL.jpg",780,500,false],"kreeti-slider-full":["https:\/\/veritasinfo.org\/wp-content\/uploads\/2026\/01\/715358-SPEcUG7gqL.jpg",780,500,false],"kreeti-featured":["https:\/\/veritasinfo.org\/wp-content\/uploads\/2026\/01\/715358-SPEcUG7gqL.jpg",780,500,false],"kreeti-medium":["https:\/\/veritasinfo.org\/wp-content\/uploads\/2026\/01\/715358-SPEcUG7gqL.jpg",720,462,false],"kreeti-medium-square":["https:\/\/veritasinfo.org\/wp-content\/uploads\/2026\/01\/715358-SPEcUG7gqL.jpg",350,224,false]},"author_info":{"info":["US5"]},"category_info":"<a href=\"https:\/\/veritasinfo.org\/?cat=36&#038;lang=sr\" rel=\"category\">Sport<\/a>","tag_info":"Sport","comment_count":"0","_links":{"self":[{"href":"https:\/\/veritasinfo.org\/index.php?rest_route=\/wp\/v2\/posts\/29165","targetHints":{"allow":["GET"]}}],"collection":[{"href":"https:\/\/veritasinfo.org\/index.php?rest_route=\/wp\/v2\/posts"}],"about":[{"href":"https:\/\/veritasinfo.org\/index.php?rest_route=\/wp\/v2\/types\/post"}],"author":[{"embeddable":true,"href":"https:\/\/veritasinfo.org\/index.php?rest_route=\/wp\/v2\/users\/6"}],"replies":[{"embeddable":true,"href":"https:\/\/veritasinfo.org\/index.php?rest_route=%2Fwp%2Fv2%2Fcomments&post=29165"}],"version-history":[{"count":1,"href":"https:\/\/veritasinfo.org\/index.php?rest_route=\/wp\/v2\/posts\/29165\/revisions"}],"predecessor-version":[{"id":29166,"href":"https:\/\/veritasinfo.org\/index.php?rest_route=\/wp\/v2\/posts\/29165\/revisions\/29166"}],"wp:featuredmedia":[{"embeddable":true,"href":"https:\/\/veritasinfo.org\/index.php?rest_route=\/wp\/v2\/media\/29163"}],"wp:attachment":[{"href":"https:\/\/veritasinfo.org\/index.php?rest_route=%2Fwp%2Fv2%2Fmedia&parent=29165"}],"wp:term":[{"taxonomy":"category","embeddable":true,"href":"https:\/\/veritasinfo.org\/index.php?rest_route=%2Fwp%2Fv2%2Fcategories&post=29165"},{"taxonomy":"post_tag","embeddable":true,"href":"https:\/\/veritasinfo.org\/index.php?rest_route=%2Fwp%2Fv2%2Ftags&post=29165"}],"curies":[{"name":"wp","href":"https:\/\/api.w.org\/{rel}","templated":true}]}}