{"id":29162,"date":"2026-01-26T13:44:46","date_gmt":"2026-01-26T12:44:46","guid":{"rendered":"https:\/\/veritasinfo.org\/?p=29162"},"modified":"2026-01-26T13:44:46","modified_gmt":"2026-01-26T12:44:46","slug":"kiana-dhe-drini-perfaqesojne-kosoven-ne-milano-cortina-2026","status":"publish","type":"post","link":"https:\/\/veritasinfo.org\/?p=29162","title":{"rendered":"Kiana dhe Drini p\u00ebrfaq\u00ebsojn\u00eb Kosov\u00ebn n\u00eb Milano-Cortina 2026"},"content":{"rendered":"<p>Prishtin\u00eb 26 janar 2026 13:46<\/p>\n<p>Kosova po p\u00ebrgatitet p\u00ebr Loj\u00ebrat Olimpike Dim\u00ebrore Milano-Cortina 2026, q\u00eb zhvillohen nga 6 deri m\u00eb 22 shkurt, duke d\u00ebrguar nj\u00eb ekip t\u00eb vog\u00ebl por ambicioz p\u00ebr t\u00eb p\u00ebrfaq\u00ebsuar vendin n\u00eb disiplinat alpine dhe p\u00ebr t\u00eb arritur rezultate m\u00eb t\u00eb mira se n\u00eb edicionet e m\u00ebparshme.<\/p>\n<p>President i Komitetit Olimpik t\u00eb Kosov\u00ebs, Ismet Krasniqi, n\u00eb nj\u00eb konferenc\u00eb p\u00ebr media, theksoi p\u00ebrkushtimin e institucioneve dhe mb\u00ebshtetjen p\u00ebr sportist\u00ebt.<\/p>\n<p>\u201cK\u00ebto loj\u00ebra dim\u00ebrore jan\u00eb shum\u00eb t\u00eb r\u00ebnd\u00ebsishme p\u00ebr Komitetin Olimpik t\u00eb Kosov\u00ebs dhe p\u00ebr t\u00eb gjith\u00eb sportist\u00ebt tan\u00eb. Si\u00e7 edhe ju e dini, Kosova p\u00ebrfaq\u00ebsohet nga dy sportist\u00eb. Pra Kiana Kryeziu, e cila na p\u00ebrfaq\u00ebson me tri disiplina alpine, dhe gjithashtu Drini, i cili s\u00eb bashku me trajnerin e tij Agim Popoci dhe trajnerin e Kian\u00ebs Visar Kryeziu. Ne jemi munduar q\u00eb gjat\u00eb krejt k\u00ebtyre viteve s\u00eb bashku me Federat\u00ebn e Skijimit t\u2019i p\u00ebrkrahim sportist\u00ebt tan\u00eb me bursa olimpike, si dhe me kampe st\u00ebrvitore, q\u00eb e dim\u00eb q\u00eb nuk jan\u00eb fare t\u00eb lehta\u201d, theksoi ai.<\/p>\n<p>Kryetar i Federat\u00ebs s\u00eb Skijimit, Milaim Kelmendi, foli p\u00ebr p\u00ebrgatitjen intensive dhe p\u00ebrvoj\u00ebn e sportist\u00ebve.<\/p>\n<p>\u201cAsnj\u00ebher\u00eb n\u00eb historin\u00eb e skijimit nuk kan\u00eb qen\u00eb m\u00eb t\u00eb p\u00ebrgatitur se tash q\u00eb po shkojn\u00eb n\u00eb Olimpiad\u00ebn e Cortina. K\u00ebshtu q\u00eb i uroj shum\u00eb sukses garuesve n\u00eb radh\u00eb t\u00eb par\u00eb, dhe pres nj\u00eb rezultat m\u00eb t\u00eb mir\u00eb se radh\u00ebve t\u00eb tjera. Duke e ditur q\u00eb kan\u00eb shum\u00eb dit\u00eb n\u00eb trajnime n\u00eb bor\u00eb, dhe mb\u00ebshtetja nuk ju ka munguar asnj\u00ebher\u00eb. K\u00ebshtu q\u00eb pres rezultate m\u00eb t\u00eb mira t\u00eb mundshme n\u00eb k\u00ebt\u00eb olimpiad\u00eb q\u00eb do t\u00eb vie tash\u201d, tha ai.<\/p>\n<p>Me eksperienc\u00eb nga Pekini 2022, Kiana Kryeziu, shprehu ambicien e saj p\u00ebr performanc\u00ebn n\u00eb tri disiplinat alpine.<\/p>\n<p>\u201cPak a shum\u00eb kjo \u00ebsht\u00eb nj\u00eb vazhdim\u00ebsi e karrier\u00ebs time. Un\u00eb i kam pas 17 vjet n\u00eb Pekin, edhe kam garuar pra vet\u00ebm me nj\u00eb disiplin\u00eb, n\u00eb disiplin\u00ebn e Sllallomit t\u00eb Madh. Kurse tash, mbas kat\u00ebr vjet\u00ebsh, shum\u00eb pune dhe shum\u00eb p\u00ebrkushtimi, ia kam mund\u00ebsuar vetes me rezultate t\u00eb garoj\u00eb n\u00eb tri disiplina. Gjith\u00e7ka \u00ebsht\u00eb si pasoj\u00eb e pun\u00ebs dhe p\u00ebrkushtimit edhe mb\u00ebshtetjes s\u00eb pandalur. Prej vetes pres rezultate t\u00eb mira, pres nj\u00eb paraqitje shum\u00eb m\u00eb t\u00eb mir\u00eb se her\u00ebn e kaluar, edhe nj\u00eb p\u00ebrfaq\u00ebsim sa m\u00eb dinjitoz t\u00eb shtetit&#8221;, deklaroi ajo.<\/p>\n<p>Drin Kokaj, i cili debuton n\u00eb nj\u00eb Olimpiad\u00eb Dim\u00ebrore, tregoi sfidat e kualifikimit dhe vendosm\u00ebrin\u00eb p\u00ebr t\u00eb dh\u00ebn\u00eb m\u00eb t\u00eb mir\u00ebn p\u00ebr Kosov\u00ebn.<\/p>\n<p>\u201cP\u00ebr mua Loj\u00ebrat Olimpike Milano-Cortina \u00ebsht\u00eb hera e par\u00eb q\u00eb do ta p\u00ebrfaq\u00ebsoj Kosov\u00ebn n\u00eb eventin m\u00eb t\u00eb madh bot\u00ebror. Kjo olimpiad\u00eb rrug\u00ebtimi ka qen\u00eb m\u00eb i v\u00ebshtir\u00eb, p\u00ebr arsye q\u00eb kualifikimi n\u00eb Olimpiad\u00eb ka qen\u00eb nga Federata Nd\u00ebrkomb\u00ebtare p\u00ebr ta fituar norm\u00ebn m\u00eb e v\u00ebshtir\u00eb se olimpiadat e kaluara. Dometh\u00ebn\u00eb, masat kan\u00eb qen\u00eb m\u00eb t\u00eb shtr\u00ebnguara dhe ka qen\u00eb q\u00eb duhet me d\u00ebshmuar nivelin q\u00eb jemi t\u00eb aft\u00eb p\u00ebr at\u00eb olimpiad\u00eb. K\u00ebshtu q\u00eb e kam d\u00ebshmuar dhe shpresoj q\u00eb p\u00ebrfaq\u00ebsimi ka me qen\u00eb n\u00eb nj\u00eb nivel sa m\u00eb t\u00eb mir\u00eb bot\u00ebror\u201d, theksoi ai.<\/p>\n<p>Ky ekip i vog\u00ebl por i p\u00ebrkushtuar synon t\u00eb jap\u00eb nj\u00eb performanc\u00eb dinjitoze dhe t\u00eb ngrit\u00eb nivelin e Kosov\u00ebs n\u00eb skijimin olimpik.<\/p>\n","protected":false},"excerpt":{"rendered":"<p>Prishtin\u00eb 26 janar 2026 13:46 Kosova po p\u00ebrgatitet p\u00ebr Loj\u00ebrat Olimpike Dim\u00ebrore Milano-Cortina 2026, q\u00eb zhvillohen nga 6 deri m\u00eb 22 shkurt, duke d\u00ebrguar nj\u00eb<\/p>\n","protected":false},"author":6,"featured_media":29163,"comment_status":"open","ping_status":"open","sticky":false,"template":"","format":"standard","meta":{"footnotes":""},"categories":[5],"tags":[],"class_list":["post-29162","post","type-post","status-publish","format-standard","has-post-thumbnail","hentry","category-sport-sq"],"yoast_head":"<!-- This site is optimized with the Yoast SEO plugin v25.3.1 - https:\/\/yoast.com\/wordpress\/plugins\/seo\/ -->\n<title>Kiana dhe Drini p\u00ebrfaq\u00ebsojn\u00eb Kosov\u00ebn n\u00eb Milano-Cortina 2026 -<\/title>\n<meta name=\"robots\" content=\"index, follow, max-snippet:-1, max-image-preview:large, max-video-preview:-1\" \/>\n<link rel=\"canonical\" href=\"https:\/\/veritasinfo.org\/?p=29162\" \/>\n<meta property=\"og:locale\" content=\"en_US\" \/>\n<meta property=\"og:type\" content=\"article\" \/>\n<meta property=\"og:title\" content=\"Kiana dhe Drini p\u00ebrfaq\u00ebsojn\u00eb Kosov\u00ebn n\u00eb Milano-Cortina 2026 -\" \/>\n<meta property=\"og:description\" content=\"Prishtin\u00eb 26 janar 2026 13:46 Kosova po p\u00ebrgatitet p\u00ebr Loj\u00ebrat Olimpike Dim\u00ebrore Milano-Cortina 2026, q\u00eb zhvillohen nga 6 deri m\u00eb 22 shkurt, duke d\u00ebrguar nj\u00eb\" \/>\n<meta property=\"og:url\" content=\"https:\/\/veritasinfo.org\/?p=29162\" \/>\n<meta property=\"article:published_time\" content=\"2026-01-26T12:44:46+00:00\" \/>\n<meta property=\"og:image\" content=\"https:\/\/veritasinfo.org\/wp-content\/uploads\/2026\/01\/715358-SPEcUG7gqL.jpg\" \/>\n\t<meta property=\"og:image:width\" content=\"780\" \/>\n\t<meta property=\"og:image:height\" content=\"500\" \/>\n\t<meta property=\"og:image:type\" content=\"image\/jpeg\" \/>\n<meta name=\"author\" content=\"US5\" \/>\n<meta name=\"twitter:card\" content=\"summary_large_image\" \/>\n<meta name=\"twitter:label1\" content=\"Written by\" \/>\n\t<meta name=\"twitter:data1\" content=\"US5\" \/>\n<script type=\"application\/ld+json\" class=\"yoast-schema-graph\">{\"@context\":\"https:\/\/schema.org\",\"@graph\":[{\"@type\":\"WebPage\",\"@id\":\"https:\/\/veritasinfo.org\/?p=29162\",\"url\":\"https:\/\/veritasinfo.org\/?p=29162\",\"name\":\"Kiana dhe Drini p\u00ebrfaq\u00ebsojn\u00eb Kosov\u00ebn n\u00eb Milano-Cortina 2026 -\",\"isPartOf\":{\"@id\":\"https:\/\/veritasinfo.org\/#website\"},\"primaryImageOfPage\":{\"@id\":\"https:\/\/veritasinfo.org\/?p=29162#primaryimage\"},\"image\":{\"@id\":\"https:\/\/veritasinfo.org\/?p=29162#primaryimage\"},\"thumbnailUrl\":\"https:\/\/veritasinfo.org\/wp-content\/uploads\/2026\/01\/715358-SPEcUG7gqL.jpg\",\"datePublished\":\"2026-01-26T12:44:46+00:00\",\"author\":{\"@id\":\"https:\/\/veritasinfo.org\/#\/schema\/person\/bc442336e35414d04494ab8fb45db4c6\"},\"breadcrumb\":{\"@id\":\"https:\/\/veritasinfo.org\/?p=29162#breadcrumb\"},\"inLanguage\":\"en-US\",\"potentialAction\":[{\"@type\":\"ReadAction\",\"target\":[\"https:\/\/veritasinfo.org\/?p=29162\"]}]},{\"@type\":\"ImageObject\",\"inLanguage\":\"en-US\",\"@id\":\"https:\/\/veritasinfo.org\/?p=29162#primaryimage\",\"url\":\"https:\/\/veritasinfo.org\/wp-content\/uploads\/2026\/01\/715358-SPEcUG7gqL.jpg\",\"contentUrl\":\"https:\/\/veritasinfo.org\/wp-content\/uploads\/2026\/01\/715358-SPEcUG7gqL.jpg\",\"width\":780,\"height\":500},{\"@type\":\"BreadcrumbList\",\"@id\":\"https:\/\/veritasinfo.org\/?p=29162#breadcrumb\",\"itemListElement\":[{\"@type\":\"ListItem\",\"position\":1,\"name\":\"Home\",\"item\":\"https:\/\/veritasinfo.org\/\"},{\"@type\":\"ListItem\",\"position\":2,\"name\":\"Kiana dhe Drini p\u00ebrfaq\u00ebsojn\u00eb Kosov\u00ebn n\u00eb Milano-Cortina 2026\"}]},{\"@type\":\"WebSite\",\"@id\":\"https:\/\/veritasinfo.org\/#website\",\"url\":\"https:\/\/veritasinfo.org\/\",\"name\":\"\",\"description\":\"\",\"potentialAction\":[{\"@type\":\"SearchAction\",\"target\":{\"@type\":\"EntryPoint\",\"urlTemplate\":\"https:\/\/veritasinfo.org\/?s={search_term_string}\"},\"query-input\":{\"@type\":\"PropertyValueSpecification\",\"valueRequired\":true,\"valueName\":\"search_term_string\"}}],\"inLanguage\":\"en-US\"},{\"@type\":\"Person\",\"@id\":\"https:\/\/veritasinfo.org\/#\/schema\/person\/bc442336e35414d04494ab8fb45db4c6\",\"name\":\"US5\",\"image\":{\"@type\":\"ImageObject\",\"inLanguage\":\"en-US\",\"@id\":\"https:\/\/veritasinfo.org\/#\/schema\/person\/image\/\",\"url\":\"https:\/\/secure.gravatar.com\/avatar\/16a61e7272a0c5d001121ebb9e60e925d5816e4ac1e443ed3e640d9a6ae55d0c?s=96&d=mm&r=g\",\"contentUrl\":\"https:\/\/secure.gravatar.com\/avatar\/16a61e7272a0c5d001121ebb9e60e925d5816e4ac1e443ed3e640d9a6ae55d0c?s=96&d=mm&r=g\",\"caption\":\"US5\"},\"url\":\"https:\/\/veritasinfo.org\/?author=6\"}]}<\/script>\n<!-- \/ Yoast SEO plugin. -->","yoast_head_json":{"title":"Kiana dhe Drini p\u00ebrfaq\u00ebsojn\u00eb Kosov\u00ebn n\u00eb Milano-Cortina 2026 -","robots":{"index":"index","follow":"follow","max-snippet":"max-snippet:-1","max-image-preview":"max-image-preview:large","max-video-preview":"max-video-preview:-1"},"canonical":"https:\/\/veritasinfo.org\/?p=29162","og_locale":"en_US","og_type":"article","og_title":"Kiana dhe Drini p\u00ebrfaq\u00ebsojn\u00eb Kosov\u00ebn n\u00eb Milano-Cortina 2026 -","og_description":"Prishtin\u00eb 26 janar 2026 13:46 Kosova po p\u00ebrgatitet p\u00ebr Loj\u00ebrat Olimpike Dim\u00ebrore Milano-Cortina 2026, q\u00eb zhvillohen nga 6 deri m\u00eb 22 shkurt, duke d\u00ebrguar nj\u00eb","og_url":"https:\/\/veritasinfo.org\/?p=29162","article_published_time":"2026-01-26T12:44:46+00:00","og_image":[{"width":780,"height":500,"url":"https:\/\/veritasinfo.org\/wp-content\/uploads\/2026\/01\/715358-SPEcUG7gqL.jpg","type":"image\/jpeg"}],"author":"US5","twitter_card":"summary_large_image","twitter_misc":{"Written by":"US5"},"schema":{"@context":"https:\/\/schema.org","@graph":[{"@type":"WebPage","@id":"https:\/\/veritasinfo.org\/?p=29162","url":"https:\/\/veritasinfo.org\/?p=29162","name":"Kiana dhe Drini p\u00ebrfaq\u00ebsojn\u00eb Kosov\u00ebn n\u00eb Milano-Cortina 2026 -","isPartOf":{"@id":"https:\/\/veritasinfo.org\/#website"},"primaryImageOfPage":{"@id":"https:\/\/veritasinfo.org\/?p=29162#primaryimage"},"image":{"@id":"https:\/\/veritasinfo.org\/?p=29162#primaryimage"},"thumbnailUrl":"https:\/\/veritasinfo.org\/wp-content\/uploads\/2026\/01\/715358-SPEcUG7gqL.jpg","datePublished":"2026-01-26T12:44:46+00:00","author":{"@id":"https:\/\/veritasinfo.org\/#\/schema\/person\/bc442336e35414d04494ab8fb45db4c6"},"breadcrumb":{"@id":"https:\/\/veritasinfo.org\/?p=29162#breadcrumb"},"inLanguage":"en-US","potentialAction":[{"@type":"ReadAction","target":["https:\/\/veritasinfo.org\/?p=29162"]}]},{"@type":"ImageObject","inLanguage":"en-US","@id":"https:\/\/veritasinfo.org\/?p=29162#primaryimage","url":"https:\/\/veritasinfo.org\/wp-content\/uploads\/2026\/01\/715358-SPEcUG7gqL.jpg","contentUrl":"https:\/\/veritasinfo.org\/wp-content\/uploads\/2026\/01\/715358-SPEcUG7gqL.jpg","width":780,"height":500},{"@type":"BreadcrumbList","@id":"https:\/\/veritasinfo.org\/?p=29162#breadcrumb","itemListElement":[{"@type":"ListItem","position":1,"name":"Home","item":"https:\/\/veritasinfo.org\/"},{"@type":"ListItem","position":2,"name":"Kiana dhe Drini p\u00ebrfaq\u00ebsojn\u00eb Kosov\u00ebn n\u00eb Milano-Cortina 2026"}]},{"@type":"WebSite","@id":"https:\/\/veritasinfo.org\/#website","url":"https:\/\/veritasinfo.org\/","name":"","description":"","potentialAction":[{"@type":"SearchAction","target":{"@type":"EntryPoint","urlTemplate":"https:\/\/veritasinfo.org\/?s={search_term_string}"},"query-input":{"@type":"PropertyValueSpecification","valueRequired":true,"valueName":"search_term_string"}}],"inLanguage":"en-US"},{"@type":"Person","@id":"https:\/\/veritasinfo.org\/#\/schema\/person\/bc442336e35414d04494ab8fb45db4c6","name":"US5","image":{"@type":"ImageObject","inLanguage":"en-US","@id":"https:\/\/veritasinfo.org\/#\/schema\/person\/image\/","url":"https:\/\/secure.gravatar.com\/avatar\/16a61e7272a0c5d001121ebb9e60e925d5816e4ac1e443ed3e640d9a6ae55d0c?s=96&d=mm&r=g","contentUrl":"https:\/\/secure.gravatar.com\/avatar\/16a61e7272a0c5d001121ebb9e60e925d5816e4ac1e443ed3e640d9a6ae55d0c?s=96&d=mm&r=g","caption":"US5"},"url":"https:\/\/veritasinfo.org\/?author=6"}]}},"featured_image_urls":{"full":["https:\/\/veritasinfo.org\/wp-content\/uploads\/2026\/01\/715358-SPEcUG7gqL.jpg",780,500,false],"thumbnail":["https:\/\/veritasinfo.org\/wp-content\/uploads\/2026\/01\/715358-SPEcUG7gqL-150x150.jpg",150,150,true],"medium":["https:\/\/veritasinfo.org\/wp-content\/uploads\/2026\/01\/715358-SPEcUG7gqL-300x192.jpg",300,192,true],"medium_large":["https:\/\/veritasinfo.org\/wp-content\/uploads\/2026\/01\/715358-SPEcUG7gqL-768x492.jpg",640,410,true],"large":["https:\/\/veritasinfo.org\/wp-content\/uploads\/2026\/01\/715358-SPEcUG7gqL.jpg",640,410,false],"1536x1536":["https:\/\/veritasinfo.org\/wp-content\/uploads\/2026\/01\/715358-SPEcUG7gqL.jpg",780,500,false],"2048x2048":["https:\/\/veritasinfo.org\/wp-content\/uploads\/2026\/01\/715358-SPEcUG7gqL.jpg",780,500,false],"kreeti-slider-full":["https:\/\/veritasinfo.org\/wp-content\/uploads\/2026\/01\/715358-SPEcUG7gqL.jpg",780,500,false],"kreeti-featured":["https:\/\/veritasinfo.org\/wp-content\/uploads\/2026\/01\/715358-SPEcUG7gqL.jpg",780,500,false],"kreeti-medium":["https:\/\/veritasinfo.org\/wp-content\/uploads\/2026\/01\/715358-SPEcUG7gqL.jpg",720,462,false],"kreeti-medium-square":["https:\/\/veritasinfo.org\/wp-content\/uploads\/2026\/01\/715358-SPEcUG7gqL.jpg",350,224,false]},"author_info":{"info":["US5"]},"category_info":"<a href=\"https:\/\/veritasinfo.org\/?cat=5\" rel=\"category\">Sport<\/a>","tag_info":"Sport","comment_count":"0","_links":{"self":[{"href":"https:\/\/veritasinfo.org\/index.php?rest_route=\/wp\/v2\/posts\/29162","targetHints":{"allow":["GET"]}}],"collection":[{"href":"https:\/\/veritasinfo.org\/index.php?rest_route=\/wp\/v2\/posts"}],"about":[{"href":"https:\/\/veritasinfo.org\/index.php?rest_route=\/wp\/v2\/types\/post"}],"author":[{"embeddable":true,"href":"https:\/\/veritasinfo.org\/index.php?rest_route=\/wp\/v2\/users\/6"}],"replies":[{"embeddable":true,"href":"https:\/\/veritasinfo.org\/index.php?rest_route=%2Fwp%2Fv2%2Fcomments&post=29162"}],"version-history":[{"count":1,"href":"https:\/\/veritasinfo.org\/index.php?rest_route=\/wp\/v2\/posts\/29162\/revisions"}],"predecessor-version":[{"id":29164,"href":"https:\/\/veritasinfo.org\/index.php?rest_route=\/wp\/v2\/posts\/29162\/revisions\/29164"}],"wp:featuredmedia":[{"embeddable":true,"href":"https:\/\/veritasinfo.org\/index.php?rest_route=\/wp\/v2\/media\/29163"}],"wp:attachment":[{"href":"https:\/\/veritasinfo.org\/index.php?rest_route=%2Fwp%2Fv2%2Fmedia&parent=29162"}],"wp:term":[{"taxonomy":"category","embeddable":true,"href":"https:\/\/veritasinfo.org\/index.php?rest_route=%2Fwp%2Fv2%2Fcategories&post=29162"},{"taxonomy":"post_tag","embeddable":true,"href":"https:\/\/veritasinfo.org\/index.php?rest_route=%2Fwp%2Fv2%2Ftags&post=29162"}],"curies":[{"name":"wp","href":"https:\/\/api.w.org\/{rel}","templated":true}]}}