{"id":29157,"date":"2026-01-26T13:32:44","date_gmt":"2026-01-26T12:32:44","guid":{"rendered":"https:\/\/veritasinfo.org\/?p=29157"},"modified":"2026-01-26T13:32:44","modified_gmt":"2026-01-26T12:32:44","slug":"vengu-kam-ftuar-serbine-te-na-bashkohet-ne-marreveshjen-me-kosoven-dhe-kroacine","status":"publish","type":"post","link":"https:\/\/veritasinfo.org\/?p=29157","title":{"rendered":"Vengu: Kam ftuar Serbin\u00eb t\u00eb na bashkohet n\u00eb marr\u00ebveshjen me Kosov\u00ebn dhe Kroacin\u00eb"},"content":{"rendered":"<p>Prishtin\u00eb 26 janar 2026 13:32<\/p>\n<p>Ministri i Mbrojtjes, s\u00eb Shqip\u00ebris\u00eb Pirro Vengu, tha se Shqip\u00ebria, Kosova dhe Kroacia nuk kan\u00eb nevoj\u00eb t\u2019i marrin leje askujt p\u00ebr t\u00eb n\u00ebnshkruar marr\u00ebveshjen n\u00eb fush\u00ebn e mbrojtjes, kjo pasi u pyet  lidhur me deklaratat e presidentit serb, Aleksandar Vu\u00e7i\u00e7, p\u00ebr k\u00ebt\u00eb marr\u00ebveshje.<\/p>\n<p>Vengu tregoi se ftesa p\u00ebr k\u00ebt\u00eb marr\u00ebveshje i ishte b\u00ebr\u00eb edhe Serbis\u00eb.<\/p>\n<p>\u201cPatjet\u00ebr kam v\u00ebn\u00eb re her\u00eb pas here nj\u00eb sens paniku nga deklarata zyrtare n\u00eb Beograd. Mund t\u2019 iu them q\u00eb \u00ebsht\u00eb nj\u00eb marr\u00ebveshje trepal\u00ebshe q\u00eb nuk \u00ebsht\u00eb nd\u00ebrtuar kund\u00ebr askujt. Madje kam qen\u00eb un\u00eb vet\u00eb i pari q\u00eb kam shprehur edhe ftes\u00eb, pse jo, q\u00eb Serbia, n\u00ebse gjykon se rajoni, stabiliteti, q\u00ebndrueshm\u00ebria dhe e ardhmja euroatlantike e vendeve t\u00eb rajonit \u00ebsht\u00eb e r\u00ebnd\u00ebsishme, at\u00ebher\u00eb t\u2019i bashk\u00ebngjitet k\u00ebsaj iniciative. Ja u merr mendja q\u00eb nuk kam marr\u00eb nj\u00eb p\u00ebrgjigje p\u00ebr sa i p\u00ebrket k\u00ebsaj ftese. Mund t\u2019iu them q\u00eb Kroacia, Shqip\u00ebria dhe Kosova kan\u00eb filluar n\u00eb baz\u00eb t\u00eb k\u00ebsaj marr\u00ebveshjeje, qoft\u00eb n\u00eb rrafshin ushtarak, st\u00ebrvitor, akademik arsimor por edhe t\u00eb prodhimit ushtarak, t\u00eb bashk\u00ebpunojn\u00eb\u201d, tha Vengu.<\/p>\n<p>Ai tregoi dy q\u00ebllimet pse bien dakord me Kosov\u00ebn.<\/p>\n<p>\u201cMe Kosov\u00ebn kemi dakord\u00ebsi p\u00ebr sa i p\u00ebrket mjeteve t\u00eb blinduara. Dhe kjo vjen p\u00ebr dy arsye: E para sepse lexojm\u00eb rreziqe dhe k\u00ebrc\u00ebnime n\u00eb rajon t\u00eb nj\u00ebmendje. E dyta, nuk besoj se Kroacia, Shqip\u00ebria dhe Kosova, kan\u00eb nevoj\u00eb t\u00eb marrin leje p\u00ebr saj i p\u00ebrket k\u00ebsaj pjese. E treta: mikpresim edhe vende t\u00eb tjera t\u00eb na bashk\u00ebngjiten. \u00cbsht\u00eb partneritet i hapur. Shum\u00ebkush e quan marr\u00ebveshje t\u00eb mbrojtjes. Kemi v\u00ebn\u00eb re q\u00eb t\u00eb tre vendet kan\u00eb nevoja t\u00eb ngjashme p\u00ebr sa i p\u00ebrket rritjes s\u00eb kapaciteteve\u201d, theksoi ai.<\/p>\n","protected":false},"excerpt":{"rendered":"<p>Prishtin\u00eb 26 janar 2026 13:32 Ministri i Mbrojtjes, s\u00eb Shqip\u00ebris\u00eb Pirro Vengu, tha se Shqip\u00ebria, Kosova dhe Kroacia nuk kan\u00eb nevoj\u00eb t\u2019i marrin leje askujt<\/p>\n","protected":false},"author":6,"featured_media":29158,"comment_status":"open","ping_status":"open","sticky":false,"template":"","format":"standard","meta":{"footnotes":""},"categories":[58],"tags":[],"class_list":["post-29157","post","type-post","status-publish","format-standard","has-post-thumbnail","hentry","category-politike-sq"],"yoast_head":"<!-- This site is optimized with the Yoast SEO plugin v25.3.1 - https:\/\/yoast.com\/wordpress\/plugins\/seo\/ -->\n<title>Vengu: Kam ftuar Serbin\u00eb t\u00eb na bashkohet n\u00eb marr\u00ebveshjen me Kosov\u00ebn dhe Kroacin\u00eb -<\/title>\n<meta name=\"robots\" content=\"index, follow, max-snippet:-1, max-image-preview:large, max-video-preview:-1\" \/>\n<link rel=\"canonical\" href=\"https:\/\/veritasinfo.org\/?p=29157\" \/>\n<meta property=\"og:locale\" content=\"en_US\" \/>\n<meta property=\"og:type\" content=\"article\" \/>\n<meta property=\"og:title\" content=\"Vengu: Kam ftuar Serbin\u00eb t\u00eb na bashkohet n\u00eb marr\u00ebveshjen me Kosov\u00ebn dhe Kroacin\u00eb -\" \/>\n<meta property=\"og:description\" content=\"Prishtin\u00eb 26 janar 2026 13:32 Ministri i Mbrojtjes, s\u00eb Shqip\u00ebris\u00eb Pirro Vengu, tha se Shqip\u00ebria, Kosova dhe Kroacia nuk kan\u00eb nevoj\u00eb t\u2019i marrin leje askujt\" \/>\n<meta property=\"og:url\" content=\"https:\/\/veritasinfo.org\/?p=29157\" \/>\n<meta property=\"article:published_time\" content=\"2026-01-26T12:32:44+00:00\" \/>\n<meta property=\"og:image\" content=\"https:\/\/veritasinfo.org\/wp-content\/uploads\/2026\/01\/MInistri-i-Mbrojtjes-Pirro-Vengu-1536x1023-1.jpg\" \/>\n\t<meta property=\"og:image:width\" content=\"1536\" \/>\n\t<meta property=\"og:image:height\" content=\"1023\" \/>\n\t<meta property=\"og:image:type\" content=\"image\/jpeg\" \/>\n<meta name=\"author\" content=\"US5\" \/>\n<meta name=\"twitter:card\" content=\"summary_large_image\" \/>\n<meta name=\"twitter:label1\" content=\"Written by\" \/>\n\t<meta name=\"twitter:data1\" content=\"US5\" \/>\n<script type=\"application\/ld+json\" class=\"yoast-schema-graph\">{\"@context\":\"https:\/\/schema.org\",\"@graph\":[{\"@type\":\"WebPage\",\"@id\":\"https:\/\/veritasinfo.org\/?p=29157\",\"url\":\"https:\/\/veritasinfo.org\/?p=29157\",\"name\":\"Vengu: Kam ftuar Serbin\u00eb t\u00eb na bashkohet n\u00eb marr\u00ebveshjen me Kosov\u00ebn dhe Kroacin\u00eb -\",\"isPartOf\":{\"@id\":\"https:\/\/veritasinfo.org\/#website\"},\"primaryImageOfPage\":{\"@id\":\"https:\/\/veritasinfo.org\/?p=29157#primaryimage\"},\"image\":{\"@id\":\"https:\/\/veritasinfo.org\/?p=29157#primaryimage\"},\"thumbnailUrl\":\"https:\/\/veritasinfo.org\/wp-content\/uploads\/2026\/01\/MInistri-i-Mbrojtjes-Pirro-Vengu-1536x1023-1.jpg\",\"datePublished\":\"2026-01-26T12:32:44+00:00\",\"author\":{\"@id\":\"https:\/\/veritasinfo.org\/#\/schema\/person\/bc442336e35414d04494ab8fb45db4c6\"},\"breadcrumb\":{\"@id\":\"https:\/\/veritasinfo.org\/?p=29157#breadcrumb\"},\"inLanguage\":\"en-US\",\"potentialAction\":[{\"@type\":\"ReadAction\",\"target\":[\"https:\/\/veritasinfo.org\/?p=29157\"]}]},{\"@type\":\"ImageObject\",\"inLanguage\":\"en-US\",\"@id\":\"https:\/\/veritasinfo.org\/?p=29157#primaryimage\",\"url\":\"https:\/\/veritasinfo.org\/wp-content\/uploads\/2026\/01\/MInistri-i-Mbrojtjes-Pirro-Vengu-1536x1023-1.jpg\",\"contentUrl\":\"https:\/\/veritasinfo.org\/wp-content\/uploads\/2026\/01\/MInistri-i-Mbrojtjes-Pirro-Vengu-1536x1023-1.jpg\",\"width\":1536,\"height\":1023},{\"@type\":\"BreadcrumbList\",\"@id\":\"https:\/\/veritasinfo.org\/?p=29157#breadcrumb\",\"itemListElement\":[{\"@type\":\"ListItem\",\"position\":1,\"name\":\"Home\",\"item\":\"https:\/\/veritasinfo.org\/\"},{\"@type\":\"ListItem\",\"position\":2,\"name\":\"Vengu: Kam ftuar Serbin\u00eb t\u00eb na bashkohet n\u00eb marr\u00ebveshjen me Kosov\u00ebn dhe Kroacin\u00eb\"}]},{\"@type\":\"WebSite\",\"@id\":\"https:\/\/veritasinfo.org\/#website\",\"url\":\"https:\/\/veritasinfo.org\/\",\"name\":\"\",\"description\":\"\",\"potentialAction\":[{\"@type\":\"SearchAction\",\"target\":{\"@type\":\"EntryPoint\",\"urlTemplate\":\"https:\/\/veritasinfo.org\/?s={search_term_string}\"},\"query-input\":{\"@type\":\"PropertyValueSpecification\",\"valueRequired\":true,\"valueName\":\"search_term_string\"}}],\"inLanguage\":\"en-US\"},{\"@type\":\"Person\",\"@id\":\"https:\/\/veritasinfo.org\/#\/schema\/person\/bc442336e35414d04494ab8fb45db4c6\",\"name\":\"US5\",\"image\":{\"@type\":\"ImageObject\",\"inLanguage\":\"en-US\",\"@id\":\"https:\/\/veritasinfo.org\/#\/schema\/person\/image\/\",\"url\":\"https:\/\/secure.gravatar.com\/avatar\/16a61e7272a0c5d001121ebb9e60e925d5816e4ac1e443ed3e640d9a6ae55d0c?s=96&d=mm&r=g\",\"contentUrl\":\"https:\/\/secure.gravatar.com\/avatar\/16a61e7272a0c5d001121ebb9e60e925d5816e4ac1e443ed3e640d9a6ae55d0c?s=96&d=mm&r=g\",\"caption\":\"US5\"},\"url\":\"https:\/\/veritasinfo.org\/?author=6\"}]}<\/script>\n<!-- \/ Yoast SEO plugin. -->","yoast_head_json":{"title":"Vengu: Kam ftuar Serbin\u00eb t\u00eb na bashkohet n\u00eb marr\u00ebveshjen me Kosov\u00ebn dhe Kroacin\u00eb -","robots":{"index":"index","follow":"follow","max-snippet":"max-snippet:-1","max-image-preview":"max-image-preview:large","max-video-preview":"max-video-preview:-1"},"canonical":"https:\/\/veritasinfo.org\/?p=29157","og_locale":"en_US","og_type":"article","og_title":"Vengu: Kam ftuar Serbin\u00eb t\u00eb na bashkohet n\u00eb marr\u00ebveshjen me Kosov\u00ebn dhe Kroacin\u00eb -","og_description":"Prishtin\u00eb 26 janar 2026 13:32 Ministri i Mbrojtjes, s\u00eb Shqip\u00ebris\u00eb Pirro Vengu, tha se Shqip\u00ebria, Kosova dhe Kroacia nuk kan\u00eb nevoj\u00eb t\u2019i marrin leje askujt","og_url":"https:\/\/veritasinfo.org\/?p=29157","article_published_time":"2026-01-26T12:32:44+00:00","og_image":[{"width":1536,"height":1023,"url":"https:\/\/veritasinfo.org\/wp-content\/uploads\/2026\/01\/MInistri-i-Mbrojtjes-Pirro-Vengu-1536x1023-1.jpg","type":"image\/jpeg"}],"author":"US5","twitter_card":"summary_large_image","twitter_misc":{"Written by":"US5"},"schema":{"@context":"https:\/\/schema.org","@graph":[{"@type":"WebPage","@id":"https:\/\/veritasinfo.org\/?p=29157","url":"https:\/\/veritasinfo.org\/?p=29157","name":"Vengu: Kam ftuar Serbin\u00eb t\u00eb na bashkohet n\u00eb marr\u00ebveshjen me Kosov\u00ebn dhe Kroacin\u00eb -","isPartOf":{"@id":"https:\/\/veritasinfo.org\/#website"},"primaryImageOfPage":{"@id":"https:\/\/veritasinfo.org\/?p=29157#primaryimage"},"image":{"@id":"https:\/\/veritasinfo.org\/?p=29157#primaryimage"},"thumbnailUrl":"https:\/\/veritasinfo.org\/wp-content\/uploads\/2026\/01\/MInistri-i-Mbrojtjes-Pirro-Vengu-1536x1023-1.jpg","datePublished":"2026-01-26T12:32:44+00:00","author":{"@id":"https:\/\/veritasinfo.org\/#\/schema\/person\/bc442336e35414d04494ab8fb45db4c6"},"breadcrumb":{"@id":"https:\/\/veritasinfo.org\/?p=29157#breadcrumb"},"inLanguage":"en-US","potentialAction":[{"@type":"ReadAction","target":["https:\/\/veritasinfo.org\/?p=29157"]}]},{"@type":"ImageObject","inLanguage":"en-US","@id":"https:\/\/veritasinfo.org\/?p=29157#primaryimage","url":"https:\/\/veritasinfo.org\/wp-content\/uploads\/2026\/01\/MInistri-i-Mbrojtjes-Pirro-Vengu-1536x1023-1.jpg","contentUrl":"https:\/\/veritasinfo.org\/wp-content\/uploads\/2026\/01\/MInistri-i-Mbrojtjes-Pirro-Vengu-1536x1023-1.jpg","width":1536,"height":1023},{"@type":"BreadcrumbList","@id":"https:\/\/veritasinfo.org\/?p=29157#breadcrumb","itemListElement":[{"@type":"ListItem","position":1,"name":"Home","item":"https:\/\/veritasinfo.org\/"},{"@type":"ListItem","position":2,"name":"Vengu: Kam ftuar Serbin\u00eb t\u00eb na bashkohet n\u00eb marr\u00ebveshjen me Kosov\u00ebn dhe Kroacin\u00eb"}]},{"@type":"WebSite","@id":"https:\/\/veritasinfo.org\/#website","url":"https:\/\/veritasinfo.org\/","name":"","description":"","potentialAction":[{"@type":"SearchAction","target":{"@type":"EntryPoint","urlTemplate":"https:\/\/veritasinfo.org\/?s={search_term_string}"},"query-input":{"@type":"PropertyValueSpecification","valueRequired":true,"valueName":"search_term_string"}}],"inLanguage":"en-US"},{"@type":"Person","@id":"https:\/\/veritasinfo.org\/#\/schema\/person\/bc442336e35414d04494ab8fb45db4c6","name":"US5","image":{"@type":"ImageObject","inLanguage":"en-US","@id":"https:\/\/veritasinfo.org\/#\/schema\/person\/image\/","url":"https:\/\/secure.gravatar.com\/avatar\/16a61e7272a0c5d001121ebb9e60e925d5816e4ac1e443ed3e640d9a6ae55d0c?s=96&d=mm&r=g","contentUrl":"https:\/\/secure.gravatar.com\/avatar\/16a61e7272a0c5d001121ebb9e60e925d5816e4ac1e443ed3e640d9a6ae55d0c?s=96&d=mm&r=g","caption":"US5"},"url":"https:\/\/veritasinfo.org\/?author=6"}]}},"featured_image_urls":{"full":["https:\/\/veritasinfo.org\/wp-content\/uploads\/2026\/01\/MInistri-i-Mbrojtjes-Pirro-Vengu-1536x1023-1.jpg",1536,1023,false],"thumbnail":["https:\/\/veritasinfo.org\/wp-content\/uploads\/2026\/01\/MInistri-i-Mbrojtjes-Pirro-Vengu-1536x1023-1-150x150.jpg",150,150,true],"medium":["https:\/\/veritasinfo.org\/wp-content\/uploads\/2026\/01\/MInistri-i-Mbrojtjes-Pirro-Vengu-1536x1023-1-300x200.jpg",300,200,true],"medium_large":["https:\/\/veritasinfo.org\/wp-content\/uploads\/2026\/01\/MInistri-i-Mbrojtjes-Pirro-Vengu-1536x1023-1-768x512.jpg",640,427,true],"large":["https:\/\/veritasinfo.org\/wp-content\/uploads\/2026\/01\/MInistri-i-Mbrojtjes-Pirro-Vengu-1536x1023-1-1024x682.jpg",640,426,true],"1536x1536":["https:\/\/veritasinfo.org\/wp-content\/uploads\/2026\/01\/MInistri-i-Mbrojtjes-Pirro-Vengu-1536x1023-1.jpg",1536,1023,false],"2048x2048":["https:\/\/veritasinfo.org\/wp-content\/uploads\/2026\/01\/MInistri-i-Mbrojtjes-Pirro-Vengu-1536x1023-1.jpg",1536,1023,false],"kreeti-slider-full":["https:\/\/veritasinfo.org\/wp-content\/uploads\/2026\/01\/MInistri-i-Mbrojtjes-Pirro-Vengu-1536x1023-1.jpg",1081,720,false],"kreeti-featured":["https:\/\/veritasinfo.org\/wp-content\/uploads\/2026\/01\/MInistri-i-Mbrojtjes-Pirro-Vengu-1536x1023-1.jpg",1024,682,false],"kreeti-medium":["https:\/\/veritasinfo.org\/wp-content\/uploads\/2026\/01\/MInistri-i-Mbrojtjes-Pirro-Vengu-1536x1023-1.jpg",720,480,false],"kreeti-medium-square":["https:\/\/veritasinfo.org\/wp-content\/uploads\/2026\/01\/MInistri-i-Mbrojtjes-Pirro-Vengu-1536x1023-1.jpg",350,233,false]},"author_info":{"info":["US5"]},"category_info":"<a href=\"https:\/\/veritasinfo.org\/?cat=58\" rel=\"category\">Politik\u00eb<\/a>","tag_info":"Politik\u00eb","comment_count":"0","_links":{"self":[{"href":"https:\/\/veritasinfo.org\/index.php?rest_route=\/wp\/v2\/posts\/29157","targetHints":{"allow":["GET"]}}],"collection":[{"href":"https:\/\/veritasinfo.org\/index.php?rest_route=\/wp\/v2\/posts"}],"about":[{"href":"https:\/\/veritasinfo.org\/index.php?rest_route=\/wp\/v2\/types\/post"}],"author":[{"embeddable":true,"href":"https:\/\/veritasinfo.org\/index.php?rest_route=\/wp\/v2\/users\/6"}],"replies":[{"embeddable":true,"href":"https:\/\/veritasinfo.org\/index.php?rest_route=%2Fwp%2Fv2%2Fcomments&post=29157"}],"version-history":[{"count":1,"href":"https:\/\/veritasinfo.org\/index.php?rest_route=\/wp\/v2\/posts\/29157\/revisions"}],"predecessor-version":[{"id":29159,"href":"https:\/\/veritasinfo.org\/index.php?rest_route=\/wp\/v2\/posts\/29157\/revisions\/29159"}],"wp:featuredmedia":[{"embeddable":true,"href":"https:\/\/veritasinfo.org\/index.php?rest_route=\/wp\/v2\/media\/29158"}],"wp:attachment":[{"href":"https:\/\/veritasinfo.org\/index.php?rest_route=%2Fwp%2Fv2%2Fmedia&parent=29157"}],"wp:term":[{"taxonomy":"category","embeddable":true,"href":"https:\/\/veritasinfo.org\/index.php?rest_route=%2Fwp%2Fv2%2Fcategories&post=29157"},{"taxonomy":"post_tag","embeddable":true,"href":"https:\/\/veritasinfo.org\/index.php?rest_route=%2Fwp%2Fv2%2Ftags&post=29157"}],"curies":[{"name":"wp","href":"https:\/\/api.w.org\/{rel}","templated":true}]}}