{"id":29139,"date":"2026-01-26T11:42:31","date_gmt":"2026-01-26T10:42:31","guid":{"rendered":"https:\/\/veritasinfo.org\/?p=29139"},"modified":"2026-01-26T11:42:31","modified_gmt":"2026-01-26T10:42:31","slug":"lista-serbe-shkel-te-drejtat-themelore-te-njeriut-per-hir-te-lajkatimit-te-regjimit-ne-beograd","status":"publish","type":"post","link":"https:\/\/veritasinfo.org\/?p=29139","title":{"rendered":"Lista Serbe shkel t\u00eb drejtat themelore t\u00eb njeriut p\u00ebr hir t\u00eb lajkatimit t\u00eb regjimit n\u00eb Beograd"},"content":{"rendered":"<p><strong>Mitrovic\u00eb e Veriut, 26 janar 2026 11:42<\/strong><\/p>\n<p>Vendimi i komun\u00ebs s\u00eb Mitrovic\u00ebs s\u00eb Veriut p\u00ebr t\u00eb ndaluar ngritjen e nj\u00eb tende p\u00ebr mbledhjen e n\u00ebnshkrimeve n\u00eb mb\u00ebshtetje t\u00eb student\u00ebve n\u00eb protesta n\u00eb Serbi, \u00ebsht\u00eb nj\u00eb tjet\u00ebr shembull i qart\u00eb i represionit politik dhe nj\u00eb shkelje e r\u00ebnd\u00eb e t\u00eb drejtave themelore t\u00eb njeriut, e drejta e liris\u00eb s\u00eb shprehjes, tubimit dhe veprimit politik.<\/p>\n<p>Edhe pse Policia e Kosov\u00ebs dha leje p\u00ebr mbajtjen e aktivitetit, Komuna, pra kryetari i Komun\u00ebs, Milan Radojeviq, refuzoi t\u00eb l\u00ebshonte leje pa asnj\u00eb shpjegim dhe baz\u00eb ligjore. Nj\u00eb veprim i till\u00eb tregon qart\u00eb se vendimet nuk merren n\u00eb interes t\u00eb qytetar\u00ebve, por n\u00eb interes t\u00eb besnik\u00ebris\u00eb politike dhe frik\u00ebs nga reagimi i autoriteteve n\u00eb Beograd.<\/p>\n<p>Me k\u00ebt\u00eb, Lista Serbe konfirmon edhe nj\u00eb her\u00eb se \u00ebsht\u00eb e gatshme t\u00eb shkel\u00eb parimet themelore demokratike n\u00eb m\u00ebnyr\u00eb q\u00eb t\u00eb hyj\u00eb n\u00eb p\u00eblqimin e regjimit n\u00eb pushtet n\u00eb Serbi. N\u00eb vend q\u00eb t\u00eb mbroj\u00eb interesat e popullsis\u00eb lokale serbe, kjo parti vepron gjithnj\u00eb e m\u00eb hapur si nj\u00eb krah i zgjatur i politik\u00ebs q\u00eb nuk toleron nj\u00eb mendim t\u00eb ndrysh\u00ebm, edhe kur ai vjen n\u00eb form\u00ebn e mb\u00ebshtetjes paq\u00ebsore civile p\u00ebr student\u00ebt.<\/p>\n<p>Ndalimi i vendosjes s\u00eb tend\u00ebs nuk \u00ebsht\u00eb vet\u00ebm nj\u00eb vendim administrativ, \u00ebsht\u00eb nj\u00eb mesazh politik: kushdo q\u00eb tregon solidaritet me protestat civile dhe studentore n\u00eb Serbi do t\u00eb sanksionohet, do t\u00eb heshtet dhe do t\u00eb margjinalizohet. Kjo sjellje p\u00ebrfaq\u00ebson nj\u00eb precedent t\u00eb rreziksh\u00ebm dhe nj\u00eb prov\u00eb tjet\u00ebr se institucionet n\u00eb Mitrovic\u00ebn e Veriut jan\u00eb shnd\u00ebrruar n\u00eb nj\u00eb instrument kontrolli politik, dhe jo n\u00eb nj\u00eb sh\u00ebrbim p\u00ebr qytetar\u00ebt. N\u00eb vend t\u00eb demokracis\u00eb, frik\u00eb. N\u00eb vend t\u00eb arbitraritetit t\u00eb s\u00eb drejt\u00ebs. N\u00eb vend t\u00eb liris\u00eb, bindje politike.<\/p>\n<p>Tenda do t\u00eb vendosej atje, sipas planit t\u00eb tyre, p\u00ebr dy or\u00eb &#8211; nga mesi i dit\u00ebs deri n\u00eb or\u00ebn 14:00. &#8220;M\u00eb 20 janar 2026, n\u00eb or\u00ebn 14:00, ne paraqit\u00ebm nj\u00eb k\u00ebrkes\u00eb zyrtare p\u00ebr t\u00eb mbajtur nj\u00eb takim dhe p\u00ebr t\u00eb ngritur nj\u00eb stend\u00eb p\u00ebr t\u00eb mbledhur n\u00ebnshkrime n\u00eb sh\u00ebtitoren n\u00eb Mitrovic\u00eb, me nj\u00eb q\u00ebllim dhe koh\u00ebzgjatje t\u00eb deklaruar qart\u00eb (e premte, 23 janar 2026, nga ora 12:00 deri n\u00eb or\u00ebn 14:00). M\u00eb par\u00eb, sipas procedur\u00ebs, ne u referuam nga policia n\u00eb bashki&#8221;, deklaruan nj\u00eb grup student\u00ebsh n\u00eb Instagram.<\/p>\n","protected":false},"excerpt":{"rendered":"<p>Mitrovic\u00eb e Veriut, 26 janar 2026 11:42 Vendimi i komun\u00ebs s\u00eb Mitrovic\u00ebs s\u00eb Veriut p\u00ebr t\u00eb ndaluar ngritjen e nj\u00eb tende p\u00ebr mbledhjen e n\u00ebnshkrimeve<\/p>\n","protected":false},"author":2,"featured_media":29140,"comment_status":"open","ping_status":"open","sticky":false,"template":"","format":"standard","meta":{"footnotes":""},"categories":[58],"tags":[],"class_list":["post-29139","post","type-post","status-publish","format-standard","has-post-thumbnail","hentry","category-politike-sq"],"yoast_head":"<!-- This site is optimized with the Yoast SEO plugin v25.3.1 - https:\/\/yoast.com\/wordpress\/plugins\/seo\/ -->\n<title>Lista Serbe shkel t\u00eb drejtat themelore t\u00eb njeriut p\u00ebr hir t\u00eb lajkatimit t\u00eb regjimit n\u00eb Beograd -<\/title>\n<meta name=\"robots\" content=\"index, follow, max-snippet:-1, max-image-preview:large, max-video-preview:-1\" \/>\n<link rel=\"canonical\" href=\"https:\/\/veritasinfo.org\/?p=29139\" \/>\n<meta property=\"og:locale\" content=\"en_US\" \/>\n<meta property=\"og:type\" content=\"article\" \/>\n<meta property=\"og:title\" content=\"Lista Serbe shkel t\u00eb drejtat themelore t\u00eb njeriut p\u00ebr hir t\u00eb lajkatimit t\u00eb regjimit n\u00eb Beograd -\" \/>\n<meta property=\"og:description\" content=\"Mitrovic\u00eb e Veriut, 26 janar 2026 11:42 Vendimi i komun\u00ebs s\u00eb Mitrovic\u00ebs s\u00eb Veriut p\u00ebr t\u00eb ndaluar ngritjen e nj\u00eb tende p\u00ebr mbledhjen e n\u00ebnshkrimeve\" \/>\n<meta property=\"og:url\" content=\"https:\/\/veritasinfo.org\/?p=29139\" \/>\n<meta property=\"article:published_time\" content=\"2026-01-26T10:42:31+00:00\" \/>\n<meta property=\"og:image\" content=\"https:\/\/veritasinfo.org\/wp-content\/uploads\/2026\/01\/1000079899.jpg\" \/>\n\t<meta property=\"og:image:width\" content=\"1080\" \/>\n\t<meta property=\"og:image:height\" content=\"596\" \/>\n\t<meta property=\"og:image:type\" content=\"image\/jpeg\" \/>\n<meta name=\"author\" content=\"US1\" \/>\n<meta name=\"twitter:card\" content=\"summary_large_image\" \/>\n<meta name=\"twitter:label1\" content=\"Written by\" \/>\n\t<meta name=\"twitter:data1\" content=\"US1\" \/>\n\t<meta name=\"twitter:label2\" content=\"Est. reading time\" \/>\n\t<meta name=\"twitter:data2\" content=\"2 minutes\" \/>\n<script type=\"application\/ld+json\" class=\"yoast-schema-graph\">{\"@context\":\"https:\/\/schema.org\",\"@graph\":[{\"@type\":\"WebPage\",\"@id\":\"https:\/\/veritasinfo.org\/?p=29139\",\"url\":\"https:\/\/veritasinfo.org\/?p=29139\",\"name\":\"Lista Serbe shkel t\u00eb drejtat themelore t\u00eb njeriut p\u00ebr hir t\u00eb lajkatimit t\u00eb regjimit n\u00eb Beograd -\",\"isPartOf\":{\"@id\":\"https:\/\/veritasinfo.org\/#website\"},\"primaryImageOfPage\":{\"@id\":\"https:\/\/veritasinfo.org\/?p=29139#primaryimage\"},\"image\":{\"@id\":\"https:\/\/veritasinfo.org\/?p=29139#primaryimage\"},\"thumbnailUrl\":\"https:\/\/veritasinfo.org\/wp-content\/uploads\/2026\/01\/1000079899.jpg\",\"datePublished\":\"2026-01-26T10:42:31+00:00\",\"author\":{\"@id\":\"https:\/\/veritasinfo.org\/#\/schema\/person\/c2b8be262ea994d0995addca692c5e98\"},\"breadcrumb\":{\"@id\":\"https:\/\/veritasinfo.org\/?p=29139#breadcrumb\"},\"inLanguage\":\"en-US\",\"potentialAction\":[{\"@type\":\"ReadAction\",\"target\":[\"https:\/\/veritasinfo.org\/?p=29139\"]}]},{\"@type\":\"ImageObject\",\"inLanguage\":\"en-US\",\"@id\":\"https:\/\/veritasinfo.org\/?p=29139#primaryimage\",\"url\":\"https:\/\/veritasinfo.org\/wp-content\/uploads\/2026\/01\/1000079899.jpg\",\"contentUrl\":\"https:\/\/veritasinfo.org\/wp-content\/uploads\/2026\/01\/1000079899.jpg\",\"width\":1080,\"height\":596},{\"@type\":\"BreadcrumbList\",\"@id\":\"https:\/\/veritasinfo.org\/?p=29139#breadcrumb\",\"itemListElement\":[{\"@type\":\"ListItem\",\"position\":1,\"name\":\"Home\",\"item\":\"https:\/\/veritasinfo.org\/\"},{\"@type\":\"ListItem\",\"position\":2,\"name\":\"Lista Serbe shkel t\u00eb drejtat themelore t\u00eb njeriut p\u00ebr hir t\u00eb lajkatimit t\u00eb regjimit n\u00eb Beograd\"}]},{\"@type\":\"WebSite\",\"@id\":\"https:\/\/veritasinfo.org\/#website\",\"url\":\"https:\/\/veritasinfo.org\/\",\"name\":\"\",\"description\":\"\",\"potentialAction\":[{\"@type\":\"SearchAction\",\"target\":{\"@type\":\"EntryPoint\",\"urlTemplate\":\"https:\/\/veritasinfo.org\/?s={search_term_string}\"},\"query-input\":{\"@type\":\"PropertyValueSpecification\",\"valueRequired\":true,\"valueName\":\"search_term_string\"}}],\"inLanguage\":\"en-US\"},{\"@type\":\"Person\",\"@id\":\"https:\/\/veritasinfo.org\/#\/schema\/person\/c2b8be262ea994d0995addca692c5e98\",\"name\":\"US1\",\"image\":{\"@type\":\"ImageObject\",\"inLanguage\":\"en-US\",\"@id\":\"https:\/\/veritasinfo.org\/#\/schema\/person\/image\/\",\"url\":\"https:\/\/secure.gravatar.com\/avatar\/4e96a59bd256abf9956eb9963ac891a47461ffb364d47b0e9aab113328fdb75b?s=96&d=mm&r=g\",\"contentUrl\":\"https:\/\/secure.gravatar.com\/avatar\/4e96a59bd256abf9956eb9963ac891a47461ffb364d47b0e9aab113328fdb75b?s=96&d=mm&r=g\",\"caption\":\"US1\"},\"url\":\"https:\/\/veritasinfo.org\/?author=2\"}]}<\/script>\n<!-- \/ Yoast SEO plugin. -->","yoast_head_json":{"title":"Lista Serbe shkel t\u00eb drejtat themelore t\u00eb njeriut p\u00ebr hir t\u00eb lajkatimit t\u00eb regjimit n\u00eb Beograd -","robots":{"index":"index","follow":"follow","max-snippet":"max-snippet:-1","max-image-preview":"max-image-preview:large","max-video-preview":"max-video-preview:-1"},"canonical":"https:\/\/veritasinfo.org\/?p=29139","og_locale":"en_US","og_type":"article","og_title":"Lista Serbe shkel t\u00eb drejtat themelore t\u00eb njeriut p\u00ebr hir t\u00eb lajkatimit t\u00eb regjimit n\u00eb Beograd -","og_description":"Mitrovic\u00eb e Veriut, 26 janar 2026 11:42 Vendimi i komun\u00ebs s\u00eb Mitrovic\u00ebs s\u00eb Veriut p\u00ebr t\u00eb ndaluar ngritjen e nj\u00eb tende p\u00ebr mbledhjen e n\u00ebnshkrimeve","og_url":"https:\/\/veritasinfo.org\/?p=29139","article_published_time":"2026-01-26T10:42:31+00:00","og_image":[{"width":1080,"height":596,"url":"https:\/\/veritasinfo.org\/wp-content\/uploads\/2026\/01\/1000079899.jpg","type":"image\/jpeg"}],"author":"US1","twitter_card":"summary_large_image","twitter_misc":{"Written by":"US1","Est. reading time":"2 minutes"},"schema":{"@context":"https:\/\/schema.org","@graph":[{"@type":"WebPage","@id":"https:\/\/veritasinfo.org\/?p=29139","url":"https:\/\/veritasinfo.org\/?p=29139","name":"Lista Serbe shkel t\u00eb drejtat themelore t\u00eb njeriut p\u00ebr hir t\u00eb lajkatimit t\u00eb regjimit n\u00eb Beograd -","isPartOf":{"@id":"https:\/\/veritasinfo.org\/#website"},"primaryImageOfPage":{"@id":"https:\/\/veritasinfo.org\/?p=29139#primaryimage"},"image":{"@id":"https:\/\/veritasinfo.org\/?p=29139#primaryimage"},"thumbnailUrl":"https:\/\/veritasinfo.org\/wp-content\/uploads\/2026\/01\/1000079899.jpg","datePublished":"2026-01-26T10:42:31+00:00","author":{"@id":"https:\/\/veritasinfo.org\/#\/schema\/person\/c2b8be262ea994d0995addca692c5e98"},"breadcrumb":{"@id":"https:\/\/veritasinfo.org\/?p=29139#breadcrumb"},"inLanguage":"en-US","potentialAction":[{"@type":"ReadAction","target":["https:\/\/veritasinfo.org\/?p=29139"]}]},{"@type":"ImageObject","inLanguage":"en-US","@id":"https:\/\/veritasinfo.org\/?p=29139#primaryimage","url":"https:\/\/veritasinfo.org\/wp-content\/uploads\/2026\/01\/1000079899.jpg","contentUrl":"https:\/\/veritasinfo.org\/wp-content\/uploads\/2026\/01\/1000079899.jpg","width":1080,"height":596},{"@type":"BreadcrumbList","@id":"https:\/\/veritasinfo.org\/?p=29139#breadcrumb","itemListElement":[{"@type":"ListItem","position":1,"name":"Home","item":"https:\/\/veritasinfo.org\/"},{"@type":"ListItem","position":2,"name":"Lista Serbe shkel t\u00eb drejtat themelore t\u00eb njeriut p\u00ebr hir t\u00eb lajkatimit t\u00eb regjimit n\u00eb Beograd"}]},{"@type":"WebSite","@id":"https:\/\/veritasinfo.org\/#website","url":"https:\/\/veritasinfo.org\/","name":"","description":"","potentialAction":[{"@type":"SearchAction","target":{"@type":"EntryPoint","urlTemplate":"https:\/\/veritasinfo.org\/?s={search_term_string}"},"query-input":{"@type":"PropertyValueSpecification","valueRequired":true,"valueName":"search_term_string"}}],"inLanguage":"en-US"},{"@type":"Person","@id":"https:\/\/veritasinfo.org\/#\/schema\/person\/c2b8be262ea994d0995addca692c5e98","name":"US1","image":{"@type":"ImageObject","inLanguage":"en-US","@id":"https:\/\/veritasinfo.org\/#\/schema\/person\/image\/","url":"https:\/\/secure.gravatar.com\/avatar\/4e96a59bd256abf9956eb9963ac891a47461ffb364d47b0e9aab113328fdb75b?s=96&d=mm&r=g","contentUrl":"https:\/\/secure.gravatar.com\/avatar\/4e96a59bd256abf9956eb9963ac891a47461ffb364d47b0e9aab113328fdb75b?s=96&d=mm&r=g","caption":"US1"},"url":"https:\/\/veritasinfo.org\/?author=2"}]}},"featured_image_urls":{"full":["https:\/\/veritasinfo.org\/wp-content\/uploads\/2026\/01\/1000079899.jpg",1080,596,false],"thumbnail":["https:\/\/veritasinfo.org\/wp-content\/uploads\/2026\/01\/1000079899-150x150.jpg",150,150,true],"medium":["https:\/\/veritasinfo.org\/wp-content\/uploads\/2026\/01\/1000079899-300x166.jpg",300,166,true],"medium_large":["https:\/\/veritasinfo.org\/wp-content\/uploads\/2026\/01\/1000079899-768x424.jpg",640,353,true],"large":["https:\/\/veritasinfo.org\/wp-content\/uploads\/2026\/01\/1000079899-1024x565.jpg",640,353,true],"1536x1536":["https:\/\/veritasinfo.org\/wp-content\/uploads\/2026\/01\/1000079899.jpg",1080,596,false],"2048x2048":["https:\/\/veritasinfo.org\/wp-content\/uploads\/2026\/01\/1000079899.jpg",1080,596,false],"kreeti-slider-full":["https:\/\/veritasinfo.org\/wp-content\/uploads\/2026\/01\/1000079899.jpg",1080,596,false],"kreeti-featured":["https:\/\/veritasinfo.org\/wp-content\/uploads\/2026\/01\/1000079899.jpg",1024,565,false],"kreeti-medium":["https:\/\/veritasinfo.org\/wp-content\/uploads\/2026\/01\/1000079899.jpg",720,397,false],"kreeti-medium-square":["https:\/\/veritasinfo.org\/wp-content\/uploads\/2026\/01\/1000079899.jpg",350,193,false]},"author_info":{"info":["US1"]},"category_info":"<a href=\"https:\/\/veritasinfo.org\/?cat=58\" rel=\"category\">Politik\u00eb<\/a>","tag_info":"Politik\u00eb","comment_count":"0","_links":{"self":[{"href":"https:\/\/veritasinfo.org\/index.php?rest_route=\/wp\/v2\/posts\/29139","targetHints":{"allow":["GET"]}}],"collection":[{"href":"https:\/\/veritasinfo.org\/index.php?rest_route=\/wp\/v2\/posts"}],"about":[{"href":"https:\/\/veritasinfo.org\/index.php?rest_route=\/wp\/v2\/types\/post"}],"author":[{"embeddable":true,"href":"https:\/\/veritasinfo.org\/index.php?rest_route=\/wp\/v2\/users\/2"}],"replies":[{"embeddable":true,"href":"https:\/\/veritasinfo.org\/index.php?rest_route=%2Fwp%2Fv2%2Fcomments&post=29139"}],"version-history":[{"count":1,"href":"https:\/\/veritasinfo.org\/index.php?rest_route=\/wp\/v2\/posts\/29139\/revisions"}],"predecessor-version":[{"id":29141,"href":"https:\/\/veritasinfo.org\/index.php?rest_route=\/wp\/v2\/posts\/29139\/revisions\/29141"}],"wp:featuredmedia":[{"embeddable":true,"href":"https:\/\/veritasinfo.org\/index.php?rest_route=\/wp\/v2\/media\/29140"}],"wp:attachment":[{"href":"https:\/\/veritasinfo.org\/index.php?rest_route=%2Fwp%2Fv2%2Fmedia&parent=29139"}],"wp:term":[{"taxonomy":"category","embeddable":true,"href":"https:\/\/veritasinfo.org\/index.php?rest_route=%2Fwp%2Fv2%2Fcategories&post=29139"},{"taxonomy":"post_tag","embeddable":true,"href":"https:\/\/veritasinfo.org\/index.php?rest_route=%2Fwp%2Fv2%2Ftags&post=29139"}],"curies":[{"name":"wp","href":"https:\/\/api.w.org\/{rel}","templated":true}]}}