{"id":29099,"date":"2026-01-26T06:57:03","date_gmt":"2026-01-26T05:57:03","guid":{"rendered":"https:\/\/veritasinfo.org\/?p=29099"},"modified":"2026-01-26T06:58:24","modified_gmt":"2026-01-26T05:58:24","slug":"nderpritet-qarkullimi-i-kamioneve-ne-pikat-kufitare-me-serbine","status":"publish","type":"post","link":"https:\/\/veritasinfo.org\/?p=29099","title":{"rendered":"Nd\u00ebrpritet qarkullimi i kamion\u00ebve n\u00eb pikat kufitare me Serbin\u00eb"},"content":{"rendered":"<p>Prishtin\u00eb, 26 janar 2026 06:55<\/p>\n<p>Qendra Komb\u00ebtare p\u00ebr Menaxhim Kufitar ka njoftuar p\u00ebr masa t\u00eb reja q\u00eb prekin drejtp\u00ebrdrejt qarkullimin e transportit t\u00eb mallrave, duke paralajm\u00ebruar nd\u00ebrprerje t\u00eb l\u00ebvizjes s\u00eb kamion\u00ebve n\u00eb pikat kufitare me Serbin\u00eb.<\/p>\n<p>Qendra Komb\u00ebtare p\u00ebr Menaxhim Kufitar (QKMK) ka njoftuar se duke filluar nga sot n\u00eb or\u00ebn 12:00 do t\u00eb ket\u00eb nd\u00ebrprerje t\u00eb qarkullimit t\u00eb kamion\u00ebve n\u00eb t\u00eb gjitha pikat e kalimit kufitar nd\u00ebrmjet Republik\u00ebs s\u00eb Kosov\u00ebs dhe Serbis\u00eb.<\/p>\n<p>Sipas njoftimit zyrtar, ky vendim vjen si pasoj\u00eb e masave t\u00eb nd\u00ebrmarra nga Bashkimi Evropian p\u00ebr shofer\u00ebt e kamion\u00ebve t\u00eb rajonit. N\u00eb k\u00ebt\u00eb kuad\u00ebr, protesta jan\u00eb paralajm\u00ebruar t\u00eb zhvillohen n\u00eb territorin e Serbis\u00eb dhe pritet t\u00eb zgjasin deri n\u00eb shtat\u00eb dit\u00eb.<\/p>\n<p>QKMK b\u00ebn t\u00eb ditur se k\u00ebto protesta do t\u00eb ken\u00eb ndikim t\u00eb drejtp\u00ebrdrejt\u00eb n\u00eb qarkullimin e mjeteve t\u00eb transportit t\u00eb mallrave, duke shkaktuar vonesa dhe mbingarkes\u00eb t\u00eb trafikut n\u00eb zonat kufitare t\u00eb Kosov\u00ebs me vendet e rajonit q\u00eb jan\u00eb t\u00eb p\u00ebrfshira n\u00eb protesta.<\/p>\n<p>N\u00eb k\u00ebt\u00eb situat\u00eb, Qendra Komb\u00ebtare p\u00ebr Menaxhim Kufitar u rekomandon shoqatave t\u00eb transportit t\u00eb mallrave, si dhe shofer\u00ebve t\u00eb kamion\u00ebve, q\u00eb t\u00eb mbajn\u00eb kontakte t\u00eb vazhdueshme me homolog\u00ebt dhe koleg\u00ebt e tyre n\u00eb rajon, me q\u00ebllim t\u00eb informimit t\u00eb sakt\u00eb dhe n\u00eb koh\u00eb p\u00ebr zhvillimet n\u00eb terren.<\/p>\n<p>Ndryshe, transportuesit e kamion\u00ebve nga nga Serbia, Bosnja dhe Hercegovina, Mali i Zi dhe Maqedonia e Veriut kan\u00eb paralajm\u00ebruar protesta t\u00eb p\u00ebrbashk\u00ebta duke parkuar mjetet e tyre n\u00eb pikat kufitare, si reagim ndaj sistemit t\u00eb ri t\u00eb hyrje-daljeve n\u00eb Bashkimin Evropian.<\/p>\n<p>Ata shprehin pak\u00ebnaq\u00ebsi p\u00ebr shkak t\u00eb kufizimit t\u00eb dit\u00ebve t\u00eb q\u00ebndrimit t\u00eb shofer\u00ebve, q\u00eb sipas tyre po d\u00ebmton r\u00ebnd\u00eb sektorin e transportit. Si pasoj\u00eb, t\u00eb gjitha pikat kufitare do t\u00eb mbyllen p\u00ebr qarkullimin e kamion\u00ebve me ngarkes\u00eb, nd\u00ebrsa autobus\u00ebt dhe automjetet personale do t\u00eb lejohen t\u00eb kalojn\u00eb normalisht.<\/p>\n<p>Sipas Biljana Muratovsk\u00ebs nga Asociacioni i Transportuesve \u201cMakam-Trans\u201d, nga pala maqedonase do t\u00eb bllokohen pikat kufitare n\u00eb Deve Bair, Dell\u00e7ev\u00eb, Novo Sell\u00eb, Dojran, Bogorodic\u00eb, Mexhitli, Qaf\u00eb Than\u00eb, Bllat\u00eb n\u00eb Dib\u00ebr dhe Bllac\u00eb.<\/p>\n<p>Transportuesit k\u00ebrkojn\u00eb trajtim t\u00eb barabart\u00eb, duke theksuar se p\u00ebr sektor\u00eb t\u00eb tjer\u00eb t\u00eb transportit ekzistojn\u00eb p\u00ebrjashtime, nd\u00ebrsa p\u00ebr shofer\u00ebt e kamion\u00ebve jo. Sipas tyre, zgjidhja \u00ebsht\u00eb e thjesht\u00eb: edhe ata t\u00eb p\u00ebrfshihen n\u00eb p\u00ebrjashtimet q\u00eb vlejn\u00eb p\u00ebr personelin e transportit ajror, detar dhe hekurudhor.<!--more--><\/p>\n","protected":false},"excerpt":{"rendered":"<p>Prishtin\u00eb, 26 janar 2026 06:55 Qendra Komb\u00ebtare p\u00ebr Menaxhim Kufitar ka njoftuar p\u00ebr masa t\u00eb reja q\u00eb prekin drejtp\u00ebrdrejt qarkullimin e transportit t\u00eb mallrave, duke<\/p>\n","protected":false},"author":7,"featured_media":29100,"comment_status":"open","ping_status":"open","sticky":false,"template":"","format":"standard","meta":{"footnotes":""},"categories":[60],"tags":[],"class_list":["post-29099","post","type-post","status-publish","format-standard","has-post-thumbnail","hentry","category-shoqerore-sq"],"yoast_head":"<!-- This site is optimized with the Yoast SEO plugin v25.3.1 - https:\/\/yoast.com\/wordpress\/plugins\/seo\/ -->\n<title>Nd\u00ebrpritet qarkullimi i kamion\u00ebve n\u00eb pikat kufitare me Serbin\u00eb -<\/title>\n<meta name=\"robots\" content=\"index, follow, max-snippet:-1, max-image-preview:large, max-video-preview:-1\" \/>\n<link rel=\"canonical\" href=\"https:\/\/veritasinfo.org\/?p=29099\" \/>\n<meta property=\"og:locale\" content=\"en_US\" \/>\n<meta property=\"og:type\" content=\"article\" \/>\n<meta property=\"og:title\" content=\"Nd\u00ebrpritet qarkullimi i kamion\u00ebve n\u00eb pikat kufitare me Serbin\u00eb -\" \/>\n<meta property=\"og:description\" content=\"Prishtin\u00eb, 26 janar 2026 06:55 Qendra Komb\u00ebtare p\u00ebr Menaxhim Kufitar ka njoftuar p\u00ebr masa t\u00eb reja q\u00eb prekin drejtp\u00ebrdrejt qarkullimin e transportit t\u00eb mallrave, duke\" \/>\n<meta property=\"og:url\" content=\"https:\/\/veritasinfo.org\/?p=29099\" \/>\n<meta property=\"article:published_time\" content=\"2026-01-26T05:57:03+00:00\" \/>\n<meta property=\"article:modified_time\" content=\"2026-01-26T05:58:24+00:00\" \/>\n<meta property=\"og:image\" content=\"https:\/\/veritasinfo.org\/wp-content\/uploads\/2026\/01\/images-13.jpeg\" \/>\n\t<meta property=\"og:image:width\" content=\"577\" \/>\n\t<meta property=\"og:image:height\" content=\"346\" \/>\n\t<meta property=\"og:image:type\" content=\"image\/jpeg\" \/>\n<meta name=\"author\" content=\"US6\" \/>\n<meta name=\"twitter:card\" content=\"summary_large_image\" \/>\n<meta name=\"twitter:label1\" content=\"Written by\" \/>\n\t<meta name=\"twitter:data1\" content=\"US6\" \/>\n\t<meta name=\"twitter:label2\" content=\"Est. reading time\" \/>\n\t<meta name=\"twitter:data2\" content=\"2 minutes\" \/>\n<script type=\"application\/ld+json\" class=\"yoast-schema-graph\">{\"@context\":\"https:\/\/schema.org\",\"@graph\":[{\"@type\":\"WebPage\",\"@id\":\"https:\/\/veritasinfo.org\/?p=29099\",\"url\":\"https:\/\/veritasinfo.org\/?p=29099\",\"name\":\"Nd\u00ebrpritet qarkullimi i kamion\u00ebve n\u00eb pikat kufitare me Serbin\u00eb -\",\"isPartOf\":{\"@id\":\"https:\/\/veritasinfo.org\/#website\"},\"primaryImageOfPage\":{\"@id\":\"https:\/\/veritasinfo.org\/?p=29099#primaryimage\"},\"image\":{\"@id\":\"https:\/\/veritasinfo.org\/?p=29099#primaryimage\"},\"thumbnailUrl\":\"https:\/\/veritasinfo.org\/wp-content\/uploads\/2026\/01\/images-13.jpeg\",\"datePublished\":\"2026-01-26T05:57:03+00:00\",\"dateModified\":\"2026-01-26T05:58:24+00:00\",\"author\":{\"@id\":\"https:\/\/veritasinfo.org\/#\/schema\/person\/fe199eede04c3937362892b7444747cc\"},\"breadcrumb\":{\"@id\":\"https:\/\/veritasinfo.org\/?p=29099#breadcrumb\"},\"inLanguage\":\"en-US\",\"potentialAction\":[{\"@type\":\"ReadAction\",\"target\":[\"https:\/\/veritasinfo.org\/?p=29099\"]}]},{\"@type\":\"ImageObject\",\"inLanguage\":\"en-US\",\"@id\":\"https:\/\/veritasinfo.org\/?p=29099#primaryimage\",\"url\":\"https:\/\/veritasinfo.org\/wp-content\/uploads\/2026\/01\/images-13.jpeg\",\"contentUrl\":\"https:\/\/veritasinfo.org\/wp-content\/uploads\/2026\/01\/images-13.jpeg\",\"width\":577,\"height\":346},{\"@type\":\"BreadcrumbList\",\"@id\":\"https:\/\/veritasinfo.org\/?p=29099#breadcrumb\",\"itemListElement\":[{\"@type\":\"ListItem\",\"position\":1,\"name\":\"Home\",\"item\":\"https:\/\/veritasinfo.org\/\"},{\"@type\":\"ListItem\",\"position\":2,\"name\":\"Nd\u00ebrpritet qarkullimi i kamion\u00ebve n\u00eb pikat kufitare me Serbin\u00eb\"}]},{\"@type\":\"WebSite\",\"@id\":\"https:\/\/veritasinfo.org\/#website\",\"url\":\"https:\/\/veritasinfo.org\/\",\"name\":\"\",\"description\":\"\",\"potentialAction\":[{\"@type\":\"SearchAction\",\"target\":{\"@type\":\"EntryPoint\",\"urlTemplate\":\"https:\/\/veritasinfo.org\/?s={search_term_string}\"},\"query-input\":{\"@type\":\"PropertyValueSpecification\",\"valueRequired\":true,\"valueName\":\"search_term_string\"}}],\"inLanguage\":\"en-US\"},{\"@type\":\"Person\",\"@id\":\"https:\/\/veritasinfo.org\/#\/schema\/person\/fe199eede04c3937362892b7444747cc\",\"name\":\"US6\",\"image\":{\"@type\":\"ImageObject\",\"inLanguage\":\"en-US\",\"@id\":\"https:\/\/veritasinfo.org\/#\/schema\/person\/image\/\",\"url\":\"https:\/\/secure.gravatar.com\/avatar\/cb16c3c31c9d23b9b8c705964598220b3014e42ff51eb540ff23cefa3ae8c15f?s=96&d=mm&r=g\",\"contentUrl\":\"https:\/\/secure.gravatar.com\/avatar\/cb16c3c31c9d23b9b8c705964598220b3014e42ff51eb540ff23cefa3ae8c15f?s=96&d=mm&r=g\",\"caption\":\"US6\"},\"url\":\"https:\/\/veritasinfo.org\/?author=7\"}]}<\/script>\n<!-- \/ Yoast SEO plugin. -->","yoast_head_json":{"title":"Nd\u00ebrpritet qarkullimi i kamion\u00ebve n\u00eb pikat kufitare me Serbin\u00eb -","robots":{"index":"index","follow":"follow","max-snippet":"max-snippet:-1","max-image-preview":"max-image-preview:large","max-video-preview":"max-video-preview:-1"},"canonical":"https:\/\/veritasinfo.org\/?p=29099","og_locale":"en_US","og_type":"article","og_title":"Nd\u00ebrpritet qarkullimi i kamion\u00ebve n\u00eb pikat kufitare me Serbin\u00eb -","og_description":"Prishtin\u00eb, 26 janar 2026 06:55 Qendra Komb\u00ebtare p\u00ebr Menaxhim Kufitar ka njoftuar p\u00ebr masa t\u00eb reja q\u00eb prekin drejtp\u00ebrdrejt qarkullimin e transportit t\u00eb mallrave, duke","og_url":"https:\/\/veritasinfo.org\/?p=29099","article_published_time":"2026-01-26T05:57:03+00:00","article_modified_time":"2026-01-26T05:58:24+00:00","og_image":[{"width":577,"height":346,"url":"https:\/\/veritasinfo.org\/wp-content\/uploads\/2026\/01\/images-13.jpeg","type":"image\/jpeg"}],"author":"US6","twitter_card":"summary_large_image","twitter_misc":{"Written by":"US6","Est. reading time":"2 minutes"},"schema":{"@context":"https:\/\/schema.org","@graph":[{"@type":"WebPage","@id":"https:\/\/veritasinfo.org\/?p=29099","url":"https:\/\/veritasinfo.org\/?p=29099","name":"Nd\u00ebrpritet qarkullimi i kamion\u00ebve n\u00eb pikat kufitare me Serbin\u00eb -","isPartOf":{"@id":"https:\/\/veritasinfo.org\/#website"},"primaryImageOfPage":{"@id":"https:\/\/veritasinfo.org\/?p=29099#primaryimage"},"image":{"@id":"https:\/\/veritasinfo.org\/?p=29099#primaryimage"},"thumbnailUrl":"https:\/\/veritasinfo.org\/wp-content\/uploads\/2026\/01\/images-13.jpeg","datePublished":"2026-01-26T05:57:03+00:00","dateModified":"2026-01-26T05:58:24+00:00","author":{"@id":"https:\/\/veritasinfo.org\/#\/schema\/person\/fe199eede04c3937362892b7444747cc"},"breadcrumb":{"@id":"https:\/\/veritasinfo.org\/?p=29099#breadcrumb"},"inLanguage":"en-US","potentialAction":[{"@type":"ReadAction","target":["https:\/\/veritasinfo.org\/?p=29099"]}]},{"@type":"ImageObject","inLanguage":"en-US","@id":"https:\/\/veritasinfo.org\/?p=29099#primaryimage","url":"https:\/\/veritasinfo.org\/wp-content\/uploads\/2026\/01\/images-13.jpeg","contentUrl":"https:\/\/veritasinfo.org\/wp-content\/uploads\/2026\/01\/images-13.jpeg","width":577,"height":346},{"@type":"BreadcrumbList","@id":"https:\/\/veritasinfo.org\/?p=29099#breadcrumb","itemListElement":[{"@type":"ListItem","position":1,"name":"Home","item":"https:\/\/veritasinfo.org\/"},{"@type":"ListItem","position":2,"name":"Nd\u00ebrpritet qarkullimi i kamion\u00ebve n\u00eb pikat kufitare me Serbin\u00eb"}]},{"@type":"WebSite","@id":"https:\/\/veritasinfo.org\/#website","url":"https:\/\/veritasinfo.org\/","name":"","description":"","potentialAction":[{"@type":"SearchAction","target":{"@type":"EntryPoint","urlTemplate":"https:\/\/veritasinfo.org\/?s={search_term_string}"},"query-input":{"@type":"PropertyValueSpecification","valueRequired":true,"valueName":"search_term_string"}}],"inLanguage":"en-US"},{"@type":"Person","@id":"https:\/\/veritasinfo.org\/#\/schema\/person\/fe199eede04c3937362892b7444747cc","name":"US6","image":{"@type":"ImageObject","inLanguage":"en-US","@id":"https:\/\/veritasinfo.org\/#\/schema\/person\/image\/","url":"https:\/\/secure.gravatar.com\/avatar\/cb16c3c31c9d23b9b8c705964598220b3014e42ff51eb540ff23cefa3ae8c15f?s=96&d=mm&r=g","contentUrl":"https:\/\/secure.gravatar.com\/avatar\/cb16c3c31c9d23b9b8c705964598220b3014e42ff51eb540ff23cefa3ae8c15f?s=96&d=mm&r=g","caption":"US6"},"url":"https:\/\/veritasinfo.org\/?author=7"}]}},"featured_image_urls":{"full":["https:\/\/veritasinfo.org\/wp-content\/uploads\/2026\/01\/images-13.jpeg",577,346,false],"thumbnail":["https:\/\/veritasinfo.org\/wp-content\/uploads\/2026\/01\/images-13-150x150.jpeg",150,150,true],"medium":["https:\/\/veritasinfo.org\/wp-content\/uploads\/2026\/01\/images-13-300x180.jpeg",300,180,true],"medium_large":["https:\/\/veritasinfo.org\/wp-content\/uploads\/2026\/01\/images-13.jpeg",577,346,false],"large":["https:\/\/veritasinfo.org\/wp-content\/uploads\/2026\/01\/images-13.jpeg",577,346,false],"1536x1536":["https:\/\/veritasinfo.org\/wp-content\/uploads\/2026\/01\/images-13.jpeg",577,346,false],"2048x2048":["https:\/\/veritasinfo.org\/wp-content\/uploads\/2026\/01\/images-13.jpeg",577,346,false],"kreeti-slider-full":["https:\/\/veritasinfo.org\/wp-content\/uploads\/2026\/01\/images-13.jpeg",577,346,false],"kreeti-featured":["https:\/\/veritasinfo.org\/wp-content\/uploads\/2026\/01\/images-13.jpeg",577,346,false],"kreeti-medium":["https:\/\/veritasinfo.org\/wp-content\/uploads\/2026\/01\/images-13.jpeg",577,346,false],"kreeti-medium-square":["https:\/\/veritasinfo.org\/wp-content\/uploads\/2026\/01\/images-13.jpeg",350,210,false]},"author_info":{"info":["US6"]},"category_info":"<a href=\"https:\/\/veritasinfo.org\/?cat=60\" rel=\"category\">Shoq\u00ebrore<\/a>","tag_info":"Shoq\u00ebrore","comment_count":"0","_links":{"self":[{"href":"https:\/\/veritasinfo.org\/index.php?rest_route=\/wp\/v2\/posts\/29099","targetHints":{"allow":["GET"]}}],"collection":[{"href":"https:\/\/veritasinfo.org\/index.php?rest_route=\/wp\/v2\/posts"}],"about":[{"href":"https:\/\/veritasinfo.org\/index.php?rest_route=\/wp\/v2\/types\/post"}],"author":[{"embeddable":true,"href":"https:\/\/veritasinfo.org\/index.php?rest_route=\/wp\/v2\/users\/7"}],"replies":[{"embeddable":true,"href":"https:\/\/veritasinfo.org\/index.php?rest_route=%2Fwp%2Fv2%2Fcomments&post=29099"}],"version-history":[{"count":2,"href":"https:\/\/veritasinfo.org\/index.php?rest_route=\/wp\/v2\/posts\/29099\/revisions"}],"predecessor-version":[{"id":29102,"href":"https:\/\/veritasinfo.org\/index.php?rest_route=\/wp\/v2\/posts\/29099\/revisions\/29102"}],"wp:featuredmedia":[{"embeddable":true,"href":"https:\/\/veritasinfo.org\/index.php?rest_route=\/wp\/v2\/media\/29100"}],"wp:attachment":[{"href":"https:\/\/veritasinfo.org\/index.php?rest_route=%2Fwp%2Fv2%2Fmedia&parent=29099"}],"wp:term":[{"taxonomy":"category","embeddable":true,"href":"https:\/\/veritasinfo.org\/index.php?rest_route=%2Fwp%2Fv2%2Fcategories&post=29099"},{"taxonomy":"post_tag","embeddable":true,"href":"https:\/\/veritasinfo.org\/index.php?rest_route=%2Fwp%2Fv2%2Ftags&post=29099"}],"curies":[{"name":"wp","href":"https:\/\/api.w.org\/{rel}","templated":true}]}}