{"id":29060,"date":"2026-01-25T13:26:09","date_gmt":"2026-01-25T12:26:09","guid":{"rendered":"https:\/\/veritasinfo.org\/?p=29060"},"modified":"2026-01-25T13:26:39","modified_gmt":"2026-01-25T12:26:39","slug":"avokatet-optimiste-per-lirimin-e-ish-krereve-te-uck-se-25-janar-2026-0956-njohes-te-ceshtjeve-te-drejtesise-jane-optimiste-per-nje-vendim-lirues-ne-rastin-e-ish-krereve-te-ushtrise-clirimtare-te-k","status":"publish","type":"post","link":"https:\/\/veritasinfo.org\/?p=29060","title":{"rendered":"Avokat\u00ebt, optimist\u00eb p\u00ebr lirimin e ish-krer\u00ebve t\u00eb U\u00c7K-s\u00eb"},"content":{"rendered":"<p>Prishtin\u00eb, 25 janar 2026 13:25<\/p>\n<p>Njoh\u00ebs t\u00eb \u00e7\u00ebshtjeve t\u00eb drejt\u00ebsis\u00eb jan\u00eb optimist\u00eb p\u00ebr nj\u00eb vendim lirues, n\u00eb rastin e ish-krer\u00ebve t\u00eb Ushtris\u00eb \u00c7lirimtare t\u00eb Kosov\u00ebs, teksa Gjykata Speciale n\u00eb Hag\u00eb ka pranuar dosjet p\u00ebrfundimtare nga prokuroria, avokati i viktimave dhe ekipet mbrojt\u00ebse t\u00eb Hashim Tha\u00e7it, Kadri Veselit, Rexhep Selimit dhe Jakup Krasniqit.<\/p>\n<p>Sipas procedur\u00ebs, fjal\u00ebt p\u00ebrfundimtare t\u00eb pal\u00ebve pritet t\u00eb mbahen nga 9 deri m\u00eb 18 shkurt, nd\u00ebrsa pas p\u00ebrfundimit t\u00eb tyre procesi gjyq\u00ebsor konsiderohet zyrtarisht i mbyllur. Kat\u00ebr t\u00eb akuzuarit ndodhen n\u00eb paraburgim n\u00eb Hag\u00eb q\u00eb nga n\u00ebntori i vitit 2020.<\/p>\n<p>Avokati Ardian Bajraktari tha se kjo faz\u00eb \u00ebsht\u00eb vendimtare p\u00ebr procesin gjyq\u00ebsor dhe se, sipas tij, d\u00ebshmit\u00eb e mbrojtjes kan\u00eb qen\u00eb relevante.<\/p>\n<p>\u201cNatyrisht pas b\u00ebrjes publike t\u00eb datave kur do t\u00eb d\u00ebgjohen deklaratat p\u00ebrmbyll\u00ebse t\u00eb palave. Trupi gjykues ka caktua paraprakisht edhe afatin brenda s\u00eb cil\u00ebs pal\u00ebt kan\u00eb qen\u00eb t\u00eb detyruar t\u00eb paraqesin versionet me shkrim t\u00eb deklaratave veprim t\u00eb cil\u00ebn tashm\u00eb e kan\u00eb b\u00ebr\u00eb dhe deklaratat p\u00ebrmbyll\u00ebse do t\u00eb b\u00ebhen nga data 9 deri m\u00eb 18 shkurt ku realisht \u00ebsht\u00eb edhe faza e fundit ku pal\u00ebt mund t\u00eb paraqesin pik\u00ebpamjet e tyre n\u00eb lidhje me akuzat dhe natyrisht kund\u00ebr argumentimin q\u00eb do t\u2019i b\u00ebj\u00eb mbrojtja. Ajo \u00e7ka \u00ebsht\u00eb e r\u00ebnd\u00ebsishme t\u00eb theksohet \u00ebsht\u00eb q\u00eb kjo \u00ebsht\u00eb faz\u00eb jasht\u00ebzakonisht e r\u00ebnd\u00ebsishme ku pal\u00ebt me theks t\u00eb ve\u00e7ant\u00eb mbrojtja duhet t\u00eb fokusohet te eleganca e d\u00ebshmive dhe t\u00eb besueshm\u00ebria e deklaratave me theks t\u00eb ve\u00e7ant\u00eb d\u00ebshmitareve n\u00eb k\u00ebt\u00eb drejtim vler\u00ebsoj q\u00eb d\u00ebshmitar\u00ebt e mbrojtjes kan\u00eb qen\u00eb relevant kan\u00eb qen\u00eb jasht\u00ebzakonisht t\u00eb p\u00ebrgatitur, shum\u00eb persona t\u00eb p\u00ebrfshir\u00eb n\u00eb k\u00ebt\u00eb proces \u00e7ka i b\u00ebn d\u00ebshmitar okular p\u00ebr \u00e7ka n\u00eb bindjen time deklaratat e tyre jo vet\u00ebm q\u00eb kan\u00eb shku n\u00eb funksion t\u00eb mbrojtjes mir\u00ebpo para se gjithash n\u00eb radh\u00eb t\u00eb par\u00eb kan\u00eb shku n\u00eb funksion t\u00eb s\u00eb v\u00ebrtet\u00ebs \u00ebsht\u00eb konstatuar ajo q\u00eb dihej nga fillimi fakti q\u00eb Ushtria \u00c7lirimtare e Kosov\u00ebs nuk ka pas nj\u00eb struktur\u00eb hierarki t\u00eb mir\u00ebfillta komanduese nuk ka pas mund\u00ebsi t\u00eb ushtrimit efektiv t\u00eb kontrollit si dy prej elementeve esenciale p\u00ebr tu konstatuar p\u00ebrgjegj\u00ebsia komanduese p\u00ebr \u00e7ka ballafaqohen me k\u00ebto akuza kat\u00ebrshja e U\u00c7K-s\u00eb\u201d, tha ai.<\/p>\n<p>Ai shtoi se, sipas tij, prokuroria nuk ka arritur t\u2019i argumentoj\u00eb pretendimet.<\/p>\n<p>\u201cMe aq sa kemi par\u00eb deri tash natyrisht n\u00eb bindjen time tezat e prokuroris\u00eb n\u00eb lidhje me at\u00eb se \u00e7ka n\u00eb fakt pretendon ajo nuk kan\u00eb arrite me u argumentu dhe d\u00ebshmit\u00eb e d\u00ebshmitar\u00ebve por edhe dokumentet e tjera t\u00eb cilat e kan\u00eb shoq\u00ebruar deklarimet e d\u00ebshmitar\u00ebve t\u00eb mbrojtjes si\u00e7 jan\u00eb raporte t\u00eb administrat\u00ebs amerikane por edhe dokumente t\u00eb tjera shum\u00eb relevante t\u00eb koh\u00ebs e kan\u00eb konfirmu at\u00eb q\u00eb nuk kan\u00eb arrit mu argumentuar tezat e prokuroris\u00eb p\u00ebr sa i p\u00ebrket \u00e7\u00ebshtjes s\u00eb ekzistimit t\u00eb nj\u00eb strukture dhe hierarkie p\u00ebr m\u00eb tep\u00ebr jo n\u00eb pak raste e kemi par\u00eb d\u00ebshmitar\u00ebt e mbrojtjes me theks t\u00eb ve\u00e7ante kan\u00eb paraqit v\u00ebshtir\u00ebsit\u00eb s\u00eb tyre p\u00ebr sa i p\u00ebrket m\u00ebnyr\u00ebs s\u00eb komunikimit me njer\u00ebz t\u00eb U\u00c7K \u00e7ka d\u00ebshmon qartazi q\u00eb nuk ka pas nj\u00eb struktur\u00eb apo hierarki komanduese. Vlen t\u00eb theksohet fakti q\u00eb pas p\u00ebrfundimit t\u00eb deklarimit t\u00eb deklaratave p\u00ebrmbyll\u00ebs kryetari i trupit gjykues e konstaton t\u00eb mbyllur procesin dhe pas k\u00ebsaj trupi gjykues ka afat tre muaj me mund\u00ebsi edhe dy muaj t\u00eb tjer\u00eb shtes\u00eb q\u00eb ta shqyrtoj komplet dosjen dhe t\u00eb marr vendim dhe n\u00eb bindjen time me aq sa kemi par\u00eb besoj se do t\u00eb jet\u00eb vendim lirues dhe rinkonfirumues q\u00eb U\u00c7K-ja nuk ka kryer krime, nuk ka pas q\u00ebllim t\u00eb kryej krime, nuk ka pas nj\u00eb struktur\u00eb nj\u00eb hierarki p\u00ebr \u00e7ka natyrisht un\u00eb jam optimist q\u00eb nga qershori eventualisht nga korriku t\u00eb k\u00ebtij viti do ta kemi epilogun n\u00eb shkall\u00eb te par\u00eb t\u00eb k\u00ebsaj \u00e7\u00ebshtje\u201d, tha ai.<\/p>\n<p>Bajraktari foli edhe p\u00ebr shkelje gjat\u00eb procesit.<\/p>\n<p>\u201cKa qen\u00eb nj\u00eb proces i st\u00ebrzgjatur me shkelje bukur t\u00eb m\u00ebdha filluar nga mungesa e theksuar e transparenc\u00ebs \u00e7ka ka rezulto me cenimin e njeriut prej elementeve esenciale p\u00ebr nj\u00eb gjykim t\u00eb drejt\u00eb si\u00e7 \u00ebsht\u00eb \u00e7\u00ebshtja e parimit t\u00eb publicitetit n\u00eb procedur\u00eb pastaj natyrisht kemi par\u00eb edhe prova me t\u00eb cilat jo n\u00eb pak raste kan\u00eb qen\u00eb jokredibile jo t\u00eb besueshme por p\u00ebr me tep\u00ebr n\u00eb bindjen time jan\u00eb marr edhe n\u00eb kund\u00ebrshtim me vet dispozitat e rregullores t\u00eb provave pastaj e po ashtu kemi par\u00eb edhe nj\u00eb qasje jo balancues n\u00eb raport me pal\u00ebt sa i p\u00ebrket trupi gjykues p\u00ebr m\u00eb tep\u00ebr nj\u00eb nga shkeljet e m\u00ebdha dhe n\u00eb vazhdim\u00ebsi ka qen\u00eb masa e paraburgimit si masa m\u00eb e ashp\u00ebr p\u00ebr sigurimin e prezenc\u00ebs s\u00eb pandehurit n\u00eb procedur\u00eb. Kjo mas\u00eb n\u00eb bindjen time ka qen\u00eb jo proporcionale n\u00eb rast jo m\u00eb her\u00ebt s\u00eb paku nga fillimi i prillit i vitit q\u00eb shkoj n\u00eb koh\u00ebn kur pati p\u00ebrfunduar s\u00eb d\u00ebgjuari lista e d\u00ebshmitar\u00ebve t\u00eb prokuroris\u00eb pastaj po ashtu kemi pa edhe prova dhe d\u00ebshmitar\u00eb t\u00eb cil\u00ebt kan\u00eb ekzagjerua nj\u00eb s\u00eb paku prej tyre e ka pranuar publikisht q\u00eb ka ekzagjeruar m\u00eb tep\u00ebr sa q\u00eb ka p\u00ebrjetuar p\u00ebr me tep\u00ebr e kemi par\u00eb edhe nj\u00eb d\u00ebshmitare nga komuniteti serb nga rajoni i Rahovecit ku e pranuar me z\u00eb deklaratat t\u00eb cilat i d\u00ebgjoheshin nuk i ka th\u00ebn\u00eb asnj\u00ebher\u00eb. Te gjitha k\u00ebto e b\u00ebjn\u00eb q\u00eb nj\u00eb proces n\u00eb bindjen time \u00ebsht\u00eb shoq\u00ebruar me shkelje t\u00eb vazhdueshme dhe jo t\u00eb pakta por megjithat\u00eb un\u00eb jam optimist q\u00eb fundi i procesit do t\u00eb rezultoj\u00eb suksessh\u00ebm\u201d, tha Bajraktari p\u00ebr Ekonomia Online.<\/p>\n<p>Nd\u00ebrkoh\u00eb, avokati Arb\u00ebr Jashari u shpreh m\u00eb i rezervuar p\u00ebr parashikime, por tha se sipas tij aktakuza nuk \u00ebsht\u00eb v\u00ebrtetuar.<\/p>\n<p>\u201cMendoj q\u00eb \u00ebsht\u00eb jo serioze dhe askush nuk e di se si do t\u00eb vij\u00eb fundi i nj\u00eb procesi gjyq\u00ebsor. Njer\u00ebzit mund t\u00eb flasin n\u00eb baz\u00eb t\u00eb d\u00ebshirave dhe mund t\u00eb jen\u00eb subjektiv, por gjithsesi un\u00eb si profesionist jam i bindur q\u00eb nga ajo q\u00eb kemi par\u00eb gjat\u00eb gjith\u00eb shqyrtimit kryesor nuk \u00ebsht\u00eb v\u00ebrtetuar asnj\u00eb pik\u00eb e aktakuz\u00ebs. Por gjithsesi mbetet t\u00eb shihet deri n\u00eb p\u00ebrfundim t\u00eb procesit gjyq\u00ebsor, sepse ka pasur shum\u00eb gj\u00ebra q\u00eb gjykata nuk i ka transmetuar si pasoj\u00eb e seancave t\u00eb mbyllura p\u00ebr shkak t\u00eb ruajtjes s\u00eb identitetit t\u00eb d\u00ebshmitar\u00ebve\u201d, tha ai.<\/p>\n<p>Ai shtoi se ka shqet\u00ebsime p\u00ebr qasje subjektive t\u00eb gjykat\u00ebs.<\/p>\n<p>\u201cAjo q\u00eb m\u00eb tremb m\u00eb s\u00eb shumti \u00ebsht\u00eb q\u00eb kjo gjykat\u00eb mund t\u00eb tregohet subjektive, pra pavar\u00ebsisht se n\u00eb k\u00ebndv\u00ebshtrimin ton\u00eb si profesionist\u00eb nuk \u00ebsht\u00eb v\u00ebrtetuar asnj\u00eb prej pikave t\u00eb aktakuz\u00ebs p\u00ebr asnj\u00eb prej t\u00eb akuzuarve. Reagimet e gjykat\u00ebs her\u00eb pas here kan\u00eb l\u00ebn\u00eb me besu q\u00eb mund t\u00eb jet\u00eb subjektive dhe mund t\u00eb jet\u00eb e anshme, gj\u00eb q\u00eb p\u00ebrb\u00ebn nj\u00eb frik\u00eb reale p\u00ebr fundin e procesit. Por n\u00ebse do t\u00eb kishte drejt\u00ebsi dhe n\u00ebse do t\u00eb p\u00ebrdoreshin n\u00eb zbatim standardet m\u00eb t\u00eb larta t\u00eb drejt\u00ebsis\u00eb t\u00eb t\u00eb gjykuarit, at\u00ebher\u00eb besoj q\u00eb do t\u00eb kishte nj\u00eb aktgjykim lirues p\u00ebr gjith\u00eb t\u00eb akuzuarit\u201d, tha ai.<\/p>\n","protected":false},"excerpt":{"rendered":"<p>Prishtin\u00eb, 25 janar 2026 13:25 Njoh\u00ebs t\u00eb \u00e7\u00ebshtjeve t\u00eb drejt\u00ebsis\u00eb jan\u00eb optimist\u00eb p\u00ebr nj\u00eb vendim lirues, n\u00eb rastin e ish-krer\u00ebve t\u00eb Ushtris\u00eb \u00c7lirimtare t\u00eb Kosov\u00ebs,<\/p>\n","protected":false},"author":7,"featured_media":29061,"comment_status":"open","ping_status":"open","sticky":false,"template":"","format":"standard","meta":{"footnotes":""},"categories":[60],"tags":[],"class_list":["post-29060","post","type-post","status-publish","format-standard","has-post-thumbnail","hentry","category-shoqerore-sq"],"yoast_head":"<!-- This site is optimized with the Yoast SEO plugin v25.3.1 - https:\/\/yoast.com\/wordpress\/plugins\/seo\/ -->\n<title>Avokat\u00ebt, optimist\u00eb p\u00ebr lirimin e ish-krer\u00ebve t\u00eb U\u00c7K-s\u00eb -<\/title>\n<meta name=\"robots\" content=\"index, follow, max-snippet:-1, max-image-preview:large, max-video-preview:-1\" \/>\n<link rel=\"canonical\" href=\"https:\/\/veritasinfo.org\/?p=29060\" \/>\n<meta property=\"og:locale\" content=\"en_US\" \/>\n<meta property=\"og:type\" content=\"article\" \/>\n<meta property=\"og:title\" content=\"Avokat\u00ebt, optimist\u00eb p\u00ebr lirimin e ish-krer\u00ebve t\u00eb U\u00c7K-s\u00eb -\" \/>\n<meta property=\"og:description\" content=\"Prishtin\u00eb, 25 janar 2026 13:25 Njoh\u00ebs t\u00eb \u00e7\u00ebshtjeve t\u00eb drejt\u00ebsis\u00eb jan\u00eb optimist\u00eb p\u00ebr nj\u00eb vendim lirues, n\u00eb rastin e ish-krer\u00ebve t\u00eb Ushtris\u00eb \u00c7lirimtare t\u00eb Kosov\u00ebs,\" \/>\n<meta property=\"og:url\" content=\"https:\/\/veritasinfo.org\/?p=29060\" \/>\n<meta property=\"article:published_time\" content=\"2026-01-25T12:26:09+00:00\" \/>\n<meta property=\"article:modified_time\" content=\"2026-01-25T12:26:39+00:00\" \/>\n<meta property=\"og:image\" content=\"https:\/\/veritasinfo.org\/wp-content\/uploads\/2026\/01\/1-72.jpg\" \/>\n\t<meta property=\"og:image:width\" content=\"800\" \/>\n\t<meta property=\"og:image:height\" content=\"449\" \/>\n\t<meta property=\"og:image:type\" content=\"image\/jpeg\" \/>\n<meta name=\"author\" content=\"US6\" \/>\n<meta name=\"twitter:card\" content=\"summary_large_image\" \/>\n<meta name=\"twitter:label1\" content=\"Written by\" \/>\n\t<meta name=\"twitter:data1\" content=\"US6\" \/>\n\t<meta name=\"twitter:label2\" content=\"Est. reading time\" \/>\n\t<meta name=\"twitter:data2\" content=\"6 minutes\" \/>\n<script type=\"application\/ld+json\" class=\"yoast-schema-graph\">{\"@context\":\"https:\/\/schema.org\",\"@graph\":[{\"@type\":\"WebPage\",\"@id\":\"https:\/\/veritasinfo.org\/?p=29060\",\"url\":\"https:\/\/veritasinfo.org\/?p=29060\",\"name\":\"Avokat\u00ebt, optimist\u00eb p\u00ebr lirimin e ish-krer\u00ebve t\u00eb U\u00c7K-s\u00eb -\",\"isPartOf\":{\"@id\":\"https:\/\/veritasinfo.org\/#website\"},\"primaryImageOfPage\":{\"@id\":\"https:\/\/veritasinfo.org\/?p=29060#primaryimage\"},\"image\":{\"@id\":\"https:\/\/veritasinfo.org\/?p=29060#primaryimage\"},\"thumbnailUrl\":\"https:\/\/veritasinfo.org\/wp-content\/uploads\/2026\/01\/1-72.jpg\",\"datePublished\":\"2026-01-25T12:26:09+00:00\",\"dateModified\":\"2026-01-25T12:26:39+00:00\",\"author\":{\"@id\":\"https:\/\/veritasinfo.org\/#\/schema\/person\/fe199eede04c3937362892b7444747cc\"},\"breadcrumb\":{\"@id\":\"https:\/\/veritasinfo.org\/?p=29060#breadcrumb\"},\"inLanguage\":\"en-US\",\"potentialAction\":[{\"@type\":\"ReadAction\",\"target\":[\"https:\/\/veritasinfo.org\/?p=29060\"]}]},{\"@type\":\"ImageObject\",\"inLanguage\":\"en-US\",\"@id\":\"https:\/\/veritasinfo.org\/?p=29060#primaryimage\",\"url\":\"https:\/\/veritasinfo.org\/wp-content\/uploads\/2026\/01\/1-72.jpg\",\"contentUrl\":\"https:\/\/veritasinfo.org\/wp-content\/uploads\/2026\/01\/1-72.jpg\",\"width\":800,\"height\":449},{\"@type\":\"BreadcrumbList\",\"@id\":\"https:\/\/veritasinfo.org\/?p=29060#breadcrumb\",\"itemListElement\":[{\"@type\":\"ListItem\",\"position\":1,\"name\":\"Home\",\"item\":\"https:\/\/veritasinfo.org\/\"},{\"@type\":\"ListItem\",\"position\":2,\"name\":\"Avokat\u00ebt, optimist\u00eb p\u00ebr lirimin e ish-krer\u00ebve t\u00eb U\u00c7K-s\u00eb\"}]},{\"@type\":\"WebSite\",\"@id\":\"https:\/\/veritasinfo.org\/#website\",\"url\":\"https:\/\/veritasinfo.org\/\",\"name\":\"\",\"description\":\"\",\"potentialAction\":[{\"@type\":\"SearchAction\",\"target\":{\"@type\":\"EntryPoint\",\"urlTemplate\":\"https:\/\/veritasinfo.org\/?s={search_term_string}\"},\"query-input\":{\"@type\":\"PropertyValueSpecification\",\"valueRequired\":true,\"valueName\":\"search_term_string\"}}],\"inLanguage\":\"en-US\"},{\"@type\":\"Person\",\"@id\":\"https:\/\/veritasinfo.org\/#\/schema\/person\/fe199eede04c3937362892b7444747cc\",\"name\":\"US6\",\"image\":{\"@type\":\"ImageObject\",\"inLanguage\":\"en-US\",\"@id\":\"https:\/\/veritasinfo.org\/#\/schema\/person\/image\/\",\"url\":\"https:\/\/secure.gravatar.com\/avatar\/cb16c3c31c9d23b9b8c705964598220b3014e42ff51eb540ff23cefa3ae8c15f?s=96&d=mm&r=g\",\"contentUrl\":\"https:\/\/secure.gravatar.com\/avatar\/cb16c3c31c9d23b9b8c705964598220b3014e42ff51eb540ff23cefa3ae8c15f?s=96&d=mm&r=g\",\"caption\":\"US6\"},\"url\":\"https:\/\/veritasinfo.org\/?author=7\"}]}<\/script>\n<!-- \/ Yoast SEO plugin. -->","yoast_head_json":{"title":"Avokat\u00ebt, optimist\u00eb p\u00ebr lirimin e ish-krer\u00ebve t\u00eb U\u00c7K-s\u00eb -","robots":{"index":"index","follow":"follow","max-snippet":"max-snippet:-1","max-image-preview":"max-image-preview:large","max-video-preview":"max-video-preview:-1"},"canonical":"https:\/\/veritasinfo.org\/?p=29060","og_locale":"en_US","og_type":"article","og_title":"Avokat\u00ebt, optimist\u00eb p\u00ebr lirimin e ish-krer\u00ebve t\u00eb U\u00c7K-s\u00eb -","og_description":"Prishtin\u00eb, 25 janar 2026 13:25 Njoh\u00ebs t\u00eb \u00e7\u00ebshtjeve t\u00eb drejt\u00ebsis\u00eb jan\u00eb optimist\u00eb p\u00ebr nj\u00eb vendim lirues, n\u00eb rastin e ish-krer\u00ebve t\u00eb Ushtris\u00eb \u00c7lirimtare t\u00eb Kosov\u00ebs,","og_url":"https:\/\/veritasinfo.org\/?p=29060","article_published_time":"2026-01-25T12:26:09+00:00","article_modified_time":"2026-01-25T12:26:39+00:00","og_image":[{"width":800,"height":449,"url":"https:\/\/veritasinfo.org\/wp-content\/uploads\/2026\/01\/1-72.jpg","type":"image\/jpeg"}],"author":"US6","twitter_card":"summary_large_image","twitter_misc":{"Written by":"US6","Est. reading time":"6 minutes"},"schema":{"@context":"https:\/\/schema.org","@graph":[{"@type":"WebPage","@id":"https:\/\/veritasinfo.org\/?p=29060","url":"https:\/\/veritasinfo.org\/?p=29060","name":"Avokat\u00ebt, optimist\u00eb p\u00ebr lirimin e ish-krer\u00ebve t\u00eb U\u00c7K-s\u00eb -","isPartOf":{"@id":"https:\/\/veritasinfo.org\/#website"},"primaryImageOfPage":{"@id":"https:\/\/veritasinfo.org\/?p=29060#primaryimage"},"image":{"@id":"https:\/\/veritasinfo.org\/?p=29060#primaryimage"},"thumbnailUrl":"https:\/\/veritasinfo.org\/wp-content\/uploads\/2026\/01\/1-72.jpg","datePublished":"2026-01-25T12:26:09+00:00","dateModified":"2026-01-25T12:26:39+00:00","author":{"@id":"https:\/\/veritasinfo.org\/#\/schema\/person\/fe199eede04c3937362892b7444747cc"},"breadcrumb":{"@id":"https:\/\/veritasinfo.org\/?p=29060#breadcrumb"},"inLanguage":"en-US","potentialAction":[{"@type":"ReadAction","target":["https:\/\/veritasinfo.org\/?p=29060"]}]},{"@type":"ImageObject","inLanguage":"en-US","@id":"https:\/\/veritasinfo.org\/?p=29060#primaryimage","url":"https:\/\/veritasinfo.org\/wp-content\/uploads\/2026\/01\/1-72.jpg","contentUrl":"https:\/\/veritasinfo.org\/wp-content\/uploads\/2026\/01\/1-72.jpg","width":800,"height":449},{"@type":"BreadcrumbList","@id":"https:\/\/veritasinfo.org\/?p=29060#breadcrumb","itemListElement":[{"@type":"ListItem","position":1,"name":"Home","item":"https:\/\/veritasinfo.org\/"},{"@type":"ListItem","position":2,"name":"Avokat\u00ebt, optimist\u00eb p\u00ebr lirimin e ish-krer\u00ebve t\u00eb U\u00c7K-s\u00eb"}]},{"@type":"WebSite","@id":"https:\/\/veritasinfo.org\/#website","url":"https:\/\/veritasinfo.org\/","name":"","description":"","potentialAction":[{"@type":"SearchAction","target":{"@type":"EntryPoint","urlTemplate":"https:\/\/veritasinfo.org\/?s={search_term_string}"},"query-input":{"@type":"PropertyValueSpecification","valueRequired":true,"valueName":"search_term_string"}}],"inLanguage":"en-US"},{"@type":"Person","@id":"https:\/\/veritasinfo.org\/#\/schema\/person\/fe199eede04c3937362892b7444747cc","name":"US6","image":{"@type":"ImageObject","inLanguage":"en-US","@id":"https:\/\/veritasinfo.org\/#\/schema\/person\/image\/","url":"https:\/\/secure.gravatar.com\/avatar\/cb16c3c31c9d23b9b8c705964598220b3014e42ff51eb540ff23cefa3ae8c15f?s=96&d=mm&r=g","contentUrl":"https:\/\/secure.gravatar.com\/avatar\/cb16c3c31c9d23b9b8c705964598220b3014e42ff51eb540ff23cefa3ae8c15f?s=96&d=mm&r=g","caption":"US6"},"url":"https:\/\/veritasinfo.org\/?author=7"}]}},"featured_image_urls":{"full":["https:\/\/veritasinfo.org\/wp-content\/uploads\/2026\/01\/1-72.jpg",800,449,false],"thumbnail":["https:\/\/veritasinfo.org\/wp-content\/uploads\/2026\/01\/1-72-150x150.jpg",150,150,true],"medium":["https:\/\/veritasinfo.org\/wp-content\/uploads\/2026\/01\/1-72-300x168.jpg",300,168,true],"medium_large":["https:\/\/veritasinfo.org\/wp-content\/uploads\/2026\/01\/1-72-768x431.jpg",640,359,true],"large":["https:\/\/veritasinfo.org\/wp-content\/uploads\/2026\/01\/1-72.jpg",640,359,false],"1536x1536":["https:\/\/veritasinfo.org\/wp-content\/uploads\/2026\/01\/1-72.jpg",800,449,false],"2048x2048":["https:\/\/veritasinfo.org\/wp-content\/uploads\/2026\/01\/1-72.jpg",800,449,false],"kreeti-slider-full":["https:\/\/veritasinfo.org\/wp-content\/uploads\/2026\/01\/1-72.jpg",800,449,false],"kreeti-featured":["https:\/\/veritasinfo.org\/wp-content\/uploads\/2026\/01\/1-72.jpg",800,449,false],"kreeti-medium":["https:\/\/veritasinfo.org\/wp-content\/uploads\/2026\/01\/1-72.jpg",720,404,false],"kreeti-medium-square":["https:\/\/veritasinfo.org\/wp-content\/uploads\/2026\/01\/1-72.jpg",350,196,false]},"author_info":{"info":["US6"]},"category_info":"<a href=\"https:\/\/veritasinfo.org\/?cat=60\" rel=\"category\">Shoq\u00ebrore<\/a>","tag_info":"Shoq\u00ebrore","comment_count":"0","_links":{"self":[{"href":"https:\/\/veritasinfo.org\/index.php?rest_route=\/wp\/v2\/posts\/29060","targetHints":{"allow":["GET"]}}],"collection":[{"href":"https:\/\/veritasinfo.org\/index.php?rest_route=\/wp\/v2\/posts"}],"about":[{"href":"https:\/\/veritasinfo.org\/index.php?rest_route=\/wp\/v2\/types\/post"}],"author":[{"embeddable":true,"href":"https:\/\/veritasinfo.org\/index.php?rest_route=\/wp\/v2\/users\/7"}],"replies":[{"embeddable":true,"href":"https:\/\/veritasinfo.org\/index.php?rest_route=%2Fwp%2Fv2%2Fcomments&post=29060"}],"version-history":[{"count":2,"href":"https:\/\/veritasinfo.org\/index.php?rest_route=\/wp\/v2\/posts\/29060\/revisions"}],"predecessor-version":[{"id":29063,"href":"https:\/\/veritasinfo.org\/index.php?rest_route=\/wp\/v2\/posts\/29060\/revisions\/29063"}],"wp:featuredmedia":[{"embeddable":true,"href":"https:\/\/veritasinfo.org\/index.php?rest_route=\/wp\/v2\/media\/29061"}],"wp:attachment":[{"href":"https:\/\/veritasinfo.org\/index.php?rest_route=%2Fwp%2Fv2%2Fmedia&parent=29060"}],"wp:term":[{"taxonomy":"category","embeddable":true,"href":"https:\/\/veritasinfo.org\/index.php?rest_route=%2Fwp%2Fv2%2Fcategories&post=29060"},{"taxonomy":"post_tag","embeddable":true,"href":"https:\/\/veritasinfo.org\/index.php?rest_route=%2Fwp%2Fv2%2Ftags&post=29060"}],"curies":[{"name":"wp","href":"https:\/\/api.w.org\/{rel}","templated":true}]}}