{"id":29055,"date":"2026-01-25T13:07:25","date_gmt":"2026-01-25T12:07:25","guid":{"rendered":"https:\/\/veritasinfo.org\/?p=29055"},"modified":"2026-01-25T13:07:25","modified_gmt":"2026-01-25T12:07:25","slug":"politologu-hoti-serbia-nuk-ka-interes-real-per-zgjidhje-te-ceshtjes-se-personave-te-pagjetur","status":"publish","type":"post","link":"https:\/\/veritasinfo.org\/?p=29055","title":{"rendered":"Politologu Hoti: Serbia nuk ka interes real p\u00ebr zgjidhje t\u00eb \u00e7\u00ebshtjes s\u00eb personave t\u00eb pagjetur"},"content":{"rendered":"<p>Prishtin\u00eb, 25 janar 2026 13:07<\/p>\n<p>Analisti politik dhe politologu Agron Hoti vler\u00ebson se rikthimi i pal\u00ebve n\u00eb dialogun Kosov\u00eb\u2013Serbi ka ardhur kryesisht si k\u00ebrkes\u00eb e Bashkimit Evropian, nd\u00ebrsa konstruktiviteti i pal\u00ebve mbetet m\u00eb shum\u00eb formal sesa substancial.<\/p>\n<p>\u201cRikthimi n\u00eb dialog ishte k\u00ebrkes\u00eb e BE-s\u00eb dhe k\u00ebtu pal\u00ebt mundohen t\u00eb tregojn\u00eb konstruktivitet\u201d,\u00a0ka deklaruar Hoti.<\/p>\n<p>Megjithat\u00eb, ai shprehet skeptik sa i p\u00ebrket qasjes s\u00eb Serbis\u00eb ndaj \u00e7\u00ebshtjes s\u00eb personave t\u00eb pagjetur, duke theksuar se Beogradi nuk ka interes real p\u00ebr zgjidhje.<\/p>\n<p>\u201cNuk pres q\u00eb Serbia t\u00eb jet\u00eb konstruktive sa i p\u00ebrket t\u00eb pagjeturve. Edhe n\u00ebse b\u00ebn ndonj\u00eb l\u00ebshim, ai do t\u00eb jet\u00eb tep\u00ebr i vog\u00ebl dhe i pap\u00ebrfillsh\u00ebm\u201d,\u00a0ka th\u00ebn\u00eb ai.<\/p>\n<p>Sipas Hotit, strategjia e Serbis\u00eb \u00ebsht\u00eb q\u00eb t\u00eb mbaj\u00eb sa m\u00eb shum\u00eb \u00e7\u00ebshtje t\u00eb hapura me Kosov\u00ebn, pasi kjo i shkon n\u00eb favor n\u00eb proceset politike dhe negociuese.<\/p>\n<p>\u201cSerbia do t\u00eb l\u00ebr\u00eb sa m\u00eb shum\u00eb probleme t\u00eb hapura me Kosov\u00ebn, sepse n\u00eb secilin variant humb\u00ebs jemi ne\u201d,\u00a0ka theksuar analisti.<\/p>\n<p>Ai shton se pa nj\u00eb zgjidhje t\u00eb qart\u00eb politike p\u00ebr veriun e Kosov\u00ebs, t\u00eb shoq\u00ebruar me garanci t\u00eb forta nd\u00ebrkomb\u00ebtare, ve\u00e7an\u00ebrisht nga Shtetet e Bashkuara t\u00eb Amerik\u00ebs, Serbia do t\u00eb vazhdoj\u00eb t\u00eb mbaj\u00eb qasje jokonstruktive.<\/p>\n<p>\u201cPa u zgjidhur \u00e7\u00ebshtja politike n\u00eb veri me garanci nd\u00ebrkomb\u00ebtare, sidomos t\u00eb SHBA-s\u00eb, Serbia do t\u00eb vazhdoj\u00eb t\u00eb jet\u00eb jokonstruktive n\u00eb \u00e7do problem t\u00eb hapur me Kosov\u00ebn, p\u00ebrfshir\u00eb \u00e7\u00ebshtjen m\u00eb t\u00eb ndjeshme \u2013 fatin e personave t\u00eb pagjetur\u201d,\u00a0ka p\u00ebrfunduar Hoti.<\/p>\n","protected":false},"excerpt":{"rendered":"<p>Prishtin\u00eb, 25 janar 2026 13:07 Analisti politik dhe politologu Agron Hoti vler\u00ebson se rikthimi i pal\u00ebve n\u00eb dialogun Kosov\u00eb\u2013Serbi ka ardhur kryesisht si k\u00ebrkes\u00eb e<\/p>\n","protected":false},"author":7,"featured_media":29056,"comment_status":"open","ping_status":"open","sticky":false,"template":"","format":"standard","meta":{"footnotes":""},"categories":[58],"tags":[],"class_list":["post-29055","post","type-post","status-publish","format-standard","has-post-thumbnail","hentry","category-politike-sq"],"yoast_head":"<!-- This site is optimized with the Yoast SEO plugin v25.3.1 - https:\/\/yoast.com\/wordpress\/plugins\/seo\/ -->\n<title>Politologu Hoti: Serbia nuk ka interes real p\u00ebr zgjidhje t\u00eb \u00e7\u00ebshtjes s\u00eb personave t\u00eb pagjetur -<\/title>\n<meta name=\"robots\" content=\"index, follow, max-snippet:-1, max-image-preview:large, max-video-preview:-1\" \/>\n<link rel=\"canonical\" href=\"https:\/\/veritasinfo.org\/?p=29055\" \/>\n<meta property=\"og:locale\" content=\"en_US\" \/>\n<meta property=\"og:type\" content=\"article\" \/>\n<meta property=\"og:title\" content=\"Politologu Hoti: Serbia nuk ka interes real p\u00ebr zgjidhje t\u00eb \u00e7\u00ebshtjes s\u00eb personave t\u00eb pagjetur -\" \/>\n<meta property=\"og:description\" content=\"Prishtin\u00eb, 25 janar 2026 13:07 Analisti politik dhe politologu Agron Hoti vler\u00ebson se rikthimi i pal\u00ebve n\u00eb dialogun Kosov\u00eb\u2013Serbi ka ardhur kryesisht si k\u00ebrkes\u00eb e\" \/>\n<meta property=\"og:url\" content=\"https:\/\/veritasinfo.org\/?p=29055\" \/>\n<meta property=\"article:published_time\" content=\"2026-01-25T12:07:25+00:00\" \/>\n<meta property=\"og:image\" content=\"https:\/\/veritasinfo.org\/wp-content\/uploads\/2026\/01\/1-71.jpg\" \/>\n\t<meta property=\"og:image:width\" content=\"850\" \/>\n\t<meta property=\"og:image:height\" content=\"501\" \/>\n\t<meta property=\"og:image:type\" content=\"image\/jpeg\" \/>\n<meta name=\"author\" content=\"US6\" \/>\n<meta name=\"twitter:card\" content=\"summary_large_image\" \/>\n<meta name=\"twitter:label1\" content=\"Written by\" \/>\n\t<meta name=\"twitter:data1\" content=\"US6\" \/>\n\t<meta name=\"twitter:label2\" content=\"Est. reading time\" \/>\n\t<meta name=\"twitter:data2\" content=\"2 minutes\" \/>\n<script type=\"application\/ld+json\" class=\"yoast-schema-graph\">{\"@context\":\"https:\/\/schema.org\",\"@graph\":[{\"@type\":\"WebPage\",\"@id\":\"https:\/\/veritasinfo.org\/?p=29055\",\"url\":\"https:\/\/veritasinfo.org\/?p=29055\",\"name\":\"Politologu Hoti: Serbia nuk ka interes real p\u00ebr zgjidhje t\u00eb \u00e7\u00ebshtjes s\u00eb personave t\u00eb pagjetur -\",\"isPartOf\":{\"@id\":\"https:\/\/veritasinfo.org\/#website\"},\"primaryImageOfPage\":{\"@id\":\"https:\/\/veritasinfo.org\/?p=29055#primaryimage\"},\"image\":{\"@id\":\"https:\/\/veritasinfo.org\/?p=29055#primaryimage\"},\"thumbnailUrl\":\"https:\/\/veritasinfo.org\/wp-content\/uploads\/2026\/01\/1-71.jpg\",\"datePublished\":\"2026-01-25T12:07:25+00:00\",\"author\":{\"@id\":\"https:\/\/veritasinfo.org\/#\/schema\/person\/fe199eede04c3937362892b7444747cc\"},\"breadcrumb\":{\"@id\":\"https:\/\/veritasinfo.org\/?p=29055#breadcrumb\"},\"inLanguage\":\"en-US\",\"potentialAction\":[{\"@type\":\"ReadAction\",\"target\":[\"https:\/\/veritasinfo.org\/?p=29055\"]}]},{\"@type\":\"ImageObject\",\"inLanguage\":\"en-US\",\"@id\":\"https:\/\/veritasinfo.org\/?p=29055#primaryimage\",\"url\":\"https:\/\/veritasinfo.org\/wp-content\/uploads\/2026\/01\/1-71.jpg\",\"contentUrl\":\"https:\/\/veritasinfo.org\/wp-content\/uploads\/2026\/01\/1-71.jpg\",\"width\":850,\"height\":501},{\"@type\":\"BreadcrumbList\",\"@id\":\"https:\/\/veritasinfo.org\/?p=29055#breadcrumb\",\"itemListElement\":[{\"@type\":\"ListItem\",\"position\":1,\"name\":\"Home\",\"item\":\"https:\/\/veritasinfo.org\/\"},{\"@type\":\"ListItem\",\"position\":2,\"name\":\"Politologu Hoti: Serbia nuk ka interes real p\u00ebr zgjidhje t\u00eb \u00e7\u00ebshtjes s\u00eb personave t\u00eb pagjetur\"}]},{\"@type\":\"WebSite\",\"@id\":\"https:\/\/veritasinfo.org\/#website\",\"url\":\"https:\/\/veritasinfo.org\/\",\"name\":\"\",\"description\":\"\",\"potentialAction\":[{\"@type\":\"SearchAction\",\"target\":{\"@type\":\"EntryPoint\",\"urlTemplate\":\"https:\/\/veritasinfo.org\/?s={search_term_string}\"},\"query-input\":{\"@type\":\"PropertyValueSpecification\",\"valueRequired\":true,\"valueName\":\"search_term_string\"}}],\"inLanguage\":\"en-US\"},{\"@type\":\"Person\",\"@id\":\"https:\/\/veritasinfo.org\/#\/schema\/person\/fe199eede04c3937362892b7444747cc\",\"name\":\"US6\",\"image\":{\"@type\":\"ImageObject\",\"inLanguage\":\"en-US\",\"@id\":\"https:\/\/veritasinfo.org\/#\/schema\/person\/image\/\",\"url\":\"https:\/\/secure.gravatar.com\/avatar\/cb16c3c31c9d23b9b8c705964598220b3014e42ff51eb540ff23cefa3ae8c15f?s=96&d=mm&r=g\",\"contentUrl\":\"https:\/\/secure.gravatar.com\/avatar\/cb16c3c31c9d23b9b8c705964598220b3014e42ff51eb540ff23cefa3ae8c15f?s=96&d=mm&r=g\",\"caption\":\"US6\"},\"url\":\"https:\/\/veritasinfo.org\/?author=7\"}]}<\/script>\n<!-- \/ Yoast SEO plugin. -->","yoast_head_json":{"title":"Politologu Hoti: Serbia nuk ka interes real p\u00ebr zgjidhje t\u00eb \u00e7\u00ebshtjes s\u00eb personave t\u00eb pagjetur -","robots":{"index":"index","follow":"follow","max-snippet":"max-snippet:-1","max-image-preview":"max-image-preview:large","max-video-preview":"max-video-preview:-1"},"canonical":"https:\/\/veritasinfo.org\/?p=29055","og_locale":"en_US","og_type":"article","og_title":"Politologu Hoti: Serbia nuk ka interes real p\u00ebr zgjidhje t\u00eb \u00e7\u00ebshtjes s\u00eb personave t\u00eb pagjetur -","og_description":"Prishtin\u00eb, 25 janar 2026 13:07 Analisti politik dhe politologu Agron Hoti vler\u00ebson se rikthimi i pal\u00ebve n\u00eb dialogun Kosov\u00eb\u2013Serbi ka ardhur kryesisht si k\u00ebrkes\u00eb e","og_url":"https:\/\/veritasinfo.org\/?p=29055","article_published_time":"2026-01-25T12:07:25+00:00","og_image":[{"width":850,"height":501,"url":"https:\/\/veritasinfo.org\/wp-content\/uploads\/2026\/01\/1-71.jpg","type":"image\/jpeg"}],"author":"US6","twitter_card":"summary_large_image","twitter_misc":{"Written by":"US6","Est. reading time":"2 minutes"},"schema":{"@context":"https:\/\/schema.org","@graph":[{"@type":"WebPage","@id":"https:\/\/veritasinfo.org\/?p=29055","url":"https:\/\/veritasinfo.org\/?p=29055","name":"Politologu Hoti: Serbia nuk ka interes real p\u00ebr zgjidhje t\u00eb \u00e7\u00ebshtjes s\u00eb personave t\u00eb pagjetur -","isPartOf":{"@id":"https:\/\/veritasinfo.org\/#website"},"primaryImageOfPage":{"@id":"https:\/\/veritasinfo.org\/?p=29055#primaryimage"},"image":{"@id":"https:\/\/veritasinfo.org\/?p=29055#primaryimage"},"thumbnailUrl":"https:\/\/veritasinfo.org\/wp-content\/uploads\/2026\/01\/1-71.jpg","datePublished":"2026-01-25T12:07:25+00:00","author":{"@id":"https:\/\/veritasinfo.org\/#\/schema\/person\/fe199eede04c3937362892b7444747cc"},"breadcrumb":{"@id":"https:\/\/veritasinfo.org\/?p=29055#breadcrumb"},"inLanguage":"en-US","potentialAction":[{"@type":"ReadAction","target":["https:\/\/veritasinfo.org\/?p=29055"]}]},{"@type":"ImageObject","inLanguage":"en-US","@id":"https:\/\/veritasinfo.org\/?p=29055#primaryimage","url":"https:\/\/veritasinfo.org\/wp-content\/uploads\/2026\/01\/1-71.jpg","contentUrl":"https:\/\/veritasinfo.org\/wp-content\/uploads\/2026\/01\/1-71.jpg","width":850,"height":501},{"@type":"BreadcrumbList","@id":"https:\/\/veritasinfo.org\/?p=29055#breadcrumb","itemListElement":[{"@type":"ListItem","position":1,"name":"Home","item":"https:\/\/veritasinfo.org\/"},{"@type":"ListItem","position":2,"name":"Politologu Hoti: Serbia nuk ka interes real p\u00ebr zgjidhje t\u00eb \u00e7\u00ebshtjes s\u00eb personave t\u00eb pagjetur"}]},{"@type":"WebSite","@id":"https:\/\/veritasinfo.org\/#website","url":"https:\/\/veritasinfo.org\/","name":"","description":"","potentialAction":[{"@type":"SearchAction","target":{"@type":"EntryPoint","urlTemplate":"https:\/\/veritasinfo.org\/?s={search_term_string}"},"query-input":{"@type":"PropertyValueSpecification","valueRequired":true,"valueName":"search_term_string"}}],"inLanguage":"en-US"},{"@type":"Person","@id":"https:\/\/veritasinfo.org\/#\/schema\/person\/fe199eede04c3937362892b7444747cc","name":"US6","image":{"@type":"ImageObject","inLanguage":"en-US","@id":"https:\/\/veritasinfo.org\/#\/schema\/person\/image\/","url":"https:\/\/secure.gravatar.com\/avatar\/cb16c3c31c9d23b9b8c705964598220b3014e42ff51eb540ff23cefa3ae8c15f?s=96&d=mm&r=g","contentUrl":"https:\/\/secure.gravatar.com\/avatar\/cb16c3c31c9d23b9b8c705964598220b3014e42ff51eb540ff23cefa3ae8c15f?s=96&d=mm&r=g","caption":"US6"},"url":"https:\/\/veritasinfo.org\/?author=7"}]}},"featured_image_urls":{"full":["https:\/\/veritasinfo.org\/wp-content\/uploads\/2026\/01\/1-71.jpg",850,501,false],"thumbnail":["https:\/\/veritasinfo.org\/wp-content\/uploads\/2026\/01\/1-71-150x150.jpg",150,150,true],"medium":["https:\/\/veritasinfo.org\/wp-content\/uploads\/2026\/01\/1-71-300x177.jpg",300,177,true],"medium_large":["https:\/\/veritasinfo.org\/wp-content\/uploads\/2026\/01\/1-71-768x453.jpg",640,378,true],"large":["https:\/\/veritasinfo.org\/wp-content\/uploads\/2026\/01\/1-71.jpg",640,377,false],"1536x1536":["https:\/\/veritasinfo.org\/wp-content\/uploads\/2026\/01\/1-71.jpg",850,501,false],"2048x2048":["https:\/\/veritasinfo.org\/wp-content\/uploads\/2026\/01\/1-71.jpg",850,501,false],"kreeti-slider-full":["https:\/\/veritasinfo.org\/wp-content\/uploads\/2026\/01\/1-71.jpg",850,501,false],"kreeti-featured":["https:\/\/veritasinfo.org\/wp-content\/uploads\/2026\/01\/1-71.jpg",850,501,false],"kreeti-medium":["https:\/\/veritasinfo.org\/wp-content\/uploads\/2026\/01\/1-71.jpg",720,424,false],"kreeti-medium-square":["https:\/\/veritasinfo.org\/wp-content\/uploads\/2026\/01\/1-71.jpg",350,206,false]},"author_info":{"info":["US6"]},"category_info":"<a href=\"https:\/\/veritasinfo.org\/?cat=58\" rel=\"category\">Politik\u00eb<\/a>","tag_info":"Politik\u00eb","comment_count":"0","_links":{"self":[{"href":"https:\/\/veritasinfo.org\/index.php?rest_route=\/wp\/v2\/posts\/29055","targetHints":{"allow":["GET"]}}],"collection":[{"href":"https:\/\/veritasinfo.org\/index.php?rest_route=\/wp\/v2\/posts"}],"about":[{"href":"https:\/\/veritasinfo.org\/index.php?rest_route=\/wp\/v2\/types\/post"}],"author":[{"embeddable":true,"href":"https:\/\/veritasinfo.org\/index.php?rest_route=\/wp\/v2\/users\/7"}],"replies":[{"embeddable":true,"href":"https:\/\/veritasinfo.org\/index.php?rest_route=%2Fwp%2Fv2%2Fcomments&post=29055"}],"version-history":[{"count":1,"href":"https:\/\/veritasinfo.org\/index.php?rest_route=\/wp\/v2\/posts\/29055\/revisions"}],"predecessor-version":[{"id":29057,"href":"https:\/\/veritasinfo.org\/index.php?rest_route=\/wp\/v2\/posts\/29055\/revisions\/29057"}],"wp:featuredmedia":[{"embeddable":true,"href":"https:\/\/veritasinfo.org\/index.php?rest_route=\/wp\/v2\/media\/29056"}],"wp:attachment":[{"href":"https:\/\/veritasinfo.org\/index.php?rest_route=%2Fwp%2Fv2%2Fmedia&parent=29055"}],"wp:term":[{"taxonomy":"category","embeddable":true,"href":"https:\/\/veritasinfo.org\/index.php?rest_route=%2Fwp%2Fv2%2Fcategories&post=29055"},{"taxonomy":"post_tag","embeddable":true,"href":"https:\/\/veritasinfo.org\/index.php?rest_route=%2Fwp%2Fv2%2Ftags&post=29055"}],"curies":[{"name":"wp","href":"https:\/\/api.w.org\/{rel}","templated":true}]}}