{"id":29038,"date":"2026-01-25T09:03:48","date_gmt":"2026-01-25T08:03:48","guid":{"rendered":"https:\/\/veritasinfo.org\/?p=29038"},"modified":"2026-01-25T09:04:17","modified_gmt":"2026-01-25T08:04:17","slug":"pare46-vjet-nga-nderimi-i-shen-terezes-me-cmimin-me-te-larte-te-indise","status":"publish","type":"post","link":"https:\/\/veritasinfo.org\/?p=29038","title":{"rendered":"46 vjet nga nderimi i Sh\u00ebn Terez\u00ebs me \u00e7mimin m\u00eb t\u00eb lart\u00eb t\u00eb Indis\u00eb"},"content":{"rendered":"<p>Prishtin\u00eb, 25 janar 2026 09:02<\/p>\n<p>Sh\u00ebn Tereza m\u00eb 25 janar 1980 nderohet me \u00e7mimin m\u00eb t\u00eb lart\u00eb civil t\u00eb Indis\u00eb, Bharat Ratna.Jet\u00ebn e saj, kjo humaniste shqiptare ia kishte p\u00ebrkushtuar m\u00eb t\u00eb varf\u00ebrve, dhe \u00e7mimi ishte mir\u00ebnjohje p\u00ebr bamir\u00ebsin\u00eb e saj.<\/p>\n<p>N\u00ebn\u00eb Tereza ishte ideatorja e Urdhrit t\u00eb Misionar\u00ebve t\u00eb Bamir\u00ebsis\u00eb p\u00ebr t\u00eb ndihmuar personat e varf\u00ebr.<\/p>\n<p>N\u00ebvitin 1962, qeveria e Indis\u00eb nderoi N\u00ebn\u00eb Terez\u00ebn me \u00e7mimin Padma Shri, p\u00ebr ndihm\u00ebn e saj p\u00ebr trupat e Indis\u00eb. Ajo u nderua me \u00e7mimin Jawaharlal Nehru p\u00ebr Mir\u00ebkuptim Nd\u00ebrkomb\u00ebtar n\u00eb vitin 1969.<\/p>\n<div id=\"quads-ad2574962\" class=\"quads-location quads-ad2574962 \">\n<p>&nbsp;<\/p>\n<div id=\"beacon_ac34bf2de5\"><img decoding=\"async\" src=\"https:\/\/gazetablic.com\/ads\/www\/delivery\/lg.php?bannerid=0&amp;campaignid=0&amp;zoneid=28&amp;loc=https%3A%2F%2Fgazetablic.com%2F46-vjet-nga-nderimi-i-shen-terezes-me-cmimin-me-te-larte-te-indise%2F&amp;referer=https%3A%2F%2Fgazetablic.com%2F&amp;cb=ac34bf2de5\" alt=\"\" width=\"0\" height=\"0\" \/>N\u00eb vitin 1979 ajo pranoi \u00e7mimin Nobel p\u00ebr Paqen dhe u shenjt\u00ebrua m\u00eb 19 tetor 2003 nga Papa Gjon Pali II dhe u shenjt\u00ebrua m\u00eb 4 shtator 2016 nga Papa Fran\u00e7esku.\/<\/div>\n<p>&nbsp;<\/p>\n<\/div>\n","protected":false},"excerpt":{"rendered":"<p>Prishtin\u00eb, 25 janar 2026 09:02 Sh\u00ebn Tereza m\u00eb 25 janar 1980 nderohet me \u00e7mimin m\u00eb t\u00eb lart\u00eb civil t\u00eb Indis\u00eb, Bharat Ratna.Jet\u00ebn e saj, kjo<\/p>\n","protected":false},"author":7,"featured_media":29039,"comment_status":"open","ping_status":"open","sticky":false,"template":"","format":"standard","meta":{"footnotes":""},"categories":[54],"tags":[],"class_list":["post-29038","post","type-post","status-publish","format-standard","has-post-thumbnail","hentry","category-kulture-sq"],"yoast_head":"<!-- This site is optimized with the Yoast SEO plugin v25.3.1 - https:\/\/yoast.com\/wordpress\/plugins\/seo\/ -->\n<title>46 vjet nga nderimi i Sh\u00ebn Terez\u00ebs me \u00e7mimin m\u00eb t\u00eb lart\u00eb t\u00eb Indis\u00eb -<\/title>\n<meta name=\"robots\" content=\"index, follow, max-snippet:-1, max-image-preview:large, max-video-preview:-1\" \/>\n<link rel=\"canonical\" href=\"https:\/\/veritasinfo.org\/?p=29038\" \/>\n<meta property=\"og:locale\" content=\"en_US\" \/>\n<meta property=\"og:type\" content=\"article\" \/>\n<meta property=\"og:title\" content=\"46 vjet nga nderimi i Sh\u00ebn Terez\u00ebs me \u00e7mimin m\u00eb t\u00eb lart\u00eb t\u00eb Indis\u00eb -\" \/>\n<meta property=\"og:description\" content=\"Prishtin\u00eb, 25 janar 2026 09:02 Sh\u00ebn Tereza m\u00eb 25 janar 1980 nderohet me \u00e7mimin m\u00eb t\u00eb lart\u00eb civil t\u00eb Indis\u00eb, Bharat Ratna.Jet\u00ebn e saj, kjo\" \/>\n<meta property=\"og:url\" content=\"https:\/\/veritasinfo.org\/?p=29038\" \/>\n<meta property=\"article:published_time\" content=\"2026-01-25T08:03:48+00:00\" \/>\n<meta property=\"article:modified_time\" content=\"2026-01-25T08:04:17+00:00\" \/>\n<meta property=\"og:image\" content=\"https:\/\/veritasinfo.org\/wp-content\/uploads\/2026\/01\/IMG_4580.jpeg\" \/>\n\t<meta property=\"og:image:width\" content=\"600\" \/>\n\t<meta property=\"og:image:height\" content=\"338\" \/>\n\t<meta property=\"og:image:type\" content=\"image\/jpeg\" \/>\n<meta name=\"author\" content=\"US6\" \/>\n<meta name=\"twitter:card\" content=\"summary_large_image\" \/>\n<meta name=\"twitter:label1\" content=\"Written by\" \/>\n\t<meta name=\"twitter:data1\" content=\"US6\" \/>\n\t<meta name=\"twitter:label2\" content=\"Est. reading time\" \/>\n\t<meta name=\"twitter:data2\" content=\"1 minute\" \/>\n<script type=\"application\/ld+json\" class=\"yoast-schema-graph\">{\"@context\":\"https:\/\/schema.org\",\"@graph\":[{\"@type\":\"WebPage\",\"@id\":\"https:\/\/veritasinfo.org\/?p=29038\",\"url\":\"https:\/\/veritasinfo.org\/?p=29038\",\"name\":\"46 vjet nga nderimi i Sh\u00ebn Terez\u00ebs me \u00e7mimin m\u00eb t\u00eb lart\u00eb t\u00eb Indis\u00eb -\",\"isPartOf\":{\"@id\":\"https:\/\/veritasinfo.org\/#website\"},\"primaryImageOfPage\":{\"@id\":\"https:\/\/veritasinfo.org\/?p=29038#primaryimage\"},\"image\":{\"@id\":\"https:\/\/veritasinfo.org\/?p=29038#primaryimage\"},\"thumbnailUrl\":\"https:\/\/veritasinfo.org\/wp-content\/uploads\/2026\/01\/IMG_4580.jpeg\",\"datePublished\":\"2026-01-25T08:03:48+00:00\",\"dateModified\":\"2026-01-25T08:04:17+00:00\",\"author\":{\"@id\":\"https:\/\/veritasinfo.org\/#\/schema\/person\/fe199eede04c3937362892b7444747cc\"},\"breadcrumb\":{\"@id\":\"https:\/\/veritasinfo.org\/?p=29038#breadcrumb\"},\"inLanguage\":\"en-US\",\"potentialAction\":[{\"@type\":\"ReadAction\",\"target\":[\"https:\/\/veritasinfo.org\/?p=29038\"]}]},{\"@type\":\"ImageObject\",\"inLanguage\":\"en-US\",\"@id\":\"https:\/\/veritasinfo.org\/?p=29038#primaryimage\",\"url\":\"https:\/\/veritasinfo.org\/wp-content\/uploads\/2026\/01\/IMG_4580.jpeg\",\"contentUrl\":\"https:\/\/veritasinfo.org\/wp-content\/uploads\/2026\/01\/IMG_4580.jpeg\",\"width\":600,\"height\":338},{\"@type\":\"BreadcrumbList\",\"@id\":\"https:\/\/veritasinfo.org\/?p=29038#breadcrumb\",\"itemListElement\":[{\"@type\":\"ListItem\",\"position\":1,\"name\":\"Home\",\"item\":\"https:\/\/veritasinfo.org\/\"},{\"@type\":\"ListItem\",\"position\":2,\"name\":\"46 vjet nga nderimi i Sh\u00ebn Terez\u00ebs me \u00e7mimin m\u00eb t\u00eb lart\u00eb t\u00eb Indis\u00eb\"}]},{\"@type\":\"WebSite\",\"@id\":\"https:\/\/veritasinfo.org\/#website\",\"url\":\"https:\/\/veritasinfo.org\/\",\"name\":\"\",\"description\":\"\",\"potentialAction\":[{\"@type\":\"SearchAction\",\"target\":{\"@type\":\"EntryPoint\",\"urlTemplate\":\"https:\/\/veritasinfo.org\/?s={search_term_string}\"},\"query-input\":{\"@type\":\"PropertyValueSpecification\",\"valueRequired\":true,\"valueName\":\"search_term_string\"}}],\"inLanguage\":\"en-US\"},{\"@type\":\"Person\",\"@id\":\"https:\/\/veritasinfo.org\/#\/schema\/person\/fe199eede04c3937362892b7444747cc\",\"name\":\"US6\",\"image\":{\"@type\":\"ImageObject\",\"inLanguage\":\"en-US\",\"@id\":\"https:\/\/veritasinfo.org\/#\/schema\/person\/image\/\",\"url\":\"https:\/\/secure.gravatar.com\/avatar\/cb16c3c31c9d23b9b8c705964598220b3014e42ff51eb540ff23cefa3ae8c15f?s=96&d=mm&r=g\",\"contentUrl\":\"https:\/\/secure.gravatar.com\/avatar\/cb16c3c31c9d23b9b8c705964598220b3014e42ff51eb540ff23cefa3ae8c15f?s=96&d=mm&r=g\",\"caption\":\"US6\"},\"url\":\"https:\/\/veritasinfo.org\/?author=7\"}]}<\/script>\n<!-- \/ Yoast SEO plugin. -->","yoast_head_json":{"title":"46 vjet nga nderimi i Sh\u00ebn Terez\u00ebs me \u00e7mimin m\u00eb t\u00eb lart\u00eb t\u00eb Indis\u00eb -","robots":{"index":"index","follow":"follow","max-snippet":"max-snippet:-1","max-image-preview":"max-image-preview:large","max-video-preview":"max-video-preview:-1"},"canonical":"https:\/\/veritasinfo.org\/?p=29038","og_locale":"en_US","og_type":"article","og_title":"46 vjet nga nderimi i Sh\u00ebn Terez\u00ebs me \u00e7mimin m\u00eb t\u00eb lart\u00eb t\u00eb Indis\u00eb -","og_description":"Prishtin\u00eb, 25 janar 2026 09:02 Sh\u00ebn Tereza m\u00eb 25 janar 1980 nderohet me \u00e7mimin m\u00eb t\u00eb lart\u00eb civil t\u00eb Indis\u00eb, Bharat Ratna.Jet\u00ebn e saj, kjo","og_url":"https:\/\/veritasinfo.org\/?p=29038","article_published_time":"2026-01-25T08:03:48+00:00","article_modified_time":"2026-01-25T08:04:17+00:00","og_image":[{"width":600,"height":338,"url":"https:\/\/veritasinfo.org\/wp-content\/uploads\/2026\/01\/IMG_4580.jpeg","type":"image\/jpeg"}],"author":"US6","twitter_card":"summary_large_image","twitter_misc":{"Written by":"US6","Est. reading time":"1 minute"},"schema":{"@context":"https:\/\/schema.org","@graph":[{"@type":"WebPage","@id":"https:\/\/veritasinfo.org\/?p=29038","url":"https:\/\/veritasinfo.org\/?p=29038","name":"46 vjet nga nderimi i Sh\u00ebn Terez\u00ebs me \u00e7mimin m\u00eb t\u00eb lart\u00eb t\u00eb Indis\u00eb -","isPartOf":{"@id":"https:\/\/veritasinfo.org\/#website"},"primaryImageOfPage":{"@id":"https:\/\/veritasinfo.org\/?p=29038#primaryimage"},"image":{"@id":"https:\/\/veritasinfo.org\/?p=29038#primaryimage"},"thumbnailUrl":"https:\/\/veritasinfo.org\/wp-content\/uploads\/2026\/01\/IMG_4580.jpeg","datePublished":"2026-01-25T08:03:48+00:00","dateModified":"2026-01-25T08:04:17+00:00","author":{"@id":"https:\/\/veritasinfo.org\/#\/schema\/person\/fe199eede04c3937362892b7444747cc"},"breadcrumb":{"@id":"https:\/\/veritasinfo.org\/?p=29038#breadcrumb"},"inLanguage":"en-US","potentialAction":[{"@type":"ReadAction","target":["https:\/\/veritasinfo.org\/?p=29038"]}]},{"@type":"ImageObject","inLanguage":"en-US","@id":"https:\/\/veritasinfo.org\/?p=29038#primaryimage","url":"https:\/\/veritasinfo.org\/wp-content\/uploads\/2026\/01\/IMG_4580.jpeg","contentUrl":"https:\/\/veritasinfo.org\/wp-content\/uploads\/2026\/01\/IMG_4580.jpeg","width":600,"height":338},{"@type":"BreadcrumbList","@id":"https:\/\/veritasinfo.org\/?p=29038#breadcrumb","itemListElement":[{"@type":"ListItem","position":1,"name":"Home","item":"https:\/\/veritasinfo.org\/"},{"@type":"ListItem","position":2,"name":"46 vjet nga nderimi i Sh\u00ebn Terez\u00ebs me \u00e7mimin m\u00eb t\u00eb lart\u00eb t\u00eb Indis\u00eb"}]},{"@type":"WebSite","@id":"https:\/\/veritasinfo.org\/#website","url":"https:\/\/veritasinfo.org\/","name":"","description":"","potentialAction":[{"@type":"SearchAction","target":{"@type":"EntryPoint","urlTemplate":"https:\/\/veritasinfo.org\/?s={search_term_string}"},"query-input":{"@type":"PropertyValueSpecification","valueRequired":true,"valueName":"search_term_string"}}],"inLanguage":"en-US"},{"@type":"Person","@id":"https:\/\/veritasinfo.org\/#\/schema\/person\/fe199eede04c3937362892b7444747cc","name":"US6","image":{"@type":"ImageObject","inLanguage":"en-US","@id":"https:\/\/veritasinfo.org\/#\/schema\/person\/image\/","url":"https:\/\/secure.gravatar.com\/avatar\/cb16c3c31c9d23b9b8c705964598220b3014e42ff51eb540ff23cefa3ae8c15f?s=96&d=mm&r=g","contentUrl":"https:\/\/secure.gravatar.com\/avatar\/cb16c3c31c9d23b9b8c705964598220b3014e42ff51eb540ff23cefa3ae8c15f?s=96&d=mm&r=g","caption":"US6"},"url":"https:\/\/veritasinfo.org\/?author=7"}]}},"featured_image_urls":{"full":["https:\/\/veritasinfo.org\/wp-content\/uploads\/2026\/01\/IMG_4580.jpeg",600,338,false],"thumbnail":["https:\/\/veritasinfo.org\/wp-content\/uploads\/2026\/01\/IMG_4580-150x150.jpeg",150,150,true],"medium":["https:\/\/veritasinfo.org\/wp-content\/uploads\/2026\/01\/IMG_4580-300x169.jpeg",300,169,true],"medium_large":["https:\/\/veritasinfo.org\/wp-content\/uploads\/2026\/01\/IMG_4580.jpeg",600,338,false],"large":["https:\/\/veritasinfo.org\/wp-content\/uploads\/2026\/01\/IMG_4580.jpeg",600,338,false],"1536x1536":["https:\/\/veritasinfo.org\/wp-content\/uploads\/2026\/01\/IMG_4580.jpeg",600,338,false],"2048x2048":["https:\/\/veritasinfo.org\/wp-content\/uploads\/2026\/01\/IMG_4580.jpeg",600,338,false],"kreeti-slider-full":["https:\/\/veritasinfo.org\/wp-content\/uploads\/2026\/01\/IMG_4580.jpeg",600,338,false],"kreeti-featured":["https:\/\/veritasinfo.org\/wp-content\/uploads\/2026\/01\/IMG_4580.jpeg",600,338,false],"kreeti-medium":["https:\/\/veritasinfo.org\/wp-content\/uploads\/2026\/01\/IMG_4580.jpeg",600,338,false],"kreeti-medium-square":["https:\/\/veritasinfo.org\/wp-content\/uploads\/2026\/01\/IMG_4580.jpeg",350,197,false]},"author_info":{"info":["US6"]},"category_info":"<a href=\"https:\/\/veritasinfo.org\/?cat=54\" rel=\"category\">Kultur\u00eb<\/a>","tag_info":"Kultur\u00eb","comment_count":"0","_links":{"self":[{"href":"https:\/\/veritasinfo.org\/index.php?rest_route=\/wp\/v2\/posts\/29038","targetHints":{"allow":["GET"]}}],"collection":[{"href":"https:\/\/veritasinfo.org\/index.php?rest_route=\/wp\/v2\/posts"}],"about":[{"href":"https:\/\/veritasinfo.org\/index.php?rest_route=\/wp\/v2\/types\/post"}],"author":[{"embeddable":true,"href":"https:\/\/veritasinfo.org\/index.php?rest_route=\/wp\/v2\/users\/7"}],"replies":[{"embeddable":true,"href":"https:\/\/veritasinfo.org\/index.php?rest_route=%2Fwp%2Fv2%2Fcomments&post=29038"}],"version-history":[{"count":2,"href":"https:\/\/veritasinfo.org\/index.php?rest_route=\/wp\/v2\/posts\/29038\/revisions"}],"predecessor-version":[{"id":29041,"href":"https:\/\/veritasinfo.org\/index.php?rest_route=\/wp\/v2\/posts\/29038\/revisions\/29041"}],"wp:featuredmedia":[{"embeddable":true,"href":"https:\/\/veritasinfo.org\/index.php?rest_route=\/wp\/v2\/media\/29039"}],"wp:attachment":[{"href":"https:\/\/veritasinfo.org\/index.php?rest_route=%2Fwp%2Fv2%2Fmedia&parent=29038"}],"wp:term":[{"taxonomy":"category","embeddable":true,"href":"https:\/\/veritasinfo.org\/index.php?rest_route=%2Fwp%2Fv2%2Fcategories&post=29038"},{"taxonomy":"post_tag","embeddable":true,"href":"https:\/\/veritasinfo.org\/index.php?rest_route=%2Fwp%2Fv2%2Ftags&post=29038"}],"curies":[{"name":"wp","href":"https:\/\/api.w.org\/{rel}","templated":true}]}}