{"id":28987,"date":"2026-01-24T15:49:55","date_gmt":"2026-01-24T14:49:55","guid":{"rendered":"https:\/\/veritasinfo.org\/?p=28987"},"modified":"2026-01-24T15:49:55","modified_gmt":"2026-01-24T14:49:55","slug":"te-pagjeturit-gjyle-haziri-kerkon-presion-ndaj-beogradit-per-hapjen-e-arkivave-kosovapress","status":"publish","type":"post","link":"https:\/\/veritasinfo.org\/?p=28987","title":{"rendered":"T\u00eb pagjeturit, Gjyl\u00eb Haziri k\u00ebrkon presion ndaj Beogradit p\u00ebr hapjen e arkivave \u2022 KosovaPress"},"content":{"rendered":"<p>Prishtin\u00eb 24 janar 2026 15:49<\/p>\n<p>Mes mureve t\u00eb mbushura me fotografi, ku \u00e7do fytyr\u00eb flet pa z\u00eb, Gjyl\u00eb Haziri q\u00ebndron \u00e7do dit\u00eb p\u00ebrball\u00eb kujtimeve q\u00eb nuk plaken kurr\u00eb, duke bartur mbi supe dhimbjen e qindra familjeve q\u00eb ende presin t\u00eb v\u00ebrtet\u00ebn n\u00eb Mitrovic\u00eb. N\u00eb k\u00ebt\u00eb hap\u00ebsir\u00eb heshtjeje dhe lutjeje, ajo e ka shnd\u00ebrruar pik\u00ebllimin n\u00eb forc\u00eb dhe pritjen n\u00eb nj\u00eb betej\u00eb t\u00eb pandalur p\u00ebr drejt\u00ebsi.Duke folur p\u00ebr KosovaPress, ajo rr\u00ebfen se n\u00eb k\u00ebt\u00eb hap\u00ebsir\u00eb dhimbjeje dhe shprese mban gjall\u00eb z\u00ebrin e prind\u00ebrve q\u00eb ende presin nj\u00eb lajm, duke e kthyer pritjen n\u00eb q\u00ebndres\u00eb dhe kujtes\u00ebn n\u00eb mision.<\/p>\n<p>Prej 1 mij\u00eb e 570 personave t\u00eb zhdukur, prej tyre 104 jan\u00eb nga Mitrovica.<br \/>\nAjo tash e 21 vite sh\u00ebrben n\u00eb Shoqat\u00ebn \u201cZ\u00ebri i Prind\u00ebrve\u201d, n\u00eb Mitrovic\u00eb, shoqat\u00eb kjo e themeluar n\u00eb vitin 2000.<\/p>\n<p>Lexo po ashtu<br \/>\nAjo thot\u00eb se fillimi ishte tejet i v\u00ebshtir\u00eb, pasi secili mbante plag\u00ebn e vet nga lufta, dikush burrin e dikush djalin, e disa dhimbje ishin edhe m\u00eb t\u00eb r\u00ebnda p\u00ebr t\u2019u p\u00ebrballuar.<br \/>\nN\u00eb rr\u00ebfimin e saj, ajo kujton Bajram \u00c7erkini si person q\u00eb nuk ndalonte kurr\u00eb, duke k\u00ebrkuar fakte dhe drejt\u00ebsi p\u00ebr secilin prej t\u00eb zhdukurve. P\u00ebrtej humbjes s\u00eb tij, ai mbeti nj\u00eb drit\u00eb q\u00eb udh\u00ebheq pun\u00ebn e shoqat\u00ebs dhe mbajtjen gjall\u00eb shpres\u00ebn p\u00ebr familjet e prekura.<br \/>\n\u201cAi njeri kurr\u00eb nuk ka dit\u00eb me u lodh\u00eb, ve\u00e7 gjithmon\u00eb k\u00ebt\u00eb \u00e7\u00ebshtje ka menduar me quar p\u00ebrpara, vet\u00ebm drejt\u00ebsi, ka lyp fakte konkrete, ka lyp incizime, ka th\u00ebn\u00eb un\u00eb nuk ndalna deri nuk e ka p\u00ebrmend vet\u00ebm djalin e vet asnj\u00ebher\u00eb por gjithmon\u00eb n\u00eb em\u00ebr t\u00eb familjar\u00ebve 1590 ka qen\u00eb e tash jan\u00eb ra n\u00eb 1570 t\u00eb zhdukur, por n\u00eb Mitrovic\u00eb sidomos tash jan\u00eb 104 t\u00eb pagjetur ku kan\u00eb qen\u00eb 307, ku p\u00ebrmes ADN-s\u00eb, Kryqit t\u00eb Kuq nd\u00ebrkomb\u00ebtar\u00eb, shoqatave nd\u00ebrkomb\u00ebtare i fal\u00ebnderoj\u00eb shum\u00eb ku p\u00ebrmes tyre p\u00ebrmes komisionit qeveritar\u00eb kemi arritur me e zvog\u00ebluar numrin deri n\u00eb 104 p\u00ebr momentin\u201d-potencoi ajo.<\/p>\n<p>Gjyl\u00eb Haziri thekson se k\u00ebrkesa e familjar\u00ebve mbetet drejt\u00ebsia, duke theksuar se ata jan\u00eb viktima dhe se agresori dihet. Sipas saj, kjo \u00e7\u00ebshtje nuk duhet t\u00eb ndalet dhe as t\u00eb politizohet, por t\u00eb trajtohet n\u00eb m\u00ebnyr\u00eb humane dhe njer\u00ebzore.<\/p>\n<p>\u201cNa po drejt\u00ebsi, na jem viktima, agresori kush \u00ebsht\u00eb e dim\u00eb krejt, na duhet tash mos me u ndal, se me u ndal agresori tani \u00e7ka, na duhet me lyp\u00eb drejt\u00ebsi edhe \u00ebsht\u00eb humane, aman ju b\u00ebj\u00eb apel \u00e7do kujt q\u00eb mos t\u00eb b\u00ebhet politike kjo \u00e7\u00ebshtje por sa m\u00eb shum\u00eb humane, njer\u00ebzore edhe p\u00ebr t\u00eb mir\u00eb e njer\u00ebzve se po shkojn\u00eb njer\u00ebzit pa i gjetur t\u00eb dashurit e tyre edhe s\u2019ka shkuan dy dekada\u201d- tha ajo<br \/>\nLexo po ashtu<br \/>\nGjyl\u00eb Haziri vler\u00ebson se procesi i gjetjes s\u00eb t\u00eb pagjeturve do t\u00eb zgjas\u00eb ende, pasi sipas saj shteti serb po refuzon t\u00eb hap\u00eb arkivat, ndon\u00ebse i posedon t\u00eb gjitha t\u00eb dh\u00ebnat, p\u00ebrfshir\u00eb edhe in\u00e7izime satelitore.<br \/>\nSipas Hazirit, familjar\u00ebt jetojn\u00eb n\u00eb ankth t\u00eb p\u00ebrhersh\u00ebm, pa festa e pa g\u00ebzim, sepse p\u00ebr ta nuk ka as Bajram e as Vit t\u00eb Ri derisa t\u00eb marrin nj\u00eb lajm p\u00ebr m\u00eb t\u00eb dashurit e tyre.<\/p>\n<p>T\u00eb b\u00ebjn\u00eb presion mbi Beogradin le t\u2019i hapin arkivat<br \/>\n\u201cPeriudh\u00eb e gjat\u00eb ka me shkua deri t\u00eb gjenden se shteti serb nuk po don\u00eb me i tregu arkivat e veta se ata i kan\u00eb edhe incizimet satelitore krejt ata me dasht\u00eb p\u00ebr nj\u00eb muaj krejt i qesin se ku jan\u00eb por nuk po don\u00eb me i hap arkivat edhe p\u00ebr k\u00ebt\u00eb b\u00ebj\u00eb apel p\u00ebr k\u00ebt\u00eb fundvit institucionet tona le t\u00eb b\u00ebjn\u00eb presion me institucionet nd\u00ebrkomb\u00ebtare bashk\u00eb trysni mbi Beogradin le t\u2019i hapin arkivat le t\u2019i qesin dosjet le t\u2019i gjejn\u00eb varrezat masive ku jan\u00eb dhe t\u2019i rehatojn\u00eb njer\u00ebzit nj\u00ebher\u00eb e p\u00ebrgjithmon\u00eb e mos t\u00eb presin me ankth p\u00ebr m\u00eb t\u00eb dashurit e tyre se p\u00ebr ta po t\u00eb kall\u00ebzoj drejt se n\u00eb mesin e tyre edhe un\u00eb e ndaj\u00eb dhimbjen me ta por nuk \u00ebsht\u00eb sikur une q\u00eb nuk kam mesin e t\u00eb pagjeturve e sikur ai q\u00eb e ka f\u00ebmij\u00ebn, p\u00ebr ta nuk ka as bajram as vit t\u00eb ri as nuk ka fest\u00eb as nuk ka asgj\u00eb deri te merr nj\u00eb lajm p\u00ebr m\u00eb t\u00eb dashurin e ti\u201d- p\u00ebrfundoi Haziri.<\/p>\n<p>N\u00eb heshtjen e zyr\u00ebs dhe mes p\u00ebrpjekjeve t\u00eb pand\u00ebrprera, rr\u00ebfimi i Gjyl\u00ebs Haziri mbetet nj\u00eb d\u00ebshmi e pa\u00e7muar e q\u00ebndres\u00ebs dhe p\u00ebrkushtimit. Ajo tregon se dhimbja mund t\u00eb shnd\u00ebrrohet n\u00eb forc\u00eb, nd\u00ebrsa shpresa p\u00ebr t\u00eb gjetur t\u00eb zhdukurit nuk shuhet, duke l\u00ebn\u00eb pas nj\u00eb trash\u00ebgimi t\u00eb pakapshme p\u00ebr t\u00eb gjith\u00eb ata q\u00eb presin drejt\u00ebsi dhe kujdes njer\u00ebzor.\/A. Pllana<\/p>\n","protected":false},"excerpt":{"rendered":"<p>Prishtin\u00eb 24 janar 2026 15:49 Mes mureve t\u00eb mbushura me fotografi, ku \u00e7do fytyr\u00eb flet pa z\u00eb, Gjyl\u00eb Haziri q\u00ebndron \u00e7do dit\u00eb p\u00ebrball\u00eb kujtimeve q\u00eb<\/p>\n","protected":false},"author":6,"featured_media":28988,"comment_status":"open","ping_status":"open","sticky":false,"template":"","format":"standard","meta":{"footnotes":""},"categories":[60],"tags":[],"class_list":["post-28987","post","type-post","status-publish","format-standard","has-post-thumbnail","hentry","category-shoqerore-sq"],"yoast_head":"<!-- This site is optimized with the Yoast SEO plugin v25.3.1 - https:\/\/yoast.com\/wordpress\/plugins\/seo\/ -->\n<title>T\u00eb pagjeturit, Gjyl\u00eb Haziri k\u00ebrkon presion ndaj Beogradit p\u00ebr hapjen e arkivave \u2022 KosovaPress -<\/title>\n<meta name=\"robots\" content=\"index, follow, max-snippet:-1, max-image-preview:large, max-video-preview:-1\" \/>\n<link rel=\"canonical\" href=\"https:\/\/veritasinfo.org\/?p=28987\" \/>\n<meta property=\"og:locale\" content=\"en_US\" \/>\n<meta property=\"og:type\" content=\"article\" \/>\n<meta property=\"og:title\" content=\"T\u00eb pagjeturit, Gjyl\u00eb Haziri k\u00ebrkon presion ndaj Beogradit p\u00ebr hapjen e arkivave \u2022 KosovaPress -\" \/>\n<meta property=\"og:description\" content=\"Prishtin\u00eb 24 janar 2026 15:49 Mes mureve t\u00eb mbushura me fotografi, ku \u00e7do fytyr\u00eb flet pa z\u00eb, Gjyl\u00eb Haziri q\u00ebndron \u00e7do dit\u00eb p\u00ebrball\u00eb kujtimeve q\u00eb\" \/>\n<meta property=\"og:url\" content=\"https:\/\/veritasinfo.org\/?p=28987\" \/>\n<meta property=\"article:published_time\" content=\"2026-01-24T14:49:55+00:00\" \/>\n<meta property=\"og:image\" content=\"https:\/\/veritasinfo.org\/wp-content\/uploads\/2026\/01\/698914_Haziri-240126.webp\" \/>\n\t<meta property=\"og:image:width\" content=\"900\" \/>\n\t<meta property=\"og:image:height\" content=\"600\" \/>\n\t<meta property=\"og:image:type\" content=\"image\/webp\" \/>\n<meta name=\"author\" content=\"US5\" \/>\n<meta name=\"twitter:card\" content=\"summary_large_image\" \/>\n<meta name=\"twitter:label1\" content=\"Written by\" \/>\n\t<meta name=\"twitter:data1\" content=\"US5\" \/>\n\t<meta name=\"twitter:label2\" content=\"Est. reading time\" \/>\n\t<meta name=\"twitter:data2\" content=\"1 minute\" \/>\n<script type=\"application\/ld+json\" class=\"yoast-schema-graph\">{\"@context\":\"https:\/\/schema.org\",\"@graph\":[{\"@type\":\"WebPage\",\"@id\":\"https:\/\/veritasinfo.org\/?p=28987\",\"url\":\"https:\/\/veritasinfo.org\/?p=28987\",\"name\":\"T\u00eb pagjeturit, Gjyl\u00eb Haziri k\u00ebrkon presion ndaj Beogradit p\u00ebr hapjen e arkivave \u2022 KosovaPress -\",\"isPartOf\":{\"@id\":\"https:\/\/veritasinfo.org\/#website\"},\"primaryImageOfPage\":{\"@id\":\"https:\/\/veritasinfo.org\/?p=28987#primaryimage\"},\"image\":{\"@id\":\"https:\/\/veritasinfo.org\/?p=28987#primaryimage\"},\"thumbnailUrl\":\"https:\/\/veritasinfo.org\/wp-content\/uploads\/2026\/01\/698914_Haziri-240126.webp\",\"datePublished\":\"2026-01-24T14:49:55+00:00\",\"author\":{\"@id\":\"https:\/\/veritasinfo.org\/#\/schema\/person\/bc442336e35414d04494ab8fb45db4c6\"},\"breadcrumb\":{\"@id\":\"https:\/\/veritasinfo.org\/?p=28987#breadcrumb\"},\"inLanguage\":\"en-US\",\"potentialAction\":[{\"@type\":\"ReadAction\",\"target\":[\"https:\/\/veritasinfo.org\/?p=28987\"]}]},{\"@type\":\"ImageObject\",\"inLanguage\":\"en-US\",\"@id\":\"https:\/\/veritasinfo.org\/?p=28987#primaryimage\",\"url\":\"https:\/\/veritasinfo.org\/wp-content\/uploads\/2026\/01\/698914_Haziri-240126.webp\",\"contentUrl\":\"https:\/\/veritasinfo.org\/wp-content\/uploads\/2026\/01\/698914_Haziri-240126.webp\",\"width\":900,\"height\":600},{\"@type\":\"BreadcrumbList\",\"@id\":\"https:\/\/veritasinfo.org\/?p=28987#breadcrumb\",\"itemListElement\":[{\"@type\":\"ListItem\",\"position\":1,\"name\":\"Home\",\"item\":\"https:\/\/veritasinfo.org\/\"},{\"@type\":\"ListItem\",\"position\":2,\"name\":\"T\u00eb pagjeturit, Gjyl\u00eb Haziri k\u00ebrkon presion ndaj Beogradit p\u00ebr hapjen e arkivave \u2022 KosovaPress\"}]},{\"@type\":\"WebSite\",\"@id\":\"https:\/\/veritasinfo.org\/#website\",\"url\":\"https:\/\/veritasinfo.org\/\",\"name\":\"\",\"description\":\"\",\"potentialAction\":[{\"@type\":\"SearchAction\",\"target\":{\"@type\":\"EntryPoint\",\"urlTemplate\":\"https:\/\/veritasinfo.org\/?s={search_term_string}\"},\"query-input\":{\"@type\":\"PropertyValueSpecification\",\"valueRequired\":true,\"valueName\":\"search_term_string\"}}],\"inLanguage\":\"en-US\"},{\"@type\":\"Person\",\"@id\":\"https:\/\/veritasinfo.org\/#\/schema\/person\/bc442336e35414d04494ab8fb45db4c6\",\"name\":\"US5\",\"image\":{\"@type\":\"ImageObject\",\"inLanguage\":\"en-US\",\"@id\":\"https:\/\/veritasinfo.org\/#\/schema\/person\/image\/\",\"url\":\"https:\/\/secure.gravatar.com\/avatar\/16a61e7272a0c5d001121ebb9e60e925d5816e4ac1e443ed3e640d9a6ae55d0c?s=96&d=mm&r=g\",\"contentUrl\":\"https:\/\/secure.gravatar.com\/avatar\/16a61e7272a0c5d001121ebb9e60e925d5816e4ac1e443ed3e640d9a6ae55d0c?s=96&d=mm&r=g\",\"caption\":\"US5\"},\"url\":\"https:\/\/veritasinfo.org\/?author=6\"}]}<\/script>\n<!-- \/ Yoast SEO plugin. -->","yoast_head_json":{"title":"T\u00eb pagjeturit, Gjyl\u00eb Haziri k\u00ebrkon presion ndaj Beogradit p\u00ebr hapjen e arkivave \u2022 KosovaPress -","robots":{"index":"index","follow":"follow","max-snippet":"max-snippet:-1","max-image-preview":"max-image-preview:large","max-video-preview":"max-video-preview:-1"},"canonical":"https:\/\/veritasinfo.org\/?p=28987","og_locale":"en_US","og_type":"article","og_title":"T\u00eb pagjeturit, Gjyl\u00eb Haziri k\u00ebrkon presion ndaj Beogradit p\u00ebr hapjen e arkivave \u2022 KosovaPress -","og_description":"Prishtin\u00eb 24 janar 2026 15:49 Mes mureve t\u00eb mbushura me fotografi, ku \u00e7do fytyr\u00eb flet pa z\u00eb, Gjyl\u00eb Haziri q\u00ebndron \u00e7do dit\u00eb p\u00ebrball\u00eb kujtimeve q\u00eb","og_url":"https:\/\/veritasinfo.org\/?p=28987","article_published_time":"2026-01-24T14:49:55+00:00","og_image":[{"width":900,"height":600,"url":"https:\/\/veritasinfo.org\/wp-content\/uploads\/2026\/01\/698914_Haziri-240126.webp","type":"image\/webp"}],"author":"US5","twitter_card":"summary_large_image","twitter_misc":{"Written by":"US5","Est. reading time":"1 minute"},"schema":{"@context":"https:\/\/schema.org","@graph":[{"@type":"WebPage","@id":"https:\/\/veritasinfo.org\/?p=28987","url":"https:\/\/veritasinfo.org\/?p=28987","name":"T\u00eb pagjeturit, Gjyl\u00eb Haziri k\u00ebrkon presion ndaj Beogradit p\u00ebr hapjen e arkivave \u2022 KosovaPress -","isPartOf":{"@id":"https:\/\/veritasinfo.org\/#website"},"primaryImageOfPage":{"@id":"https:\/\/veritasinfo.org\/?p=28987#primaryimage"},"image":{"@id":"https:\/\/veritasinfo.org\/?p=28987#primaryimage"},"thumbnailUrl":"https:\/\/veritasinfo.org\/wp-content\/uploads\/2026\/01\/698914_Haziri-240126.webp","datePublished":"2026-01-24T14:49:55+00:00","author":{"@id":"https:\/\/veritasinfo.org\/#\/schema\/person\/bc442336e35414d04494ab8fb45db4c6"},"breadcrumb":{"@id":"https:\/\/veritasinfo.org\/?p=28987#breadcrumb"},"inLanguage":"en-US","potentialAction":[{"@type":"ReadAction","target":["https:\/\/veritasinfo.org\/?p=28987"]}]},{"@type":"ImageObject","inLanguage":"en-US","@id":"https:\/\/veritasinfo.org\/?p=28987#primaryimage","url":"https:\/\/veritasinfo.org\/wp-content\/uploads\/2026\/01\/698914_Haziri-240126.webp","contentUrl":"https:\/\/veritasinfo.org\/wp-content\/uploads\/2026\/01\/698914_Haziri-240126.webp","width":900,"height":600},{"@type":"BreadcrumbList","@id":"https:\/\/veritasinfo.org\/?p=28987#breadcrumb","itemListElement":[{"@type":"ListItem","position":1,"name":"Home","item":"https:\/\/veritasinfo.org\/"},{"@type":"ListItem","position":2,"name":"T\u00eb pagjeturit, Gjyl\u00eb Haziri k\u00ebrkon presion ndaj Beogradit p\u00ebr hapjen e arkivave \u2022 KosovaPress"}]},{"@type":"WebSite","@id":"https:\/\/veritasinfo.org\/#website","url":"https:\/\/veritasinfo.org\/","name":"","description":"","potentialAction":[{"@type":"SearchAction","target":{"@type":"EntryPoint","urlTemplate":"https:\/\/veritasinfo.org\/?s={search_term_string}"},"query-input":{"@type":"PropertyValueSpecification","valueRequired":true,"valueName":"search_term_string"}}],"inLanguage":"en-US"},{"@type":"Person","@id":"https:\/\/veritasinfo.org\/#\/schema\/person\/bc442336e35414d04494ab8fb45db4c6","name":"US5","image":{"@type":"ImageObject","inLanguage":"en-US","@id":"https:\/\/veritasinfo.org\/#\/schema\/person\/image\/","url":"https:\/\/secure.gravatar.com\/avatar\/16a61e7272a0c5d001121ebb9e60e925d5816e4ac1e443ed3e640d9a6ae55d0c?s=96&d=mm&r=g","contentUrl":"https:\/\/secure.gravatar.com\/avatar\/16a61e7272a0c5d001121ebb9e60e925d5816e4ac1e443ed3e640d9a6ae55d0c?s=96&d=mm&r=g","caption":"US5"},"url":"https:\/\/veritasinfo.org\/?author=6"}]}},"featured_image_urls":{"full":["https:\/\/veritasinfo.org\/wp-content\/uploads\/2026\/01\/698914_Haziri-240126.webp",900,600,false],"thumbnail":["https:\/\/veritasinfo.org\/wp-content\/uploads\/2026\/01\/698914_Haziri-240126-150x150.webp",150,150,true],"medium":["https:\/\/veritasinfo.org\/wp-content\/uploads\/2026\/01\/698914_Haziri-240126-300x200.webp",300,200,true],"medium_large":["https:\/\/veritasinfo.org\/wp-content\/uploads\/2026\/01\/698914_Haziri-240126-768x512.webp",640,427,true],"large":["https:\/\/veritasinfo.org\/wp-content\/uploads\/2026\/01\/698914_Haziri-240126.webp",640,427,false],"1536x1536":["https:\/\/veritasinfo.org\/wp-content\/uploads\/2026\/01\/698914_Haziri-240126.webp",900,600,false],"2048x2048":["https:\/\/veritasinfo.org\/wp-content\/uploads\/2026\/01\/698914_Haziri-240126.webp",900,600,false],"kreeti-slider-full":["https:\/\/veritasinfo.org\/wp-content\/uploads\/2026\/01\/698914_Haziri-240126.webp",900,600,false],"kreeti-featured":["https:\/\/veritasinfo.org\/wp-content\/uploads\/2026\/01\/698914_Haziri-240126.webp",900,600,false],"kreeti-medium":["https:\/\/veritasinfo.org\/wp-content\/uploads\/2026\/01\/698914_Haziri-240126.webp",720,480,false],"kreeti-medium-square":["https:\/\/veritasinfo.org\/wp-content\/uploads\/2026\/01\/698914_Haziri-240126.webp",350,233,false]},"author_info":{"info":["US5"]},"category_info":"<a href=\"https:\/\/veritasinfo.org\/?cat=60\" rel=\"category\">Shoq\u00ebrore<\/a>","tag_info":"Shoq\u00ebrore","comment_count":"0","_links":{"self":[{"href":"https:\/\/veritasinfo.org\/index.php?rest_route=\/wp\/v2\/posts\/28987","targetHints":{"allow":["GET"]}}],"collection":[{"href":"https:\/\/veritasinfo.org\/index.php?rest_route=\/wp\/v2\/posts"}],"about":[{"href":"https:\/\/veritasinfo.org\/index.php?rest_route=\/wp\/v2\/types\/post"}],"author":[{"embeddable":true,"href":"https:\/\/veritasinfo.org\/index.php?rest_route=\/wp\/v2\/users\/6"}],"replies":[{"embeddable":true,"href":"https:\/\/veritasinfo.org\/index.php?rest_route=%2Fwp%2Fv2%2Fcomments&post=28987"}],"version-history":[{"count":1,"href":"https:\/\/veritasinfo.org\/index.php?rest_route=\/wp\/v2\/posts\/28987\/revisions"}],"predecessor-version":[{"id":28989,"href":"https:\/\/veritasinfo.org\/index.php?rest_route=\/wp\/v2\/posts\/28987\/revisions\/28989"}],"wp:featuredmedia":[{"embeddable":true,"href":"https:\/\/veritasinfo.org\/index.php?rest_route=\/wp\/v2\/media\/28988"}],"wp:attachment":[{"href":"https:\/\/veritasinfo.org\/index.php?rest_route=%2Fwp%2Fv2%2Fmedia&parent=28987"}],"wp:term":[{"taxonomy":"category","embeddable":true,"href":"https:\/\/veritasinfo.org\/index.php?rest_route=%2Fwp%2Fv2%2Fcategories&post=28987"},{"taxonomy":"post_tag","embeddable":true,"href":"https:\/\/veritasinfo.org\/index.php?rest_route=%2Fwp%2Fv2%2Ftags&post=28987"}],"curies":[{"name":"wp","href":"https:\/\/api.w.org\/{rel}","templated":true}]}}