{"id":28965,"date":"2026-01-24T13:47:21","date_gmt":"2026-01-24T12:47:21","guid":{"rendered":"https:\/\/veritasinfo.org\/?p=28965"},"modified":"2026-01-24T13:47:21","modified_gmt":"2026-01-24T12:47:21","slug":"mbahet-ceremonia-lauretatet-e-vitit-2025-musa-na-presin-sfida-te-medha-sporti-i-notit-eshte-vlera-me-e-madhe","status":"publish","type":"post","link":"https:\/\/veritasinfo.org\/?p=28965","title":{"rendered":"Mbahet ceremonia \u201cLauretat\u00ebt e Vitit 2025\u201d, Musa: Na presin sfida t\u00eb m\u00ebdha, sporti i notit \u00ebsht\u00eb vlera m\u00eb e madhe"},"content":{"rendered":"<p>Prishtin\u00eb 24 janar 2026 13:48<\/p>\n<p>Federata e Notit e Kosov\u00ebs ka paraqitur rezultatet e saj p\u00ebrmes nj\u00eb video q\u00eb shfaq n\u00eb ekran, teksa ishte organizuar ceremonia \u201cLaureat\u00ebt e Vitit 2025\u201d, ngjarje kjo e dedikuar shp\u00ebrblimit dhe vler\u00ebsimit t\u00eb sportist\u00ebve, trajner\u00ebve dhe kontribuuesve m\u00eb t\u00eb dalluar n\u00eb sportin e notit gjat\u00eb vitit 2025-t\u00eb<\/p>\n<p>Para ndarjes s\u00eb \u00e7mimit, q\u00eb do t\u00eb fillonte me at\u00eb \u201cShpresa e Vitit\u201d, foli z\u00ebvend\u00ebspresidenti i federat\u00ebs, Haxhiu Musa, i cili tha se sporti i notit \u00ebsht\u00eb vlera m\u00eb e madhe, por n\u00ebnvizon se edhe krahas sfidave t\u00eb m\u00ebdha, Federata e Notit gjat\u00eb vitit q\u00eb lam\u00eb pas\u00eb, atij 2025, sh\u00ebnoi suksese.<\/p>\n<p> \u201cEdhe pse krahas sfidave shum\u00eb t\u00eb m\u00ebdha, federata e Notit gjat\u00eb vitit 2025 b\u00ebri shum\u00eb p\u00ebrpjekje q\u00eb ky vit t\u00eb kulmoj\u00eb me suksese t\u00eb m\u00ebdha dhe rritjen e numrit t\u00eb garuesve si dhe ngritjen e cil\u00ebsis\u00eb s\u00eb garuesve n\u00eb sportin e notit. Por ajo q\u00eb ia vlen e q\u00eb \u00ebsht\u00eb kryesorja, \u00ebsht\u00eb ta fal\u00ebnderojm\u00eb Presidenten, e cila p\u00ebr momentin \u00ebsht\u00eb e ngarkuar me detyr\u00eb e nuk \u00ebsht\u00eb prezent\u00eb. Rita Zeqirin q\u00eb b\u00ebri t\u00eb pamundur q\u00eb ta p\u00ebrfaq\u00ebsoj\u00eb federat\u00ebn e notit n\u00eb m\u00ebnyr\u00eb sa m\u00eb dinjitoze e cila ishte pjes\u00ebmarr\u00ebse n\u00eb disa aktivitet nd\u00ebrkomb\u00ebtare\u201d, tha ai.<\/p>\n<p>Musa theksoi se federat\u00ebn e presin shum\u00eb sfida, duke p\u00ebrmend edhe Loj\u00ebrat mesdhetare.<\/p>\n<p>\u201cMendoj q\u00eb na pret nj\u00eb sfid\u00eb shum\u00eb e madhe p\u00ebr 2026 q\u00eb t\u00eb mobilizohemi t\u00eb gjith\u00eb dhe t\u00eb nxjerrim nj\u00eb kualitet shum\u00eb m\u00eb t\u00eb lart\u00eb sepse viti 2027 \u00ebsht\u00eb shum\u00eb af\u00ebr por edhe viti 2030 ku do t\u00eb mbahen Loj\u00ebrat mesdhetare do t\u00eb jen\u00eb shum\u00eb m\u00eb af\u00ebr sepse diku rreth 40 p\u00ebr qind e Loj\u00ebrave Mesdhetare jan\u00eb pjes\u00eb  e ujit. Neve na presin detyra t\u00eb m\u00ebdha dhe t\u00eb mobilizohemi.  Sporti i notit \u00ebsht\u00eb vler\u00eb e madhe\u201d, theksoi Musa.<\/p>\n<p>\u00c7mimi \u201cShpresa e vitit\u201d iu dha Vesa Mehmetaj, Arif Makolli, Rin Mehmeti.<\/p>\n","protected":false},"excerpt":{"rendered":"<p>Prishtin\u00eb 24 janar 2026 13:48 Federata e Notit e Kosov\u00ebs ka paraqitur rezultatet e saj p\u00ebrmes nj\u00eb video q\u00eb shfaq n\u00eb ekran, teksa ishte organizuar<\/p>\n","protected":false},"author":6,"featured_media":28966,"comment_status":"open","ping_status":"open","sticky":false,"template":"","format":"standard","meta":{"footnotes":""},"categories":[60],"tags":[],"class_list":["post-28965","post","type-post","status-publish","format-standard","has-post-thumbnail","hentry","category-shoqerore-sq"],"yoast_head":"<!-- This site is optimized with the Yoast SEO plugin v25.3.1 - https:\/\/yoast.com\/wordpress\/plugins\/seo\/ -->\n<title>Mbahet ceremonia \u201cLauretat\u00ebt e Vitit 2025\u201d, Musa: Na presin sfida t\u00eb m\u00ebdha, sporti i notit \u00ebsht\u00eb vlera m\u00eb e madhe -<\/title>\n<meta name=\"robots\" content=\"index, follow, max-snippet:-1, max-image-preview:large, max-video-preview:-1\" \/>\n<link rel=\"canonical\" href=\"https:\/\/veritasinfo.org\/?p=28965\" \/>\n<meta property=\"og:locale\" content=\"en_US\" \/>\n<meta property=\"og:type\" content=\"article\" \/>\n<meta property=\"og:title\" content=\"Mbahet ceremonia \u201cLauretat\u00ebt e Vitit 2025\u201d, Musa: Na presin sfida t\u00eb m\u00ebdha, sporti i notit \u00ebsht\u00eb vlera m\u00eb e madhe -\" \/>\n<meta property=\"og:description\" content=\"Prishtin\u00eb 24 janar 2026 13:48 Federata e Notit e Kosov\u00ebs ka paraqitur rezultatet e saj p\u00ebrmes nj\u00eb video q\u00eb shfaq n\u00eb ekran, teksa ishte organizuar\" \/>\n<meta property=\"og:url\" content=\"https:\/\/veritasinfo.org\/?p=28965\" \/>\n<meta property=\"article:published_time\" content=\"2026-01-24T12:47:21+00:00\" \/>\n<meta property=\"og:image\" content=\"https:\/\/veritasinfo.org\/wp-content\/uploads\/2026\/01\/haxhi-musa-1536x1152-1.jpg\" \/>\n\t<meta property=\"og:image:width\" content=\"1536\" \/>\n\t<meta property=\"og:image:height\" content=\"1152\" \/>\n\t<meta property=\"og:image:type\" content=\"image\/jpeg\" \/>\n<meta name=\"author\" content=\"US5\" \/>\n<meta name=\"twitter:card\" content=\"summary_large_image\" \/>\n<meta name=\"twitter:label1\" content=\"Written by\" \/>\n\t<meta name=\"twitter:data1\" content=\"US5\" \/>\n<script type=\"application\/ld+json\" class=\"yoast-schema-graph\">{\"@context\":\"https:\/\/schema.org\",\"@graph\":[{\"@type\":\"WebPage\",\"@id\":\"https:\/\/veritasinfo.org\/?p=28965\",\"url\":\"https:\/\/veritasinfo.org\/?p=28965\",\"name\":\"Mbahet ceremonia \u201cLauretat\u00ebt e Vitit 2025\u201d, Musa: Na presin sfida t\u00eb m\u00ebdha, sporti i notit \u00ebsht\u00eb vlera m\u00eb e madhe -\",\"isPartOf\":{\"@id\":\"https:\/\/veritasinfo.org\/#website\"},\"primaryImageOfPage\":{\"@id\":\"https:\/\/veritasinfo.org\/?p=28965#primaryimage\"},\"image\":{\"@id\":\"https:\/\/veritasinfo.org\/?p=28965#primaryimage\"},\"thumbnailUrl\":\"https:\/\/veritasinfo.org\/wp-content\/uploads\/2026\/01\/haxhi-musa-1536x1152-1.jpg\",\"datePublished\":\"2026-01-24T12:47:21+00:00\",\"author\":{\"@id\":\"https:\/\/veritasinfo.org\/#\/schema\/person\/bc442336e35414d04494ab8fb45db4c6\"},\"breadcrumb\":{\"@id\":\"https:\/\/veritasinfo.org\/?p=28965#breadcrumb\"},\"inLanguage\":\"en-US\",\"potentialAction\":[{\"@type\":\"ReadAction\",\"target\":[\"https:\/\/veritasinfo.org\/?p=28965\"]}]},{\"@type\":\"ImageObject\",\"inLanguage\":\"en-US\",\"@id\":\"https:\/\/veritasinfo.org\/?p=28965#primaryimage\",\"url\":\"https:\/\/veritasinfo.org\/wp-content\/uploads\/2026\/01\/haxhi-musa-1536x1152-1.jpg\",\"contentUrl\":\"https:\/\/veritasinfo.org\/wp-content\/uploads\/2026\/01\/haxhi-musa-1536x1152-1.jpg\",\"width\":1536,\"height\":1152},{\"@type\":\"BreadcrumbList\",\"@id\":\"https:\/\/veritasinfo.org\/?p=28965#breadcrumb\",\"itemListElement\":[{\"@type\":\"ListItem\",\"position\":1,\"name\":\"Home\",\"item\":\"https:\/\/veritasinfo.org\/\"},{\"@type\":\"ListItem\",\"position\":2,\"name\":\"Mbahet ceremonia \u201cLauretat\u00ebt e Vitit 2025\u201d, Musa: Na presin sfida t\u00eb m\u00ebdha, sporti i notit \u00ebsht\u00eb vlera m\u00eb e madhe\"}]},{\"@type\":\"WebSite\",\"@id\":\"https:\/\/veritasinfo.org\/#website\",\"url\":\"https:\/\/veritasinfo.org\/\",\"name\":\"\",\"description\":\"\",\"potentialAction\":[{\"@type\":\"SearchAction\",\"target\":{\"@type\":\"EntryPoint\",\"urlTemplate\":\"https:\/\/veritasinfo.org\/?s={search_term_string}\"},\"query-input\":{\"@type\":\"PropertyValueSpecification\",\"valueRequired\":true,\"valueName\":\"search_term_string\"}}],\"inLanguage\":\"en-US\"},{\"@type\":\"Person\",\"@id\":\"https:\/\/veritasinfo.org\/#\/schema\/person\/bc442336e35414d04494ab8fb45db4c6\",\"name\":\"US5\",\"image\":{\"@type\":\"ImageObject\",\"inLanguage\":\"en-US\",\"@id\":\"https:\/\/veritasinfo.org\/#\/schema\/person\/image\/\",\"url\":\"https:\/\/secure.gravatar.com\/avatar\/16a61e7272a0c5d001121ebb9e60e925d5816e4ac1e443ed3e640d9a6ae55d0c?s=96&d=mm&r=g\",\"contentUrl\":\"https:\/\/secure.gravatar.com\/avatar\/16a61e7272a0c5d001121ebb9e60e925d5816e4ac1e443ed3e640d9a6ae55d0c?s=96&d=mm&r=g\",\"caption\":\"US5\"},\"url\":\"https:\/\/veritasinfo.org\/?author=6\"}]}<\/script>\n<!-- \/ Yoast SEO plugin. -->","yoast_head_json":{"title":"Mbahet ceremonia \u201cLauretat\u00ebt e Vitit 2025\u201d, Musa: Na presin sfida t\u00eb m\u00ebdha, sporti i notit \u00ebsht\u00eb vlera m\u00eb e madhe -","robots":{"index":"index","follow":"follow","max-snippet":"max-snippet:-1","max-image-preview":"max-image-preview:large","max-video-preview":"max-video-preview:-1"},"canonical":"https:\/\/veritasinfo.org\/?p=28965","og_locale":"en_US","og_type":"article","og_title":"Mbahet ceremonia \u201cLauretat\u00ebt e Vitit 2025\u201d, Musa: Na presin sfida t\u00eb m\u00ebdha, sporti i notit \u00ebsht\u00eb vlera m\u00eb e madhe -","og_description":"Prishtin\u00eb 24 janar 2026 13:48 Federata e Notit e Kosov\u00ebs ka paraqitur rezultatet e saj p\u00ebrmes nj\u00eb video q\u00eb shfaq n\u00eb ekran, teksa ishte organizuar","og_url":"https:\/\/veritasinfo.org\/?p=28965","article_published_time":"2026-01-24T12:47:21+00:00","og_image":[{"width":1536,"height":1152,"url":"https:\/\/veritasinfo.org\/wp-content\/uploads\/2026\/01\/haxhi-musa-1536x1152-1.jpg","type":"image\/jpeg"}],"author":"US5","twitter_card":"summary_large_image","twitter_misc":{"Written by":"US5"},"schema":{"@context":"https:\/\/schema.org","@graph":[{"@type":"WebPage","@id":"https:\/\/veritasinfo.org\/?p=28965","url":"https:\/\/veritasinfo.org\/?p=28965","name":"Mbahet ceremonia \u201cLauretat\u00ebt e Vitit 2025\u201d, Musa: Na presin sfida t\u00eb m\u00ebdha, sporti i notit \u00ebsht\u00eb vlera m\u00eb e madhe -","isPartOf":{"@id":"https:\/\/veritasinfo.org\/#website"},"primaryImageOfPage":{"@id":"https:\/\/veritasinfo.org\/?p=28965#primaryimage"},"image":{"@id":"https:\/\/veritasinfo.org\/?p=28965#primaryimage"},"thumbnailUrl":"https:\/\/veritasinfo.org\/wp-content\/uploads\/2026\/01\/haxhi-musa-1536x1152-1.jpg","datePublished":"2026-01-24T12:47:21+00:00","author":{"@id":"https:\/\/veritasinfo.org\/#\/schema\/person\/bc442336e35414d04494ab8fb45db4c6"},"breadcrumb":{"@id":"https:\/\/veritasinfo.org\/?p=28965#breadcrumb"},"inLanguage":"en-US","potentialAction":[{"@type":"ReadAction","target":["https:\/\/veritasinfo.org\/?p=28965"]}]},{"@type":"ImageObject","inLanguage":"en-US","@id":"https:\/\/veritasinfo.org\/?p=28965#primaryimage","url":"https:\/\/veritasinfo.org\/wp-content\/uploads\/2026\/01\/haxhi-musa-1536x1152-1.jpg","contentUrl":"https:\/\/veritasinfo.org\/wp-content\/uploads\/2026\/01\/haxhi-musa-1536x1152-1.jpg","width":1536,"height":1152},{"@type":"BreadcrumbList","@id":"https:\/\/veritasinfo.org\/?p=28965#breadcrumb","itemListElement":[{"@type":"ListItem","position":1,"name":"Home","item":"https:\/\/veritasinfo.org\/"},{"@type":"ListItem","position":2,"name":"Mbahet ceremonia \u201cLauretat\u00ebt e Vitit 2025\u201d, Musa: Na presin sfida t\u00eb m\u00ebdha, sporti i notit \u00ebsht\u00eb vlera m\u00eb e madhe"}]},{"@type":"WebSite","@id":"https:\/\/veritasinfo.org\/#website","url":"https:\/\/veritasinfo.org\/","name":"","description":"","potentialAction":[{"@type":"SearchAction","target":{"@type":"EntryPoint","urlTemplate":"https:\/\/veritasinfo.org\/?s={search_term_string}"},"query-input":{"@type":"PropertyValueSpecification","valueRequired":true,"valueName":"search_term_string"}}],"inLanguage":"en-US"},{"@type":"Person","@id":"https:\/\/veritasinfo.org\/#\/schema\/person\/bc442336e35414d04494ab8fb45db4c6","name":"US5","image":{"@type":"ImageObject","inLanguage":"en-US","@id":"https:\/\/veritasinfo.org\/#\/schema\/person\/image\/","url":"https:\/\/secure.gravatar.com\/avatar\/16a61e7272a0c5d001121ebb9e60e925d5816e4ac1e443ed3e640d9a6ae55d0c?s=96&d=mm&r=g","contentUrl":"https:\/\/secure.gravatar.com\/avatar\/16a61e7272a0c5d001121ebb9e60e925d5816e4ac1e443ed3e640d9a6ae55d0c?s=96&d=mm&r=g","caption":"US5"},"url":"https:\/\/veritasinfo.org\/?author=6"}]}},"featured_image_urls":{"full":["https:\/\/veritasinfo.org\/wp-content\/uploads\/2026\/01\/haxhi-musa-1536x1152-1.jpg",1536,1152,false],"thumbnail":["https:\/\/veritasinfo.org\/wp-content\/uploads\/2026\/01\/haxhi-musa-1536x1152-1-150x150.jpg",150,150,true],"medium":["https:\/\/veritasinfo.org\/wp-content\/uploads\/2026\/01\/haxhi-musa-1536x1152-1-300x225.jpg",300,225,true],"medium_large":["https:\/\/veritasinfo.org\/wp-content\/uploads\/2026\/01\/haxhi-musa-1536x1152-1-768x576.jpg",640,480,true],"large":["https:\/\/veritasinfo.org\/wp-content\/uploads\/2026\/01\/haxhi-musa-1536x1152-1-1024x768.jpg",640,480,true],"1536x1536":["https:\/\/veritasinfo.org\/wp-content\/uploads\/2026\/01\/haxhi-musa-1536x1152-1.jpg",1536,1152,false],"2048x2048":["https:\/\/veritasinfo.org\/wp-content\/uploads\/2026\/01\/haxhi-musa-1536x1152-1.jpg",1536,1152,false],"kreeti-slider-full":["https:\/\/veritasinfo.org\/wp-content\/uploads\/2026\/01\/haxhi-musa-1536x1152-1.jpg",960,720,false],"kreeti-featured":["https:\/\/veritasinfo.org\/wp-content\/uploads\/2026\/01\/haxhi-musa-1536x1152-1.jpg",1024,768,false],"kreeti-medium":["https:\/\/veritasinfo.org\/wp-content\/uploads\/2026\/01\/haxhi-musa-1536x1152-1.jpg",707,530,false],"kreeti-medium-square":["https:\/\/veritasinfo.org\/wp-content\/uploads\/2026\/01\/haxhi-musa-1536x1152-1.jpg",350,263,false]},"author_info":{"info":["US5"]},"category_info":"<a href=\"https:\/\/veritasinfo.org\/?cat=60\" rel=\"category\">Shoq\u00ebrore<\/a>","tag_info":"Shoq\u00ebrore","comment_count":"0","_links":{"self":[{"href":"https:\/\/veritasinfo.org\/index.php?rest_route=\/wp\/v2\/posts\/28965","targetHints":{"allow":["GET"]}}],"collection":[{"href":"https:\/\/veritasinfo.org\/index.php?rest_route=\/wp\/v2\/posts"}],"about":[{"href":"https:\/\/veritasinfo.org\/index.php?rest_route=\/wp\/v2\/types\/post"}],"author":[{"embeddable":true,"href":"https:\/\/veritasinfo.org\/index.php?rest_route=\/wp\/v2\/users\/6"}],"replies":[{"embeddable":true,"href":"https:\/\/veritasinfo.org\/index.php?rest_route=%2Fwp%2Fv2%2Fcomments&post=28965"}],"version-history":[{"count":1,"href":"https:\/\/veritasinfo.org\/index.php?rest_route=\/wp\/v2\/posts\/28965\/revisions"}],"predecessor-version":[{"id":28967,"href":"https:\/\/veritasinfo.org\/index.php?rest_route=\/wp\/v2\/posts\/28965\/revisions\/28967"}],"wp:featuredmedia":[{"embeddable":true,"href":"https:\/\/veritasinfo.org\/index.php?rest_route=\/wp\/v2\/media\/28966"}],"wp:attachment":[{"href":"https:\/\/veritasinfo.org\/index.php?rest_route=%2Fwp%2Fv2%2Fmedia&parent=28965"}],"wp:term":[{"taxonomy":"category","embeddable":true,"href":"https:\/\/veritasinfo.org\/index.php?rest_route=%2Fwp%2Fv2%2Fcategories&post=28965"},{"taxonomy":"post_tag","embeddable":true,"href":"https:\/\/veritasinfo.org\/index.php?rest_route=%2Fwp%2Fv2%2Ftags&post=28965"}],"curies":[{"name":"wp","href":"https:\/\/api.w.org\/{rel}","templated":true}]}}