{"id":28934,"date":"2026-01-24T09:04:54","date_gmt":"2026-01-24T08:04:54","guid":{"rendered":"https:\/\/veritasinfo.org\/?p=28934"},"modified":"2026-01-24T09:04:54","modified_gmt":"2026-01-24T08:04:54","slug":"komisioni-i-perbashket-per-te-pagjeturit-dyshime-per-zbatimin-nga-serbia","status":"publish","type":"post","link":"https:\/\/veritasinfo.org\/?p=28934","title":{"rendered":"Komisioni i p\u00ebrbashk\u00ebt p\u00ebr t\u00eb pagjeturit, dyshime p\u00ebr zbatimin nga Serbia"},"content":{"rendered":"<p>Prishtin\u00eb 24 janar 2026 09:03<\/p>\n<p>Kosova dhe Serbia jan\u00eb dakorduar n\u00eb Bruksel q\u00eb t\u00eb funksionalizojn\u00eb Komisionin e P\u00ebrbashk\u00ebt p\u00ebr Personat e Pagjetur nga lufta n\u00eb Kosov\u00eb, pas nj\u00eb diskutimi t\u00eb gjat\u00eb nd\u00ebrmjet kryenegociator\u00ebve t\u00eb dy vendeve. Megjithat\u00eb, p\u00ebrfaq\u00ebsues t\u00eb institucioneve dhe organizatave q\u00eb merren me \u00e7\u00ebshtjen e t\u00eb zhdukurve shprehin skepticiz\u00ebm t\u00eb thell\u00eb se Serbia do t\u2019i zbatoj\u00eb marr\u00ebveshjet e arritura, duke e akuzuar p\u00ebr zvarritje dhe instrumentalizim politik t\u00eb k\u00ebsaj \u00e7\u00ebshtjeje humane.<\/p>\n<p>Ata q\u00eb merren drejtp\u00ebrdrejt me \u00e7\u00ebshtjen e personave t\u00eb pagjetur n\u00eb Kosov\u00eb shprehin skepticiz\u00ebm t\u00eb thell\u00eb se Serbia do t\u2019i zbatoj\u00eb marr\u00ebveshjet e arritura n\u00eb Bruksel.<\/p>\n<p>Sipas Fondit p\u00ebr t\u00eb Drejt\u00ebn Humanitare, shteti serb vazhdon ta instrumentalizoj\u00eb \u00e7\u00ebshtjen e personave t\u00eb zhdukur p\u00ebr q\u00ebllime politike, duke shtuar se k\u00ebrkesat e pal\u00ebs kosovare v\u00ebshtir\u00eb se mund t\u00eb p\u00ebrmbushen nga Serbia.<\/p>\n<p>\u201cElementet n\u00eb ato arkiva q\u00eb p\u00ebrmbajn\u00eb informacione p\u00ebr fshehjen e kufomave nuk do t\u00eb dor\u00ebzohen, sepse besoj se motivi pas k\u00ebsaj \u00ebsht\u00eb se, n\u00ebse dor\u00ebzohen, at\u00ebher\u00eb do t\u00eb ngrihet \u00e7\u00ebshtja e p\u00ebrgjegj\u00ebsis\u00eb penale\u201d, theksoi Bekim Blakaj nga Fondi p\u00ebr t\u00eb Drejt\u00ebn Humanitare.<\/p>\n<p>Edhe n\u00eb K\u00ebshillin Koordinues p\u00ebr t\u00eb Zhdukurit dhe Krimet e Luft\u00ebs n\u00eb Kosov\u00eb thon\u00eb se Serbia, ashtu si p\u00ebr m\u00eb shum\u00eb se dy dekada, do t\u00eb vazhdoj\u00eb avazin e vjet\u00ebr t\u00eb zvarritjes s\u00eb procesit t\u00eb zbardhjes s\u00eb fatit t\u00eb personave t\u00eb pagjetur.<\/p>\n<p>\u201cP\u00ebr \u00e7do marr\u00ebveshje q\u00eb kemi b\u00ebr\u00eb kemi qen\u00eb skeptik\u00eb dhe, ashtu si\u00e7 kemi qen\u00eb skeptik\u00eb, ashtu ka rezultuar edhe puna. N\u00eb vitin 2023 \u00ebsht\u00eb arritur marr\u00ebveshja e fundit p\u00ebr hapjen e arkivave dhe p\u00ebr rritjen e vigjilenc\u00ebs n\u00eb zbardhjen e fatit t\u00eb t\u00eb zhdukurve, por Serbia ka bllokuar gjith\u00e7ka\u201d, tha Ahmet Grajqevci nga K\u00ebshilli Koordinues p\u00ebr t\u00eb Zhdukurit dhe Krimet e Luft\u00ebs n\u00eb Kosov\u00eb.<\/p>\n<p>Nd\u00ebrkoh\u00eb, kryetari i Komisionit Qeveritar p\u00ebr Personat e Zhdukur, Andin Hoti, i cili ishte i pranish\u00ebm n\u00eb Bruksel, tha dje se p\u00ebr tre vjet Serbia kishte refuzuar themelimin e k\u00ebtij komisioni, pavar\u00ebsisht se ishte njohur me k\u00ebrkesat e pal\u00ebs kosovare.<\/p>\n<p>N\u00eb mesin e k\u00ebrkesave q\u00eb Kosova i ka drejtuar Serbis\u00eb jan\u00eb zbatimi i plot\u00eb i Deklarat\u00ebs p\u00ebr Personat e Zhdukur, p\u00ebrfshir\u00eb qasjen n\u00eb arkivat e klasifikuara, trajtimi i k\u00ebrkes\u00ebs zyrtare p\u00ebr arkivat drejtuar presidentit Vu\u00e7iq lidhur me komand\u00ebn e shp\u00ebrb\u00ebr\u00eb t\u00eb Brigad\u00ebs s\u00eb Motorizuar 37 t\u00eb ish-Ushtris\u00eb Jugosllave, p\u00ebrshpejtimi i pun\u00ebs n\u00eb lokacionet prioritare dhe zbatimi i zotimeve t\u00eb dala nga tri takimet e Grupit Punues, n\u00eb ve\u00e7anti n\u00eb Batajnic\u00eb.<\/p>\n<p>Komisioni i p\u00ebrbashk\u00ebt p\u00ebr personat e pagjetur \u00ebsht\u00eb pjes\u00eb e Deklarat\u00ebs s\u00eb p\u00ebrbashk\u00ebt p\u00ebr personat e zhdukur, p\u00ebr t\u00eb cil\u00ebn u pajtuan kryeministri i Kosov\u00ebs, Albin Kurti, dhe presidenti i Serbis\u00eb, Aleksandar Vu\u00e7iq, n\u00eb vitin 2023.<\/p>\n","protected":false},"excerpt":{"rendered":"<p>Prishtin\u00eb 24 janar 2026 09:03 Kosova dhe Serbia jan\u00eb dakorduar n\u00eb Bruksel q\u00eb t\u00eb funksionalizojn\u00eb Komisionin e P\u00ebrbashk\u00ebt p\u00ebr Personat e Pagjetur nga lufta n\u00eb<\/p>\n","protected":false},"author":6,"featured_media":28935,"comment_status":"open","ping_status":"open","sticky":false,"template":"","format":"standard","meta":{"footnotes":""},"categories":[60],"tags":[],"class_list":["post-28934","post","type-post","status-publish","format-standard","has-post-thumbnail","hentry","category-shoqerore-sq"],"yoast_head":"<!-- This site is optimized with the Yoast SEO plugin v25.3.1 - https:\/\/yoast.com\/wordpress\/plugins\/seo\/ -->\n<title>Komisioni i p\u00ebrbashk\u00ebt p\u00ebr t\u00eb pagjeturit, dyshime p\u00ebr zbatimin nga Serbia -<\/title>\n<meta name=\"robots\" content=\"index, follow, max-snippet:-1, max-image-preview:large, max-video-preview:-1\" \/>\n<link rel=\"canonical\" href=\"https:\/\/veritasinfo.org\/?p=28934\" \/>\n<meta property=\"og:locale\" content=\"en_US\" \/>\n<meta property=\"og:type\" content=\"article\" \/>\n<meta property=\"og:title\" content=\"Komisioni i p\u00ebrbashk\u00ebt p\u00ebr t\u00eb pagjeturit, dyshime p\u00ebr zbatimin nga Serbia -\" \/>\n<meta property=\"og:description\" content=\"Prishtin\u00eb 24 janar 2026 09:03 Kosova dhe Serbia jan\u00eb dakorduar n\u00eb Bruksel q\u00eb t\u00eb funksionalizojn\u00eb Komisionin e P\u00ebrbashk\u00ebt p\u00ebr Personat e Pagjetur nga lufta n\u00eb\" \/>\n<meta property=\"og:url\" content=\"https:\/\/veritasinfo.org\/?p=28934\" \/>\n<meta property=\"article:published_time\" content=\"2026-01-24T08:04:54+00:00\" \/>\n<meta property=\"og:image\" content=\"https:\/\/veritasinfo.org\/wp-content\/uploads\/2026\/01\/IMG_20260124_090428.jpg\" \/>\n\t<meta property=\"og:image:width\" content=\"639\" \/>\n\t<meta property=\"og:image:height\" content=\"499\" \/>\n\t<meta property=\"og:image:type\" content=\"image\/jpeg\" \/>\n<meta name=\"author\" content=\"US5\" \/>\n<meta name=\"twitter:card\" content=\"summary_large_image\" \/>\n<meta name=\"twitter:label1\" content=\"Written by\" \/>\n\t<meta name=\"twitter:data1\" content=\"US5\" \/>\n<script type=\"application\/ld+json\" class=\"yoast-schema-graph\">{\"@context\":\"https:\/\/schema.org\",\"@graph\":[{\"@type\":\"WebPage\",\"@id\":\"https:\/\/veritasinfo.org\/?p=28934\",\"url\":\"https:\/\/veritasinfo.org\/?p=28934\",\"name\":\"Komisioni i p\u00ebrbashk\u00ebt p\u00ebr t\u00eb pagjeturit, dyshime p\u00ebr zbatimin nga Serbia -\",\"isPartOf\":{\"@id\":\"https:\/\/veritasinfo.org\/#website\"},\"primaryImageOfPage\":{\"@id\":\"https:\/\/veritasinfo.org\/?p=28934#primaryimage\"},\"image\":{\"@id\":\"https:\/\/veritasinfo.org\/?p=28934#primaryimage\"},\"thumbnailUrl\":\"https:\/\/veritasinfo.org\/wp-content\/uploads\/2026\/01\/IMG_20260124_090428.jpg\",\"datePublished\":\"2026-01-24T08:04:54+00:00\",\"author\":{\"@id\":\"https:\/\/veritasinfo.org\/#\/schema\/person\/bc442336e35414d04494ab8fb45db4c6\"},\"breadcrumb\":{\"@id\":\"https:\/\/veritasinfo.org\/?p=28934#breadcrumb\"},\"inLanguage\":\"en-US\",\"potentialAction\":[{\"@type\":\"ReadAction\",\"target\":[\"https:\/\/veritasinfo.org\/?p=28934\"]}]},{\"@type\":\"ImageObject\",\"inLanguage\":\"en-US\",\"@id\":\"https:\/\/veritasinfo.org\/?p=28934#primaryimage\",\"url\":\"https:\/\/veritasinfo.org\/wp-content\/uploads\/2026\/01\/IMG_20260124_090428.jpg\",\"contentUrl\":\"https:\/\/veritasinfo.org\/wp-content\/uploads\/2026\/01\/IMG_20260124_090428.jpg\",\"width\":639,\"height\":499},{\"@type\":\"BreadcrumbList\",\"@id\":\"https:\/\/veritasinfo.org\/?p=28934#breadcrumb\",\"itemListElement\":[{\"@type\":\"ListItem\",\"position\":1,\"name\":\"Home\",\"item\":\"https:\/\/veritasinfo.org\/\"},{\"@type\":\"ListItem\",\"position\":2,\"name\":\"Komisioni i p\u00ebrbashk\u00ebt p\u00ebr t\u00eb pagjeturit, dyshime p\u00ebr zbatimin nga Serbia\"}]},{\"@type\":\"WebSite\",\"@id\":\"https:\/\/veritasinfo.org\/#website\",\"url\":\"https:\/\/veritasinfo.org\/\",\"name\":\"\",\"description\":\"\",\"potentialAction\":[{\"@type\":\"SearchAction\",\"target\":{\"@type\":\"EntryPoint\",\"urlTemplate\":\"https:\/\/veritasinfo.org\/?s={search_term_string}\"},\"query-input\":{\"@type\":\"PropertyValueSpecification\",\"valueRequired\":true,\"valueName\":\"search_term_string\"}}],\"inLanguage\":\"en-US\"},{\"@type\":\"Person\",\"@id\":\"https:\/\/veritasinfo.org\/#\/schema\/person\/bc442336e35414d04494ab8fb45db4c6\",\"name\":\"US5\",\"image\":{\"@type\":\"ImageObject\",\"inLanguage\":\"en-US\",\"@id\":\"https:\/\/veritasinfo.org\/#\/schema\/person\/image\/\",\"url\":\"https:\/\/secure.gravatar.com\/avatar\/16a61e7272a0c5d001121ebb9e60e925d5816e4ac1e443ed3e640d9a6ae55d0c?s=96&d=mm&r=g\",\"contentUrl\":\"https:\/\/secure.gravatar.com\/avatar\/16a61e7272a0c5d001121ebb9e60e925d5816e4ac1e443ed3e640d9a6ae55d0c?s=96&d=mm&r=g\",\"caption\":\"US5\"},\"url\":\"https:\/\/veritasinfo.org\/?author=6\"}]}<\/script>\n<!-- \/ Yoast SEO plugin. -->","yoast_head_json":{"title":"Komisioni i p\u00ebrbashk\u00ebt p\u00ebr t\u00eb pagjeturit, dyshime p\u00ebr zbatimin nga Serbia -","robots":{"index":"index","follow":"follow","max-snippet":"max-snippet:-1","max-image-preview":"max-image-preview:large","max-video-preview":"max-video-preview:-1"},"canonical":"https:\/\/veritasinfo.org\/?p=28934","og_locale":"en_US","og_type":"article","og_title":"Komisioni i p\u00ebrbashk\u00ebt p\u00ebr t\u00eb pagjeturit, dyshime p\u00ebr zbatimin nga Serbia -","og_description":"Prishtin\u00eb 24 janar 2026 09:03 Kosova dhe Serbia jan\u00eb dakorduar n\u00eb Bruksel q\u00eb t\u00eb funksionalizojn\u00eb Komisionin e P\u00ebrbashk\u00ebt p\u00ebr Personat e Pagjetur nga lufta n\u00eb","og_url":"https:\/\/veritasinfo.org\/?p=28934","article_published_time":"2026-01-24T08:04:54+00:00","og_image":[{"width":639,"height":499,"url":"https:\/\/veritasinfo.org\/wp-content\/uploads\/2026\/01\/IMG_20260124_090428.jpg","type":"image\/jpeg"}],"author":"US5","twitter_card":"summary_large_image","twitter_misc":{"Written by":"US5"},"schema":{"@context":"https:\/\/schema.org","@graph":[{"@type":"WebPage","@id":"https:\/\/veritasinfo.org\/?p=28934","url":"https:\/\/veritasinfo.org\/?p=28934","name":"Komisioni i p\u00ebrbashk\u00ebt p\u00ebr t\u00eb pagjeturit, dyshime p\u00ebr zbatimin nga Serbia -","isPartOf":{"@id":"https:\/\/veritasinfo.org\/#website"},"primaryImageOfPage":{"@id":"https:\/\/veritasinfo.org\/?p=28934#primaryimage"},"image":{"@id":"https:\/\/veritasinfo.org\/?p=28934#primaryimage"},"thumbnailUrl":"https:\/\/veritasinfo.org\/wp-content\/uploads\/2026\/01\/IMG_20260124_090428.jpg","datePublished":"2026-01-24T08:04:54+00:00","author":{"@id":"https:\/\/veritasinfo.org\/#\/schema\/person\/bc442336e35414d04494ab8fb45db4c6"},"breadcrumb":{"@id":"https:\/\/veritasinfo.org\/?p=28934#breadcrumb"},"inLanguage":"en-US","potentialAction":[{"@type":"ReadAction","target":["https:\/\/veritasinfo.org\/?p=28934"]}]},{"@type":"ImageObject","inLanguage":"en-US","@id":"https:\/\/veritasinfo.org\/?p=28934#primaryimage","url":"https:\/\/veritasinfo.org\/wp-content\/uploads\/2026\/01\/IMG_20260124_090428.jpg","contentUrl":"https:\/\/veritasinfo.org\/wp-content\/uploads\/2026\/01\/IMG_20260124_090428.jpg","width":639,"height":499},{"@type":"BreadcrumbList","@id":"https:\/\/veritasinfo.org\/?p=28934#breadcrumb","itemListElement":[{"@type":"ListItem","position":1,"name":"Home","item":"https:\/\/veritasinfo.org\/"},{"@type":"ListItem","position":2,"name":"Komisioni i p\u00ebrbashk\u00ebt p\u00ebr t\u00eb pagjeturit, dyshime p\u00ebr zbatimin nga Serbia"}]},{"@type":"WebSite","@id":"https:\/\/veritasinfo.org\/#website","url":"https:\/\/veritasinfo.org\/","name":"","description":"","potentialAction":[{"@type":"SearchAction","target":{"@type":"EntryPoint","urlTemplate":"https:\/\/veritasinfo.org\/?s={search_term_string}"},"query-input":{"@type":"PropertyValueSpecification","valueRequired":true,"valueName":"search_term_string"}}],"inLanguage":"en-US"},{"@type":"Person","@id":"https:\/\/veritasinfo.org\/#\/schema\/person\/bc442336e35414d04494ab8fb45db4c6","name":"US5","image":{"@type":"ImageObject","inLanguage":"en-US","@id":"https:\/\/veritasinfo.org\/#\/schema\/person\/image\/","url":"https:\/\/secure.gravatar.com\/avatar\/16a61e7272a0c5d001121ebb9e60e925d5816e4ac1e443ed3e640d9a6ae55d0c?s=96&d=mm&r=g","contentUrl":"https:\/\/secure.gravatar.com\/avatar\/16a61e7272a0c5d001121ebb9e60e925d5816e4ac1e443ed3e640d9a6ae55d0c?s=96&d=mm&r=g","caption":"US5"},"url":"https:\/\/veritasinfo.org\/?author=6"}]}},"featured_image_urls":{"full":["https:\/\/veritasinfo.org\/wp-content\/uploads\/2026\/01\/IMG_20260124_090428.jpg",639,499,false],"thumbnail":["https:\/\/veritasinfo.org\/wp-content\/uploads\/2026\/01\/IMG_20260124_090428-150x150.jpg",150,150,true],"medium":["https:\/\/veritasinfo.org\/wp-content\/uploads\/2026\/01\/IMG_20260124_090428-300x234.jpg",300,234,true],"medium_large":["https:\/\/veritasinfo.org\/wp-content\/uploads\/2026\/01\/IMG_20260124_090428.jpg",639,499,false],"large":["https:\/\/veritasinfo.org\/wp-content\/uploads\/2026\/01\/IMG_20260124_090428.jpg",639,499,false],"1536x1536":["https:\/\/veritasinfo.org\/wp-content\/uploads\/2026\/01\/IMG_20260124_090428.jpg",639,499,false],"2048x2048":["https:\/\/veritasinfo.org\/wp-content\/uploads\/2026\/01\/IMG_20260124_090428.jpg",639,499,false],"kreeti-slider-full":["https:\/\/veritasinfo.org\/wp-content\/uploads\/2026\/01\/IMG_20260124_090428.jpg",639,499,false],"kreeti-featured":["https:\/\/veritasinfo.org\/wp-content\/uploads\/2026\/01\/IMG_20260124_090428.jpg",639,499,false],"kreeti-medium":["https:\/\/veritasinfo.org\/wp-content\/uploads\/2026\/01\/IMG_20260124_090428.jpg",639,499,false],"kreeti-medium-square":["https:\/\/veritasinfo.org\/wp-content\/uploads\/2026\/01\/IMG_20260124_090428.jpg",350,273,false]},"author_info":{"info":["US5"]},"category_info":"<a href=\"https:\/\/veritasinfo.org\/?cat=60\" rel=\"category\">Shoq\u00ebrore<\/a>","tag_info":"Shoq\u00ebrore","comment_count":"0","_links":{"self":[{"href":"https:\/\/veritasinfo.org\/index.php?rest_route=\/wp\/v2\/posts\/28934","targetHints":{"allow":["GET"]}}],"collection":[{"href":"https:\/\/veritasinfo.org\/index.php?rest_route=\/wp\/v2\/posts"}],"about":[{"href":"https:\/\/veritasinfo.org\/index.php?rest_route=\/wp\/v2\/types\/post"}],"author":[{"embeddable":true,"href":"https:\/\/veritasinfo.org\/index.php?rest_route=\/wp\/v2\/users\/6"}],"replies":[{"embeddable":true,"href":"https:\/\/veritasinfo.org\/index.php?rest_route=%2Fwp%2Fv2%2Fcomments&post=28934"}],"version-history":[{"count":1,"href":"https:\/\/veritasinfo.org\/index.php?rest_route=\/wp\/v2\/posts\/28934\/revisions"}],"predecessor-version":[{"id":28936,"href":"https:\/\/veritasinfo.org\/index.php?rest_route=\/wp\/v2\/posts\/28934\/revisions\/28936"}],"wp:featuredmedia":[{"embeddable":true,"href":"https:\/\/veritasinfo.org\/index.php?rest_route=\/wp\/v2\/media\/28935"}],"wp:attachment":[{"href":"https:\/\/veritasinfo.org\/index.php?rest_route=%2Fwp%2Fv2%2Fmedia&parent=28934"}],"wp:term":[{"taxonomy":"category","embeddable":true,"href":"https:\/\/veritasinfo.org\/index.php?rest_route=%2Fwp%2Fv2%2Fcategories&post=28934"},{"taxonomy":"post_tag","embeddable":true,"href":"https:\/\/veritasinfo.org\/index.php?rest_route=%2Fwp%2Fv2%2Ftags&post=28934"}],"curies":[{"name":"wp","href":"https:\/\/api.w.org\/{rel}","templated":true}]}}