{"id":28922,"date":"2026-01-23T21:54:35","date_gmt":"2026-01-23T20:54:35","guid":{"rendered":"https:\/\/veritasinfo.org\/?p=28922"},"modified":"2026-01-23T21:54:35","modified_gmt":"2026-01-23T20:54:35","slug":"eksperti-shqiptar-nga-shba-sqaron-pse-trump-hartoi-plan-mbrojtje-per-kosoven","status":"publish","type":"post","link":"https:\/\/veritasinfo.org\/?p=28922","title":{"rendered":"Eksperti shqiptar nga SHBA sqaron: Pse Trump hartoi plan Mbrojtje p\u00ebr Kosov\u00ebn?"},"content":{"rendered":"<p>Prishtin\u00eb, 23 janar 2026 21:53<\/p>\n<p>Ermal Frash\u00ebri, pedagog dhe ekspert me baz\u00eb n\u00eb Shtetet e Bashkuara, ka komentuar n\u00eb emisionin \u201cBalkan Talks\u201d pjes\u00ebmarrjen e presidentes s\u00eb Kosov\u00ebs, Vjosa Osmani, n\u00eb Forumin Ekonomik Bot\u00ebror n\u00eb Davos, ku ajo mori pjes\u00eb n\u00eb firmosjen e themelimit t\u00eb \u201cBordit t\u00eb Paqes\u201d p\u00ebr Gaz\u00ebn.<\/p>\n<div class=\"code-block code-block-8\">\n<div id=\"futureads_d773fe1afb07405e8d2f0e46933877d3_zone_104122_sect_47401_site_41437\" data-sender=\"futureads\">Frash\u00ebri u ndal gjithashtu te mir\u00ebnjohja e shprehur nga Osmani ndaj ish-presidentit amerikan Donald Trump p\u00ebr aktin e autorizimit t\u00eb mbrojtjes komb\u00ebtare.<\/div>\n<\/div>\n<p>Sipas ekspertit, p\u00ebrfshirja e Kosov\u00ebs n\u00eb nj\u00eb akt federal t\u00eb miratuar nga Kongresi amerikan \u00ebsht\u00eb nj\u00eb zhvillim i r\u00ebnd\u00ebsish\u00ebm. Ai theksoi se ky akt krijon nj\u00eb parashikueshm\u00ebri t\u00eb qart\u00eb p\u00ebr Kosov\u00ebn duke b\u00ebr\u00eb q\u00eb administrata amerikane ti kushtoj\u00eb v\u00ebmendje t\u00eb shtuar vendit.<\/p>\n<p>\u201cE pash\u00eb si nj\u00eb surpiz\u00eb t\u00eb k\u00ebndshme q\u00eb nj\u00eb v\u00ebmendje e till\u00eb p\u00ebr Kosov\u00ebn t\u00eb reflektoj\u00eb n\u00eb nj\u00eb hallk\u00eb q\u00eb miraton Kongresi. Q\u00eb Kongresi t\u00eb jet\u00eb kaq specifik saq\u00eb t\u00eb fus\u00eb nj\u00eb parashikueshm\u00ebri p\u00ebr Kosov\u00ebn dhe nj\u00eb s\u00ebr\u00eb veprimesh q\u00eb i t\u00ebrheqin v\u00ebmendje administrat\u00ebs amerikane q\u00eb ti kushtoj\u00eb m\u00eb tep\u00ebr r\u00ebnd\u00ebsi Kosov\u00ebs, \u00ebsht\u00eb nj\u00eb gj\u00eb q\u00eb nuk ndodh zakonisht.<\/p>\n<p>M\u00eb n\u00eb fund Kosova arrin q\u00eb t\u00eb ket\u00eb n\u00eb Kongres nj\u00eb lobim aq t\u00eb fort\u00eb sa t\u00eb fus\u00eb nj\u00eb parashikueshm\u00ebri t\u00eb till\u00eb n\u00eb nj\u00eb akt federal.<\/p>\n<p>Nga ana tjet\u00ebr mendoj se Presidentja Osmani ka b\u00ebr\u00eb mire q\u00eb ka fal\u00ebnderuar Trump, q\u00eb ndon\u00ebse ky \u00ebsht\u00eb nj\u00eb akt i Kongresit prap ka fal\u00ebnderuar udh\u00ebheqjen e Trump, \u00ebsht\u00eb nj\u00eb veprim i sakt\u00eb. Mendoj q\u00eb kjo do jap\u00eb nj\u00eb dimension personal dhe nj\u00eb pik\u00eb reference q\u00eb Kosova do ket\u00eb edhe n\u00eb raport me Departamentin e Shtetit.<\/p>\n<p>Kam p\u00ebrshtypjen se n\u00eb \u00e7do bised\u00eb t\u00eb ardhshme, v\u00ebmendja e Departamentit t\u00eb Shtetit do kusht\u00ebzohet nga parashikimi q\u00eb \u00ebsht\u00eb b\u00ebr\u00eb n\u00eb aktin e mbrojtjes. \u00cbsht\u00eb nj\u00eb lloj nd\u00ebrhyrje q\u00eb nuk ndodh shpesh. Kosova ka arritur q\u00eb k\u00ebt\u00eb v\u00ebmendje ta p\u00ebrkthej\u00eb n\u00eb legjislacion\u201d, tha Ermal Frash\u00ebr.<\/p>\n","protected":false},"excerpt":{"rendered":"<p>Prishtin\u00eb, 23 janar 2026 21:53 Ermal Frash\u00ebri, pedagog dhe ekspert me baz\u00eb n\u00eb Shtetet e Bashkuara, ka komentuar n\u00eb emisionin \u201cBalkan Talks\u201d pjes\u00ebmarrjen e presidentes<\/p>\n","protected":false},"author":7,"featured_media":28923,"comment_status":"open","ping_status":"open","sticky":false,"template":"","format":"standard","meta":{"footnotes":""},"categories":[58],"tags":[],"class_list":["post-28922","post","type-post","status-publish","format-standard","has-post-thumbnail","hentry","category-politike-sq"],"yoast_head":"<!-- This site is optimized with the Yoast SEO plugin v25.3.1 - https:\/\/yoast.com\/wordpress\/plugins\/seo\/ -->\n<title>Eksperti shqiptar nga SHBA sqaron: Pse Trump hartoi plan Mbrojtje p\u00ebr Kosov\u00ebn? -<\/title>\n<meta name=\"robots\" content=\"index, follow, max-snippet:-1, max-image-preview:large, max-video-preview:-1\" \/>\n<link rel=\"canonical\" href=\"https:\/\/veritasinfo.org\/?p=28922\" \/>\n<meta property=\"og:locale\" content=\"en_US\" \/>\n<meta property=\"og:type\" content=\"article\" \/>\n<meta property=\"og:title\" content=\"Eksperti shqiptar nga SHBA sqaron: Pse Trump hartoi plan Mbrojtje p\u00ebr Kosov\u00ebn? -\" \/>\n<meta property=\"og:description\" content=\"Prishtin\u00eb, 23 janar 2026 21:53 Ermal Frash\u00ebri, pedagog dhe ekspert me baz\u00eb n\u00eb Shtetet e Bashkuara, ka komentuar n\u00eb emisionin \u201cBalkan Talks\u201d pjes\u00ebmarrjen e presidentes\" \/>\n<meta property=\"og:url\" content=\"https:\/\/veritasinfo.org\/?p=28922\" \/>\n<meta property=\"article:published_time\" content=\"2026-01-23T20:54:35+00:00\" \/>\n<meta property=\"og:image\" content=\"https:\/\/veritasinfo.org\/wp-content\/uploads\/2026\/01\/1-65.jpg\" \/>\n\t<meta property=\"og:image:width\" content=\"534\" \/>\n\t<meta property=\"og:image:height\" content=\"299\" \/>\n\t<meta property=\"og:image:type\" content=\"image\/jpeg\" \/>\n<meta name=\"author\" content=\"US6\" \/>\n<meta name=\"twitter:card\" content=\"summary_large_image\" \/>\n<meta name=\"twitter:label1\" content=\"Written by\" \/>\n\t<meta name=\"twitter:data1\" content=\"US6\" \/>\n\t<meta name=\"twitter:label2\" content=\"Est. reading time\" \/>\n\t<meta name=\"twitter:data2\" content=\"2 minutes\" \/>\n<script type=\"application\/ld+json\" class=\"yoast-schema-graph\">{\"@context\":\"https:\/\/schema.org\",\"@graph\":[{\"@type\":\"WebPage\",\"@id\":\"https:\/\/veritasinfo.org\/?p=28922\",\"url\":\"https:\/\/veritasinfo.org\/?p=28922\",\"name\":\"Eksperti shqiptar nga SHBA sqaron: Pse Trump hartoi plan Mbrojtje p\u00ebr Kosov\u00ebn? -\",\"isPartOf\":{\"@id\":\"https:\/\/veritasinfo.org\/#website\"},\"primaryImageOfPage\":{\"@id\":\"https:\/\/veritasinfo.org\/?p=28922#primaryimage\"},\"image\":{\"@id\":\"https:\/\/veritasinfo.org\/?p=28922#primaryimage\"},\"thumbnailUrl\":\"https:\/\/veritasinfo.org\/wp-content\/uploads\/2026\/01\/1-65.jpg\",\"datePublished\":\"2026-01-23T20:54:35+00:00\",\"author\":{\"@id\":\"https:\/\/veritasinfo.org\/#\/schema\/person\/fe199eede04c3937362892b7444747cc\"},\"breadcrumb\":{\"@id\":\"https:\/\/veritasinfo.org\/?p=28922#breadcrumb\"},\"inLanguage\":\"en-US\",\"potentialAction\":[{\"@type\":\"ReadAction\",\"target\":[\"https:\/\/veritasinfo.org\/?p=28922\"]}]},{\"@type\":\"ImageObject\",\"inLanguage\":\"en-US\",\"@id\":\"https:\/\/veritasinfo.org\/?p=28922#primaryimage\",\"url\":\"https:\/\/veritasinfo.org\/wp-content\/uploads\/2026\/01\/1-65.jpg\",\"contentUrl\":\"https:\/\/veritasinfo.org\/wp-content\/uploads\/2026\/01\/1-65.jpg\",\"width\":534,\"height\":299},{\"@type\":\"BreadcrumbList\",\"@id\":\"https:\/\/veritasinfo.org\/?p=28922#breadcrumb\",\"itemListElement\":[{\"@type\":\"ListItem\",\"position\":1,\"name\":\"Home\",\"item\":\"https:\/\/veritasinfo.org\/\"},{\"@type\":\"ListItem\",\"position\":2,\"name\":\"Eksperti shqiptar nga SHBA sqaron: Pse Trump hartoi plan Mbrojtje p\u00ebr Kosov\u00ebn?\"}]},{\"@type\":\"WebSite\",\"@id\":\"https:\/\/veritasinfo.org\/#website\",\"url\":\"https:\/\/veritasinfo.org\/\",\"name\":\"\",\"description\":\"\",\"potentialAction\":[{\"@type\":\"SearchAction\",\"target\":{\"@type\":\"EntryPoint\",\"urlTemplate\":\"https:\/\/veritasinfo.org\/?s={search_term_string}\"},\"query-input\":{\"@type\":\"PropertyValueSpecification\",\"valueRequired\":true,\"valueName\":\"search_term_string\"}}],\"inLanguage\":\"en-US\"},{\"@type\":\"Person\",\"@id\":\"https:\/\/veritasinfo.org\/#\/schema\/person\/fe199eede04c3937362892b7444747cc\",\"name\":\"US6\",\"image\":{\"@type\":\"ImageObject\",\"inLanguage\":\"en-US\",\"@id\":\"https:\/\/veritasinfo.org\/#\/schema\/person\/image\/\",\"url\":\"https:\/\/secure.gravatar.com\/avatar\/cb16c3c31c9d23b9b8c705964598220b3014e42ff51eb540ff23cefa3ae8c15f?s=96&d=mm&r=g\",\"contentUrl\":\"https:\/\/secure.gravatar.com\/avatar\/cb16c3c31c9d23b9b8c705964598220b3014e42ff51eb540ff23cefa3ae8c15f?s=96&d=mm&r=g\",\"caption\":\"US6\"},\"url\":\"https:\/\/veritasinfo.org\/?author=7\"}]}<\/script>\n<!-- \/ Yoast SEO plugin. -->","yoast_head_json":{"title":"Eksperti shqiptar nga SHBA sqaron: Pse Trump hartoi plan Mbrojtje p\u00ebr Kosov\u00ebn? -","robots":{"index":"index","follow":"follow","max-snippet":"max-snippet:-1","max-image-preview":"max-image-preview:large","max-video-preview":"max-video-preview:-1"},"canonical":"https:\/\/veritasinfo.org\/?p=28922","og_locale":"en_US","og_type":"article","og_title":"Eksperti shqiptar nga SHBA sqaron: Pse Trump hartoi plan Mbrojtje p\u00ebr Kosov\u00ebn? -","og_description":"Prishtin\u00eb, 23 janar 2026 21:53 Ermal Frash\u00ebri, pedagog dhe ekspert me baz\u00eb n\u00eb Shtetet e Bashkuara, ka komentuar n\u00eb emisionin \u201cBalkan Talks\u201d pjes\u00ebmarrjen e presidentes","og_url":"https:\/\/veritasinfo.org\/?p=28922","article_published_time":"2026-01-23T20:54:35+00:00","og_image":[{"width":534,"height":299,"url":"https:\/\/veritasinfo.org\/wp-content\/uploads\/2026\/01\/1-65.jpg","type":"image\/jpeg"}],"author":"US6","twitter_card":"summary_large_image","twitter_misc":{"Written by":"US6","Est. reading time":"2 minutes"},"schema":{"@context":"https:\/\/schema.org","@graph":[{"@type":"WebPage","@id":"https:\/\/veritasinfo.org\/?p=28922","url":"https:\/\/veritasinfo.org\/?p=28922","name":"Eksperti shqiptar nga SHBA sqaron: Pse Trump hartoi plan Mbrojtje p\u00ebr Kosov\u00ebn? -","isPartOf":{"@id":"https:\/\/veritasinfo.org\/#website"},"primaryImageOfPage":{"@id":"https:\/\/veritasinfo.org\/?p=28922#primaryimage"},"image":{"@id":"https:\/\/veritasinfo.org\/?p=28922#primaryimage"},"thumbnailUrl":"https:\/\/veritasinfo.org\/wp-content\/uploads\/2026\/01\/1-65.jpg","datePublished":"2026-01-23T20:54:35+00:00","author":{"@id":"https:\/\/veritasinfo.org\/#\/schema\/person\/fe199eede04c3937362892b7444747cc"},"breadcrumb":{"@id":"https:\/\/veritasinfo.org\/?p=28922#breadcrumb"},"inLanguage":"en-US","potentialAction":[{"@type":"ReadAction","target":["https:\/\/veritasinfo.org\/?p=28922"]}]},{"@type":"ImageObject","inLanguage":"en-US","@id":"https:\/\/veritasinfo.org\/?p=28922#primaryimage","url":"https:\/\/veritasinfo.org\/wp-content\/uploads\/2026\/01\/1-65.jpg","contentUrl":"https:\/\/veritasinfo.org\/wp-content\/uploads\/2026\/01\/1-65.jpg","width":534,"height":299},{"@type":"BreadcrumbList","@id":"https:\/\/veritasinfo.org\/?p=28922#breadcrumb","itemListElement":[{"@type":"ListItem","position":1,"name":"Home","item":"https:\/\/veritasinfo.org\/"},{"@type":"ListItem","position":2,"name":"Eksperti shqiptar nga SHBA sqaron: Pse Trump hartoi plan Mbrojtje p\u00ebr Kosov\u00ebn?"}]},{"@type":"WebSite","@id":"https:\/\/veritasinfo.org\/#website","url":"https:\/\/veritasinfo.org\/","name":"","description":"","potentialAction":[{"@type":"SearchAction","target":{"@type":"EntryPoint","urlTemplate":"https:\/\/veritasinfo.org\/?s={search_term_string}"},"query-input":{"@type":"PropertyValueSpecification","valueRequired":true,"valueName":"search_term_string"}}],"inLanguage":"en-US"},{"@type":"Person","@id":"https:\/\/veritasinfo.org\/#\/schema\/person\/fe199eede04c3937362892b7444747cc","name":"US6","image":{"@type":"ImageObject","inLanguage":"en-US","@id":"https:\/\/veritasinfo.org\/#\/schema\/person\/image\/","url":"https:\/\/secure.gravatar.com\/avatar\/cb16c3c31c9d23b9b8c705964598220b3014e42ff51eb540ff23cefa3ae8c15f?s=96&d=mm&r=g","contentUrl":"https:\/\/secure.gravatar.com\/avatar\/cb16c3c31c9d23b9b8c705964598220b3014e42ff51eb540ff23cefa3ae8c15f?s=96&d=mm&r=g","caption":"US6"},"url":"https:\/\/veritasinfo.org\/?author=7"}]}},"featured_image_urls":{"full":["https:\/\/veritasinfo.org\/wp-content\/uploads\/2026\/01\/1-65.jpg",534,299,false],"thumbnail":["https:\/\/veritasinfo.org\/wp-content\/uploads\/2026\/01\/1-65-150x150.jpg",150,150,true],"medium":["https:\/\/veritasinfo.org\/wp-content\/uploads\/2026\/01\/1-65-300x168.jpg",300,168,true],"medium_large":["https:\/\/veritasinfo.org\/wp-content\/uploads\/2026\/01\/1-65.jpg",534,299,false],"large":["https:\/\/veritasinfo.org\/wp-content\/uploads\/2026\/01\/1-65.jpg",534,299,false],"1536x1536":["https:\/\/veritasinfo.org\/wp-content\/uploads\/2026\/01\/1-65.jpg",534,299,false],"2048x2048":["https:\/\/veritasinfo.org\/wp-content\/uploads\/2026\/01\/1-65.jpg",534,299,false],"kreeti-slider-full":["https:\/\/veritasinfo.org\/wp-content\/uploads\/2026\/01\/1-65.jpg",534,299,false],"kreeti-featured":["https:\/\/veritasinfo.org\/wp-content\/uploads\/2026\/01\/1-65.jpg",534,299,false],"kreeti-medium":["https:\/\/veritasinfo.org\/wp-content\/uploads\/2026\/01\/1-65.jpg",534,299,false],"kreeti-medium-square":["https:\/\/veritasinfo.org\/wp-content\/uploads\/2026\/01\/1-65.jpg",350,196,false]},"author_info":{"info":["US6"]},"category_info":"<a href=\"https:\/\/veritasinfo.org\/?cat=58\" rel=\"category\">Politik\u00eb<\/a>","tag_info":"Politik\u00eb","comment_count":"0","_links":{"self":[{"href":"https:\/\/veritasinfo.org\/index.php?rest_route=\/wp\/v2\/posts\/28922","targetHints":{"allow":["GET"]}}],"collection":[{"href":"https:\/\/veritasinfo.org\/index.php?rest_route=\/wp\/v2\/posts"}],"about":[{"href":"https:\/\/veritasinfo.org\/index.php?rest_route=\/wp\/v2\/types\/post"}],"author":[{"embeddable":true,"href":"https:\/\/veritasinfo.org\/index.php?rest_route=\/wp\/v2\/users\/7"}],"replies":[{"embeddable":true,"href":"https:\/\/veritasinfo.org\/index.php?rest_route=%2Fwp%2Fv2%2Fcomments&post=28922"}],"version-history":[{"count":1,"href":"https:\/\/veritasinfo.org\/index.php?rest_route=\/wp\/v2\/posts\/28922\/revisions"}],"predecessor-version":[{"id":28924,"href":"https:\/\/veritasinfo.org\/index.php?rest_route=\/wp\/v2\/posts\/28922\/revisions\/28924"}],"wp:featuredmedia":[{"embeddable":true,"href":"https:\/\/veritasinfo.org\/index.php?rest_route=\/wp\/v2\/media\/28923"}],"wp:attachment":[{"href":"https:\/\/veritasinfo.org\/index.php?rest_route=%2Fwp%2Fv2%2Fmedia&parent=28922"}],"wp:term":[{"taxonomy":"category","embeddable":true,"href":"https:\/\/veritasinfo.org\/index.php?rest_route=%2Fwp%2Fv2%2Fcategories&post=28922"},{"taxonomy":"post_tag","embeddable":true,"href":"https:\/\/veritasinfo.org\/index.php?rest_route=%2Fwp%2Fv2%2Ftags&post=28922"}],"curies":[{"name":"wp","href":"https:\/\/api.w.org\/{rel}","templated":true}]}}