{"id":28920,"date":"2026-01-23T20:40:31","date_gmt":"2026-01-23T19:40:31","guid":{"rendered":"https:\/\/veritasinfo.org\/?p=28920"},"modified":"2026-01-23T20:40:31","modified_gmt":"2026-01-23T19:40:31","slug":"ucenici-iz-kolica-od-novembra-ne-pohadjaju-nastavu-razlog-prevoz","status":"publish","type":"post","link":"https:\/\/veritasinfo.org\/?p=28920&lang=sr","title":{"rendered":"U\u010denici iz Koli\u0107a od novembra ne poha\u0111aju nastavu, razlog \u2013 prevoz"},"content":{"rendered":"<p data-start=\"0\" data-end=\"109\"><strong data-start=\"73\" data-end=\"109\">Pri\u0161tina, 23. januar 2026, 20:39<\/strong><\/p>\n<p data-start=\"111\" data-end=\"164\">\u0160kolske klupe u Koli\u0107u ostale su prazne i ovog petka.<\/p>\n<p data-start=\"166\" data-end=\"280\">Iako je u ponedeljak iz Direkcije za obrazovanje re\u010deno da je problem prevoza re\u0161en, u praksi se to nije dogodilo.<\/p>\n<p data-start=\"282\" data-end=\"382\">Sedam u\u010denika iz naselja \u201ePodaj\u201c u Koli\u0107u i dalje ostaje kod ku\u0107e, bez mogu\u0107nosti da poha\u0111a nastavu.<\/p>\n<p data-start=\"384\" data-end=\"473\">Roditelji su veoma zabrinuti zbog ove situacije koja traje jo\u0161 od novembra pro\u0161le godine.<\/p>\n<p data-start=\"475\" data-end=\"705\">\u201eNe, prevoz jo\u0161 nije po\u010deo. Nema ni\u010dega. Obe\u0107avaju nam, ali uzalud\u2026 Javni prevoz prolazi \u010detiri\u2013pet puta, ali raspored im ne odgovara. Mi od njih nismo tra\u017eili ni\u0161ta osim jedne linije za u\u010denike\u201c, izjavio je roditelj Sabri \u0160e\u0107iri.<\/p>\n<p data-start=\"707\" data-end=\"770\">Ovoga puta, odgovornost se pripisuje Direkciji za javne slu\u017ebe.<\/p>\n<p data-start=\"772\" data-end=\"878\">Prema re\u010dima nastavnika \u0161kole \u201eTefik \u010canga\u201c, raspored javnog prevoza ne poklapa se sa \u0161kolskim rasporedom.<\/p>\n<p data-start=\"880\" data-end=\"1189\">\u201eTa\u010dno je, nije dva meseca nego tri meseca. Od 1. novembra pro\u0161le godine prevoz je prekinut i za nas nastavnike i za u\u010denike. To je veoma veliki nedostatak\u2026 Uzrok je u javnim slu\u017ebama jer smo vi\u0161e puta podnosili zahteve, ali ih oni nisu uzimali u obzir\u201c, rekao je nastavnik u \u0161koli \u201eTefik \u010canga\u201c, Faik \u0160eriki.<\/p>\n<p data-start=\"1191\" data-end=\"1318\">Ipak, direktor za mobilnost u Op\u0161tini Pri\u0161tina, Donat Lu\u0161aku, ka\u017ee da je tokom dana potpisan sporazum sa privatnim operaterima.<\/p>\n<p data-start=\"1320\" data-end=\"1648\">\u201ePru\u017eanje usluge prevoza za nastavnike i u\u010denike je u nadle\u017enosti Direkcije za obrazovanje, te su nas nakon sastanka sa zvani\u010dnicima iz Direkcije za obrazovanje obavestili da su u proceduri sklapanja ugovora za prevoz u\u010denika i nastavnika. Danas je ve\u0107 potpisan jedan ugovor sa privatnim ekonomskim operaterom\u201c, rekao je Lu\u0161aku.<\/p>\n<p data-start=\"1650\" data-end=\"1724\">Na ovaj na\u010din, prema njegovim re\u010dima, o\u010dekuje se da \u0107e problem biti re\u0161en.<\/p>\n<p data-start=\"1726\" data-end=\"1859\">U me\u0111uvremenu, stru\u010dnjak za obrazovanje, D\u017eavit Red\u017ea, ka\u017ee da je odgovornost za obezbe\u0111ivanje osnovnog obrazovanja jasna i neupitna.<\/p>\n<p data-start=\"1861\" data-end=\"2237\">\u201eObezbe\u0111ivanje osnovnog obrazovanja je isklju\u010diva odgovornost op\u0161tine i dr\u017eave. Bez obzira na broj u\u010denika, \u010dak i ako je samo jedan u\u010denik, dr\u017eava je obavezna da im obezbedi nesmetan pristup obrazovanju. Ne da se ne opravdava jedan mesec, ve\u0107 ni jedan dan nepostojanja uslova za decu, naselja ili zajednice da \u0161koluju svoju decu. Ovo je potpuno neopravdano\u201c, izjavio je Red\u017ea.<\/p>\n<p data-start=\"2239\" data-end=\"2423\">U\u010denici iz naselja \u201ePodaj\u201c u Koli\u0107u imaju mati\u010dnu \u0161kolu, koju poha\u0111aju u\u010denici od \u0161estog do devetog razreda, udaljenu \u010detiri kilometra, zbog \u010dega je odlazak pe\u0161ke za njih veoma ote\u017ean.<\/p>\n","protected":false},"excerpt":{"rendered":"<p>Pri\u0161tina, 23. januar 2026, 20:39 \u0160kolske klupe u Koli\u0107u ostale su prazne i ovog petka. Iako je u ponedeljak iz Direkcije za obrazovanje re\u010deno da<\/p>\n","protected":false},"author":7,"featured_media":28916,"comment_status":"open","ping_status":"open","sticky":false,"template":"","format":"standard","meta":{"footnotes":""},"categories":[32],"tags":[],"class_list":["post-28920","post","type-post","status-publish","format-standard","has-post-thumbnail","hentry","category-opstine"],"yoast_head":"<!-- This site is optimized with the Yoast SEO plugin v25.3.1 - https:\/\/yoast.com\/wordpress\/plugins\/seo\/ -->\n<title>U\u010denici iz Koli\u0107a od novembra ne poha\u0111aju nastavu, razlog \u2013 prevoz -<\/title>\n<meta name=\"robots\" content=\"index, follow, max-snippet:-1, max-image-preview:large, max-video-preview:-1\" \/>\n<link rel=\"canonical\" href=\"https:\/\/veritasinfo.org\/?p=28920&lang=sr\" \/>\n<meta property=\"og:locale\" content=\"en_US\" \/>\n<meta property=\"og:type\" content=\"article\" \/>\n<meta property=\"og:title\" content=\"U\u010denici iz Koli\u0107a od novembra ne poha\u0111aju nastavu, razlog \u2013 prevoz -\" \/>\n<meta property=\"og:description\" content=\"Pri\u0161tina, 23. januar 2026, 20:39 \u0160kolske klupe u Koli\u0107u ostale su prazne i ovog petka. Iako je u ponedeljak iz Direkcije za obrazovanje re\u010deno da\" \/>\n<meta property=\"og:url\" content=\"https:\/\/veritasinfo.org\/?p=28920&amp;lang=sr\" \/>\n<meta property=\"article:published_time\" content=\"2026-01-23T19:40:31+00:00\" \/>\n<meta property=\"og:image\" content=\"https:\/\/veritasinfo.org\/wp-content\/uploads\/2026\/01\/1-64.jpg\" \/>\n\t<meta property=\"og:image:width\" content=\"853\" \/>\n\t<meta property=\"og:image:height\" content=\"480\" \/>\n\t<meta property=\"og:image:type\" content=\"image\/jpeg\" \/>\n<meta name=\"author\" content=\"US6\" \/>\n<meta name=\"twitter:card\" content=\"summary_large_image\" \/>\n<meta name=\"twitter:label1\" content=\"Written by\" \/>\n\t<meta name=\"twitter:data1\" content=\"US6\" \/>\n\t<meta name=\"twitter:label2\" content=\"Est. reading time\" \/>\n\t<meta name=\"twitter:data2\" content=\"2 minutes\" \/>\n<script type=\"application\/ld+json\" class=\"yoast-schema-graph\">{\"@context\":\"https:\/\/schema.org\",\"@graph\":[{\"@type\":\"WebPage\",\"@id\":\"https:\/\/veritasinfo.org\/?p=28920&lang=sr\",\"url\":\"https:\/\/veritasinfo.org\/?p=28920&lang=sr\",\"name\":\"U\u010denici iz Koli\u0107a od novembra ne poha\u0111aju nastavu, razlog \u2013 prevoz -\",\"isPartOf\":{\"@id\":\"https:\/\/veritasinfo.org\/#website\"},\"primaryImageOfPage\":{\"@id\":\"https:\/\/veritasinfo.org\/?p=28920&lang=sr#primaryimage\"},\"image\":{\"@id\":\"https:\/\/veritasinfo.org\/?p=28920&lang=sr#primaryimage\"},\"thumbnailUrl\":\"https:\/\/veritasinfo.org\/wp-content\/uploads\/2026\/01\/1-64.jpg\",\"datePublished\":\"2026-01-23T19:40:31+00:00\",\"author\":{\"@id\":\"https:\/\/veritasinfo.org\/#\/schema\/person\/fe199eede04c3937362892b7444747cc\"},\"breadcrumb\":{\"@id\":\"https:\/\/veritasinfo.org\/?p=28920&lang=sr#breadcrumb\"},\"inLanguage\":\"en-US\",\"potentialAction\":[{\"@type\":\"ReadAction\",\"target\":[\"https:\/\/veritasinfo.org\/?p=28920&lang=sr\"]}]},{\"@type\":\"ImageObject\",\"inLanguage\":\"en-US\",\"@id\":\"https:\/\/veritasinfo.org\/?p=28920&lang=sr#primaryimage\",\"url\":\"https:\/\/veritasinfo.org\/wp-content\/uploads\/2026\/01\/1-64.jpg\",\"contentUrl\":\"https:\/\/veritasinfo.org\/wp-content\/uploads\/2026\/01\/1-64.jpg\",\"width\":853,\"height\":480},{\"@type\":\"BreadcrumbList\",\"@id\":\"https:\/\/veritasinfo.org\/?p=28920&lang=sr#breadcrumb\",\"itemListElement\":[{\"@type\":\"ListItem\",\"position\":1,\"name\":\"Home\",\"item\":\"https:\/\/veritasinfo.org\/\"},{\"@type\":\"ListItem\",\"position\":2,\"name\":\"U\u010denici iz Koli\u0107a od novembra ne poha\u0111aju nastavu, razlog \u2013 prevoz\"}]},{\"@type\":\"WebSite\",\"@id\":\"https:\/\/veritasinfo.org\/#website\",\"url\":\"https:\/\/veritasinfo.org\/\",\"name\":\"\",\"description\":\"\",\"potentialAction\":[{\"@type\":\"SearchAction\",\"target\":{\"@type\":\"EntryPoint\",\"urlTemplate\":\"https:\/\/veritasinfo.org\/?s={search_term_string}\"},\"query-input\":{\"@type\":\"PropertyValueSpecification\",\"valueRequired\":true,\"valueName\":\"search_term_string\"}}],\"inLanguage\":\"en-US\"},{\"@type\":\"Person\",\"@id\":\"https:\/\/veritasinfo.org\/#\/schema\/person\/fe199eede04c3937362892b7444747cc\",\"name\":\"US6\",\"image\":{\"@type\":\"ImageObject\",\"inLanguage\":\"en-US\",\"@id\":\"https:\/\/veritasinfo.org\/#\/schema\/person\/image\/\",\"url\":\"https:\/\/secure.gravatar.com\/avatar\/cb16c3c31c9d23b9b8c705964598220b3014e42ff51eb540ff23cefa3ae8c15f?s=96&d=mm&r=g\",\"contentUrl\":\"https:\/\/secure.gravatar.com\/avatar\/cb16c3c31c9d23b9b8c705964598220b3014e42ff51eb540ff23cefa3ae8c15f?s=96&d=mm&r=g\",\"caption\":\"US6\"},\"url\":\"https:\/\/veritasinfo.org\/?author=7\"}]}<\/script>\n<!-- \/ Yoast SEO plugin. -->","yoast_head_json":{"title":"U\u010denici iz Koli\u0107a od novembra ne poha\u0111aju nastavu, razlog \u2013 prevoz -","robots":{"index":"index","follow":"follow","max-snippet":"max-snippet:-1","max-image-preview":"max-image-preview:large","max-video-preview":"max-video-preview:-1"},"canonical":"https:\/\/veritasinfo.org\/?p=28920&lang=sr","og_locale":"en_US","og_type":"article","og_title":"U\u010denici iz Koli\u0107a od novembra ne poha\u0111aju nastavu, razlog \u2013 prevoz -","og_description":"Pri\u0161tina, 23. januar 2026, 20:39 \u0160kolske klupe u Koli\u0107u ostale su prazne i ovog petka. Iako je u ponedeljak iz Direkcije za obrazovanje re\u010deno da","og_url":"https:\/\/veritasinfo.org\/?p=28920&lang=sr","article_published_time":"2026-01-23T19:40:31+00:00","og_image":[{"width":853,"height":480,"url":"https:\/\/veritasinfo.org\/wp-content\/uploads\/2026\/01\/1-64.jpg","type":"image\/jpeg"}],"author":"US6","twitter_card":"summary_large_image","twitter_misc":{"Written by":"US6","Est. reading time":"2 minutes"},"schema":{"@context":"https:\/\/schema.org","@graph":[{"@type":"WebPage","@id":"https:\/\/veritasinfo.org\/?p=28920&lang=sr","url":"https:\/\/veritasinfo.org\/?p=28920&lang=sr","name":"U\u010denici iz Koli\u0107a od novembra ne poha\u0111aju nastavu, razlog \u2013 prevoz -","isPartOf":{"@id":"https:\/\/veritasinfo.org\/#website"},"primaryImageOfPage":{"@id":"https:\/\/veritasinfo.org\/?p=28920&lang=sr#primaryimage"},"image":{"@id":"https:\/\/veritasinfo.org\/?p=28920&lang=sr#primaryimage"},"thumbnailUrl":"https:\/\/veritasinfo.org\/wp-content\/uploads\/2026\/01\/1-64.jpg","datePublished":"2026-01-23T19:40:31+00:00","author":{"@id":"https:\/\/veritasinfo.org\/#\/schema\/person\/fe199eede04c3937362892b7444747cc"},"breadcrumb":{"@id":"https:\/\/veritasinfo.org\/?p=28920&lang=sr#breadcrumb"},"inLanguage":"en-US","potentialAction":[{"@type":"ReadAction","target":["https:\/\/veritasinfo.org\/?p=28920&lang=sr"]}]},{"@type":"ImageObject","inLanguage":"en-US","@id":"https:\/\/veritasinfo.org\/?p=28920&lang=sr#primaryimage","url":"https:\/\/veritasinfo.org\/wp-content\/uploads\/2026\/01\/1-64.jpg","contentUrl":"https:\/\/veritasinfo.org\/wp-content\/uploads\/2026\/01\/1-64.jpg","width":853,"height":480},{"@type":"BreadcrumbList","@id":"https:\/\/veritasinfo.org\/?p=28920&lang=sr#breadcrumb","itemListElement":[{"@type":"ListItem","position":1,"name":"Home","item":"https:\/\/veritasinfo.org\/"},{"@type":"ListItem","position":2,"name":"U\u010denici iz Koli\u0107a od novembra ne poha\u0111aju nastavu, razlog \u2013 prevoz"}]},{"@type":"WebSite","@id":"https:\/\/veritasinfo.org\/#website","url":"https:\/\/veritasinfo.org\/","name":"","description":"","potentialAction":[{"@type":"SearchAction","target":{"@type":"EntryPoint","urlTemplate":"https:\/\/veritasinfo.org\/?s={search_term_string}"},"query-input":{"@type":"PropertyValueSpecification","valueRequired":true,"valueName":"search_term_string"}}],"inLanguage":"en-US"},{"@type":"Person","@id":"https:\/\/veritasinfo.org\/#\/schema\/person\/fe199eede04c3937362892b7444747cc","name":"US6","image":{"@type":"ImageObject","inLanguage":"en-US","@id":"https:\/\/veritasinfo.org\/#\/schema\/person\/image\/","url":"https:\/\/secure.gravatar.com\/avatar\/cb16c3c31c9d23b9b8c705964598220b3014e42ff51eb540ff23cefa3ae8c15f?s=96&d=mm&r=g","contentUrl":"https:\/\/secure.gravatar.com\/avatar\/cb16c3c31c9d23b9b8c705964598220b3014e42ff51eb540ff23cefa3ae8c15f?s=96&d=mm&r=g","caption":"US6"},"url":"https:\/\/veritasinfo.org\/?author=7"}]}},"featured_image_urls":{"full":["https:\/\/veritasinfo.org\/wp-content\/uploads\/2026\/01\/1-64.jpg",853,480,false],"thumbnail":["https:\/\/veritasinfo.org\/wp-content\/uploads\/2026\/01\/1-64-150x150.jpg",150,150,true],"medium":["https:\/\/veritasinfo.org\/wp-content\/uploads\/2026\/01\/1-64-300x169.jpg",300,169,true],"medium_large":["https:\/\/veritasinfo.org\/wp-content\/uploads\/2026\/01\/1-64-768x432.jpg",640,360,true],"large":["https:\/\/veritasinfo.org\/wp-content\/uploads\/2026\/01\/1-64.jpg",640,360,false],"1536x1536":["https:\/\/veritasinfo.org\/wp-content\/uploads\/2026\/01\/1-64.jpg",853,480,false],"2048x2048":["https:\/\/veritasinfo.org\/wp-content\/uploads\/2026\/01\/1-64.jpg",853,480,false],"kreeti-slider-full":["https:\/\/veritasinfo.org\/wp-content\/uploads\/2026\/01\/1-64.jpg",853,480,false],"kreeti-featured":["https:\/\/veritasinfo.org\/wp-content\/uploads\/2026\/01\/1-64.jpg",853,480,false],"kreeti-medium":["https:\/\/veritasinfo.org\/wp-content\/uploads\/2026\/01\/1-64.jpg",720,405,false],"kreeti-medium-square":["https:\/\/veritasinfo.org\/wp-content\/uploads\/2026\/01\/1-64.jpg",350,197,false]},"author_info":{"info":["US6"]},"category_info":"<a href=\"https:\/\/veritasinfo.org\/?cat=32&#038;lang=sr\" rel=\"category\">Op\u0161tine<\/a>","tag_info":"Op\u0161tine","comment_count":"0","_links":{"self":[{"href":"https:\/\/veritasinfo.org\/index.php?rest_route=\/wp\/v2\/posts\/28920","targetHints":{"allow":["GET"]}}],"collection":[{"href":"https:\/\/veritasinfo.org\/index.php?rest_route=\/wp\/v2\/posts"}],"about":[{"href":"https:\/\/veritasinfo.org\/index.php?rest_route=\/wp\/v2\/types\/post"}],"author":[{"embeddable":true,"href":"https:\/\/veritasinfo.org\/index.php?rest_route=\/wp\/v2\/users\/7"}],"replies":[{"embeddable":true,"href":"https:\/\/veritasinfo.org\/index.php?rest_route=%2Fwp%2Fv2%2Fcomments&post=28920"}],"version-history":[{"count":1,"href":"https:\/\/veritasinfo.org\/index.php?rest_route=\/wp\/v2\/posts\/28920\/revisions"}],"predecessor-version":[{"id":28921,"href":"https:\/\/veritasinfo.org\/index.php?rest_route=\/wp\/v2\/posts\/28920\/revisions\/28921"}],"wp:featuredmedia":[{"embeddable":true,"href":"https:\/\/veritasinfo.org\/index.php?rest_route=\/wp\/v2\/media\/28916"}],"wp:attachment":[{"href":"https:\/\/veritasinfo.org\/index.php?rest_route=%2Fwp%2Fv2%2Fmedia&parent=28920"}],"wp:term":[{"taxonomy":"category","embeddable":true,"href":"https:\/\/veritasinfo.org\/index.php?rest_route=%2Fwp%2Fv2%2Fcategories&post=28920"},{"taxonomy":"post_tag","embeddable":true,"href":"https:\/\/veritasinfo.org\/index.php?rest_route=%2Fwp%2Fv2%2Ftags&post=28920"}],"curies":[{"name":"wp","href":"https:\/\/api.w.org\/{rel}","templated":true}]}}