{"id":28915,"date":"2026-01-23T20:38:38","date_gmt":"2026-01-23T19:38:38","guid":{"rendered":"https:\/\/veritasinfo.org\/?p=28915"},"modified":"2026-01-23T20:39:36","modified_gmt":"2026-01-23T19:39:36","slug":"nxenesit-e-koliqit-qe-prej-nentorit-svijojne-mesimin-shkak-transporti","status":"publish","type":"post","link":"https:\/\/veritasinfo.org\/?p=28915","title":{"rendered":"Nx\u00ebn\u00ebsit e Koliqit q\u00eb prej n\u00ebntorit s\u2019vijojn\u00eb m\u00ebsimin, shkak \u2013 transporti"},"content":{"rendered":"<p>Prishtin\u00eb, 23 janar 2026 20:37<\/p>\n<p>Bankat e shkoll\u00ebs n\u00eb Koliq mbet\u00ebn t\u00eb zbraz\u00ebta edhe k\u00ebt\u00eb t\u00eb premte.<\/p>\n<p>Ndon\u00ebse t\u00eb h\u00ebn\u00ebn nga Drejtoria e Arsimit u tha se problemi i transportit \u00ebsht\u00eb zgjidhur, n\u00eb praktik\u00eb kjo nuk ka ndodhur.<\/p>\n<div class=\"jeg_ad jeg_ad_article jnews_content_inline_ads \">\n<div class=\"ads-wrapper align-center \">Shtat\u00eb nx\u00ebn\u00ebs nga lagjja \u201cPodaj\u201d e Koliqit vazhdojn\u00eb t\u00eb q\u00ebndrojn\u00eb n\u00eb sht\u00ebpi, pa mund\u00ebsi p\u00ebr t\u00eb ndjekur m\u00ebsimin.<\/div>\n<\/div>\n<p>P\u00ebr k\u00ebt\u00eb situate q\u00eb po zgjat\u00eb prej n\u00ebntorit t\u00eb vitit t\u00eb kaluar, prind\u00ebrit shprehen tejet t\u00eb shqet\u00ebsuar.<\/p>\n<p>\u201cJo s\u2019ka fillu ende transporti. S\u2019ka kurgjo. Me na premtu po na premtojn\u00eb, po kot\u2026 Transporti publik kalon, kat\u00ebr-pes\u00eb her\u00eb, por orari nuk po ju p\u00ebrshtatet. Na nuk kena lyp sen prej tyre vet\u00ebm nj\u00eb lini p\u00ebr nx\u00ebn\u00ebsit\u201d, deklaroi prindi Sabri Sheqiri.<\/p>\n<p>K\u00ebsaj radhe, p\u00ebrgjegj\u00ebsia po i\u00a0 adresohet Drejtoris\u00eb s\u00eb Sh\u00ebrbimeve Publike.<\/p>\n<p>Sipas m\u00ebsimdh\u00ebn\u00ebsve t\u00eb shkoll\u00ebs \u201cTefik \u00c7anga\u201d, orari i trasportit publik nuk p\u00ebrputhet me orarin m\u00ebsimor.<\/p>\n<p>\u201cPo \u00ebsht\u00eb e v\u00ebrtet jo dy muaj po tre muj\u00eb. Q\u00eb nga 1 n\u00ebntori i viti t\u00eb kalum na \u00ebsht\u00eb nd\u00ebrpreh transporti edhe p\u00ebr neve m\u00ebsimdh\u00ebns\u00ebit por edhe p\u00ebr nx\u00ebn\u00ebsit. Pra \u00ebsht\u00eb nj\u00eb munges shum\u00eb e made\u2026 Shkaktari \u00ebsht\u00eb tek sh\u00ebrbimet publike sepse s\u2019di sa her\u00eb na kem bo k\u00ebrkesa, por ata nuk i kan\u00eb marr parasysh\u201d, tha arsimtari n\u00eb shkoll\u00ebn \u201cTafik \u00c7anga\u201d, Faik Sheriki.<\/p>\n<p>Megjithat\u00eb, drejtori i mobilitetit n\u00eb komun\u00ebn e Prishtin\u00ebs, Donat Lushaku, thto\u00eb se gjat\u00eb dit\u00ebs \u00ebsht\u00eb n\u00ebnshkruar marr\u00ebveshja me operator\u00ebt privat.<\/p>\n<p>\u201cOfrimi i sherbimit t\u00eb transportit p\u00ebr m\u00ebsimdh\u00ebne\u00ebs dhe nx\u00ebn\u00ebs \u00ebsht\u00eb n\u00eb kompentec t\u00eb Drejtoris\u00eb s\u00eb Arsimit, andaj pas takimit me zyrtar\u00ebt nga Drejtoria e Arsimit na njoftuan se jan\u00eb n\u00eb procedura t\u00eb lidhjes s\u00eb kontratave p\u00ebr transportin e nx\u00ebns\u00ebve dhe m\u00ebsimdh\u00ebsave, sot ve\u00e7 sa \u00ebsht\u00eb n\u00ebnshkruar nj\u00eb kontrat me nj\u00eb OE privat\u201d.<\/p>\n<p>N\u00eb k\u00ebt\u00eb m\u00ebnyr\u00eb, sipas Lushakut pritet q\u00eb t\u00eb zgjidhet ky problem.<\/p>\n<p>Nd\u00ebrkoh\u00eb, eksperti i arsimit, Xhavit Rexha thot\u00eb se p\u00ebrgjegj\u00ebsa p\u00ebr sigurimin e arsimit fillor \u00ebsht\u00eb e qart\u00eb dhe panegociueshme.<\/p>\n<p>\u201cSigurimi i arsimit fillor \u00ebsht\u00eb p\u00ebrgjegj\u00ebsi ekskluzive e komun\u00ebs dhe e\u00a0 shtetit. Pa marr parasysh numrin e nx\u00ebn\u00ebsve, qoft edhe nj\u00eb nx\u00ebn\u00ebs, shteti \u00ebsht\u00eb i obliguar q\u00eb atyre t\u00eb ju siguroj qasje t\u00eb pa bllouar n\u00eb shkollim. Dhe jo nj\u00eb muaj, por asnj\u00eb dit\u00eb nuk arsyetohet p\u00ebr munges t\u00eb krijimit t\u00eb kushteve f\u00ebmijeve, lagjeve apo kominiteteve q\u00eb me i shkollu f\u00ebmij\u00ebt e tyre. Kjo \u00ebsht\u00eb totalisht e pa arsyeshme\u201d, deklaroi Rexha.<\/p>\n<p>Nx\u00ebn\u00ebsit nga lagjia \u201cPodaj\u201d, n\u00eb Koliq, shkoll\u00ebn am\u00eb ku viojn\u00eb m\u00ebsimin nx\u00ebn\u00ebsit nga klasa e gjasht\u00eb deri n\u00eb t\u00eb n\u00ebnt\u00ebn e kan\u00eb kat\u00ebr kilometra larg, andaj edhe vajtja n\u00eb k\u00ebmb\u00eb \u00ebsht\u00eb e v\u00ebshtir\u00eb p\u00ebr ta.<\/p>\n<p>&nbsp;<\/p>\n","protected":false},"excerpt":{"rendered":"<p>Prishtin\u00eb, 23 janar 2026 20:37 Bankat e shkoll\u00ebs n\u00eb Koliq mbet\u00ebn t\u00eb zbraz\u00ebta edhe k\u00ebt\u00eb t\u00eb premte. Ndon\u00ebse t\u00eb h\u00ebn\u00ebn nga Drejtoria e Arsimit u<\/p>\n","protected":false},"author":7,"featured_media":28916,"comment_status":"open","ping_status":"open","sticky":false,"template":"","format":"standard","meta":{"footnotes":""},"categories":[52],"tags":[],"class_list":["post-28915","post","type-post","status-publish","format-standard","has-post-thumbnail","hentry","category-komunat-sq"],"yoast_head":"<!-- This site is optimized with the Yoast SEO plugin v25.3.1 - https:\/\/yoast.com\/wordpress\/plugins\/seo\/ -->\n<title>Nx\u00ebn\u00ebsit e Koliqit q\u00eb prej n\u00ebntorit s\u2019vijojn\u00eb m\u00ebsimin, shkak \u2013 transporti -<\/title>\n<meta name=\"robots\" content=\"index, follow, max-snippet:-1, max-image-preview:large, max-video-preview:-1\" \/>\n<link rel=\"canonical\" href=\"https:\/\/veritasinfo.org\/?p=28915\" \/>\n<meta property=\"og:locale\" content=\"en_US\" \/>\n<meta property=\"og:type\" content=\"article\" \/>\n<meta property=\"og:title\" content=\"Nx\u00ebn\u00ebsit e Koliqit q\u00eb prej n\u00ebntorit s\u2019vijojn\u00eb m\u00ebsimin, shkak \u2013 transporti -\" \/>\n<meta property=\"og:description\" content=\"Prishtin\u00eb, 23 janar 2026 20:37 Bankat e shkoll\u00ebs n\u00eb Koliq mbet\u00ebn t\u00eb zbraz\u00ebta edhe k\u00ebt\u00eb t\u00eb premte. Ndon\u00ebse t\u00eb h\u00ebn\u00ebn nga Drejtoria e Arsimit u\" \/>\n<meta property=\"og:url\" content=\"https:\/\/veritasinfo.org\/?p=28915\" \/>\n<meta property=\"article:published_time\" content=\"2026-01-23T19:38:38+00:00\" \/>\n<meta property=\"article:modified_time\" content=\"2026-01-23T19:39:36+00:00\" \/>\n<meta property=\"og:image\" content=\"https:\/\/veritasinfo.org\/wp-content\/uploads\/2026\/01\/1-64.jpg\" \/>\n\t<meta property=\"og:image:width\" content=\"853\" \/>\n\t<meta property=\"og:image:height\" content=\"480\" \/>\n\t<meta property=\"og:image:type\" content=\"image\/jpeg\" \/>\n<meta name=\"author\" content=\"US6\" \/>\n<meta name=\"twitter:card\" content=\"summary_large_image\" \/>\n<meta name=\"twitter:label1\" content=\"Written by\" \/>\n\t<meta name=\"twitter:data1\" content=\"US6\" \/>\n\t<meta name=\"twitter:label2\" content=\"Est. reading time\" \/>\n\t<meta name=\"twitter:data2\" content=\"3 minutes\" \/>\n<script type=\"application\/ld+json\" class=\"yoast-schema-graph\">{\"@context\":\"https:\/\/schema.org\",\"@graph\":[{\"@type\":\"WebPage\",\"@id\":\"https:\/\/veritasinfo.org\/?p=28915\",\"url\":\"https:\/\/veritasinfo.org\/?p=28915\",\"name\":\"Nx\u00ebn\u00ebsit e Koliqit q\u00eb prej n\u00ebntorit s\u2019vijojn\u00eb m\u00ebsimin, shkak \u2013 transporti -\",\"isPartOf\":{\"@id\":\"https:\/\/veritasinfo.org\/#website\"},\"primaryImageOfPage\":{\"@id\":\"https:\/\/veritasinfo.org\/?p=28915#primaryimage\"},\"image\":{\"@id\":\"https:\/\/veritasinfo.org\/?p=28915#primaryimage\"},\"thumbnailUrl\":\"https:\/\/veritasinfo.org\/wp-content\/uploads\/2026\/01\/1-64.jpg\",\"datePublished\":\"2026-01-23T19:38:38+00:00\",\"dateModified\":\"2026-01-23T19:39:36+00:00\",\"author\":{\"@id\":\"https:\/\/veritasinfo.org\/#\/schema\/person\/fe199eede04c3937362892b7444747cc\"},\"breadcrumb\":{\"@id\":\"https:\/\/veritasinfo.org\/?p=28915#breadcrumb\"},\"inLanguage\":\"en-US\",\"potentialAction\":[{\"@type\":\"ReadAction\",\"target\":[\"https:\/\/veritasinfo.org\/?p=28915\"]}]},{\"@type\":\"ImageObject\",\"inLanguage\":\"en-US\",\"@id\":\"https:\/\/veritasinfo.org\/?p=28915#primaryimage\",\"url\":\"https:\/\/veritasinfo.org\/wp-content\/uploads\/2026\/01\/1-64.jpg\",\"contentUrl\":\"https:\/\/veritasinfo.org\/wp-content\/uploads\/2026\/01\/1-64.jpg\",\"width\":853,\"height\":480},{\"@type\":\"BreadcrumbList\",\"@id\":\"https:\/\/veritasinfo.org\/?p=28915#breadcrumb\",\"itemListElement\":[{\"@type\":\"ListItem\",\"position\":1,\"name\":\"Home\",\"item\":\"https:\/\/veritasinfo.org\/\"},{\"@type\":\"ListItem\",\"position\":2,\"name\":\"Nx\u00ebn\u00ebsit e Koliqit q\u00eb prej n\u00ebntorit s\u2019vijojn\u00eb m\u00ebsimin, shkak \u2013 transporti\"}]},{\"@type\":\"WebSite\",\"@id\":\"https:\/\/veritasinfo.org\/#website\",\"url\":\"https:\/\/veritasinfo.org\/\",\"name\":\"\",\"description\":\"\",\"potentialAction\":[{\"@type\":\"SearchAction\",\"target\":{\"@type\":\"EntryPoint\",\"urlTemplate\":\"https:\/\/veritasinfo.org\/?s={search_term_string}\"},\"query-input\":{\"@type\":\"PropertyValueSpecification\",\"valueRequired\":true,\"valueName\":\"search_term_string\"}}],\"inLanguage\":\"en-US\"},{\"@type\":\"Person\",\"@id\":\"https:\/\/veritasinfo.org\/#\/schema\/person\/fe199eede04c3937362892b7444747cc\",\"name\":\"US6\",\"image\":{\"@type\":\"ImageObject\",\"inLanguage\":\"en-US\",\"@id\":\"https:\/\/veritasinfo.org\/#\/schema\/person\/image\/\",\"url\":\"https:\/\/secure.gravatar.com\/avatar\/cb16c3c31c9d23b9b8c705964598220b3014e42ff51eb540ff23cefa3ae8c15f?s=96&d=mm&r=g\",\"contentUrl\":\"https:\/\/secure.gravatar.com\/avatar\/cb16c3c31c9d23b9b8c705964598220b3014e42ff51eb540ff23cefa3ae8c15f?s=96&d=mm&r=g\",\"caption\":\"US6\"},\"url\":\"https:\/\/veritasinfo.org\/?author=7\"}]}<\/script>\n<!-- \/ Yoast SEO plugin. -->","yoast_head_json":{"title":"Nx\u00ebn\u00ebsit e Koliqit q\u00eb prej n\u00ebntorit s\u2019vijojn\u00eb m\u00ebsimin, shkak \u2013 transporti -","robots":{"index":"index","follow":"follow","max-snippet":"max-snippet:-1","max-image-preview":"max-image-preview:large","max-video-preview":"max-video-preview:-1"},"canonical":"https:\/\/veritasinfo.org\/?p=28915","og_locale":"en_US","og_type":"article","og_title":"Nx\u00ebn\u00ebsit e Koliqit q\u00eb prej n\u00ebntorit s\u2019vijojn\u00eb m\u00ebsimin, shkak \u2013 transporti -","og_description":"Prishtin\u00eb, 23 janar 2026 20:37 Bankat e shkoll\u00ebs n\u00eb Koliq mbet\u00ebn t\u00eb zbraz\u00ebta edhe k\u00ebt\u00eb t\u00eb premte. Ndon\u00ebse t\u00eb h\u00ebn\u00ebn nga Drejtoria e Arsimit u","og_url":"https:\/\/veritasinfo.org\/?p=28915","article_published_time":"2026-01-23T19:38:38+00:00","article_modified_time":"2026-01-23T19:39:36+00:00","og_image":[{"width":853,"height":480,"url":"https:\/\/veritasinfo.org\/wp-content\/uploads\/2026\/01\/1-64.jpg","type":"image\/jpeg"}],"author":"US6","twitter_card":"summary_large_image","twitter_misc":{"Written by":"US6","Est. reading time":"3 minutes"},"schema":{"@context":"https:\/\/schema.org","@graph":[{"@type":"WebPage","@id":"https:\/\/veritasinfo.org\/?p=28915","url":"https:\/\/veritasinfo.org\/?p=28915","name":"Nx\u00ebn\u00ebsit e Koliqit q\u00eb prej n\u00ebntorit s\u2019vijojn\u00eb m\u00ebsimin, shkak \u2013 transporti -","isPartOf":{"@id":"https:\/\/veritasinfo.org\/#website"},"primaryImageOfPage":{"@id":"https:\/\/veritasinfo.org\/?p=28915#primaryimage"},"image":{"@id":"https:\/\/veritasinfo.org\/?p=28915#primaryimage"},"thumbnailUrl":"https:\/\/veritasinfo.org\/wp-content\/uploads\/2026\/01\/1-64.jpg","datePublished":"2026-01-23T19:38:38+00:00","dateModified":"2026-01-23T19:39:36+00:00","author":{"@id":"https:\/\/veritasinfo.org\/#\/schema\/person\/fe199eede04c3937362892b7444747cc"},"breadcrumb":{"@id":"https:\/\/veritasinfo.org\/?p=28915#breadcrumb"},"inLanguage":"en-US","potentialAction":[{"@type":"ReadAction","target":["https:\/\/veritasinfo.org\/?p=28915"]}]},{"@type":"ImageObject","inLanguage":"en-US","@id":"https:\/\/veritasinfo.org\/?p=28915#primaryimage","url":"https:\/\/veritasinfo.org\/wp-content\/uploads\/2026\/01\/1-64.jpg","contentUrl":"https:\/\/veritasinfo.org\/wp-content\/uploads\/2026\/01\/1-64.jpg","width":853,"height":480},{"@type":"BreadcrumbList","@id":"https:\/\/veritasinfo.org\/?p=28915#breadcrumb","itemListElement":[{"@type":"ListItem","position":1,"name":"Home","item":"https:\/\/veritasinfo.org\/"},{"@type":"ListItem","position":2,"name":"Nx\u00ebn\u00ebsit e Koliqit q\u00eb prej n\u00ebntorit s\u2019vijojn\u00eb m\u00ebsimin, shkak \u2013 transporti"}]},{"@type":"WebSite","@id":"https:\/\/veritasinfo.org\/#website","url":"https:\/\/veritasinfo.org\/","name":"","description":"","potentialAction":[{"@type":"SearchAction","target":{"@type":"EntryPoint","urlTemplate":"https:\/\/veritasinfo.org\/?s={search_term_string}"},"query-input":{"@type":"PropertyValueSpecification","valueRequired":true,"valueName":"search_term_string"}}],"inLanguage":"en-US"},{"@type":"Person","@id":"https:\/\/veritasinfo.org\/#\/schema\/person\/fe199eede04c3937362892b7444747cc","name":"US6","image":{"@type":"ImageObject","inLanguage":"en-US","@id":"https:\/\/veritasinfo.org\/#\/schema\/person\/image\/","url":"https:\/\/secure.gravatar.com\/avatar\/cb16c3c31c9d23b9b8c705964598220b3014e42ff51eb540ff23cefa3ae8c15f?s=96&d=mm&r=g","contentUrl":"https:\/\/secure.gravatar.com\/avatar\/cb16c3c31c9d23b9b8c705964598220b3014e42ff51eb540ff23cefa3ae8c15f?s=96&d=mm&r=g","caption":"US6"},"url":"https:\/\/veritasinfo.org\/?author=7"}]}},"featured_image_urls":{"full":["https:\/\/veritasinfo.org\/wp-content\/uploads\/2026\/01\/1-64.jpg",853,480,false],"thumbnail":["https:\/\/veritasinfo.org\/wp-content\/uploads\/2026\/01\/1-64-150x150.jpg",150,150,true],"medium":["https:\/\/veritasinfo.org\/wp-content\/uploads\/2026\/01\/1-64-300x169.jpg",300,169,true],"medium_large":["https:\/\/veritasinfo.org\/wp-content\/uploads\/2026\/01\/1-64-768x432.jpg",640,360,true],"large":["https:\/\/veritasinfo.org\/wp-content\/uploads\/2026\/01\/1-64.jpg",640,360,false],"1536x1536":["https:\/\/veritasinfo.org\/wp-content\/uploads\/2026\/01\/1-64.jpg",853,480,false],"2048x2048":["https:\/\/veritasinfo.org\/wp-content\/uploads\/2026\/01\/1-64.jpg",853,480,false],"kreeti-slider-full":["https:\/\/veritasinfo.org\/wp-content\/uploads\/2026\/01\/1-64.jpg",853,480,false],"kreeti-featured":["https:\/\/veritasinfo.org\/wp-content\/uploads\/2026\/01\/1-64.jpg",853,480,false],"kreeti-medium":["https:\/\/veritasinfo.org\/wp-content\/uploads\/2026\/01\/1-64.jpg",720,405,false],"kreeti-medium-square":["https:\/\/veritasinfo.org\/wp-content\/uploads\/2026\/01\/1-64.jpg",350,197,false]},"author_info":{"info":["US6"]},"category_info":"<a href=\"https:\/\/veritasinfo.org\/?cat=52\" rel=\"category\">Komunat<\/a>","tag_info":"Komunat","comment_count":"0","_links":{"self":[{"href":"https:\/\/veritasinfo.org\/index.php?rest_route=\/wp\/v2\/posts\/28915","targetHints":{"allow":["GET"]}}],"collection":[{"href":"https:\/\/veritasinfo.org\/index.php?rest_route=\/wp\/v2\/posts"}],"about":[{"href":"https:\/\/veritasinfo.org\/index.php?rest_route=\/wp\/v2\/types\/post"}],"author":[{"embeddable":true,"href":"https:\/\/veritasinfo.org\/index.php?rest_route=\/wp\/v2\/users\/7"}],"replies":[{"embeddable":true,"href":"https:\/\/veritasinfo.org\/index.php?rest_route=%2Fwp%2Fv2%2Fcomments&post=28915"}],"version-history":[{"count":3,"href":"https:\/\/veritasinfo.org\/index.php?rest_route=\/wp\/v2\/posts\/28915\/revisions"}],"predecessor-version":[{"id":28919,"href":"https:\/\/veritasinfo.org\/index.php?rest_route=\/wp\/v2\/posts\/28915\/revisions\/28919"}],"wp:featuredmedia":[{"embeddable":true,"href":"https:\/\/veritasinfo.org\/index.php?rest_route=\/wp\/v2\/media\/28916"}],"wp:attachment":[{"href":"https:\/\/veritasinfo.org\/index.php?rest_route=%2Fwp%2Fv2%2Fmedia&parent=28915"}],"wp:term":[{"taxonomy":"category","embeddable":true,"href":"https:\/\/veritasinfo.org\/index.php?rest_route=%2Fwp%2Fv2%2Fcategories&post=28915"},{"taxonomy":"post_tag","embeddable":true,"href":"https:\/\/veritasinfo.org\/index.php?rest_route=%2Fwp%2Fv2%2Ftags&post=28915"}],"curies":[{"name":"wp","href":"https:\/\/api.w.org\/{rel}","templated":true}]}}