{"id":28909,"date":"2026-01-23T19:29:50","date_gmt":"2026-01-23T18:29:50","guid":{"rendered":"https:\/\/veritasinfo.org\/?p=28909"},"modified":"2026-01-23T19:29:50","modified_gmt":"2026-01-23T18:29:50","slug":"elezi-do-te-vleje-rezultati-i-rinumerimit-dhe-jo-i-qendrave-komunale-te-numerimit","status":"publish","type":"post","link":"https:\/\/veritasinfo.org\/?p=28909","title":{"rendered":"Elezi: Do t\u00eb vlej\u00eb rezultati i rinum\u00ebrimit dhe jo i Qendrave Komunale t\u00eb Num\u00ebrimit"},"content":{"rendered":"<p>Prishtin\u00eb, 23 janar 2026 19:27<\/p>\n<p>Pas vendimeve p\u00ebr rinum\u00ebrimin e t\u00eb gjitha vendvotimeve ku m\u00eb 28 dhjetor u zhvillua votimi i rregullt n\u00eb zgjedhjet e parakohshme p\u00ebr Kuvend, Komisioni Qendror i Zgjedhjeve ka hequr dilemat se cili rezultat do t\u00eb konsiderohet p\u00ebrfundimtar: ai i dal\u00eb nga num\u00ebrimi n\u00eb Qendrat Komunale t\u00eb Num\u00ebrimit apo nga procesi aktual i rinum\u00ebrimit?<\/p>\n<div class=\"code-block code-block-8\">\n<div id=\"futureads_d773fe1afb07405e8d2f0e46933877d3_zone_104122_sect_47401_site_41437\" data-sender=\"futureads\"><\/div>\n<\/div>\n<div class=\"code-block code-block-5\"><ins id=\"revive-0-3\" data-revive-zoneid=\"217\" data-revive-id=\"6d10792d7a3e9a00328e01545b0215e5\" data-revive-seq=\"3\" data-revive-loaded=\"1\"><\/p>\n<div id=\"beacon_e63a663d7b\">Z\u00ebdh\u00ebn\u00ebsi i KQZ-s\u00eb, Valmir Elezi, ka sqaruar se \u00ebsht\u00eb n\u00ebn kompetenc\u00eb t\u00eb k\u00ebtij institucioni t\u00eb vendos\u00eb p\u00ebr rinum\u00ebrimin e vendvotimeve apo qend\u00ebr num\u00ebrimi dhe p\u00ebr rrjedhoj\u00eb, rezultati q\u00eb do t\u00eb vlej\u00eb n\u00eb shpalljen e rezultateve p\u00ebrfundimtare zgjedhore do t\u00eb jet\u00eb ai q\u00eb do t\u00eb dal\u00eb nga procesi i rinum\u00ebrimit.<\/div>\n<p><\/ins><\/div>\n<p>P\u00ebr rinum\u00ebrimin e t\u00eb gjitha vendvotimeve, KQZ vendosi pas nj\u00eb verifikimi t\u00eb kryerr n\u00eb 33 vendvtime, ku rezultoi se votat e kandidat\u00ebve t\u00eb num\u00ebruara n\u00eb Qendrat Komunae t\u00eb Nu\u00ebmrimit nuk pasqyronin sakt\u00eb votat n\u00eb flet\u00ebvotime.<\/p>\n<p>\u201cLigji p\u00ebr Zgjedhjet e P\u00ebrgjithshme i jep t\u00eb drejt\u00eb KQZ-s\u00eb p\u00ebr t\u00eb vendosur rinum\u00ebrimin e votave n\u00eb cilindo vendvotim apo qend\u00ebr t\u00eb num\u00ebrimit. N\u00eb k\u00ebt\u00eb drejtim, KQZ ka zbatuar ligjin, andaj se cili rezultat do t\u00eb vlej\u00eb pas rinum\u00ebrimit t\u00eb t\u00eb gjitha vendvotimeve, \u00ebsht\u00eb e qart\u00eb: n\u00eb rezultate p\u00ebrfundimtare do t\u00eb p\u00ebrfshihen t\u00eb dh\u00ebnat apo rezultatet q\u00eb dalin nga procesi i rinum\u00ebrimit dhe jo nga num\u00ebrimi q\u00eb \u00ebsht\u00eb zhvilluar n\u00eb Qendra Komunale t\u00eb Num\u00ebrimit\u201d, tha Elezi.<\/p>\n<div class=\"code-block code-block-7\"><ins id=\"revive-0-5\" data-revive-zoneid=\"218\" data-revive-id=\"6d10792d7a3e9a00328e01545b0215e5\" data-revive-seq=\"5\" data-revive-loaded=\"1\"><\/p>\n<div id=\"beacon_c5c8f1e460\">Nd\u00ebrkoh\u00eb, edhe t\u00eb premt\u00ebn, n\u00eb Qendr\u00ebn e Num\u00ebrimit dhe Rezultateve \u00ebsht\u00eb duke vazhduar rinu\u00ebmrimi i vendvotimeve.<\/div>\n<p><\/ins><\/div>\n<p>\u201cNga 13 janari, n\u00eb Qendr\u00ebn e Num\u00ebrimit dhe Rezultateve po vazhdon procesi i rinum\u00ebrimit t\u00eb vendvotimeve, i cili po realizohet n\u00eb baz\u00eb t\u00eb dy vendimeve t\u00eb Komisionit Qendror t\u00eb Zgjedhjeve, q\u00eb p\u00ebrfshin rinum\u00ebrimin e t\u00eb gjitha vendvotimeve, 2,557 sosh. Nga fillimi i k\u00ebtij procesi dhe deri m\u00eb tani, jan\u00eb rinum\u00ebruar m\u00eb shum\u00eb se 50% e vendvotimeve, n\u00eb t\u00eb cilat m\u00eb 28 dhjetor \u00ebsht\u00eb zhvilluar procesi i rregullt zgjedhor\u201d, tha Elezi.<\/p>\n<p>Sipas vendimit t\u00eb par\u00eb t\u00eb KQZ-s\u00eb, t\u00eb dat\u00ebs 13 janar 2026, ishte parapar\u00eb rinum\u00ebrimi i 914 vendvotimeve, nd\u00ebrsa me vendimin e dyt\u00eb, t\u00eb dat\u00ebs 19 janar 2026, \u00ebsht\u00eb vendosur q\u00eb t\u00eb p\u00ebrfshihen edhe 1,643 vendvotime t\u00eb tjera, duke e zgjeruar procesin n\u00eb t\u00ebr\u00ebsi.<\/p>\n","protected":false},"excerpt":{"rendered":"<p>Prishtin\u00eb, 23 janar 2026 19:27 Pas vendimeve p\u00ebr rinum\u00ebrimin e t\u00eb gjitha vendvotimeve ku m\u00eb 28 dhjetor u zhvillua votimi i rregullt n\u00eb zgjedhjet e<\/p>\n","protected":false},"author":7,"featured_media":28910,"comment_status":"open","ping_status":"open","sticky":false,"template":"","format":"standard","meta":{"footnotes":""},"categories":[8],"tags":[],"class_list":["post-28909","post","type-post","status-publish","format-standard","has-post-thumbnail","hentry","category-blog-sq"],"yoast_head":"<!-- This site is optimized with the Yoast SEO plugin v25.3.1 - https:\/\/yoast.com\/wordpress\/plugins\/seo\/ -->\n<title>Elezi: Do t\u00eb vlej\u00eb rezultati i rinum\u00ebrimit dhe jo i Qendrave Komunale t\u00eb Num\u00ebrimit -<\/title>\n<meta name=\"robots\" content=\"index, follow, max-snippet:-1, max-image-preview:large, max-video-preview:-1\" \/>\n<link rel=\"canonical\" href=\"https:\/\/veritasinfo.org\/?p=28909\" \/>\n<meta property=\"og:locale\" content=\"en_US\" \/>\n<meta property=\"og:type\" content=\"article\" \/>\n<meta property=\"og:title\" content=\"Elezi: Do t\u00eb vlej\u00eb rezultati i rinum\u00ebrimit dhe jo i Qendrave Komunale t\u00eb Num\u00ebrimit -\" \/>\n<meta property=\"og:description\" content=\"Prishtin\u00eb, 23 janar 2026 19:27 Pas vendimeve p\u00ebr rinum\u00ebrimin e t\u00eb gjitha vendvotimeve ku m\u00eb 28 dhjetor u zhvillua votimi i rregullt n\u00eb zgjedhjet e\" \/>\n<meta property=\"og:url\" content=\"https:\/\/veritasinfo.org\/?p=28909\" \/>\n<meta property=\"article:published_time\" content=\"2026-01-23T18:29:50+00:00\" \/>\n<meta property=\"og:image\" content=\"https:\/\/veritasinfo.org\/wp-content\/uploads\/2026\/01\/1-63.jpg\" \/>\n\t<meta property=\"og:image:width\" content=\"660\" \/>\n\t<meta property=\"og:image:height\" content=\"331\" \/>\n\t<meta property=\"og:image:type\" content=\"image\/jpeg\" \/>\n<meta name=\"author\" content=\"US6\" \/>\n<meta name=\"twitter:card\" content=\"summary_large_image\" \/>\n<meta name=\"twitter:label1\" content=\"Written by\" \/>\n\t<meta name=\"twitter:data1\" content=\"US6\" \/>\n\t<meta name=\"twitter:label2\" content=\"Est. reading time\" \/>\n\t<meta name=\"twitter:data2\" content=\"2 minutes\" \/>\n<script type=\"application\/ld+json\" class=\"yoast-schema-graph\">{\"@context\":\"https:\/\/schema.org\",\"@graph\":[{\"@type\":\"WebPage\",\"@id\":\"https:\/\/veritasinfo.org\/?p=28909\",\"url\":\"https:\/\/veritasinfo.org\/?p=28909\",\"name\":\"Elezi: Do t\u00eb vlej\u00eb rezultati i rinum\u00ebrimit dhe jo i Qendrave Komunale t\u00eb Num\u00ebrimit -\",\"isPartOf\":{\"@id\":\"https:\/\/veritasinfo.org\/#website\"},\"primaryImageOfPage\":{\"@id\":\"https:\/\/veritasinfo.org\/?p=28909#primaryimage\"},\"image\":{\"@id\":\"https:\/\/veritasinfo.org\/?p=28909#primaryimage\"},\"thumbnailUrl\":\"https:\/\/veritasinfo.org\/wp-content\/uploads\/2026\/01\/1-63.jpg\",\"datePublished\":\"2026-01-23T18:29:50+00:00\",\"author\":{\"@id\":\"https:\/\/veritasinfo.org\/#\/schema\/person\/fe199eede04c3937362892b7444747cc\"},\"breadcrumb\":{\"@id\":\"https:\/\/veritasinfo.org\/?p=28909#breadcrumb\"},\"inLanguage\":\"en-US\",\"potentialAction\":[{\"@type\":\"ReadAction\",\"target\":[\"https:\/\/veritasinfo.org\/?p=28909\"]}]},{\"@type\":\"ImageObject\",\"inLanguage\":\"en-US\",\"@id\":\"https:\/\/veritasinfo.org\/?p=28909#primaryimage\",\"url\":\"https:\/\/veritasinfo.org\/wp-content\/uploads\/2026\/01\/1-63.jpg\",\"contentUrl\":\"https:\/\/veritasinfo.org\/wp-content\/uploads\/2026\/01\/1-63.jpg\",\"width\":660,\"height\":331},{\"@type\":\"BreadcrumbList\",\"@id\":\"https:\/\/veritasinfo.org\/?p=28909#breadcrumb\",\"itemListElement\":[{\"@type\":\"ListItem\",\"position\":1,\"name\":\"Home\",\"item\":\"https:\/\/veritasinfo.org\/\"},{\"@type\":\"ListItem\",\"position\":2,\"name\":\"Elezi: Do t\u00eb vlej\u00eb rezultati i rinum\u00ebrimit dhe jo i Qendrave Komunale t\u00eb Num\u00ebrimit\"}]},{\"@type\":\"WebSite\",\"@id\":\"https:\/\/veritasinfo.org\/#website\",\"url\":\"https:\/\/veritasinfo.org\/\",\"name\":\"\",\"description\":\"\",\"potentialAction\":[{\"@type\":\"SearchAction\",\"target\":{\"@type\":\"EntryPoint\",\"urlTemplate\":\"https:\/\/veritasinfo.org\/?s={search_term_string}\"},\"query-input\":{\"@type\":\"PropertyValueSpecification\",\"valueRequired\":true,\"valueName\":\"search_term_string\"}}],\"inLanguage\":\"en-US\"},{\"@type\":\"Person\",\"@id\":\"https:\/\/veritasinfo.org\/#\/schema\/person\/fe199eede04c3937362892b7444747cc\",\"name\":\"US6\",\"image\":{\"@type\":\"ImageObject\",\"inLanguage\":\"en-US\",\"@id\":\"https:\/\/veritasinfo.org\/#\/schema\/person\/image\/\",\"url\":\"https:\/\/secure.gravatar.com\/avatar\/cb16c3c31c9d23b9b8c705964598220b3014e42ff51eb540ff23cefa3ae8c15f?s=96&d=mm&r=g\",\"contentUrl\":\"https:\/\/secure.gravatar.com\/avatar\/cb16c3c31c9d23b9b8c705964598220b3014e42ff51eb540ff23cefa3ae8c15f?s=96&d=mm&r=g\",\"caption\":\"US6\"},\"url\":\"https:\/\/veritasinfo.org\/?author=7\"}]}<\/script>\n<!-- \/ Yoast SEO plugin. -->","yoast_head_json":{"title":"Elezi: Do t\u00eb vlej\u00eb rezultati i rinum\u00ebrimit dhe jo i Qendrave Komunale t\u00eb Num\u00ebrimit -","robots":{"index":"index","follow":"follow","max-snippet":"max-snippet:-1","max-image-preview":"max-image-preview:large","max-video-preview":"max-video-preview:-1"},"canonical":"https:\/\/veritasinfo.org\/?p=28909","og_locale":"en_US","og_type":"article","og_title":"Elezi: Do t\u00eb vlej\u00eb rezultati i rinum\u00ebrimit dhe jo i Qendrave Komunale t\u00eb Num\u00ebrimit -","og_description":"Prishtin\u00eb, 23 janar 2026 19:27 Pas vendimeve p\u00ebr rinum\u00ebrimin e t\u00eb gjitha vendvotimeve ku m\u00eb 28 dhjetor u zhvillua votimi i rregullt n\u00eb zgjedhjet e","og_url":"https:\/\/veritasinfo.org\/?p=28909","article_published_time":"2026-01-23T18:29:50+00:00","og_image":[{"width":660,"height":331,"url":"https:\/\/veritasinfo.org\/wp-content\/uploads\/2026\/01\/1-63.jpg","type":"image\/jpeg"}],"author":"US6","twitter_card":"summary_large_image","twitter_misc":{"Written by":"US6","Est. reading time":"2 minutes"},"schema":{"@context":"https:\/\/schema.org","@graph":[{"@type":"WebPage","@id":"https:\/\/veritasinfo.org\/?p=28909","url":"https:\/\/veritasinfo.org\/?p=28909","name":"Elezi: Do t\u00eb vlej\u00eb rezultati i rinum\u00ebrimit dhe jo i Qendrave Komunale t\u00eb Num\u00ebrimit -","isPartOf":{"@id":"https:\/\/veritasinfo.org\/#website"},"primaryImageOfPage":{"@id":"https:\/\/veritasinfo.org\/?p=28909#primaryimage"},"image":{"@id":"https:\/\/veritasinfo.org\/?p=28909#primaryimage"},"thumbnailUrl":"https:\/\/veritasinfo.org\/wp-content\/uploads\/2026\/01\/1-63.jpg","datePublished":"2026-01-23T18:29:50+00:00","author":{"@id":"https:\/\/veritasinfo.org\/#\/schema\/person\/fe199eede04c3937362892b7444747cc"},"breadcrumb":{"@id":"https:\/\/veritasinfo.org\/?p=28909#breadcrumb"},"inLanguage":"en-US","potentialAction":[{"@type":"ReadAction","target":["https:\/\/veritasinfo.org\/?p=28909"]}]},{"@type":"ImageObject","inLanguage":"en-US","@id":"https:\/\/veritasinfo.org\/?p=28909#primaryimage","url":"https:\/\/veritasinfo.org\/wp-content\/uploads\/2026\/01\/1-63.jpg","contentUrl":"https:\/\/veritasinfo.org\/wp-content\/uploads\/2026\/01\/1-63.jpg","width":660,"height":331},{"@type":"BreadcrumbList","@id":"https:\/\/veritasinfo.org\/?p=28909#breadcrumb","itemListElement":[{"@type":"ListItem","position":1,"name":"Home","item":"https:\/\/veritasinfo.org\/"},{"@type":"ListItem","position":2,"name":"Elezi: Do t\u00eb vlej\u00eb rezultati i rinum\u00ebrimit dhe jo i Qendrave Komunale t\u00eb Num\u00ebrimit"}]},{"@type":"WebSite","@id":"https:\/\/veritasinfo.org\/#website","url":"https:\/\/veritasinfo.org\/","name":"","description":"","potentialAction":[{"@type":"SearchAction","target":{"@type":"EntryPoint","urlTemplate":"https:\/\/veritasinfo.org\/?s={search_term_string}"},"query-input":{"@type":"PropertyValueSpecification","valueRequired":true,"valueName":"search_term_string"}}],"inLanguage":"en-US"},{"@type":"Person","@id":"https:\/\/veritasinfo.org\/#\/schema\/person\/fe199eede04c3937362892b7444747cc","name":"US6","image":{"@type":"ImageObject","inLanguage":"en-US","@id":"https:\/\/veritasinfo.org\/#\/schema\/person\/image\/","url":"https:\/\/secure.gravatar.com\/avatar\/cb16c3c31c9d23b9b8c705964598220b3014e42ff51eb540ff23cefa3ae8c15f?s=96&d=mm&r=g","contentUrl":"https:\/\/secure.gravatar.com\/avatar\/cb16c3c31c9d23b9b8c705964598220b3014e42ff51eb540ff23cefa3ae8c15f?s=96&d=mm&r=g","caption":"US6"},"url":"https:\/\/veritasinfo.org\/?author=7"}]}},"featured_image_urls":{"full":["https:\/\/veritasinfo.org\/wp-content\/uploads\/2026\/01\/1-63.jpg",660,331,false],"thumbnail":["https:\/\/veritasinfo.org\/wp-content\/uploads\/2026\/01\/1-63-150x150.jpg",150,150,true],"medium":["https:\/\/veritasinfo.org\/wp-content\/uploads\/2026\/01\/1-63-300x150.jpg",300,150,true],"medium_large":["https:\/\/veritasinfo.org\/wp-content\/uploads\/2026\/01\/1-63.jpg",640,321,false],"large":["https:\/\/veritasinfo.org\/wp-content\/uploads\/2026\/01\/1-63.jpg",640,321,false],"1536x1536":["https:\/\/veritasinfo.org\/wp-content\/uploads\/2026\/01\/1-63.jpg",660,331,false],"2048x2048":["https:\/\/veritasinfo.org\/wp-content\/uploads\/2026\/01\/1-63.jpg",660,331,false],"kreeti-slider-full":["https:\/\/veritasinfo.org\/wp-content\/uploads\/2026\/01\/1-63.jpg",660,331,false],"kreeti-featured":["https:\/\/veritasinfo.org\/wp-content\/uploads\/2026\/01\/1-63.jpg",660,331,false],"kreeti-medium":["https:\/\/veritasinfo.org\/wp-content\/uploads\/2026\/01\/1-63.jpg",660,331,false],"kreeti-medium-square":["https:\/\/veritasinfo.org\/wp-content\/uploads\/2026\/01\/1-63.jpg",350,176,false]},"author_info":{"info":["US6"]},"category_info":"<a href=\"https:\/\/veritasinfo.org\/?cat=8\" rel=\"category\">Zgjedhjet parlamentare 2025<\/a>","tag_info":"Zgjedhjet parlamentare 2025","comment_count":"0","_links":{"self":[{"href":"https:\/\/veritasinfo.org\/index.php?rest_route=\/wp\/v2\/posts\/28909","targetHints":{"allow":["GET"]}}],"collection":[{"href":"https:\/\/veritasinfo.org\/index.php?rest_route=\/wp\/v2\/posts"}],"about":[{"href":"https:\/\/veritasinfo.org\/index.php?rest_route=\/wp\/v2\/types\/post"}],"author":[{"embeddable":true,"href":"https:\/\/veritasinfo.org\/index.php?rest_route=\/wp\/v2\/users\/7"}],"replies":[{"embeddable":true,"href":"https:\/\/veritasinfo.org\/index.php?rest_route=%2Fwp%2Fv2%2Fcomments&post=28909"}],"version-history":[{"count":2,"href":"https:\/\/veritasinfo.org\/index.php?rest_route=\/wp\/v2\/posts\/28909\/revisions"}],"predecessor-version":[{"id":28912,"href":"https:\/\/veritasinfo.org\/index.php?rest_route=\/wp\/v2\/posts\/28909\/revisions\/28912"}],"wp:featuredmedia":[{"embeddable":true,"href":"https:\/\/veritasinfo.org\/index.php?rest_route=\/wp\/v2\/media\/28910"}],"wp:attachment":[{"href":"https:\/\/veritasinfo.org\/index.php?rest_route=%2Fwp%2Fv2%2Fmedia&parent=28909"}],"wp:term":[{"taxonomy":"category","embeddable":true,"href":"https:\/\/veritasinfo.org\/index.php?rest_route=%2Fwp%2Fv2%2Fcategories&post=28909"},{"taxonomy":"post_tag","embeddable":true,"href":"https:\/\/veritasinfo.org\/index.php?rest_route=%2Fwp%2Fv2%2Ftags&post=28909"}],"curies":[{"name":"wp","href":"https:\/\/api.w.org\/{rel}","templated":true}]}}