{"id":28894,"date":"2026-01-23T16:02:57","date_gmt":"2026-01-23T15:02:57","guid":{"rendered":"https:\/\/veritasinfo.org\/?p=28894"},"modified":"2026-01-23T16:02:57","modified_gmt":"2026-01-23T15:02:57","slug":"te-larguarit-nga-puna-kontratat-na-jane-nderprere-padrejtesisht-nga-komuna-e-zvecanit","status":"publish","type":"post","link":"https:\/\/veritasinfo.org\/?p=28894","title":{"rendered":"T\u00eb larguarit nga puna: Kontratat na jan\u00eb nd\u00ebrprer\u00eb padrejt\u00ebsisht nga Komuna e Zve\u00e7anit"},"content":{"rendered":"<p>Zve\u00e7an, 23 janar 2026 15:54<\/p>\n<p>Dy ish- zyrtar\u00eb t\u00eb Komun\u00ebs s\u00eb Zve\u00e7anit nga komuniteti shqiptar po pretendojn\u00eb se u \u00ebsht\u00eb nd\u00ebrprer\u00eb marr\u00ebdh\u00ebnia e pun\u00ebs padrejt\u00ebsisht nga ekzekutivi i ri n\u00eb krye me Dragisha Milloviq.N\u00eb korrik t\u00eb vitit t\u00eb kaluar, ata firmos\u00ebn kontat\u00ebn me afat t\u00eb pacaktuar, me akt em\u00ebrimin e ish kryetarit Ilir Peci.Kontrata iu shk\u00ebput me 10 janar t\u00eb k\u00ebtij viti, pas gjasht\u00eb muajsh.<\/p>\n<p>N\u00eb vendimin e siguruar nga KALLXO.com, thuhet se shkarkimi i tyre ka ndodhur p\u00ebr faktin se gjat\u00eb pun\u00ebs provuese nuk kan\u00eb ndjekur trajnimet e detyrueshme, buxheti i komun\u00ebs nuk ka mjete t\u00eb mjaftueshme p\u00ebr asistent administrativ\u00eb dhe nuk ekzsiton raporti p\u00ebr vler\u00ebsimin dhe rezultatet e pun\u00ebs.<\/p>\n<p>Ish-asistenti administrativ n\u00eb kuad\u00ebr t\u00eb Drejtoris\u00eb p\u00ebr Rini, Kultur\u00eb dhe Sport, Vedat Musa s\u00eb bashku me ish kryetarin, nj\u00ebherit asamblist n\u00eb Komun\u00ebn e Zve\u00e7anit, Ilir Peci, paralajm\u00ebrojn\u00eb padi n\u00eb Gjykat\u00eb ndaj pushtetit t\u00eb ri.<\/p>\n<p>Kam mbushur gjasht\u00eb muaj m\u00eb dat\u00ebn 10 janar, kam pritur p\u00ebr nj\u00eb vendim q\u00eb po ma jep po ose jo. N\u00eb fakt, n\u00eb momentin q\u00eb e ka vonuar vendimin un\u00eb e kam menduar at\u00eb pjes\u00eb se do t\u00eb m\u00eb kthehet negativ dhe ashtu m\u00eb ka dal\u00eb, ma ka shk\u00ebput kontrat\u00ebn e pun\u00ebs. Arsyet jan\u00eb skandaloze p\u00ebr shkak se komuna nuk ka buxhet t\u2019i paguaj\u00eb asistent\u00ebt administrativ\u00eb\u201d- tha Musa.<\/p>\n<p>Nd\u00ebrsa sa i p\u00ebrket trajnimeve, Musa thot\u00eb se t\u00eb tilla nuk jan\u00eb thirrur nga komunar\u00ebt, p\u00ebr k\u00ebt\u00eb arsye punojn\u00ebsit nuk i kan\u00eb ndjekur.<\/p>\n<p>Jemi n\u00eb t\u00eb drejt\u00ebn ton\u00eb, s\u2019kemi pasur asnj\u00ebher\u00eb asnj\u00eb v\u00ebrejtje as me shkrim as me goj\u00eb. E di q\u00eb do t\u2019i pres\u00eb i njejti fat (pun\u00ebtor\u00ebt e tjer\u00eb) ndoshta m\u00eb i keq se i joni. E dijm\u00eb se na \u00ebsht\u00eb b\u00ebr\u00eb e pa drejt\u00eb se ata e kan\u00eb p\u00ebr q\u00ebllim me i largu shqiptar\u00ebt prej komun\u00ebs\u201d- potencoi ish zyrtari.<\/p>\n<p>Asamblisti nga rradh\u00ebt e PDK-s\u00eb, nj\u00ebherit ish kryetar i k\u00ebsaj komune, Ilir Peci potencon se zyrtar\u00ebt e shkarkuar nuk jan\u00eb paralajm\u00ebruar 15 dit\u00eb m\u00eb par\u00eb si\u00e7 \u00ebsht\u00eb e parapar\u00eb me ligj.<\/p>\n<p>Nd\u00ebrsa arysetimin e pushtetit t\u00eb ri se nuk kan\u00eb ndjekur trajnimet e detyrueshme, buxheti i Komun\u00ebs nuk ka mjete t\u00eb mjaftueshme p\u00ebr asistent administrativ\u00eb dhe se nuk ekzsiton raporti p\u00ebr vler\u00ebsimin dhe rezultatet e pun\u00ebs, i ka hedhur posht\u00eb Peci.<\/p>\n<p>Vler\u00ebsimi iu \u00ebsht\u00eb b\u00ebr\u00eb n\u00eb koh\u00ebn sa kam qen\u00eb un\u00eb kryetar. Te t\u00eb dy zyrtar\u00ebt vler\u00ebsimi ka q\u00ebn\u00eb pozitiv. N\u00eb pik\u00ebn e dyt\u00eb q\u00eb \u00ebsht\u00eb thirr\u00eb se gjoja nuk ka buxhet komuna, buxhet ka t\u00eb mjaftuesh\u00ebm sepse ty nuk ta pranon Qeveria nj\u00eb konkurs me shpall\u00eb kur nuk ka buxhet t\u00eb mjaftuesh\u00ebm p\u00ebr zyrtar\u00eb\u201d- potencoi ish kryetari.<\/p>\n<p>Vendimin e Komun\u00ebs s\u00eb Zve\u00e7anit p\u00ebr shkarkimin e zyrtar\u00ebve i vler\u00ebson t\u00eb kund\u00ebrligjshme duke potencuar se fati i k\u00ebtyre zyrtar\u00ebve do t\u00eb mbetet n\u00eb duart e Gjykat\u00ebs.<\/p>\n<p>Un\u00eb besoj se \u00ebsht\u00eb shkelje ligjore ndaj t\u00eb drejt\u00ebs s\u00eb zyrtar\u00ebve ku me t\u00eb 10-tin \u00ebsht\u00eb dashur t\u2019u vazhdohet, automatikisht n\u00ebse kryetari nuk ua vazhdon p\u00ebr tre dit\u00eb, automatikisht vet\u00eb u vazhdohet. Ky ka marr\u00eb vendim pas kat\u00ebr dit\u00ebsh, \u00ebsht\u00eb nj\u00eb shkelje e madhe\u201d- theksoi ai.<\/p>\n<p>Kryetar\u00ebt e rinj t\u00eb kat\u00ebr komunave me shumic\u00eb serbe n\u00eb veri t\u00eb Kosov\u00ebs, bashk\u00eb me asamblist\u00ebt e k\u00ebtyre komunave kan\u00eb dh\u00ebn\u00eb betimin m\u00eb 05.12.2025.<\/p>\n<p>N\u00eb krye t\u00eb Zve\u00e7anit q\u00eb drejtohej nga Ilir Peci erdhi Dragisha Milloviq.<\/p>\n<p>Milan Radojeviq ka marr\u00eb udh\u00ebheqjen e Mitrovic\u00ebs s\u00eb Veriut, e cila \u00ebsht\u00eb drejtuar nga Erden Atiq.<\/p>\n<p>Leposaviq ka p\u00ebrfunduar mandatin Lulzim Hetemi dhe e ka marr\u00eb Zoran Todiq.<\/p>\n<p>E n\u00eb Zubin Potok mandatin e kryetarit e mori Millosh Peroviq. Kjo komun\u00eb p\u00ebr rreth tri vjet ishte udh\u00ebhequr nga Izmir Zeqiri.<\/p>\n<p>Betimin si kryetar komune, p\u00ebrve\u00e7 kryetarit t\u00eb Komun\u00ebs s\u00eb Mitrovic\u00ebs s\u00eb Veriut, i cili u betua n\u00eb objektin e Komun\u00ebs, tre kryetar\u00ebt e tjer\u00eb, i Zve\u00e7anit, Zubin Potokut dhe Leposaviqit, nuk u betuan n\u00eb objektet e komunave, por n\u00eb shkolla dhe zyre t\u00eb bashk\u00ebsis\u00eb komunale.<\/p>\n<p>N\u00eb nj\u00eb komunikat\u00eb zyrtare, n\u00eb dit\u00ebn e betimit Policia e Kosov\u00ebs kishte th\u00ebn\u00eb se pes\u00eb polic\u00eb u l\u00ebnduan, kat\u00ebr vetura t\u00eb Policis\u00eb u d\u00ebmtuan, nj\u00ebra prej t\u00eb cilave u dogj.<\/p>\n<p>Nd\u00ebrsa sipas forcave t\u00eb rendit, ishin d\u00ebgjuar edhe t\u00eb sht\u00ebna nga arm\u00eb zjarri.<\/p>\n<p>N\u00eb m\u00ebnyr\u00eb krejt\u00ebsisht t\u00eb pazakont\u00eb, n\u00ebn p\u00ebrcjellje t\u00eb Policis\u00eb e mes tensionesh, kryetar\u00ebt n\u00eb Leposaviq, Zve\u00e7an e Zubin Potok, pasditen e s\u00eb premtes s\u00eb 26 majit 2023 u fut\u00ebn n\u00eb zyrat e pun\u00ebs<\/p>\n<p>M\u00eb 29 maj, n\u00eb or\u00ebt e hershme t\u00eb m\u00ebngjesit, qytetar\u00eb serb\u00eb ishin mbledhur s\u00ebrish pran\u00eb objekteve komunale n\u00eb tre komunat e veriut t\u00eb vendit. Ata do t\u00eb kund\u00ebrshtonin s\u00ebrish futjen e kryetar\u00ebve shqiptar\u00eb n\u00eb objektet e komunave.<\/p>\n<p>N\u00eb veri prezenc\u00ebn e kishte shtuar misioni i NATO-s n\u00eb Kosov\u00eb, KFOR.<\/p>\n<p>Derisa kund\u00ebrshtimi i serb\u00ebve lokal\u00eb vazhdonte n\u00eb veri t\u00eb vendit, ambasador\u00ebt e vendeve europiane dhe ai i SHBA-s\u00eb kishin nisur p\u00ebrpjekjet p\u00ebr ta bindur kryeministrin Kurti q\u00eb veprimet p\u00ebrmes policis\u00eb t\u00eb ndalonin dhe situata t\u00eb qet\u00ebsohej. P\u00ebrpjekjet e nd\u00ebrkomb\u00ebtar\u00ebve nuk pat\u00ebn sukses t\u00eb h\u00ebn\u00ebn.<\/p>\n<p>Gjat\u00eb nj\u00ebjt\u00ebs dit\u00eb kishin ndodhur p\u00ebrplasje mes protestuesve q\u00eb Policia e Kosov\u00ebs i quajti grupe kriminale, dhe ushtar\u00ebve t\u00eb KFOR-it.<\/p>\n<p>P\u00ebr pasoj\u00eb, rreth 30 ushtar\u00eb t\u00eb misionit t\u00eb NATO-s u l\u00ebnduan, n\u00eb mesin e tyre italian\u00eb dhe hungarez\u00eb. M\u00eb von\u00eb, tre nga ushtar\u00ebt u konfirmua se ishin t\u00eb plagosur nga arma e zjarrit.<\/p>\n<p>&nbsp;<\/p>\n<p>&nbsp;<\/p>\n","protected":false},"excerpt":{"rendered":"<p>Zve\u00e7an, 23 janar 2026 15:54 Dy ish- zyrtar\u00eb t\u00eb Komun\u00ebs s\u00eb Zve\u00e7anit nga komuniteti shqiptar po pretendojn\u00eb se u \u00ebsht\u00eb nd\u00ebrprer\u00eb marr\u00ebdh\u00ebnia e pun\u00ebs padrejt\u00ebsisht<\/p>\n","protected":false},"author":7,"featured_media":28895,"comment_status":"open","ping_status":"open","sticky":false,"template":"","format":"standard","meta":{"footnotes":""},"categories":[58],"tags":[],"class_list":["post-28894","post","type-post","status-publish","format-standard","has-post-thumbnail","hentry","category-politike-sq"],"yoast_head":"<!-- This site is optimized with the Yoast SEO plugin v25.3.1 - https:\/\/yoast.com\/wordpress\/plugins\/seo\/ -->\n<title>T\u00eb larguarit nga puna: Kontratat na jan\u00eb nd\u00ebrprer\u00eb padrejt\u00ebsisht nga Komuna e Zve\u00e7anit -<\/title>\n<meta name=\"robots\" content=\"index, follow, max-snippet:-1, max-image-preview:large, max-video-preview:-1\" \/>\n<link rel=\"canonical\" href=\"https:\/\/veritasinfo.org\/?p=28894\" \/>\n<meta property=\"og:locale\" content=\"en_US\" \/>\n<meta property=\"og:type\" content=\"article\" \/>\n<meta property=\"og:title\" content=\"T\u00eb larguarit nga puna: Kontratat na jan\u00eb nd\u00ebrprer\u00eb padrejt\u00ebsisht nga Komuna e Zve\u00e7anit -\" \/>\n<meta property=\"og:description\" content=\"Zve\u00e7an, 23 janar 2026 15:54 Dy ish- zyrtar\u00eb t\u00eb Komun\u00ebs s\u00eb Zve\u00e7anit nga komuniteti shqiptar po pretendojn\u00eb se u \u00ebsht\u00eb nd\u00ebrprer\u00eb marr\u00ebdh\u00ebnia e pun\u00ebs padrejt\u00ebsisht\" \/>\n<meta property=\"og:url\" content=\"https:\/\/veritasinfo.org\/?p=28894\" \/>\n<meta property=\"article:published_time\" content=\"2026-01-23T15:02:57+00:00\" \/>\n<meta property=\"og:image\" content=\"https:\/\/veritasinfo.org\/wp-content\/uploads\/2026\/01\/Komuna-e-Zvecanit-27-maj-2023-1536x1152-1.jpg\" \/>\n\t<meta property=\"og:image:width\" content=\"1536\" \/>\n\t<meta property=\"og:image:height\" content=\"1152\" \/>\n\t<meta property=\"og:image:type\" content=\"image\/jpeg\" \/>\n<meta name=\"author\" content=\"US6\" \/>\n<meta name=\"twitter:card\" content=\"summary_large_image\" \/>\n<meta name=\"twitter:label1\" content=\"Written by\" \/>\n\t<meta name=\"twitter:data1\" content=\"US6\" \/>\n\t<meta name=\"twitter:label2\" content=\"Est. reading time\" \/>\n\t<meta name=\"twitter:data2\" content=\"4 minutes\" \/>\n<script type=\"application\/ld+json\" class=\"yoast-schema-graph\">{\"@context\":\"https:\/\/schema.org\",\"@graph\":[{\"@type\":\"WebPage\",\"@id\":\"https:\/\/veritasinfo.org\/?p=28894\",\"url\":\"https:\/\/veritasinfo.org\/?p=28894\",\"name\":\"T\u00eb larguarit nga puna: Kontratat na jan\u00eb nd\u00ebrprer\u00eb padrejt\u00ebsisht nga Komuna e Zve\u00e7anit -\",\"isPartOf\":{\"@id\":\"https:\/\/veritasinfo.org\/#website\"},\"primaryImageOfPage\":{\"@id\":\"https:\/\/veritasinfo.org\/?p=28894#primaryimage\"},\"image\":{\"@id\":\"https:\/\/veritasinfo.org\/?p=28894#primaryimage\"},\"thumbnailUrl\":\"https:\/\/veritasinfo.org\/wp-content\/uploads\/2026\/01\/Komuna-e-Zvecanit-27-maj-2023-1536x1152-1.jpg\",\"datePublished\":\"2026-01-23T15:02:57+00:00\",\"author\":{\"@id\":\"https:\/\/veritasinfo.org\/#\/schema\/person\/fe199eede04c3937362892b7444747cc\"},\"breadcrumb\":{\"@id\":\"https:\/\/veritasinfo.org\/?p=28894#breadcrumb\"},\"inLanguage\":\"en-US\",\"potentialAction\":[{\"@type\":\"ReadAction\",\"target\":[\"https:\/\/veritasinfo.org\/?p=28894\"]}]},{\"@type\":\"ImageObject\",\"inLanguage\":\"en-US\",\"@id\":\"https:\/\/veritasinfo.org\/?p=28894#primaryimage\",\"url\":\"https:\/\/veritasinfo.org\/wp-content\/uploads\/2026\/01\/Komuna-e-Zvecanit-27-maj-2023-1536x1152-1.jpg\",\"contentUrl\":\"https:\/\/veritasinfo.org\/wp-content\/uploads\/2026\/01\/Komuna-e-Zvecanit-27-maj-2023-1536x1152-1.jpg\",\"width\":1536,\"height\":1152},{\"@type\":\"BreadcrumbList\",\"@id\":\"https:\/\/veritasinfo.org\/?p=28894#breadcrumb\",\"itemListElement\":[{\"@type\":\"ListItem\",\"position\":1,\"name\":\"Home\",\"item\":\"https:\/\/veritasinfo.org\/\"},{\"@type\":\"ListItem\",\"position\":2,\"name\":\"T\u00eb larguarit nga puna: Kontratat na jan\u00eb nd\u00ebrprer\u00eb padrejt\u00ebsisht nga Komuna e Zve\u00e7anit\"}]},{\"@type\":\"WebSite\",\"@id\":\"https:\/\/veritasinfo.org\/#website\",\"url\":\"https:\/\/veritasinfo.org\/\",\"name\":\"\",\"description\":\"\",\"potentialAction\":[{\"@type\":\"SearchAction\",\"target\":{\"@type\":\"EntryPoint\",\"urlTemplate\":\"https:\/\/veritasinfo.org\/?s={search_term_string}\"},\"query-input\":{\"@type\":\"PropertyValueSpecification\",\"valueRequired\":true,\"valueName\":\"search_term_string\"}}],\"inLanguage\":\"en-US\"},{\"@type\":\"Person\",\"@id\":\"https:\/\/veritasinfo.org\/#\/schema\/person\/fe199eede04c3937362892b7444747cc\",\"name\":\"US6\",\"image\":{\"@type\":\"ImageObject\",\"inLanguage\":\"en-US\",\"@id\":\"https:\/\/veritasinfo.org\/#\/schema\/person\/image\/\",\"url\":\"https:\/\/secure.gravatar.com\/avatar\/cb16c3c31c9d23b9b8c705964598220b3014e42ff51eb540ff23cefa3ae8c15f?s=96&d=mm&r=g\",\"contentUrl\":\"https:\/\/secure.gravatar.com\/avatar\/cb16c3c31c9d23b9b8c705964598220b3014e42ff51eb540ff23cefa3ae8c15f?s=96&d=mm&r=g\",\"caption\":\"US6\"},\"url\":\"https:\/\/veritasinfo.org\/?author=7\"}]}<\/script>\n<!-- \/ Yoast SEO plugin. -->","yoast_head_json":{"title":"T\u00eb larguarit nga puna: Kontratat na jan\u00eb nd\u00ebrprer\u00eb padrejt\u00ebsisht nga Komuna e Zve\u00e7anit -","robots":{"index":"index","follow":"follow","max-snippet":"max-snippet:-1","max-image-preview":"max-image-preview:large","max-video-preview":"max-video-preview:-1"},"canonical":"https:\/\/veritasinfo.org\/?p=28894","og_locale":"en_US","og_type":"article","og_title":"T\u00eb larguarit nga puna: Kontratat na jan\u00eb nd\u00ebrprer\u00eb padrejt\u00ebsisht nga Komuna e Zve\u00e7anit -","og_description":"Zve\u00e7an, 23 janar 2026 15:54 Dy ish- zyrtar\u00eb t\u00eb Komun\u00ebs s\u00eb Zve\u00e7anit nga komuniteti shqiptar po pretendojn\u00eb se u \u00ebsht\u00eb nd\u00ebrprer\u00eb marr\u00ebdh\u00ebnia e pun\u00ebs padrejt\u00ebsisht","og_url":"https:\/\/veritasinfo.org\/?p=28894","article_published_time":"2026-01-23T15:02:57+00:00","og_image":[{"width":1536,"height":1152,"url":"https:\/\/veritasinfo.org\/wp-content\/uploads\/2026\/01\/Komuna-e-Zvecanit-27-maj-2023-1536x1152-1.jpg","type":"image\/jpeg"}],"author":"US6","twitter_card":"summary_large_image","twitter_misc":{"Written by":"US6","Est. reading time":"4 minutes"},"schema":{"@context":"https:\/\/schema.org","@graph":[{"@type":"WebPage","@id":"https:\/\/veritasinfo.org\/?p=28894","url":"https:\/\/veritasinfo.org\/?p=28894","name":"T\u00eb larguarit nga puna: Kontratat na jan\u00eb nd\u00ebrprer\u00eb padrejt\u00ebsisht nga Komuna e Zve\u00e7anit -","isPartOf":{"@id":"https:\/\/veritasinfo.org\/#website"},"primaryImageOfPage":{"@id":"https:\/\/veritasinfo.org\/?p=28894#primaryimage"},"image":{"@id":"https:\/\/veritasinfo.org\/?p=28894#primaryimage"},"thumbnailUrl":"https:\/\/veritasinfo.org\/wp-content\/uploads\/2026\/01\/Komuna-e-Zvecanit-27-maj-2023-1536x1152-1.jpg","datePublished":"2026-01-23T15:02:57+00:00","author":{"@id":"https:\/\/veritasinfo.org\/#\/schema\/person\/fe199eede04c3937362892b7444747cc"},"breadcrumb":{"@id":"https:\/\/veritasinfo.org\/?p=28894#breadcrumb"},"inLanguage":"en-US","potentialAction":[{"@type":"ReadAction","target":["https:\/\/veritasinfo.org\/?p=28894"]}]},{"@type":"ImageObject","inLanguage":"en-US","@id":"https:\/\/veritasinfo.org\/?p=28894#primaryimage","url":"https:\/\/veritasinfo.org\/wp-content\/uploads\/2026\/01\/Komuna-e-Zvecanit-27-maj-2023-1536x1152-1.jpg","contentUrl":"https:\/\/veritasinfo.org\/wp-content\/uploads\/2026\/01\/Komuna-e-Zvecanit-27-maj-2023-1536x1152-1.jpg","width":1536,"height":1152},{"@type":"BreadcrumbList","@id":"https:\/\/veritasinfo.org\/?p=28894#breadcrumb","itemListElement":[{"@type":"ListItem","position":1,"name":"Home","item":"https:\/\/veritasinfo.org\/"},{"@type":"ListItem","position":2,"name":"T\u00eb larguarit nga puna: Kontratat na jan\u00eb nd\u00ebrprer\u00eb padrejt\u00ebsisht nga Komuna e Zve\u00e7anit"}]},{"@type":"WebSite","@id":"https:\/\/veritasinfo.org\/#website","url":"https:\/\/veritasinfo.org\/","name":"","description":"","potentialAction":[{"@type":"SearchAction","target":{"@type":"EntryPoint","urlTemplate":"https:\/\/veritasinfo.org\/?s={search_term_string}"},"query-input":{"@type":"PropertyValueSpecification","valueRequired":true,"valueName":"search_term_string"}}],"inLanguage":"en-US"},{"@type":"Person","@id":"https:\/\/veritasinfo.org\/#\/schema\/person\/fe199eede04c3937362892b7444747cc","name":"US6","image":{"@type":"ImageObject","inLanguage":"en-US","@id":"https:\/\/veritasinfo.org\/#\/schema\/person\/image\/","url":"https:\/\/secure.gravatar.com\/avatar\/cb16c3c31c9d23b9b8c705964598220b3014e42ff51eb540ff23cefa3ae8c15f?s=96&d=mm&r=g","contentUrl":"https:\/\/secure.gravatar.com\/avatar\/cb16c3c31c9d23b9b8c705964598220b3014e42ff51eb540ff23cefa3ae8c15f?s=96&d=mm&r=g","caption":"US6"},"url":"https:\/\/veritasinfo.org\/?author=7"}]}},"featured_image_urls":{"full":["https:\/\/veritasinfo.org\/wp-content\/uploads\/2026\/01\/Komuna-e-Zvecanit-27-maj-2023-1536x1152-1.jpg",1536,1152,false],"thumbnail":["https:\/\/veritasinfo.org\/wp-content\/uploads\/2026\/01\/Komuna-e-Zvecanit-27-maj-2023-1536x1152-1-150x150.jpg",150,150,true],"medium":["https:\/\/veritasinfo.org\/wp-content\/uploads\/2026\/01\/Komuna-e-Zvecanit-27-maj-2023-1536x1152-1-300x225.jpg",300,225,true],"medium_large":["https:\/\/veritasinfo.org\/wp-content\/uploads\/2026\/01\/Komuna-e-Zvecanit-27-maj-2023-1536x1152-1-768x576.jpg",640,480,true],"large":["https:\/\/veritasinfo.org\/wp-content\/uploads\/2026\/01\/Komuna-e-Zvecanit-27-maj-2023-1536x1152-1-1024x768.jpg",640,480,true],"1536x1536":["https:\/\/veritasinfo.org\/wp-content\/uploads\/2026\/01\/Komuna-e-Zvecanit-27-maj-2023-1536x1152-1.jpg",1536,1152,false],"2048x2048":["https:\/\/veritasinfo.org\/wp-content\/uploads\/2026\/01\/Komuna-e-Zvecanit-27-maj-2023-1536x1152-1.jpg",1536,1152,false],"kreeti-slider-full":["https:\/\/veritasinfo.org\/wp-content\/uploads\/2026\/01\/Komuna-e-Zvecanit-27-maj-2023-1536x1152-1.jpg",960,720,false],"kreeti-featured":["https:\/\/veritasinfo.org\/wp-content\/uploads\/2026\/01\/Komuna-e-Zvecanit-27-maj-2023-1536x1152-1.jpg",1024,768,false],"kreeti-medium":["https:\/\/veritasinfo.org\/wp-content\/uploads\/2026\/01\/Komuna-e-Zvecanit-27-maj-2023-1536x1152-1.jpg",707,530,false],"kreeti-medium-square":["https:\/\/veritasinfo.org\/wp-content\/uploads\/2026\/01\/Komuna-e-Zvecanit-27-maj-2023-1536x1152-1.jpg",350,263,false]},"author_info":{"info":["US6"]},"category_info":"<a href=\"https:\/\/veritasinfo.org\/?cat=58\" rel=\"category\">Politik\u00eb<\/a>","tag_info":"Politik\u00eb","comment_count":"0","_links":{"self":[{"href":"https:\/\/veritasinfo.org\/index.php?rest_route=\/wp\/v2\/posts\/28894","targetHints":{"allow":["GET"]}}],"collection":[{"href":"https:\/\/veritasinfo.org\/index.php?rest_route=\/wp\/v2\/posts"}],"about":[{"href":"https:\/\/veritasinfo.org\/index.php?rest_route=\/wp\/v2\/types\/post"}],"author":[{"embeddable":true,"href":"https:\/\/veritasinfo.org\/index.php?rest_route=\/wp\/v2\/users\/7"}],"replies":[{"embeddable":true,"href":"https:\/\/veritasinfo.org\/index.php?rest_route=%2Fwp%2Fv2%2Fcomments&post=28894"}],"version-history":[{"count":1,"href":"https:\/\/veritasinfo.org\/index.php?rest_route=\/wp\/v2\/posts\/28894\/revisions"}],"predecessor-version":[{"id":28896,"href":"https:\/\/veritasinfo.org\/index.php?rest_route=\/wp\/v2\/posts\/28894\/revisions\/28896"}],"wp:featuredmedia":[{"embeddable":true,"href":"https:\/\/veritasinfo.org\/index.php?rest_route=\/wp\/v2\/media\/28895"}],"wp:attachment":[{"href":"https:\/\/veritasinfo.org\/index.php?rest_route=%2Fwp%2Fv2%2Fmedia&parent=28894"}],"wp:term":[{"taxonomy":"category","embeddable":true,"href":"https:\/\/veritasinfo.org\/index.php?rest_route=%2Fwp%2Fv2%2Fcategories&post=28894"},{"taxonomy":"post_tag","embeddable":true,"href":"https:\/\/veritasinfo.org\/index.php?rest_route=%2Fwp%2Fv2%2Ftags&post=28894"}],"curies":[{"name":"wp","href":"https:\/\/api.w.org\/{rel}","templated":true}]}}