{"id":28873,"date":"2026-01-23T14:04:21","date_gmt":"2026-01-23T13:04:21","guid":{"rendered":"https:\/\/veritasinfo.org\/?p=28873"},"modified":"2026-01-23T14:05:20","modified_gmt":"2026-01-23T13:05:20","slug":"takimi-ne-bruksel-mes-kosoves-dhe-serbise-be-jep-detaje","status":"publish","type":"post","link":"https:\/\/veritasinfo.org\/?p=28873","title":{"rendered":"Takimi n\u00eb Bruksel mes Kosov\u00ebs dhe Serbis\u00eb, BE jep detaje"},"content":{"rendered":"<p>Prishtin\u00eb 23 janar 2026<br \/>\nKryenegociator\u00ebt e Kosov\u00ebs dhe Serbis\u00eb, s\u00eb bashku me P\u00ebrfaq\u00ebsuesin Special t\u00eb Bashkimit Evropian (EUSR), jan\u00eb takuar t\u00eb enjten p\u00ebr her\u00eb t\u00eb par\u00eb n\u00eb nj\u00eb format trepal\u00ebsh, n\u00eb kuad\u00ebr t\u00eb Komisionit t\u00eb P\u00ebrbashk\u00ebt p\u00ebr Personat e Zhdukur.<\/p>\n<p>Lajmi \u00ebsht\u00eb b\u00ebr\u00eb i ditur p\u00ebrmes faqes zyrtare t\u00eb BE-s\u00eb.<\/p>\n<p>Sipas k\u00ebtij njoftimi, krijimi i Komisionit t\u00eb P\u00ebrbashk\u00ebt ishte dakorduar nga kryeministri i Kosov\u00ebs dhe presidenti i Serbis\u00eb n\u00eb Deklarat\u00ebn p\u00ebr Personat e Zhdukur, m\u00eb 2 maj 2023, gjat\u00eb nj\u00eb takimi t\u00eb nivelit t\u00eb lart\u00eb t\u00eb leht\u00ebsuar nga P\u00ebrfaq\u00ebsuesja e Lart\u00eb\/Z\u00ebvend\u00ebspresidentja e BE-s\u00eb.<\/p>\n<p>\u201cObjektivi i Komisionit t\u00eb p\u00ebrbashk\u00ebt \u00ebsht\u00eb t\u00eb mbik\u00ebqyr\u00eb zbatimin e Deklarat\u00ebs p\u00ebr Personat e Zhdukur, e cila synon t\u00eb kontribuoj\u00eb n\u00eb zbardhjen e fatit t\u00eb personave t\u00eb zhdukur, p\u00ebrfshir\u00eb personat e zhdukur me forc\u00eb, t\u00eb siguroj\u00eb mbyllje t\u00eb \u00e7\u00ebshtjes p\u00ebr familjet e tyre dhe t\u00eb nxis\u00eb pajtimin dhe paqen e q\u00ebndrueshme\u201d, thuhet n\u00eb njoftimin e tyre.<\/p>\n<p>N\u00eb p\u00ebrputhje me Termat e Referenc\u00ebs t\u00eb dakorduara, Komisioni do t\u00eb mb\u00ebshtes\u00eb p\u00ebrpjekjet e Grupit t\u00eb Pun\u00ebs p\u00ebr Personat e Zhdukur, t\u00eb kryesuar nga Komiteti Nd\u00ebrkomb\u00ebtar i Kryqit t\u00eb Kuq (KNKK), duke leht\u00ebsuar aktivitetet zbatuese t\u00eb pal\u00ebve, zgjidhjen e mosmarr\u00ebveshjeve dhe shqyrtimin e progresit.<\/p>\n<p>Tutje b\u00ebhet e ditur se leht\u00ebsuesi i BE-s\u00eb, Kosova, Serbia ose KNKK-ja mund t\u2019i referojn\u00eb Komisionit t\u00eb P\u00ebrbashk\u00ebt \u00e7do \u00e7\u00ebshtje q\u00eb lidhet me zbatimin, zbatimin dhe interpretimin e Deklarat\u00ebs p\u00ebr Personat e Zhdukur, si dhe \u00e7do \u00e7\u00ebshtje t\u00eb diskutueshme q\u00eb lind brenda Grupit Punues t\u00eb kryesuar nga KNKK-ja, duke p\u00ebrfshir\u00eb \u00e7\u00ebshtjen e rishikimit dhe p\u00ebrdit\u00ebsimit t\u00eb Termave t\u00eb Referenc\u00ebs dhe Korniz\u00ebs s\u00eb P\u00ebrgjithshme t\u00eb Grupit Punues t\u00eb kryesuar nga KNKK-ja p\u00ebr Personat e Zhdukur, n\u00ebse ky i fundit nuk arrin t\u00eb arrij\u00eb konsensus p\u00ebr k\u00ebt\u00eb \u00e7\u00ebshtje.<\/p>\n<p>\u201cKomisioni i P\u00ebrbashk\u00ebt do t\u00eb diskutoj\u00eb \u00e7\u00ebshtjet brenda mandatit t\u00eb tij sipas Termave t\u00eb Referenc\u00ebs t\u00eb dakorduara. \u00c7do vendim mbi \u00e7\u00ebshtjet e diskutueshme t\u00eb referuara Komisionit t\u00eb P\u00ebrbashk\u00ebt nga Grupi Punues i kryesuar nga KNKK-ja do t\u2019i referohet Grupit Punues t\u00eb kryesuar nga KNKK-ja p\u00ebr miratim dhe zbatim. BE-ja pret shum\u00eb q\u00eb Komisioni i P\u00ebrbashk\u00ebt t\u00eb jap\u00eb nj\u00eb kontribut t\u00eb r\u00ebnd\u00ebsish\u00ebm n\u00eb sqarimin e fatit t\u00eb t\u00eb zhdukurve dhe n\u00eb ndihm\u00ebn p\u00ebr mbylljen e nj\u00eb kapitulli t\u00eb dhimbsh\u00ebm p\u00ebr familjet, t\u00eb cilat kan\u00eb pritur shum\u00eb gjat\u00eb p\u00ebr p\u00ebrgjigje\u201d.<\/p>\n<p>Ndryshe, m\u00eb 17 dhjetor 2024, kryenegociator\u00ebt e Kosov\u00ebs dhe Serbis\u00eb ran\u00eb dakord n\u00eb Bruksel mbi Termat e Referenc\u00ebs p\u00ebr Komisionin e P\u00ebrbashk\u00ebt p\u00ebr Personat e Zhdukur q\u00eb do t\u00eb krijohet sipas Deklarat\u00ebs p\u00ebr Personat e Zhdukur t\u00eb dakord\u00ebsuar nga Presidenti Aleksandar Vu\u00e7i\u00e7 i Serbis\u00eb dhe Kryeministri Albin Kurti i Kosov\u00ebs m\u00eb 2 maj 2023.<\/p>\n","protected":false},"excerpt":{"rendered":"<p>Prishtin\u00eb 23 janar 2026 Kryenegociator\u00ebt e Kosov\u00ebs dhe Serbis\u00eb, s\u00eb bashku me P\u00ebrfaq\u00ebsuesin Special t\u00eb Bashkimit Evropian (EUSR), jan\u00eb takuar t\u00eb enjten p\u00ebr her\u00eb t\u00eb<\/p>\n","protected":false},"author":6,"featured_media":28874,"comment_status":"open","ping_status":"open","sticky":false,"template":"","format":"standard","meta":{"footnotes":""},"categories":[58],"tags":[],"class_list":["post-28873","post","type-post","status-publish","format-standard","has-post-thumbnail","hentry","category-politike-sq"],"yoast_head":"<!-- This site is optimized with the Yoast SEO plugin v25.3.1 - https:\/\/yoast.com\/wordpress\/plugins\/seo\/ -->\n<title>Takimi n\u00eb Bruksel mes Kosov\u00ebs dhe Serbis\u00eb, BE jep detaje -<\/title>\n<meta name=\"robots\" content=\"index, follow, max-snippet:-1, max-image-preview:large, max-video-preview:-1\" \/>\n<link rel=\"canonical\" href=\"https:\/\/veritasinfo.org\/?p=28873\" \/>\n<meta property=\"og:locale\" content=\"en_US\" \/>\n<meta property=\"og:type\" content=\"article\" \/>\n<meta property=\"og:title\" content=\"Takimi n\u00eb Bruksel mes Kosov\u00ebs dhe Serbis\u00eb, BE jep detaje -\" \/>\n<meta property=\"og:description\" content=\"Prishtin\u00eb 23 janar 2026 Kryenegociator\u00ebt e Kosov\u00ebs dhe Serbis\u00eb, s\u00eb bashku me P\u00ebrfaq\u00ebsuesin Special t\u00eb Bashkimit Evropian (EUSR), jan\u00eb takuar t\u00eb enjten p\u00ebr her\u00eb t\u00eb\" \/>\n<meta property=\"og:url\" content=\"https:\/\/veritasinfo.org\/?p=28873\" \/>\n<meta property=\"article:published_time\" content=\"2026-01-23T13:04:21+00:00\" \/>\n<meta property=\"article:modified_time\" content=\"2026-01-23T13:05:20+00:00\" \/>\n<meta property=\"og:image\" content=\"https:\/\/veritasinfo.org\/wp-content\/uploads\/2026\/01\/IMG-20260123-WA0001.jpg\" \/>\n\t<meta property=\"og:image:width\" content=\"750\" \/>\n\t<meta property=\"og:image:height\" content=\"375\" \/>\n\t<meta property=\"og:image:type\" content=\"image\/jpeg\" \/>\n<meta name=\"author\" content=\"US5\" \/>\n<meta name=\"twitter:card\" content=\"summary_large_image\" \/>\n<meta name=\"twitter:label1\" content=\"Written by\" \/>\n\t<meta name=\"twitter:data1\" content=\"US5\" \/>\n\t<meta name=\"twitter:label2\" content=\"Est. reading time\" \/>\n\t<meta name=\"twitter:data2\" content=\"3 minutes\" \/>\n<script type=\"application\/ld+json\" class=\"yoast-schema-graph\">{\"@context\":\"https:\/\/schema.org\",\"@graph\":[{\"@type\":\"WebPage\",\"@id\":\"https:\/\/veritasinfo.org\/?p=28873\",\"url\":\"https:\/\/veritasinfo.org\/?p=28873\",\"name\":\"Takimi n\u00eb Bruksel mes Kosov\u00ebs dhe Serbis\u00eb, BE jep detaje -\",\"isPartOf\":{\"@id\":\"https:\/\/veritasinfo.org\/#website\"},\"primaryImageOfPage\":{\"@id\":\"https:\/\/veritasinfo.org\/?p=28873#primaryimage\"},\"image\":{\"@id\":\"https:\/\/veritasinfo.org\/?p=28873#primaryimage\"},\"thumbnailUrl\":\"https:\/\/veritasinfo.org\/wp-content\/uploads\/2026\/01\/IMG-20260123-WA0001.jpg\",\"datePublished\":\"2026-01-23T13:04:21+00:00\",\"dateModified\":\"2026-01-23T13:05:20+00:00\",\"author\":{\"@id\":\"https:\/\/veritasinfo.org\/#\/schema\/person\/bc442336e35414d04494ab8fb45db4c6\"},\"breadcrumb\":{\"@id\":\"https:\/\/veritasinfo.org\/?p=28873#breadcrumb\"},\"inLanguage\":\"en-US\",\"potentialAction\":[{\"@type\":\"ReadAction\",\"target\":[\"https:\/\/veritasinfo.org\/?p=28873\"]}]},{\"@type\":\"ImageObject\",\"inLanguage\":\"en-US\",\"@id\":\"https:\/\/veritasinfo.org\/?p=28873#primaryimage\",\"url\":\"https:\/\/veritasinfo.org\/wp-content\/uploads\/2026\/01\/IMG-20260123-WA0001.jpg\",\"contentUrl\":\"https:\/\/veritasinfo.org\/wp-content\/uploads\/2026\/01\/IMG-20260123-WA0001.jpg\",\"width\":750,\"height\":375},{\"@type\":\"BreadcrumbList\",\"@id\":\"https:\/\/veritasinfo.org\/?p=28873#breadcrumb\",\"itemListElement\":[{\"@type\":\"ListItem\",\"position\":1,\"name\":\"Home\",\"item\":\"https:\/\/veritasinfo.org\/\"},{\"@type\":\"ListItem\",\"position\":2,\"name\":\"Takimi n\u00eb Bruksel mes Kosov\u00ebs dhe Serbis\u00eb, BE jep detaje\"}]},{\"@type\":\"WebSite\",\"@id\":\"https:\/\/veritasinfo.org\/#website\",\"url\":\"https:\/\/veritasinfo.org\/\",\"name\":\"\",\"description\":\"\",\"potentialAction\":[{\"@type\":\"SearchAction\",\"target\":{\"@type\":\"EntryPoint\",\"urlTemplate\":\"https:\/\/veritasinfo.org\/?s={search_term_string}\"},\"query-input\":{\"@type\":\"PropertyValueSpecification\",\"valueRequired\":true,\"valueName\":\"search_term_string\"}}],\"inLanguage\":\"en-US\"},{\"@type\":\"Person\",\"@id\":\"https:\/\/veritasinfo.org\/#\/schema\/person\/bc442336e35414d04494ab8fb45db4c6\",\"name\":\"US5\",\"image\":{\"@type\":\"ImageObject\",\"inLanguage\":\"en-US\",\"@id\":\"https:\/\/veritasinfo.org\/#\/schema\/person\/image\/\",\"url\":\"https:\/\/secure.gravatar.com\/avatar\/16a61e7272a0c5d001121ebb9e60e925d5816e4ac1e443ed3e640d9a6ae55d0c?s=96&d=mm&r=g\",\"contentUrl\":\"https:\/\/secure.gravatar.com\/avatar\/16a61e7272a0c5d001121ebb9e60e925d5816e4ac1e443ed3e640d9a6ae55d0c?s=96&d=mm&r=g\",\"caption\":\"US5\"},\"url\":\"https:\/\/veritasinfo.org\/?author=6\"}]}<\/script>\n<!-- \/ Yoast SEO plugin. -->","yoast_head_json":{"title":"Takimi n\u00eb Bruksel mes Kosov\u00ebs dhe Serbis\u00eb, BE jep detaje -","robots":{"index":"index","follow":"follow","max-snippet":"max-snippet:-1","max-image-preview":"max-image-preview:large","max-video-preview":"max-video-preview:-1"},"canonical":"https:\/\/veritasinfo.org\/?p=28873","og_locale":"en_US","og_type":"article","og_title":"Takimi n\u00eb Bruksel mes Kosov\u00ebs dhe Serbis\u00eb, BE jep detaje -","og_description":"Prishtin\u00eb 23 janar 2026 Kryenegociator\u00ebt e Kosov\u00ebs dhe Serbis\u00eb, s\u00eb bashku me P\u00ebrfaq\u00ebsuesin Special t\u00eb Bashkimit Evropian (EUSR), jan\u00eb takuar t\u00eb enjten p\u00ebr her\u00eb t\u00eb","og_url":"https:\/\/veritasinfo.org\/?p=28873","article_published_time":"2026-01-23T13:04:21+00:00","article_modified_time":"2026-01-23T13:05:20+00:00","og_image":[{"width":750,"height":375,"url":"https:\/\/veritasinfo.org\/wp-content\/uploads\/2026\/01\/IMG-20260123-WA0001.jpg","type":"image\/jpeg"}],"author":"US5","twitter_card":"summary_large_image","twitter_misc":{"Written by":"US5","Est. reading time":"3 minutes"},"schema":{"@context":"https:\/\/schema.org","@graph":[{"@type":"WebPage","@id":"https:\/\/veritasinfo.org\/?p=28873","url":"https:\/\/veritasinfo.org\/?p=28873","name":"Takimi n\u00eb Bruksel mes Kosov\u00ebs dhe Serbis\u00eb, BE jep detaje -","isPartOf":{"@id":"https:\/\/veritasinfo.org\/#website"},"primaryImageOfPage":{"@id":"https:\/\/veritasinfo.org\/?p=28873#primaryimage"},"image":{"@id":"https:\/\/veritasinfo.org\/?p=28873#primaryimage"},"thumbnailUrl":"https:\/\/veritasinfo.org\/wp-content\/uploads\/2026\/01\/IMG-20260123-WA0001.jpg","datePublished":"2026-01-23T13:04:21+00:00","dateModified":"2026-01-23T13:05:20+00:00","author":{"@id":"https:\/\/veritasinfo.org\/#\/schema\/person\/bc442336e35414d04494ab8fb45db4c6"},"breadcrumb":{"@id":"https:\/\/veritasinfo.org\/?p=28873#breadcrumb"},"inLanguage":"en-US","potentialAction":[{"@type":"ReadAction","target":["https:\/\/veritasinfo.org\/?p=28873"]}]},{"@type":"ImageObject","inLanguage":"en-US","@id":"https:\/\/veritasinfo.org\/?p=28873#primaryimage","url":"https:\/\/veritasinfo.org\/wp-content\/uploads\/2026\/01\/IMG-20260123-WA0001.jpg","contentUrl":"https:\/\/veritasinfo.org\/wp-content\/uploads\/2026\/01\/IMG-20260123-WA0001.jpg","width":750,"height":375},{"@type":"BreadcrumbList","@id":"https:\/\/veritasinfo.org\/?p=28873#breadcrumb","itemListElement":[{"@type":"ListItem","position":1,"name":"Home","item":"https:\/\/veritasinfo.org\/"},{"@type":"ListItem","position":2,"name":"Takimi n\u00eb Bruksel mes Kosov\u00ebs dhe Serbis\u00eb, BE jep detaje"}]},{"@type":"WebSite","@id":"https:\/\/veritasinfo.org\/#website","url":"https:\/\/veritasinfo.org\/","name":"","description":"","potentialAction":[{"@type":"SearchAction","target":{"@type":"EntryPoint","urlTemplate":"https:\/\/veritasinfo.org\/?s={search_term_string}"},"query-input":{"@type":"PropertyValueSpecification","valueRequired":true,"valueName":"search_term_string"}}],"inLanguage":"en-US"},{"@type":"Person","@id":"https:\/\/veritasinfo.org\/#\/schema\/person\/bc442336e35414d04494ab8fb45db4c6","name":"US5","image":{"@type":"ImageObject","inLanguage":"en-US","@id":"https:\/\/veritasinfo.org\/#\/schema\/person\/image\/","url":"https:\/\/secure.gravatar.com\/avatar\/16a61e7272a0c5d001121ebb9e60e925d5816e4ac1e443ed3e640d9a6ae55d0c?s=96&d=mm&r=g","contentUrl":"https:\/\/secure.gravatar.com\/avatar\/16a61e7272a0c5d001121ebb9e60e925d5816e4ac1e443ed3e640d9a6ae55d0c?s=96&d=mm&r=g","caption":"US5"},"url":"https:\/\/veritasinfo.org\/?author=6"}]}},"featured_image_urls":{"full":["https:\/\/veritasinfo.org\/wp-content\/uploads\/2026\/01\/IMG-20260123-WA0001.jpg",750,375,false],"thumbnail":["https:\/\/veritasinfo.org\/wp-content\/uploads\/2026\/01\/IMG-20260123-WA0001-150x150.jpg",150,150,true],"medium":["https:\/\/veritasinfo.org\/wp-content\/uploads\/2026\/01\/IMG-20260123-WA0001-300x150.jpg",300,150,true],"medium_large":["https:\/\/veritasinfo.org\/wp-content\/uploads\/2026\/01\/IMG-20260123-WA0001.jpg",640,320,false],"large":["https:\/\/veritasinfo.org\/wp-content\/uploads\/2026\/01\/IMG-20260123-WA0001.jpg",640,320,false],"1536x1536":["https:\/\/veritasinfo.org\/wp-content\/uploads\/2026\/01\/IMG-20260123-WA0001.jpg",750,375,false],"2048x2048":["https:\/\/veritasinfo.org\/wp-content\/uploads\/2026\/01\/IMG-20260123-WA0001.jpg",750,375,false],"kreeti-slider-full":["https:\/\/veritasinfo.org\/wp-content\/uploads\/2026\/01\/IMG-20260123-WA0001.jpg",750,375,false],"kreeti-featured":["https:\/\/veritasinfo.org\/wp-content\/uploads\/2026\/01\/IMG-20260123-WA0001.jpg",750,375,false],"kreeti-medium":["https:\/\/veritasinfo.org\/wp-content\/uploads\/2026\/01\/IMG-20260123-WA0001.jpg",720,360,false],"kreeti-medium-square":["https:\/\/veritasinfo.org\/wp-content\/uploads\/2026\/01\/IMG-20260123-WA0001.jpg",350,175,false]},"author_info":{"info":["US5"]},"category_info":"<a href=\"https:\/\/veritasinfo.org\/?cat=58\" rel=\"category\">Politik\u00eb<\/a>","tag_info":"Politik\u00eb","comment_count":"0","_links":{"self":[{"href":"https:\/\/veritasinfo.org\/index.php?rest_route=\/wp\/v2\/posts\/28873","targetHints":{"allow":["GET"]}}],"collection":[{"href":"https:\/\/veritasinfo.org\/index.php?rest_route=\/wp\/v2\/posts"}],"about":[{"href":"https:\/\/veritasinfo.org\/index.php?rest_route=\/wp\/v2\/types\/post"}],"author":[{"embeddable":true,"href":"https:\/\/veritasinfo.org\/index.php?rest_route=\/wp\/v2\/users\/6"}],"replies":[{"embeddable":true,"href":"https:\/\/veritasinfo.org\/index.php?rest_route=%2Fwp%2Fv2%2Fcomments&post=28873"}],"version-history":[{"count":2,"href":"https:\/\/veritasinfo.org\/index.php?rest_route=\/wp\/v2\/posts\/28873\/revisions"}],"predecessor-version":[{"id":28876,"href":"https:\/\/veritasinfo.org\/index.php?rest_route=\/wp\/v2\/posts\/28873\/revisions\/28876"}],"wp:featuredmedia":[{"embeddable":true,"href":"https:\/\/veritasinfo.org\/index.php?rest_route=\/wp\/v2\/media\/28874"}],"wp:attachment":[{"href":"https:\/\/veritasinfo.org\/index.php?rest_route=%2Fwp%2Fv2%2Fmedia&parent=28873"}],"wp:term":[{"taxonomy":"category","embeddable":true,"href":"https:\/\/veritasinfo.org\/index.php?rest_route=%2Fwp%2Fv2%2Fcategories&post=28873"},{"taxonomy":"post_tag","embeddable":true,"href":"https:\/\/veritasinfo.org\/index.php?rest_route=%2Fwp%2Fv2%2Ftags&post=28873"}],"curies":[{"name":"wp","href":"https:\/\/api.w.org\/{rel}","templated":true}]}}