{"id":28858,"date":"2026-01-23T11:25:49","date_gmt":"2026-01-23T10:25:49","guid":{"rendered":"https:\/\/veritasinfo.org\/?p=28858"},"modified":"2026-01-23T11:25:49","modified_gmt":"2026-01-23T10:25:49","slug":"kurti-per-shtepine-e-kosoves-ne-davos-prezantojme-kulturen-identitetin-se-kush-jemi-por-edhe-mundesite-per-investime","status":"publish","type":"post","link":"https:\/\/veritasinfo.org\/?p=28858","title":{"rendered":"Kurti p\u00ebr \u201cSht\u00ebpin\u00eb e Kosov\u00ebs\u201d n\u00eb Davos: Prezantojm\u00eb kultur\u00ebn, identitetin se kush jemi por edhe mund\u00ebsit\u00eb p\u00ebr investime"},"content":{"rendered":"<p>Prishtin\u00eb 23 janar 2026 11:25<\/p>\n<p>Kryeministri n\u00eb detyr\u00eb Albin Kurti ka th\u00ebn\u00eb se n\u00eb Davos t\u00eb Zvicr\u00ebs edhe k\u00ebt\u00eb vit \u00ebsht\u00eb \u201cSht\u00ebpia e Kosov\u00ebs\u201d, e q\u00eb \u00ebsht\u00eb n\u00eb mesin e 25 shteteve, ani pse n\u00eb Forumin e Davos gjenden thuajse t\u00eb gjitha shtetet e globit, raporton Ekonomia Online.<\/p>\n<p>Ai n\u00ebp\u00ebrmjet nj\u00eb video ka th\u00ebn\u00eb se aty prezantohet kultura, identitet se kush jan\u00eb shqiptar\u00ebt, por edhe prezantohen mund\u00ebsin\u00eb p\u00ebr investime ekonomike, e shk\u00ebmbime tregtare.<\/p>\n<p>\u201cJemi shum\u00eb t\u00eb g\u00ebzuar q\u00eb \u2018Sht\u00ebpia e Kosov\u00ebs\u2019 n\u00eb Davos t\u00eb Zvicr\u00ebs tashm\u00eb \u00ebsht\u00eb hapur p\u00ebr her\u00ebn e dyt\u00eb dhe n\u00ebse viti i par\u00eb ka qen\u00eb vit i ngjarjes, e hera e dyt\u00eb e Sht\u00ebpis\u00eb s\u00eb Kosov\u00eb \u00ebsht\u00eb hapi i par\u00eb i fillimit t\u00eb nj\u00eb tradite. N\u00eb nj\u00ebr\u00ebn an\u00eb prezantojm\u00eb kultur\u00ebn, identitetin se kush jemi, por n\u00eb an\u00ebn tjet\u00ebr prezantojm\u00eb dhe mund\u00ebsit\u00eb p\u00ebr investime ekonomike, p\u00ebr shk\u00ebmbime tregtare, p\u00ebr bashk\u00ebpunime t\u00eb t\u00eb gjitha llojeve. Tregojm\u00eb dhe at\u00eb se ka mund t\u00eb b\u00ebjm\u00eb bashk\u00eb p\u00ebrve\u00e7se kush jemi\u201d, ka th\u00ebn\u00eb ai n\u00eb nj\u00eb video q\u00eb publikuar n\u00eb rrjetin social \u201cFacebook\u201d.<\/p>\n<p>Ai foli edhe p\u00ebr rolin e rinis\u00eb duke th\u00ebn\u00eb se rinia dhe m\u00ebrgata.<\/p>\n<p>\u201cN\u00eb qend\u00ebr t\u00eb Sht\u00ebpis\u00eb s\u00eb Kosov\u00ebs n\u00eb Davos jan\u00eb bashk\u00eb rinia dhe m\u00ebrgata e shpeshher\u00eb k\u00ebto t\u00eb dyja jan\u00eb tek personat e nj\u00ebjt\u00ebt. Djemt\u00eb e vajzat e rinj n\u00eb sht\u00ebpin\u00eb e Kosov\u00ebs po mir\u00ebpresin si nj\u00eb vat\u00ebr e talentit shum\u00eb nd\u00ebrmarr\u00ebs prestigjioz dhe po iu tregojn\u00eb p\u00ebr mund\u00ebsit\u00eb q\u00eb ata t\u00eb vijn\u00eb n\u00eb Kosov\u00eb ku ekziston nj\u00eb rini e talentuar, energjike dhe e cila \u00ebsht\u00eb njoh\u00ebse e shum\u00eb gjuh\u00ebve t\u00eb huaja. Mosha mesatare n\u00eb Kosov\u00eb \u00ebsht\u00eb 35 vje\u00e7 q\u00eb \u00ebsht\u00eb shum\u00eb e re p\u00ebr Evrop\u00ebn dhe me gjer\u00eb por \u00ebsht\u00eb n\u00ebj rini e familjarizuar me trande e teknologjis\u00eb bashk\u00ebkohore dhe gjithashtu q\u00eb e ka d\u00ebshmu veten n\u00eb sektorin e teknologjis\u00eb s\u00eb informacionit dhe kombinimit. Prandaj ne i ftojm\u00eb t\u00eb tjer\u00ebt t\u00eb cijn\u00eb n\u00eb Kosov\u00eb sepse k\u00ebshtu fiton dhe Kosova por edhe t\u00eb gjith\u00eb at\u00eb q\u00eb vijn\u00eb p\u00ebr investim\u201d, tha ai.<\/p>\n<p>Ai ka p\u00ebrmend t\u00eb ve\u00e7ant\u00ebn e k\u00ebtij viti n\u00eb \u201cSht\u00ebpin\u00eb e Kosov\u00ebs\u201d n\u00eb Davos.<\/p>\n<p>\u201cNe duhet t\u00eb vazhdojm\u00eb t\u00eb mbetemi interesant dhe besoj q\u00eb t\u00eb ve\u00e7ant\u00eb n\u00eb Davos sivjet na b\u00ebn\u00eb fakti q\u00eb n\u00eb mesin e t\u00eb gjitha shteteve q\u00eb jan\u00eb k\u00ebtu, Kosova \u00ebsht\u00eb n\u00eb mesin e 25 shteteve q\u00eb kan\u00eb sht\u00ebpin\u00eb k\u00ebtu. \u00cbsht\u00eb e v\u00ebshtir\u00eb t\u00eb gjesh nj\u00eb shtet nga mbar\u00eb globi q\u00eb nuk \u00ebsht\u00eb i  pranish\u00ebm n\u00eb Davos por vet\u00ebm 25 sosh, p\u00ebraf\u00ebrsisht 1\/8 e kan\u00eb sht\u00ebpin\u00eb e tyre, e aty b\u00ebn pjes\u00eb Kosova\u201d, tha Kurti.<\/p>\n","protected":false},"excerpt":{"rendered":"<p>Prishtin\u00eb 23 janar 2026 11:25 Kryeministri n\u00eb detyr\u00eb Albin Kurti ka th\u00ebn\u00eb se n\u00eb Davos t\u00eb Zvicr\u00ebs edhe k\u00ebt\u00eb vit \u00ebsht\u00eb \u201cSht\u00ebpia e Kosov\u00ebs\u201d, e<\/p>\n","protected":false},"author":6,"featured_media":28859,"comment_status":"open","ping_status":"open","sticky":false,"template":"","format":"standard","meta":{"footnotes":""},"categories":[60],"tags":[],"class_list":["post-28858","post","type-post","status-publish","format-standard","has-post-thumbnail","hentry","category-shoqerore-sq"],"yoast_head":"<!-- This site is optimized with the Yoast SEO plugin v25.3.1 - https:\/\/yoast.com\/wordpress\/plugins\/seo\/ -->\n<title>Kurti p\u00ebr \u201cSht\u00ebpin\u00eb e Kosov\u00ebs\u201d n\u00eb Davos: Prezantojm\u00eb kultur\u00ebn, identitetin se kush jemi por edhe mund\u00ebsit\u00eb p\u00ebr investime -<\/title>\n<meta name=\"robots\" content=\"index, follow, max-snippet:-1, max-image-preview:large, max-video-preview:-1\" \/>\n<link rel=\"canonical\" href=\"https:\/\/veritasinfo.org\/?p=28858\" \/>\n<meta property=\"og:locale\" content=\"en_US\" \/>\n<meta property=\"og:type\" content=\"article\" \/>\n<meta property=\"og:title\" content=\"Kurti p\u00ebr \u201cSht\u00ebpin\u00eb e Kosov\u00ebs\u201d n\u00eb Davos: Prezantojm\u00eb kultur\u00ebn, identitetin se kush jemi por edhe mund\u00ebsit\u00eb p\u00ebr investime -\" \/>\n<meta property=\"og:description\" content=\"Prishtin\u00eb 23 janar 2026 11:25 Kryeministri n\u00eb detyr\u00eb Albin Kurti ka th\u00ebn\u00eb se n\u00eb Davos t\u00eb Zvicr\u00ebs edhe k\u00ebt\u00eb vit \u00ebsht\u00eb \u201cSht\u00ebpia e Kosov\u00ebs\u201d, e\" \/>\n<meta property=\"og:url\" content=\"https:\/\/veritasinfo.org\/?p=28858\" \/>\n<meta property=\"article:published_time\" content=\"2026-01-23T10:25:49+00:00\" \/>\n<meta property=\"og:image\" content=\"https:\/\/veritasinfo.org\/wp-content\/uploads\/2026\/01\/20.1.2026-ZKM-10-1-1500x1000-1.jpg\" \/>\n\t<meta property=\"og:image:width\" content=\"1500\" \/>\n\t<meta property=\"og:image:height\" content=\"1000\" \/>\n\t<meta property=\"og:image:type\" content=\"image\/jpeg\" \/>\n<meta name=\"author\" content=\"US5\" \/>\n<meta name=\"twitter:card\" content=\"summary_large_image\" \/>\n<meta name=\"twitter:label1\" content=\"Written by\" \/>\n\t<meta name=\"twitter:data1\" content=\"US5\" \/>\n\t<meta name=\"twitter:label2\" content=\"Est. reading time\" \/>\n\t<meta name=\"twitter:data2\" content=\"1 minute\" \/>\n<script type=\"application\/ld+json\" class=\"yoast-schema-graph\">{\"@context\":\"https:\/\/schema.org\",\"@graph\":[{\"@type\":\"WebPage\",\"@id\":\"https:\/\/veritasinfo.org\/?p=28858\",\"url\":\"https:\/\/veritasinfo.org\/?p=28858\",\"name\":\"Kurti p\u00ebr \u201cSht\u00ebpin\u00eb e Kosov\u00ebs\u201d n\u00eb Davos: Prezantojm\u00eb kultur\u00ebn, identitetin se kush jemi por edhe mund\u00ebsit\u00eb p\u00ebr investime -\",\"isPartOf\":{\"@id\":\"https:\/\/veritasinfo.org\/#website\"},\"primaryImageOfPage\":{\"@id\":\"https:\/\/veritasinfo.org\/?p=28858#primaryimage\"},\"image\":{\"@id\":\"https:\/\/veritasinfo.org\/?p=28858#primaryimage\"},\"thumbnailUrl\":\"https:\/\/veritasinfo.org\/wp-content\/uploads\/2026\/01\/20.1.2026-ZKM-10-1-1500x1000-1.jpg\",\"datePublished\":\"2026-01-23T10:25:49+00:00\",\"author\":{\"@id\":\"https:\/\/veritasinfo.org\/#\/schema\/person\/bc442336e35414d04494ab8fb45db4c6\"},\"breadcrumb\":{\"@id\":\"https:\/\/veritasinfo.org\/?p=28858#breadcrumb\"},\"inLanguage\":\"en-US\",\"potentialAction\":[{\"@type\":\"ReadAction\",\"target\":[\"https:\/\/veritasinfo.org\/?p=28858\"]}]},{\"@type\":\"ImageObject\",\"inLanguage\":\"en-US\",\"@id\":\"https:\/\/veritasinfo.org\/?p=28858#primaryimage\",\"url\":\"https:\/\/veritasinfo.org\/wp-content\/uploads\/2026\/01\/20.1.2026-ZKM-10-1-1500x1000-1.jpg\",\"contentUrl\":\"https:\/\/veritasinfo.org\/wp-content\/uploads\/2026\/01\/20.1.2026-ZKM-10-1-1500x1000-1.jpg\",\"width\":1500,\"height\":1000},{\"@type\":\"BreadcrumbList\",\"@id\":\"https:\/\/veritasinfo.org\/?p=28858#breadcrumb\",\"itemListElement\":[{\"@type\":\"ListItem\",\"position\":1,\"name\":\"Home\",\"item\":\"https:\/\/veritasinfo.org\/\"},{\"@type\":\"ListItem\",\"position\":2,\"name\":\"Kurti p\u00ebr \u201cSht\u00ebpin\u00eb e Kosov\u00ebs\u201d n\u00eb Davos: Prezantojm\u00eb kultur\u00ebn, identitetin se kush jemi por edhe mund\u00ebsit\u00eb p\u00ebr investime\"}]},{\"@type\":\"WebSite\",\"@id\":\"https:\/\/veritasinfo.org\/#website\",\"url\":\"https:\/\/veritasinfo.org\/\",\"name\":\"\",\"description\":\"\",\"potentialAction\":[{\"@type\":\"SearchAction\",\"target\":{\"@type\":\"EntryPoint\",\"urlTemplate\":\"https:\/\/veritasinfo.org\/?s={search_term_string}\"},\"query-input\":{\"@type\":\"PropertyValueSpecification\",\"valueRequired\":true,\"valueName\":\"search_term_string\"}}],\"inLanguage\":\"en-US\"},{\"@type\":\"Person\",\"@id\":\"https:\/\/veritasinfo.org\/#\/schema\/person\/bc442336e35414d04494ab8fb45db4c6\",\"name\":\"US5\",\"image\":{\"@type\":\"ImageObject\",\"inLanguage\":\"en-US\",\"@id\":\"https:\/\/veritasinfo.org\/#\/schema\/person\/image\/\",\"url\":\"https:\/\/secure.gravatar.com\/avatar\/16a61e7272a0c5d001121ebb9e60e925d5816e4ac1e443ed3e640d9a6ae55d0c?s=96&d=mm&r=g\",\"contentUrl\":\"https:\/\/secure.gravatar.com\/avatar\/16a61e7272a0c5d001121ebb9e60e925d5816e4ac1e443ed3e640d9a6ae55d0c?s=96&d=mm&r=g\",\"caption\":\"US5\"},\"url\":\"https:\/\/veritasinfo.org\/?author=6\"}]}<\/script>\n<!-- \/ Yoast SEO plugin. -->","yoast_head_json":{"title":"Kurti p\u00ebr \u201cSht\u00ebpin\u00eb e Kosov\u00ebs\u201d n\u00eb Davos: Prezantojm\u00eb kultur\u00ebn, identitetin se kush jemi por edhe mund\u00ebsit\u00eb p\u00ebr investime -","robots":{"index":"index","follow":"follow","max-snippet":"max-snippet:-1","max-image-preview":"max-image-preview:large","max-video-preview":"max-video-preview:-1"},"canonical":"https:\/\/veritasinfo.org\/?p=28858","og_locale":"en_US","og_type":"article","og_title":"Kurti p\u00ebr \u201cSht\u00ebpin\u00eb e Kosov\u00ebs\u201d n\u00eb Davos: Prezantojm\u00eb kultur\u00ebn, identitetin se kush jemi por edhe mund\u00ebsit\u00eb p\u00ebr investime -","og_description":"Prishtin\u00eb 23 janar 2026 11:25 Kryeministri n\u00eb detyr\u00eb Albin Kurti ka th\u00ebn\u00eb se n\u00eb Davos t\u00eb Zvicr\u00ebs edhe k\u00ebt\u00eb vit \u00ebsht\u00eb \u201cSht\u00ebpia e Kosov\u00ebs\u201d, e","og_url":"https:\/\/veritasinfo.org\/?p=28858","article_published_time":"2026-01-23T10:25:49+00:00","og_image":[{"width":1500,"height":1000,"url":"https:\/\/veritasinfo.org\/wp-content\/uploads\/2026\/01\/20.1.2026-ZKM-10-1-1500x1000-1.jpg","type":"image\/jpeg"}],"author":"US5","twitter_card":"summary_large_image","twitter_misc":{"Written by":"US5","Est. reading time":"1 minute"},"schema":{"@context":"https:\/\/schema.org","@graph":[{"@type":"WebPage","@id":"https:\/\/veritasinfo.org\/?p=28858","url":"https:\/\/veritasinfo.org\/?p=28858","name":"Kurti p\u00ebr \u201cSht\u00ebpin\u00eb e Kosov\u00ebs\u201d n\u00eb Davos: Prezantojm\u00eb kultur\u00ebn, identitetin se kush jemi por edhe mund\u00ebsit\u00eb p\u00ebr investime -","isPartOf":{"@id":"https:\/\/veritasinfo.org\/#website"},"primaryImageOfPage":{"@id":"https:\/\/veritasinfo.org\/?p=28858#primaryimage"},"image":{"@id":"https:\/\/veritasinfo.org\/?p=28858#primaryimage"},"thumbnailUrl":"https:\/\/veritasinfo.org\/wp-content\/uploads\/2026\/01\/20.1.2026-ZKM-10-1-1500x1000-1.jpg","datePublished":"2026-01-23T10:25:49+00:00","author":{"@id":"https:\/\/veritasinfo.org\/#\/schema\/person\/bc442336e35414d04494ab8fb45db4c6"},"breadcrumb":{"@id":"https:\/\/veritasinfo.org\/?p=28858#breadcrumb"},"inLanguage":"en-US","potentialAction":[{"@type":"ReadAction","target":["https:\/\/veritasinfo.org\/?p=28858"]}]},{"@type":"ImageObject","inLanguage":"en-US","@id":"https:\/\/veritasinfo.org\/?p=28858#primaryimage","url":"https:\/\/veritasinfo.org\/wp-content\/uploads\/2026\/01\/20.1.2026-ZKM-10-1-1500x1000-1.jpg","contentUrl":"https:\/\/veritasinfo.org\/wp-content\/uploads\/2026\/01\/20.1.2026-ZKM-10-1-1500x1000-1.jpg","width":1500,"height":1000},{"@type":"BreadcrumbList","@id":"https:\/\/veritasinfo.org\/?p=28858#breadcrumb","itemListElement":[{"@type":"ListItem","position":1,"name":"Home","item":"https:\/\/veritasinfo.org\/"},{"@type":"ListItem","position":2,"name":"Kurti p\u00ebr \u201cSht\u00ebpin\u00eb e Kosov\u00ebs\u201d n\u00eb Davos: Prezantojm\u00eb kultur\u00ebn, identitetin se kush jemi por edhe mund\u00ebsit\u00eb p\u00ebr investime"}]},{"@type":"WebSite","@id":"https:\/\/veritasinfo.org\/#website","url":"https:\/\/veritasinfo.org\/","name":"","description":"","potentialAction":[{"@type":"SearchAction","target":{"@type":"EntryPoint","urlTemplate":"https:\/\/veritasinfo.org\/?s={search_term_string}"},"query-input":{"@type":"PropertyValueSpecification","valueRequired":true,"valueName":"search_term_string"}}],"inLanguage":"en-US"},{"@type":"Person","@id":"https:\/\/veritasinfo.org\/#\/schema\/person\/bc442336e35414d04494ab8fb45db4c6","name":"US5","image":{"@type":"ImageObject","inLanguage":"en-US","@id":"https:\/\/veritasinfo.org\/#\/schema\/person\/image\/","url":"https:\/\/secure.gravatar.com\/avatar\/16a61e7272a0c5d001121ebb9e60e925d5816e4ac1e443ed3e640d9a6ae55d0c?s=96&d=mm&r=g","contentUrl":"https:\/\/secure.gravatar.com\/avatar\/16a61e7272a0c5d001121ebb9e60e925d5816e4ac1e443ed3e640d9a6ae55d0c?s=96&d=mm&r=g","caption":"US5"},"url":"https:\/\/veritasinfo.org\/?author=6"}]}},"featured_image_urls":{"full":["https:\/\/veritasinfo.org\/wp-content\/uploads\/2026\/01\/20.1.2026-ZKM-10-1-1500x1000-1.jpg",1500,1000,false],"thumbnail":["https:\/\/veritasinfo.org\/wp-content\/uploads\/2026\/01\/20.1.2026-ZKM-10-1-1500x1000-1-150x150.jpg",150,150,true],"medium":["https:\/\/veritasinfo.org\/wp-content\/uploads\/2026\/01\/20.1.2026-ZKM-10-1-1500x1000-1-300x200.jpg",300,200,true],"medium_large":["https:\/\/veritasinfo.org\/wp-content\/uploads\/2026\/01\/20.1.2026-ZKM-10-1-1500x1000-1-768x512.jpg",640,427,true],"large":["https:\/\/veritasinfo.org\/wp-content\/uploads\/2026\/01\/20.1.2026-ZKM-10-1-1500x1000-1-1024x683.jpg",640,427,true],"1536x1536":["https:\/\/veritasinfo.org\/wp-content\/uploads\/2026\/01\/20.1.2026-ZKM-10-1-1500x1000-1.jpg",1500,1000,false],"2048x2048":["https:\/\/veritasinfo.org\/wp-content\/uploads\/2026\/01\/20.1.2026-ZKM-10-1-1500x1000-1.jpg",1500,1000,false],"kreeti-slider-full":["https:\/\/veritasinfo.org\/wp-content\/uploads\/2026\/01\/20.1.2026-ZKM-10-1-1500x1000-1.jpg",1080,720,false],"kreeti-featured":["https:\/\/veritasinfo.org\/wp-content\/uploads\/2026\/01\/20.1.2026-ZKM-10-1-1500x1000-1.jpg",1024,683,false],"kreeti-medium":["https:\/\/veritasinfo.org\/wp-content\/uploads\/2026\/01\/20.1.2026-ZKM-10-1-1500x1000-1.jpg",720,480,false],"kreeti-medium-square":["https:\/\/veritasinfo.org\/wp-content\/uploads\/2026\/01\/20.1.2026-ZKM-10-1-1500x1000-1.jpg",350,233,false]},"author_info":{"info":["US5"]},"category_info":"<a href=\"https:\/\/veritasinfo.org\/?cat=60\" rel=\"category\">Shoq\u00ebrore<\/a>","tag_info":"Shoq\u00ebrore","comment_count":"0","_links":{"self":[{"href":"https:\/\/veritasinfo.org\/index.php?rest_route=\/wp\/v2\/posts\/28858","targetHints":{"allow":["GET"]}}],"collection":[{"href":"https:\/\/veritasinfo.org\/index.php?rest_route=\/wp\/v2\/posts"}],"about":[{"href":"https:\/\/veritasinfo.org\/index.php?rest_route=\/wp\/v2\/types\/post"}],"author":[{"embeddable":true,"href":"https:\/\/veritasinfo.org\/index.php?rest_route=\/wp\/v2\/users\/6"}],"replies":[{"embeddable":true,"href":"https:\/\/veritasinfo.org\/index.php?rest_route=%2Fwp%2Fv2%2Fcomments&post=28858"}],"version-history":[{"count":1,"href":"https:\/\/veritasinfo.org\/index.php?rest_route=\/wp\/v2\/posts\/28858\/revisions"}],"predecessor-version":[{"id":28860,"href":"https:\/\/veritasinfo.org\/index.php?rest_route=\/wp\/v2\/posts\/28858\/revisions\/28860"}],"wp:featuredmedia":[{"embeddable":true,"href":"https:\/\/veritasinfo.org\/index.php?rest_route=\/wp\/v2\/media\/28859"}],"wp:attachment":[{"href":"https:\/\/veritasinfo.org\/index.php?rest_route=%2Fwp%2Fv2%2Fmedia&parent=28858"}],"wp:term":[{"taxonomy":"category","embeddable":true,"href":"https:\/\/veritasinfo.org\/index.php?rest_route=%2Fwp%2Fv2%2Fcategories&post=28858"},{"taxonomy":"post_tag","embeddable":true,"href":"https:\/\/veritasinfo.org\/index.php?rest_route=%2Fwp%2Fv2%2Ftags&post=28858"}],"curies":[{"name":"wp","href":"https:\/\/api.w.org\/{rel}","templated":true}]}}