{"id":28852,"date":"2026-01-23T10:18:39","date_gmt":"2026-01-23T09:18:39","guid":{"rendered":"https:\/\/veritasinfo.org\/?p=28852"},"modified":"2026-01-23T10:18:39","modified_gmt":"2026-01-23T09:18:39","slug":"gervalla-merr-pjese-ne-platformen-e-paqes-per-ballkanin-ne-stamboll","status":"publish","type":"post","link":"https:\/\/veritasinfo.org\/?p=28852","title":{"rendered":"G\u00ebrvalla merr pjes\u00eb n\u00eb Platform\u00ebn e Paqes p\u00ebr Ballkanin, n\u00eb Stamboll"},"content":{"rendered":"<p>Prishtin\u00eb23 janar 2026 10:17<\/p>\n<p>Z\u00ebvend\u00ebskryeministrja dhe ministrja n\u00eb detyr\u00eb e Pun\u00ebve t\u00eb Jashtme dhe Diaspor\u00ebs, Donika G\u00ebrvalla, ka udh\u00ebtuar n\u00eb Stamboll p\u00ebr t\u00eb marr\u00eb pjes\u00eb n\u00eb takimin e dyt\u00eb t\u00eb Platform\u00ebs s\u00eb Paqes p\u00ebr Ballkanin, me ftes\u00eb t\u00eb ministrit t\u00eb Pun\u00ebve t\u00eb Jashtme t\u00eb Republik\u00ebs s\u00eb Turqis\u00eb, z. Hakan Fidan.<\/p>\n<p>Platforma e Paqes p\u00ebr Ballkanin mbledh ministrat e pun\u00ebve t\u00eb jashtme t\u00eb vendeve t\u00eb Ballkanit Per\u00ebndimor dhe sh\u00ebrben si forum p\u00ebr shk\u00ebmbimin e pik\u00ebpamjeve n\u00eb \u00e7\u00ebshtje me interes t\u00eb p\u00ebrbashk\u00ebt, p\u00ebrfshir\u00eb identifikimin e mund\u00ebsive p\u00ebr thellimin e bashk\u00ebpunimit rajonal n\u00eb fusha t\u00eb ndryshme.<\/p>\n<p>N\u00eb njoftimin p\u00ebr media thuhet se pjes\u00ebmarrja e Republik\u00ebs s\u00eb Kosov\u00ebs n\u00eb k\u00ebt\u00eb platform\u00eb riafirmon prioritetet e saj strategjike p\u00ebr an\u00ebtar\u00ebsim n\u00eb Bashkimin Evropian, NATO dhe organizata t\u00eb tjera relevante nd\u00ebrkomb\u00ebtare, si dhe p\u00ebrkushtimin e pal\u00ebkundur t\u00eb Republik\u00ebs s\u00eb Kosov\u00ebs ndaj promovimit t\u00eb paqes s\u00eb q\u00ebndrueshme, marr\u00ebdh\u00ebnieve t\u00eb fqinj\u00ebsis\u00eb s\u00eb mir\u00eb dhe stabilitetit rajonal.<\/p>\n<p>\u201cRepublika e Kosov\u00ebs vler\u00ebson lart marr\u00ebdh\u00ebniet e shk\u00eblqyera dhe partneritetin e q\u00ebndruesh\u00ebm me Republik\u00ebn e Turqis\u00eb, si edhe rolin e r\u00ebnd\u00ebsish\u00ebm t\u00eb Republik\u00ebs s\u00eb Turqis\u00eb n\u00eb avancimin e dialogut, promovimin e paqes dhe forcimin e stabilitetit, si n\u00eb rajon ashtu edhe n\u00eb nivel global\u201d, thuhet n\u00eb njoftim.<\/p>\n","protected":false},"excerpt":{"rendered":"<p>Prishtin\u00eb23 janar 2026 10:17 Z\u00ebvend\u00ebskryeministrja dhe ministrja n\u00eb detyr\u00eb e Pun\u00ebve t\u00eb Jashtme dhe Diaspor\u00ebs, Donika G\u00ebrvalla, ka udh\u00ebtuar n\u00eb Stamboll p\u00ebr t\u00eb marr\u00eb pjes\u00eb<\/p>\n","protected":false},"author":6,"featured_media":28853,"comment_status":"open","ping_status":"open","sticky":false,"template":"","format":"standard","meta":{"footnotes":""},"categories":[60],"tags":[],"class_list":["post-28852","post","type-post","status-publish","format-standard","has-post-thumbnail","hentry","category-shoqerore-sq"],"yoast_head":"<!-- This site is optimized with the Yoast SEO plugin v25.3.1 - https:\/\/yoast.com\/wordpress\/plugins\/seo\/ -->\n<title>G\u00ebrvalla merr pjes\u00eb n\u00eb Platform\u00ebn e Paqes p\u00ebr Ballkanin, n\u00eb Stamboll -<\/title>\n<meta name=\"robots\" content=\"index, follow, max-snippet:-1, max-image-preview:large, max-video-preview:-1\" \/>\n<link rel=\"canonical\" href=\"https:\/\/veritasinfo.org\/?p=28852\" \/>\n<meta property=\"og:locale\" content=\"en_US\" \/>\n<meta property=\"og:type\" content=\"article\" \/>\n<meta property=\"og:title\" content=\"G\u00ebrvalla merr pjes\u00eb n\u00eb Platform\u00ebn e Paqes p\u00ebr Ballkanin, n\u00eb Stamboll -\" \/>\n<meta property=\"og:description\" content=\"Prishtin\u00eb23 janar 2026 10:17 Z\u00ebvend\u00ebskryeministrja dhe ministrja n\u00eb detyr\u00eb e Pun\u00ebve t\u00eb Jashtme dhe Diaspor\u00ebs, Donika G\u00ebrvalla, ka udh\u00ebtuar n\u00eb Stamboll p\u00ebr t\u00eb marr\u00eb pjes\u00eb\" \/>\n<meta property=\"og:url\" content=\"https:\/\/veritasinfo.org\/?p=28852\" \/>\n<meta property=\"article:published_time\" content=\"2026-01-23T09:18:39+00:00\" \/>\n<meta property=\"og:image\" content=\"https:\/\/veritasinfo.org\/wp-content\/uploads\/2026\/01\/gervalla-ne-stamboll-1536x1025-1.jpg\" \/>\n\t<meta property=\"og:image:width\" content=\"1536\" \/>\n\t<meta property=\"og:image:height\" content=\"1025\" \/>\n\t<meta property=\"og:image:type\" content=\"image\/jpeg\" \/>\n<meta name=\"author\" content=\"US5\" \/>\n<meta name=\"twitter:card\" content=\"summary_large_image\" \/>\n<meta name=\"twitter:label1\" content=\"Written by\" \/>\n\t<meta name=\"twitter:data1\" content=\"US5\" \/>\n<script type=\"application\/ld+json\" class=\"yoast-schema-graph\">{\"@context\":\"https:\/\/schema.org\",\"@graph\":[{\"@type\":\"WebPage\",\"@id\":\"https:\/\/veritasinfo.org\/?p=28852\",\"url\":\"https:\/\/veritasinfo.org\/?p=28852\",\"name\":\"G\u00ebrvalla merr pjes\u00eb n\u00eb Platform\u00ebn e Paqes p\u00ebr Ballkanin, n\u00eb Stamboll -\",\"isPartOf\":{\"@id\":\"https:\/\/veritasinfo.org\/#website\"},\"primaryImageOfPage\":{\"@id\":\"https:\/\/veritasinfo.org\/?p=28852#primaryimage\"},\"image\":{\"@id\":\"https:\/\/veritasinfo.org\/?p=28852#primaryimage\"},\"thumbnailUrl\":\"https:\/\/veritasinfo.org\/wp-content\/uploads\/2026\/01\/gervalla-ne-stamboll-1536x1025-1.jpg\",\"datePublished\":\"2026-01-23T09:18:39+00:00\",\"author\":{\"@id\":\"https:\/\/veritasinfo.org\/#\/schema\/person\/bc442336e35414d04494ab8fb45db4c6\"},\"breadcrumb\":{\"@id\":\"https:\/\/veritasinfo.org\/?p=28852#breadcrumb\"},\"inLanguage\":\"en-US\",\"potentialAction\":[{\"@type\":\"ReadAction\",\"target\":[\"https:\/\/veritasinfo.org\/?p=28852\"]}]},{\"@type\":\"ImageObject\",\"inLanguage\":\"en-US\",\"@id\":\"https:\/\/veritasinfo.org\/?p=28852#primaryimage\",\"url\":\"https:\/\/veritasinfo.org\/wp-content\/uploads\/2026\/01\/gervalla-ne-stamboll-1536x1025-1.jpg\",\"contentUrl\":\"https:\/\/veritasinfo.org\/wp-content\/uploads\/2026\/01\/gervalla-ne-stamboll-1536x1025-1.jpg\",\"width\":1536,\"height\":1025},{\"@type\":\"BreadcrumbList\",\"@id\":\"https:\/\/veritasinfo.org\/?p=28852#breadcrumb\",\"itemListElement\":[{\"@type\":\"ListItem\",\"position\":1,\"name\":\"Home\",\"item\":\"https:\/\/veritasinfo.org\/\"},{\"@type\":\"ListItem\",\"position\":2,\"name\":\"G\u00ebrvalla merr pjes\u00eb n\u00eb Platform\u00ebn e Paqes p\u00ebr Ballkanin, n\u00eb Stamboll\"}]},{\"@type\":\"WebSite\",\"@id\":\"https:\/\/veritasinfo.org\/#website\",\"url\":\"https:\/\/veritasinfo.org\/\",\"name\":\"\",\"description\":\"\",\"potentialAction\":[{\"@type\":\"SearchAction\",\"target\":{\"@type\":\"EntryPoint\",\"urlTemplate\":\"https:\/\/veritasinfo.org\/?s={search_term_string}\"},\"query-input\":{\"@type\":\"PropertyValueSpecification\",\"valueRequired\":true,\"valueName\":\"search_term_string\"}}],\"inLanguage\":\"en-US\"},{\"@type\":\"Person\",\"@id\":\"https:\/\/veritasinfo.org\/#\/schema\/person\/bc442336e35414d04494ab8fb45db4c6\",\"name\":\"US5\",\"image\":{\"@type\":\"ImageObject\",\"inLanguage\":\"en-US\",\"@id\":\"https:\/\/veritasinfo.org\/#\/schema\/person\/image\/\",\"url\":\"https:\/\/secure.gravatar.com\/avatar\/16a61e7272a0c5d001121ebb9e60e925d5816e4ac1e443ed3e640d9a6ae55d0c?s=96&d=mm&r=g\",\"contentUrl\":\"https:\/\/secure.gravatar.com\/avatar\/16a61e7272a0c5d001121ebb9e60e925d5816e4ac1e443ed3e640d9a6ae55d0c?s=96&d=mm&r=g\",\"caption\":\"US5\"},\"url\":\"https:\/\/veritasinfo.org\/?author=6\"}]}<\/script>\n<!-- \/ Yoast SEO plugin. -->","yoast_head_json":{"title":"G\u00ebrvalla merr pjes\u00eb n\u00eb Platform\u00ebn e Paqes p\u00ebr Ballkanin, n\u00eb Stamboll -","robots":{"index":"index","follow":"follow","max-snippet":"max-snippet:-1","max-image-preview":"max-image-preview:large","max-video-preview":"max-video-preview:-1"},"canonical":"https:\/\/veritasinfo.org\/?p=28852","og_locale":"en_US","og_type":"article","og_title":"G\u00ebrvalla merr pjes\u00eb n\u00eb Platform\u00ebn e Paqes p\u00ebr Ballkanin, n\u00eb Stamboll -","og_description":"Prishtin\u00eb23 janar 2026 10:17 Z\u00ebvend\u00ebskryeministrja dhe ministrja n\u00eb detyr\u00eb e Pun\u00ebve t\u00eb Jashtme dhe Diaspor\u00ebs, Donika G\u00ebrvalla, ka udh\u00ebtuar n\u00eb Stamboll p\u00ebr t\u00eb marr\u00eb pjes\u00eb","og_url":"https:\/\/veritasinfo.org\/?p=28852","article_published_time":"2026-01-23T09:18:39+00:00","og_image":[{"width":1536,"height":1025,"url":"https:\/\/veritasinfo.org\/wp-content\/uploads\/2026\/01\/gervalla-ne-stamboll-1536x1025-1.jpg","type":"image\/jpeg"}],"author":"US5","twitter_card":"summary_large_image","twitter_misc":{"Written by":"US5"},"schema":{"@context":"https:\/\/schema.org","@graph":[{"@type":"WebPage","@id":"https:\/\/veritasinfo.org\/?p=28852","url":"https:\/\/veritasinfo.org\/?p=28852","name":"G\u00ebrvalla merr pjes\u00eb n\u00eb Platform\u00ebn e Paqes p\u00ebr Ballkanin, n\u00eb Stamboll -","isPartOf":{"@id":"https:\/\/veritasinfo.org\/#website"},"primaryImageOfPage":{"@id":"https:\/\/veritasinfo.org\/?p=28852#primaryimage"},"image":{"@id":"https:\/\/veritasinfo.org\/?p=28852#primaryimage"},"thumbnailUrl":"https:\/\/veritasinfo.org\/wp-content\/uploads\/2026\/01\/gervalla-ne-stamboll-1536x1025-1.jpg","datePublished":"2026-01-23T09:18:39+00:00","author":{"@id":"https:\/\/veritasinfo.org\/#\/schema\/person\/bc442336e35414d04494ab8fb45db4c6"},"breadcrumb":{"@id":"https:\/\/veritasinfo.org\/?p=28852#breadcrumb"},"inLanguage":"en-US","potentialAction":[{"@type":"ReadAction","target":["https:\/\/veritasinfo.org\/?p=28852"]}]},{"@type":"ImageObject","inLanguage":"en-US","@id":"https:\/\/veritasinfo.org\/?p=28852#primaryimage","url":"https:\/\/veritasinfo.org\/wp-content\/uploads\/2026\/01\/gervalla-ne-stamboll-1536x1025-1.jpg","contentUrl":"https:\/\/veritasinfo.org\/wp-content\/uploads\/2026\/01\/gervalla-ne-stamboll-1536x1025-1.jpg","width":1536,"height":1025},{"@type":"BreadcrumbList","@id":"https:\/\/veritasinfo.org\/?p=28852#breadcrumb","itemListElement":[{"@type":"ListItem","position":1,"name":"Home","item":"https:\/\/veritasinfo.org\/"},{"@type":"ListItem","position":2,"name":"G\u00ebrvalla merr pjes\u00eb n\u00eb Platform\u00ebn e Paqes p\u00ebr Ballkanin, n\u00eb Stamboll"}]},{"@type":"WebSite","@id":"https:\/\/veritasinfo.org\/#website","url":"https:\/\/veritasinfo.org\/","name":"","description":"","potentialAction":[{"@type":"SearchAction","target":{"@type":"EntryPoint","urlTemplate":"https:\/\/veritasinfo.org\/?s={search_term_string}"},"query-input":{"@type":"PropertyValueSpecification","valueRequired":true,"valueName":"search_term_string"}}],"inLanguage":"en-US"},{"@type":"Person","@id":"https:\/\/veritasinfo.org\/#\/schema\/person\/bc442336e35414d04494ab8fb45db4c6","name":"US5","image":{"@type":"ImageObject","inLanguage":"en-US","@id":"https:\/\/veritasinfo.org\/#\/schema\/person\/image\/","url":"https:\/\/secure.gravatar.com\/avatar\/16a61e7272a0c5d001121ebb9e60e925d5816e4ac1e443ed3e640d9a6ae55d0c?s=96&d=mm&r=g","contentUrl":"https:\/\/secure.gravatar.com\/avatar\/16a61e7272a0c5d001121ebb9e60e925d5816e4ac1e443ed3e640d9a6ae55d0c?s=96&d=mm&r=g","caption":"US5"},"url":"https:\/\/veritasinfo.org\/?author=6"}]}},"featured_image_urls":{"full":["https:\/\/veritasinfo.org\/wp-content\/uploads\/2026\/01\/gervalla-ne-stamboll-1536x1025-1.jpg",1536,1025,false],"thumbnail":["https:\/\/veritasinfo.org\/wp-content\/uploads\/2026\/01\/gervalla-ne-stamboll-1536x1025-1-150x150.jpg",150,150,true],"medium":["https:\/\/veritasinfo.org\/wp-content\/uploads\/2026\/01\/gervalla-ne-stamboll-1536x1025-1-300x200.jpg",300,200,true],"medium_large":["https:\/\/veritasinfo.org\/wp-content\/uploads\/2026\/01\/gervalla-ne-stamboll-1536x1025-1-768x513.jpg",640,428,true],"large":["https:\/\/veritasinfo.org\/wp-content\/uploads\/2026\/01\/gervalla-ne-stamboll-1536x1025-1-1024x683.jpg",640,427,true],"1536x1536":["https:\/\/veritasinfo.org\/wp-content\/uploads\/2026\/01\/gervalla-ne-stamboll-1536x1025-1.jpg",1536,1025,false],"2048x2048":["https:\/\/veritasinfo.org\/wp-content\/uploads\/2026\/01\/gervalla-ne-stamboll-1536x1025-1.jpg",1536,1025,false],"kreeti-slider-full":["https:\/\/veritasinfo.org\/wp-content\/uploads\/2026\/01\/gervalla-ne-stamboll-1536x1025-1.jpg",1079,720,false],"kreeti-featured":["https:\/\/veritasinfo.org\/wp-content\/uploads\/2026\/01\/gervalla-ne-stamboll-1536x1025-1.jpg",1024,683,false],"kreeti-medium":["https:\/\/veritasinfo.org\/wp-content\/uploads\/2026\/01\/gervalla-ne-stamboll-1536x1025-1.jpg",720,480,false],"kreeti-medium-square":["https:\/\/veritasinfo.org\/wp-content\/uploads\/2026\/01\/gervalla-ne-stamboll-1536x1025-1.jpg",350,234,false]},"author_info":{"info":["US5"]},"category_info":"<a href=\"https:\/\/veritasinfo.org\/?cat=60\" rel=\"category\">Shoq\u00ebrore<\/a>","tag_info":"Shoq\u00ebrore","comment_count":"0","_links":{"self":[{"href":"https:\/\/veritasinfo.org\/index.php?rest_route=\/wp\/v2\/posts\/28852","targetHints":{"allow":["GET"]}}],"collection":[{"href":"https:\/\/veritasinfo.org\/index.php?rest_route=\/wp\/v2\/posts"}],"about":[{"href":"https:\/\/veritasinfo.org\/index.php?rest_route=\/wp\/v2\/types\/post"}],"author":[{"embeddable":true,"href":"https:\/\/veritasinfo.org\/index.php?rest_route=\/wp\/v2\/users\/6"}],"replies":[{"embeddable":true,"href":"https:\/\/veritasinfo.org\/index.php?rest_route=%2Fwp%2Fv2%2Fcomments&post=28852"}],"version-history":[{"count":1,"href":"https:\/\/veritasinfo.org\/index.php?rest_route=\/wp\/v2\/posts\/28852\/revisions"}],"predecessor-version":[{"id":28854,"href":"https:\/\/veritasinfo.org\/index.php?rest_route=\/wp\/v2\/posts\/28852\/revisions\/28854"}],"wp:featuredmedia":[{"embeddable":true,"href":"https:\/\/veritasinfo.org\/index.php?rest_route=\/wp\/v2\/media\/28853"}],"wp:attachment":[{"href":"https:\/\/veritasinfo.org\/index.php?rest_route=%2Fwp%2Fv2%2Fmedia&parent=28852"}],"wp:term":[{"taxonomy":"category","embeddable":true,"href":"https:\/\/veritasinfo.org\/index.php?rest_route=%2Fwp%2Fv2%2Fcategories&post=28852"},{"taxonomy":"post_tag","embeddable":true,"href":"https:\/\/veritasinfo.org\/index.php?rest_route=%2Fwp%2Fv2%2Ftags&post=28852"}],"curies":[{"name":"wp","href":"https:\/\/api.w.org\/{rel}","templated":true}]}}