{"id":28815,"date":"2026-01-23T06:29:01","date_gmt":"2026-01-23T05:29:01","guid":{"rendered":"https:\/\/veritasinfo.org\/?p=28815"},"modified":"2026-01-23T06:29:01","modified_gmt":"2026-01-23T05:29:01","slug":"cka-thuhet-ne-karten-e-bordit-te-paqes","status":"publish","type":"post","link":"https:\/\/veritasinfo.org\/?p=28815","title":{"rendered":"\u00c7ka thuhet n\u00eb Kart\u00ebn e Bordit t\u00eb Paqes"},"content":{"rendered":"<p>Prishtin\u00eb, 23 janar 2026 06:25<\/p>\n<p>Kosova p\u00ebrfshihet n\u00eb mesin e 19 shteteve q\u00eb e kan\u00eb n\u00ebnshkruar t\u00eb enjten pjes\u00ebmarrjen n\u00eb Bordin e Paqes s\u00eb iniciuar nga presidenti amerikan, Donald Trump, n\u00eb nj\u00eb ceremoni n\u00eb Davos t\u00eb Zvicr\u00ebs.<\/p>\n<p>Bordi i Paqes \u00ebsht\u00eb organ i ri nd\u00ebrkomb\u00ebtar i iniciuar nga Trumpi, i cili synon mbik\u00ebqyrjen e zbatimit t\u00eb planeve t\u00eb paqes n\u00eb zonat e konfliktit, me fokus fillestar n\u00eb Rripin e Gaz\u00ebs.<\/p>\n<p>Sipas planit t\u00eb paqes t\u00eb Trumpit p\u00ebr Gaz\u00ebn, Bordi i Paqes p\u00ebrshkruhet si nj\u00eb \u201corgan i ri nd\u00ebrkomb\u00ebtar tranzitor\u201d, i cili do t\u00eb ndihmoj\u00eb n\u00eb mbik\u00ebqyrjen e rind\u00ebrtimit t\u00eb enklav\u00ebs palestineze. An\u00ebtar\u00ebt e k\u00ebtij bordi pritet t\u00eb jen\u00eb udh\u00ebheq\u00ebs bot\u00ebror\u00eb, me presidentin Trump n\u00eb krye. K\u00ebshilli i Sigurimit i Kombeve t\u00eb Bashkuara e ka mb\u00ebshtetur zyrtarisht krijimin e Bordit t\u00eb Paqes p\u00ebrmes nj\u00eb rezolute t\u00eb hartuar nga SHBA-ja n\u00eb muajin n\u00ebntor, duke i dh\u00ebn\u00eb k\u00ebtij mekanizmi pesh\u00eb dhe legjitimitet nd\u00ebrkomb\u00ebtar.<\/p>\n<p>KOHA ka siguruar dokumentin. N\u00eb preambul\u00eb theksohet se dokumenti sh\u00ebrben si udh\u00ebrr\u00ebfyes i orientuar drejt rezultateve p\u00ebr t\u00eb siguruar paqen n\u00eb vende ku prej koh\u00ebsh ka rezultuar e paarritshme.<\/p>\n<p>Dokumenti p\u00ebrmban 13 nene. Neni i par\u00eb flet p\u00ebr misionin, q\u00ebllimet dhe funksionet.<\/p>\n<p>N\u00eb k\u00ebt\u00eb nen theksohet se Bordi i Paqes \u00ebsht\u00eb \u201corganizat\u00eb nd\u00ebrkomb\u00ebtare q\u00eb synon t\u00eb promovoj\u00eb stabilitet, t\u00eb rivendos\u00eb qeverisje t\u00eb besueshme dhe t\u00eb ligjshme e t\u00eb siguroj\u00eb paqe t\u00eb q\u00ebndrueshme n\u00eb zonat e prekura ose t\u00eb k\u00ebrc\u00ebnuara nga konflikti\u201d.<\/p>\n<p>&#8220;Bordi i Paqes do t\u00eb nd\u00ebrmarr\u00eb funksione t\u00eb nd\u00ebrtimit t\u00eb paqes n\u00eb p\u00ebrputhje me t\u00eb drejt\u00ebn nd\u00ebrkomb\u00ebtare dhe si\u00e7 mund t\u00eb miratohen n\u00eb p\u00ebrputhje me k\u00ebt\u00eb Kart\u00eb, duke p\u00ebrfshir\u00eb zhvillimin dhe p\u00ebrhapjen e praktikave m\u00eb t\u00eb mira q\u00eb mund t\u00eb zbatohen nga t\u00eb gjitha kombet dhe komunitetet q\u00eb k\u00ebrkojn\u00eb paqe\u201d, thuhet n\u00eb k\u00ebt\u00eb nen.<\/p>\n<p>N\u00eb kapitullin e dyt\u00eb flitet p\u00ebr an\u00ebtar\u00ebsin\u00eb. Aty theksohet se an\u00ebtar\u00ebsimi \u00ebsht\u00eb i kufizuar n\u00eb shtetet q\u00eb ftohen p\u00ebr pjes\u00ebmarrje nga kryetari dhe fillon me njoftimin se shteti ka pranuar t\u00eb jet\u00eb i lidhur nga kjo kart\u00eb, n\u00eb p\u00ebrputhje me kapitullin XI. Secili shtet duhet t\u00eb p\u00ebrfaq\u00ebsohet nga kryetari i shtetit apo kryeministri. Secili shtet an\u00ebtar duhet t\u00eb mb\u00ebshtes\u00eb dhe t\u00eb ndihmoj\u00eb operacionet e Bordit t\u00eb Paqes n\u00eb p\u00ebrputhje me autoritetet e tyre p\u00ebrkat\u00ebse t\u00eb brendshme. Asgj\u00eb n\u00eb k\u00ebt\u00eb Kart\u00eb nuk duhet interpretuar si di\u00e7ka q\u00eb i jep Bordit juridiksion brenda shteteve an\u00ebtare ose t\u2019u k\u00ebrkoj\u00eb atyre t\u00eb marrin pjes\u00eb n\u00eb misione t\u00eb caktuara t\u00eb nd\u00ebrtimit t\u00eb paqes, pa p\u00eblqimin e tyre.<\/p>\n<p>\u00c7do shtet an\u00ebtar mund t\u00eb sh\u00ebrbej\u00eb p\u00ebr mandat jo m\u00eb t\u00eb gjat\u00eb se tre vjet q\u00eb nga hyrja n\u00eb fuqi e k\u00ebsaj Karte, me mund\u00ebsi rinovimi nga kryetari. Mandati trevje\u00e7ar i an\u00ebtar\u00ebsimit nuk do t\u00eb zbatohet p\u00ebr shtetet an\u00ebtare q\u00eb kontribuojn\u00eb m\u00eb shum\u00eb se 1 miliard dollar\u00eb amerikan\u00eb n\u00eb fonde n\u00eb para t\u00eb gatshme p\u00ebr Bordin e Paqes brenda vitit t\u00eb par\u00eb t\u00eb hyrjes n\u00eb fuqi.<\/p>\n<p style=\"font-weight: 400;\">Sa i p\u00ebrket p\u00ebrfundimit t\u00eb an\u00ebtar\u00ebsis\u00eb, aty theksohet se p\u00ebrfundon n\u00eb rastin m\u00eb t\u00eb hersh\u00ebm, qoft\u00eb nga skadimi i mandatit trevje\u00e7ar apo t\u00ebrheqjen, q\u00eb \u00ebsht\u00eb vendim nga kryetari n\u00eb var\u00ebsi t\u00eb vetos nga nj\u00eb shumic\u00eb prej dy t\u00eb tretash t\u00eb shteteve an\u00ebtare ose shp\u00ebrb\u00ebrjen e Bordit t\u00eb Paqes. Atij q\u00eb i p\u00ebrfundon mandati, pushon s\u00eb qeni pal\u00eb n\u00eb Kart\u00eb, por nj\u00eb shtet i till\u00eb mund t\u00eb riftohet p\u00ebr t\u00eb qen\u00eb s\u00ebrish an\u00ebtar.<\/p>\n<p style=\"font-weight: 400;\">\u00c7do shtet theksohet se mund t\u00eb t\u00ebrhiqet me vendim t\u00eb menj\u00ebhersh\u00ebm, duke ofruar njoftim me shkrim te kryetari.<\/p>\n<p>Kapitulli i tret\u00eb flet p\u00ebr qeverisjen. Aty theksohet se Bordi p\u00ebrb\u00ebhet nga shtetet an\u00ebtare dhe se ky bord voton mbi propozimet n\u00eb agjend\u00eb p\u00ebrfshir\u00eb ato p\u00ebr \u00e7\u00ebshtjet e buxhetit t\u00eb p\u00ebrvitsh\u00ebm, themelimin e subjekteve ndihm\u00ebse, em\u00ebrimin e zyrtar\u00ebve t\u00eb lart\u00eb dhe p\u00ebrcaktimet kryesore t\u00eb politikave, qoft\u00eb ato p\u00ebr miratimin e marr\u00ebveshjeve nd\u00ebrkomb\u00ebtare dhe ndjekjen e nismave t\u00eb reja p\u00ebr nd\u00ebrtim t\u00eb paqes.<\/p>\n<p>Bordi i Paqes do t\u00eb th\u00ebrras\u00eb mbledhje votimi t\u00eb pakt\u00ebn nj\u00eb her\u00eb n\u00eb vit dhe n\u00eb koh\u00eb apo vende shtes\u00eb kur kryetari i konsideron t\u00eb p\u00ebrshtatshme. Rendi i dit\u00ebs p\u00ebrcaktohet nga bordi ekzekutiv, n\u00eb var\u00ebsi t\u00eb njoftimit dhe komenteve prej shteteve an\u00ebtare e miratimit nga kryetari. \u00c7do shtet an\u00ebtar ka t\u00eb drejt\u00ebn e nj\u00eb vote. Vendimet merren me shumic\u00ebn e votave t\u00eb shteteve t\u00eb pranishme dhe q\u00eb votojn\u00eb, n\u00eb var\u00ebsi t\u00eb miratimit nga kryetari, i cili gjithashtu mund t\u00eb hedh\u00eb vot\u00eb n\u00eb cil\u00ebsin\u00eb e tij si kryetar, kur ka raste t\u00eb votave t\u00eb barabarta.<\/p>\n<p>Bordi i Paqes do t\u00eb mbaj\u00eb takime t\u00eb rregullta pa t\u00eb drejt\u00eb vote n\u00eb Bordin Ekzekutiv. N\u00eb k\u00ebto takime shtetet an\u00ebtare mund t\u00eb paraqesin rekomandime e udh\u00ebzime p\u00ebr aktivitetet dhe Bordi Ekzekutiv do t\u2019i raportoj\u00eb Bordit t\u00eb Paqes mbi operacionet dhe vendimet e Bordit Ekzekutiv. Takime t\u00eb tilla thirren t\u00eb pakt\u00ebn nj\u00eb her\u00eb n\u00eb tremujor me koh\u00ebn dhe vendin q\u00eb p\u00ebrcaktohen nga drejtori ekzekutiv i Bordit Ekzekutiv. Shtetet an\u00ebtare mund t\u00eb zgjedhin t\u00eb p\u00ebrfaq\u00ebsohen nga nj\u00eb zyrtar alternativ i rangut t\u00eb lart\u00eb n\u00eb t\u00eb gjitha takimet, var\u00ebsisht nga miratimi i kryetarit. Kryetari mund t\u00eb l\u00ebshoj\u00eb ftesa p\u00ebr organizatat p\u00ebrkat\u00ebse rajonale t\u00eb integrimit ekonomik p\u00ebr t\u00eb marr\u00eb pjes\u00eb n\u00eb punimet e Bordit t\u00eb Paqes, sipas kushteve dhe afateve.<\/p>\n<p>Te pika p\u00ebr kryetarin theksohet qart\u00eb se Donald J. Trump do t\u00eb sh\u00ebrbej\u00eb si kryetar inaugurues i Bordit t\u00eb Paqes dhe do t\u00eb sh\u00ebrbej\u00eb ve\u00e7mas si p\u00ebrfaq\u00ebsues inaugurues i Shteteve t\u00eb Bashkuara t\u00eb Amerik\u00ebs. Aty theksohet se ai ka t\u00eb drejt\u00ebn ekskluzive p\u00ebr t\u00eb krijuar, modifikuar ose shp\u00ebrndar\u00eb subjekte ndihm\u00ebse sipas nevoj\u00ebs dhe p\u00ebrshtatjes p\u00ebr ta p\u00ebrmbushur misionin e Bordit t\u00eb Paqes.<\/p>\n<p>Kryetari duhet t\u00eb caktoj\u00eb n\u00eb \u00e7do koh\u00eb nj\u00eb pasues p\u00ebr rolin e kryetarit. Z\u00ebvend\u00ebsimi mund t\u00eb ndodh\u00eb vet\u00ebm pas dor\u00ebheqjes vullnetare ose si rezultat i paaft\u00ebsis\u00eb, si\u00e7 p\u00ebrcaktohet me vot\u00eb unanime nga Bordi Ekzekutiv, koh\u00eb n\u00eb t\u00eb cil\u00ebn z\u00ebvend\u00ebsi duhet t\u00eb marr\u00eb menj\u00ebher\u00eb pozicionin e kryetarit dhe t\u00eb gjitha detyrat dhe autoritetet p\u00ebrkat\u00ebse t\u00eb kryetarit.<\/p>\n<p style=\"font-weight: 400;\">Kryetari ka t\u00eb drejt\u00eb t\u00eb themeloj\u00eb n\u00ebnkomitete e t\u2019ua caktoj\u00eb mandatin, struktur\u00ebn dhe rregullat qeveris\u00ebse secil\u00ebs.<\/p>\n<p style=\"font-weight: 400;\">Bordi Ekzekutiv do t\u00eb p\u00ebrb\u00ebhet nga kryetari dhe p\u00ebrmban lider\u00eb bot\u00ebror\u00eb. An\u00ebtar\u00ebt e Bordit Ekzekutiv kan\u00eb mandat dyvje\u00e7ar, me mund\u00ebsi shkarkimi nga kryetari dhe mandat t\u00eb rinovuesh\u00ebm, n\u00eb diskrecion t\u00eb tij. Bordi Ekzekutiv duhet t\u00eb ket\u00eb nj\u00eb Drejtor Ekzekutiv, i em\u00ebruar nga kryetari dhe i konfirmuar me shumic\u00eb votash nga Bordi Ekzekutiv. Ky drejtor mban mbledhje t\u00eb Bordit Ekzekutiv \u00e7do dy jav\u00eb p\u00ebr tre muajt e par\u00eb pas themelimit dhe m\u00eb pas \u00e7do muaj. Po q\u00eb se ka nevoj\u00eb th\u00ebrret mbledhje m\u00eb shpesh. Vendimet aty merren me shumic\u00ebn e votave t\u00eb an\u00ebtar\u00ebve t\u00eb pranish\u00ebm dhe q\u00eb votojn\u00eb, p\u00ebrfshir\u00eb drejtorin ekzekutiv. Vendimet hyjn\u00eb menj\u00ebher\u00eb n\u00eb fuqi, p\u00ebrpos kur p\u00ebrdoret vetoja nga kryetari n\u00eb \u00e7far\u00ebdo kohe. Ky Bord Ekzekutiv i p\u00ebrcakton rregullat e veta t\u00eb procedur\u00ebs.<\/p>\n<p>Bordi Ekzekutiv i raporton Bordit t\u00eb Paqes mbi aktivitetet e vendimet e tij \u00e7do tremujor. Ai ka p\u00ebr detyr\u00eb t\u2019i ushtroj\u00eb kompetencat p\u00ebr ta zbatuar misionin e Bordit t\u00eb Paqes.<\/p>\n<p>Financimi i organizat\u00ebs b\u00ebhet n\u00eb baza vullnetare. Bordi i Paqes autorizon hapjen e llogarive sipas nevoj\u00ebs p\u00ebr ta kryer misionin e tij. Bordi Ekzekutiv do t\u00eb autorizoj\u00eb krijimin e mekanizmave t\u00eb kontrollit dhe mbik\u00ebqyrjes n\u00eb lidhje me buxhetet, llogarit\u00eb financiare dhe shpenzimet.<\/p>\n<p>Karta p\u00ebrfshin edhe kapitullin e zgjidhjes s\u00eb mosmarr\u00ebveshjeve midis shteteve an\u00ebtare. Kjo thuhet se duhet t\u00eb zgjidhen n\u00ebp\u00ebrmjet bashk\u00ebpunimit miq\u00ebsor, n\u00eb p\u00ebrputhje me autoritetet organizative t\u00eb caktuara nga Karta. Kryetari \u00ebsht\u00eb autoriteti p\u00ebrfundimtar n\u00eb lidhje me kuptimin, interpretimin dhe zbatimin e Kart\u00ebs.<\/p>\n<p>&nbsp;<\/p>\n","protected":false},"excerpt":{"rendered":"<p>Prishtin\u00eb, 23 janar 2026 06:25 Kosova p\u00ebrfshihet n\u00eb mesin e 19 shteteve q\u00eb e kan\u00eb n\u00ebnshkruar t\u00eb enjten pjes\u00ebmarrjen n\u00eb Bordin e Paqes s\u00eb iniciuar<\/p>\n","protected":false},"author":7,"featured_media":28816,"comment_status":"open","ping_status":"open","sticky":false,"template":"","format":"standard","meta":{"footnotes":""},"categories":[58],"tags":[],"class_list":["post-28815","post","type-post","status-publish","format-standard","has-post-thumbnail","hentry","category-politike-sq"],"yoast_head":"<!-- This site is optimized with the Yoast SEO plugin v25.3.1 - https:\/\/yoast.com\/wordpress\/plugins\/seo\/ -->\n<title>\u00c7ka thuhet n\u00eb Kart\u00ebn e Bordit t\u00eb Paqes -<\/title>\n<meta name=\"robots\" content=\"index, follow, max-snippet:-1, max-image-preview:large, max-video-preview:-1\" \/>\n<link rel=\"canonical\" href=\"https:\/\/veritasinfo.org\/?p=28815\" \/>\n<meta property=\"og:locale\" content=\"en_US\" \/>\n<meta property=\"og:type\" content=\"article\" \/>\n<meta property=\"og:title\" content=\"\u00c7ka thuhet n\u00eb Kart\u00ebn e Bordit t\u00eb Paqes -\" \/>\n<meta property=\"og:description\" content=\"Prishtin\u00eb, 23 janar 2026 06:25 Kosova p\u00ebrfshihet n\u00eb mesin e 19 shteteve q\u00eb e kan\u00eb n\u00ebnshkruar t\u00eb enjten pjes\u00ebmarrjen n\u00eb Bordin e Paqes s\u00eb iniciuar\" \/>\n<meta property=\"og:url\" content=\"https:\/\/veritasinfo.org\/?p=28815\" \/>\n<meta property=\"article:published_time\" content=\"2026-01-23T05:29:01+00:00\" \/>\n<meta property=\"og:image\" content=\"https:\/\/veritasinfo.org\/wp-content\/uploads\/2026\/01\/46a60faf-2542-4efc-b17a-64dee24e3efc.webp\" \/>\n\t<meta property=\"og:image:width\" content=\"1360\" \/>\n\t<meta property=\"og:image:height\" content=\"810\" \/>\n\t<meta property=\"og:image:type\" content=\"image\/webp\" \/>\n<meta name=\"author\" content=\"US6\" \/>\n<meta name=\"twitter:card\" content=\"summary_large_image\" \/>\n<meta name=\"twitter:label1\" content=\"Written by\" \/>\n\t<meta name=\"twitter:data1\" content=\"US6\" \/>\n\t<meta name=\"twitter:label2\" content=\"Est. reading time\" \/>\n\t<meta name=\"twitter:data2\" content=\"6 minutes\" \/>\n<script type=\"application\/ld+json\" class=\"yoast-schema-graph\">{\"@context\":\"https:\/\/schema.org\",\"@graph\":[{\"@type\":\"WebPage\",\"@id\":\"https:\/\/veritasinfo.org\/?p=28815\",\"url\":\"https:\/\/veritasinfo.org\/?p=28815\",\"name\":\"\u00c7ka thuhet n\u00eb Kart\u00ebn e Bordit t\u00eb Paqes -\",\"isPartOf\":{\"@id\":\"https:\/\/veritasinfo.org\/#website\"},\"primaryImageOfPage\":{\"@id\":\"https:\/\/veritasinfo.org\/?p=28815#primaryimage\"},\"image\":{\"@id\":\"https:\/\/veritasinfo.org\/?p=28815#primaryimage\"},\"thumbnailUrl\":\"https:\/\/veritasinfo.org\/wp-content\/uploads\/2026\/01\/46a60faf-2542-4efc-b17a-64dee24e3efc.webp\",\"datePublished\":\"2026-01-23T05:29:01+00:00\",\"author\":{\"@id\":\"https:\/\/veritasinfo.org\/#\/schema\/person\/fe199eede04c3937362892b7444747cc\"},\"breadcrumb\":{\"@id\":\"https:\/\/veritasinfo.org\/?p=28815#breadcrumb\"},\"inLanguage\":\"en-US\",\"potentialAction\":[{\"@type\":\"ReadAction\",\"target\":[\"https:\/\/veritasinfo.org\/?p=28815\"]}]},{\"@type\":\"ImageObject\",\"inLanguage\":\"en-US\",\"@id\":\"https:\/\/veritasinfo.org\/?p=28815#primaryimage\",\"url\":\"https:\/\/veritasinfo.org\/wp-content\/uploads\/2026\/01\/46a60faf-2542-4efc-b17a-64dee24e3efc.webp\",\"contentUrl\":\"https:\/\/veritasinfo.org\/wp-content\/uploads\/2026\/01\/46a60faf-2542-4efc-b17a-64dee24e3efc.webp\",\"width\":1360,\"height\":810},{\"@type\":\"BreadcrumbList\",\"@id\":\"https:\/\/veritasinfo.org\/?p=28815#breadcrumb\",\"itemListElement\":[{\"@type\":\"ListItem\",\"position\":1,\"name\":\"Home\",\"item\":\"https:\/\/veritasinfo.org\/\"},{\"@type\":\"ListItem\",\"position\":2,\"name\":\"\u00c7ka thuhet n\u00eb Kart\u00ebn e Bordit t\u00eb Paqes\"}]},{\"@type\":\"WebSite\",\"@id\":\"https:\/\/veritasinfo.org\/#website\",\"url\":\"https:\/\/veritasinfo.org\/\",\"name\":\"\",\"description\":\"\",\"potentialAction\":[{\"@type\":\"SearchAction\",\"target\":{\"@type\":\"EntryPoint\",\"urlTemplate\":\"https:\/\/veritasinfo.org\/?s={search_term_string}\"},\"query-input\":{\"@type\":\"PropertyValueSpecification\",\"valueRequired\":true,\"valueName\":\"search_term_string\"}}],\"inLanguage\":\"en-US\"},{\"@type\":\"Person\",\"@id\":\"https:\/\/veritasinfo.org\/#\/schema\/person\/fe199eede04c3937362892b7444747cc\",\"name\":\"US6\",\"image\":{\"@type\":\"ImageObject\",\"inLanguage\":\"en-US\",\"@id\":\"https:\/\/veritasinfo.org\/#\/schema\/person\/image\/\",\"url\":\"https:\/\/secure.gravatar.com\/avatar\/cb16c3c31c9d23b9b8c705964598220b3014e42ff51eb540ff23cefa3ae8c15f?s=96&d=mm&r=g\",\"contentUrl\":\"https:\/\/secure.gravatar.com\/avatar\/cb16c3c31c9d23b9b8c705964598220b3014e42ff51eb540ff23cefa3ae8c15f?s=96&d=mm&r=g\",\"caption\":\"US6\"},\"url\":\"https:\/\/veritasinfo.org\/?author=7\"}]}<\/script>\n<!-- \/ Yoast SEO plugin. -->","yoast_head_json":{"title":"\u00c7ka thuhet n\u00eb Kart\u00ebn e Bordit t\u00eb Paqes -","robots":{"index":"index","follow":"follow","max-snippet":"max-snippet:-1","max-image-preview":"max-image-preview:large","max-video-preview":"max-video-preview:-1"},"canonical":"https:\/\/veritasinfo.org\/?p=28815","og_locale":"en_US","og_type":"article","og_title":"\u00c7ka thuhet n\u00eb Kart\u00ebn e Bordit t\u00eb Paqes -","og_description":"Prishtin\u00eb, 23 janar 2026 06:25 Kosova p\u00ebrfshihet n\u00eb mesin e 19 shteteve q\u00eb e kan\u00eb n\u00ebnshkruar t\u00eb enjten pjes\u00ebmarrjen n\u00eb Bordin e Paqes s\u00eb iniciuar","og_url":"https:\/\/veritasinfo.org\/?p=28815","article_published_time":"2026-01-23T05:29:01+00:00","og_image":[{"width":1360,"height":810,"url":"https:\/\/veritasinfo.org\/wp-content\/uploads\/2026\/01\/46a60faf-2542-4efc-b17a-64dee24e3efc.webp","type":"image\/webp"}],"author":"US6","twitter_card":"summary_large_image","twitter_misc":{"Written by":"US6","Est. reading time":"6 minutes"},"schema":{"@context":"https:\/\/schema.org","@graph":[{"@type":"WebPage","@id":"https:\/\/veritasinfo.org\/?p=28815","url":"https:\/\/veritasinfo.org\/?p=28815","name":"\u00c7ka thuhet n\u00eb Kart\u00ebn e Bordit t\u00eb Paqes -","isPartOf":{"@id":"https:\/\/veritasinfo.org\/#website"},"primaryImageOfPage":{"@id":"https:\/\/veritasinfo.org\/?p=28815#primaryimage"},"image":{"@id":"https:\/\/veritasinfo.org\/?p=28815#primaryimage"},"thumbnailUrl":"https:\/\/veritasinfo.org\/wp-content\/uploads\/2026\/01\/46a60faf-2542-4efc-b17a-64dee24e3efc.webp","datePublished":"2026-01-23T05:29:01+00:00","author":{"@id":"https:\/\/veritasinfo.org\/#\/schema\/person\/fe199eede04c3937362892b7444747cc"},"breadcrumb":{"@id":"https:\/\/veritasinfo.org\/?p=28815#breadcrumb"},"inLanguage":"en-US","potentialAction":[{"@type":"ReadAction","target":["https:\/\/veritasinfo.org\/?p=28815"]}]},{"@type":"ImageObject","inLanguage":"en-US","@id":"https:\/\/veritasinfo.org\/?p=28815#primaryimage","url":"https:\/\/veritasinfo.org\/wp-content\/uploads\/2026\/01\/46a60faf-2542-4efc-b17a-64dee24e3efc.webp","contentUrl":"https:\/\/veritasinfo.org\/wp-content\/uploads\/2026\/01\/46a60faf-2542-4efc-b17a-64dee24e3efc.webp","width":1360,"height":810},{"@type":"BreadcrumbList","@id":"https:\/\/veritasinfo.org\/?p=28815#breadcrumb","itemListElement":[{"@type":"ListItem","position":1,"name":"Home","item":"https:\/\/veritasinfo.org\/"},{"@type":"ListItem","position":2,"name":"\u00c7ka thuhet n\u00eb Kart\u00ebn e Bordit t\u00eb Paqes"}]},{"@type":"WebSite","@id":"https:\/\/veritasinfo.org\/#website","url":"https:\/\/veritasinfo.org\/","name":"","description":"","potentialAction":[{"@type":"SearchAction","target":{"@type":"EntryPoint","urlTemplate":"https:\/\/veritasinfo.org\/?s={search_term_string}"},"query-input":{"@type":"PropertyValueSpecification","valueRequired":true,"valueName":"search_term_string"}}],"inLanguage":"en-US"},{"@type":"Person","@id":"https:\/\/veritasinfo.org\/#\/schema\/person\/fe199eede04c3937362892b7444747cc","name":"US6","image":{"@type":"ImageObject","inLanguage":"en-US","@id":"https:\/\/veritasinfo.org\/#\/schema\/person\/image\/","url":"https:\/\/secure.gravatar.com\/avatar\/cb16c3c31c9d23b9b8c705964598220b3014e42ff51eb540ff23cefa3ae8c15f?s=96&d=mm&r=g","contentUrl":"https:\/\/secure.gravatar.com\/avatar\/cb16c3c31c9d23b9b8c705964598220b3014e42ff51eb540ff23cefa3ae8c15f?s=96&d=mm&r=g","caption":"US6"},"url":"https:\/\/veritasinfo.org\/?author=7"}]}},"featured_image_urls":{"full":["https:\/\/veritasinfo.org\/wp-content\/uploads\/2026\/01\/46a60faf-2542-4efc-b17a-64dee24e3efc.webp",1360,810,false],"thumbnail":["https:\/\/veritasinfo.org\/wp-content\/uploads\/2026\/01\/46a60faf-2542-4efc-b17a-64dee24e3efc-150x150.webp",150,150,true],"medium":["https:\/\/veritasinfo.org\/wp-content\/uploads\/2026\/01\/46a60faf-2542-4efc-b17a-64dee24e3efc-300x179.webp",300,179,true],"medium_large":["https:\/\/veritasinfo.org\/wp-content\/uploads\/2026\/01\/46a60faf-2542-4efc-b17a-64dee24e3efc-768x457.webp",640,381,true],"large":["https:\/\/veritasinfo.org\/wp-content\/uploads\/2026\/01\/46a60faf-2542-4efc-b17a-64dee24e3efc-1024x610.webp",640,381,true],"1536x1536":["https:\/\/veritasinfo.org\/wp-content\/uploads\/2026\/01\/46a60faf-2542-4efc-b17a-64dee24e3efc.webp",1360,810,false],"2048x2048":["https:\/\/veritasinfo.org\/wp-content\/uploads\/2026\/01\/46a60faf-2542-4efc-b17a-64dee24e3efc.webp",1360,810,false],"kreeti-slider-full":["https:\/\/veritasinfo.org\/wp-content\/uploads\/2026\/01\/46a60faf-2542-4efc-b17a-64dee24e3efc.webp",1209,720,false],"kreeti-featured":["https:\/\/veritasinfo.org\/wp-content\/uploads\/2026\/01\/46a60faf-2542-4efc-b17a-64dee24e3efc.webp",1024,610,false],"kreeti-medium":["https:\/\/veritasinfo.org\/wp-content\/uploads\/2026\/01\/46a60faf-2542-4efc-b17a-64dee24e3efc.webp",720,429,false],"kreeti-medium-square":["https:\/\/veritasinfo.org\/wp-content\/uploads\/2026\/01\/46a60faf-2542-4efc-b17a-64dee24e3efc.webp",350,208,false]},"author_info":{"info":["US6"]},"category_info":"<a href=\"https:\/\/veritasinfo.org\/?cat=58\" rel=\"category\">Politik\u00eb<\/a>","tag_info":"Politik\u00eb","comment_count":"0","_links":{"self":[{"href":"https:\/\/veritasinfo.org\/index.php?rest_route=\/wp\/v2\/posts\/28815","targetHints":{"allow":["GET"]}}],"collection":[{"href":"https:\/\/veritasinfo.org\/index.php?rest_route=\/wp\/v2\/posts"}],"about":[{"href":"https:\/\/veritasinfo.org\/index.php?rest_route=\/wp\/v2\/types\/post"}],"author":[{"embeddable":true,"href":"https:\/\/veritasinfo.org\/index.php?rest_route=\/wp\/v2\/users\/7"}],"replies":[{"embeddable":true,"href":"https:\/\/veritasinfo.org\/index.php?rest_route=%2Fwp%2Fv2%2Fcomments&post=28815"}],"version-history":[{"count":2,"href":"https:\/\/veritasinfo.org\/index.php?rest_route=\/wp\/v2\/posts\/28815\/revisions"}],"predecessor-version":[{"id":28818,"href":"https:\/\/veritasinfo.org\/index.php?rest_route=\/wp\/v2\/posts\/28815\/revisions\/28818"}],"wp:featuredmedia":[{"embeddable":true,"href":"https:\/\/veritasinfo.org\/index.php?rest_route=\/wp\/v2\/media\/28816"}],"wp:attachment":[{"href":"https:\/\/veritasinfo.org\/index.php?rest_route=%2Fwp%2Fv2%2Fmedia&parent=28815"}],"wp:term":[{"taxonomy":"category","embeddable":true,"href":"https:\/\/veritasinfo.org\/index.php?rest_route=%2Fwp%2Fv2%2Fcategories&post=28815"},{"taxonomy":"post_tag","embeddable":true,"href":"https:\/\/veritasinfo.org\/index.php?rest_route=%2Fwp%2Fv2%2Ftags&post=28815"}],"curies":[{"name":"wp","href":"https:\/\/api.w.org\/{rel}","templated":true}]}}