{"id":28810,"date":"2026-01-23T06:17:08","date_gmt":"2026-01-23T05:17:08","guid":{"rendered":"https:\/\/veritasinfo.org\/?p=28810"},"modified":"2026-01-23T06:17:08","modified_gmt":"2026-01-23T05:17:08","slug":"collaku-kosova-permes-bordit-te-paqes-i-dha-goditje-skenave-serbo-ruse-per-izolim","status":"publish","type":"post","link":"https:\/\/veritasinfo.org\/?p=28810","title":{"rendered":"\u00c7ollaku: Kosova, p\u00ebrmes Bordit t\u00eb Paqes, i dha goditje skenave serbo-ruse p\u00ebr izolim"},"content":{"rendered":"<p>Prishtin\u00eb, 23 janar 2026 06:15<\/p>\n<p>Kreshnik \u00c7ollaku, k\u00ebshilltar i presidentes s\u00eb Kosov\u00ebs, Vjosa Osmani ka th\u00ebn\u00eb pjes\u00ebmarrja e Kosov\u00ebs si an\u00ebtare themeluese e Bordit t\u00eb Paqes t\u00eb themeluar nga presidenti amerikan, Donald Trump ka nj\u00eb vler\u00eb t\u00eb shum\u00ebfisht\u00eb p\u00ebr Kosov\u00ebn.<\/p>\n<p>Ai ka th\u00ebn\u00eb se kjo \u00ebsht\u00eb konfirmim i shtet\u00ebsis\u00eb dhe sovranitetit t\u00eb Kosov\u00ebs. Sipas tij, ky an\u00ebtar\u00ebsim do t\u00eb ndal edhe pengesat nga vendet mosnjoh\u00ebse t\u00eb Kosov\u00ebs e sidomos p\u00ebrpjekjeve t\u00eb Serbis\u00eb dhe Rusis\u00eb p\u00ebr bllokim dhe izolim t\u00eb Kosov\u00ebs.<\/p>\n<div class=\"jeg_ad jeg_ad_article jnews_content_inline_ads  \">\n<div class=\"ads-wrapper align-center \">\u201c\u00cbsht\u00eb pesha e shum\u00ebfisht\u00eb p\u00ebr Kosov\u00ebn. Kosova gjendet n\u00eb epiqendr\u00ebn e k\u00ebtij projekti amerikan. Ngjarje me efekt t\u00eb jasht\u00ebzakonsh\u00ebm p\u00ebr Kosov\u00ebn. \u00cbsht\u00eb konfirmim i plot\u00eb i shtet\u00ebsis\u00eb s\u00eb Kosov\u00ebs, sovranitetit t\u00eb Kosov\u00ebs, i vendosjes s\u00eb Kosov\u00ebs n\u00eb krah t\u00eb djath\u00eb dhe aleanc\u00eb t\u00eb pa zgjidhshme t\u00eb qart\u00eb strategjike me fuqin\u00eb m\u00eb t\u00eb madhe t\u00eb globit, Shtetet e Bashkuara t\u00eb Amerik\u00ebs. Kosova sot i ka dh\u00ebn\u00eb nokdaun final skenave serbo \u2013ruse p\u00ebr bllokimin dhe izolimin e saj\u201d, ka th\u00ebn\u00eb ai n\u00eb emisionin \u201cK\u00ebndi i Debatit\u201d n\u00eb T\u00ebv\u00eb1.<\/div>\n<\/div>\n<p>\u00c7ollaku ka th\u00ebn\u00eb se Bordi i Paqes do t\u00eb jet\u00eb organizata m\u00eb e fuqishme p\u00ebr rendin, paqen e zhvillimin .<\/p>\n<p>\u201cJo vet\u00ebm q\u00eb prejkson vizioin amerikane p\u00ebr rendin bot\u00ebro, marrdh\u00ebniet nd\u00ebrkombtare, konfrlitet , paqen dhe zgjidhjen e tyre, ka me qen\u00eb nj\u00eb organizata e re nd\u00ebrkombtare mbase m\u00eb e fuqishmja e globit nj\u00eb simetrie e vizionit amerikane p\u00ebr rendin, paqen n\u00eb bot\u00eb dhe zhvillimin\u201d, tha ai.<\/p>\n","protected":false},"excerpt":{"rendered":"<p>Prishtin\u00eb, 23 janar 2026 06:15 Kreshnik \u00c7ollaku, k\u00ebshilltar i presidentes s\u00eb Kosov\u00ebs, Vjosa Osmani ka th\u00ebn\u00eb pjes\u00ebmarrja e Kosov\u00ebs si an\u00ebtare themeluese e Bordit t\u00eb<\/p>\n","protected":false},"author":7,"featured_media":28811,"comment_status":"open","ping_status":"open","sticky":false,"template":"","format":"standard","meta":{"footnotes":""},"categories":[58],"tags":[],"class_list":["post-28810","post","type-post","status-publish","format-standard","has-post-thumbnail","hentry","category-politike-sq"],"yoast_head":"<!-- This site is optimized with the Yoast SEO plugin v25.3.1 - https:\/\/yoast.com\/wordpress\/plugins\/seo\/ -->\n<title>\u00c7ollaku: Kosova, p\u00ebrmes Bordit t\u00eb Paqes, i dha goditje skenave serbo-ruse p\u00ebr izolim -<\/title>\n<meta name=\"robots\" content=\"index, follow, max-snippet:-1, max-image-preview:large, max-video-preview:-1\" \/>\n<link rel=\"canonical\" href=\"https:\/\/veritasinfo.org\/?p=28810\" \/>\n<meta property=\"og:locale\" content=\"en_US\" \/>\n<meta property=\"og:type\" content=\"article\" \/>\n<meta property=\"og:title\" content=\"\u00c7ollaku: Kosova, p\u00ebrmes Bordit t\u00eb Paqes, i dha goditje skenave serbo-ruse p\u00ebr izolim -\" \/>\n<meta property=\"og:description\" content=\"Prishtin\u00eb, 23 janar 2026 06:15 Kreshnik \u00c7ollaku, k\u00ebshilltar i presidentes s\u00eb Kosov\u00ebs, Vjosa Osmani ka th\u00ebn\u00eb pjes\u00ebmarrja e Kosov\u00ebs si an\u00ebtare themeluese e Bordit t\u00eb\" \/>\n<meta property=\"og:url\" content=\"https:\/\/veritasinfo.org\/?p=28810\" \/>\n<meta property=\"article:published_time\" content=\"2026-01-23T05:17:08+00:00\" \/>\n<meta property=\"og:image\" content=\"https:\/\/veritasinfo.org\/wp-content\/uploads\/2026\/01\/images-10.jpeg\" \/>\n\t<meta property=\"og:image:width\" content=\"447\" \/>\n\t<meta property=\"og:image:height\" content=\"447\" \/>\n\t<meta property=\"og:image:type\" content=\"image\/jpeg\" \/>\n<meta name=\"author\" content=\"US6\" \/>\n<meta name=\"twitter:card\" content=\"summary_large_image\" \/>\n<meta name=\"twitter:label1\" content=\"Written by\" \/>\n\t<meta name=\"twitter:data1\" content=\"US6\" \/>\n\t<meta name=\"twitter:label2\" content=\"Est. reading time\" \/>\n\t<meta name=\"twitter:data2\" content=\"2 minutes\" \/>\n<script type=\"application\/ld+json\" class=\"yoast-schema-graph\">{\"@context\":\"https:\/\/schema.org\",\"@graph\":[{\"@type\":\"WebPage\",\"@id\":\"https:\/\/veritasinfo.org\/?p=28810\",\"url\":\"https:\/\/veritasinfo.org\/?p=28810\",\"name\":\"\u00c7ollaku: Kosova, p\u00ebrmes Bordit t\u00eb Paqes, i dha goditje skenave serbo-ruse p\u00ebr izolim -\",\"isPartOf\":{\"@id\":\"https:\/\/veritasinfo.org\/#website\"},\"primaryImageOfPage\":{\"@id\":\"https:\/\/veritasinfo.org\/?p=28810#primaryimage\"},\"image\":{\"@id\":\"https:\/\/veritasinfo.org\/?p=28810#primaryimage\"},\"thumbnailUrl\":\"https:\/\/veritasinfo.org\/wp-content\/uploads\/2026\/01\/images-10.jpeg\",\"datePublished\":\"2026-01-23T05:17:08+00:00\",\"author\":{\"@id\":\"https:\/\/veritasinfo.org\/#\/schema\/person\/fe199eede04c3937362892b7444747cc\"},\"breadcrumb\":{\"@id\":\"https:\/\/veritasinfo.org\/?p=28810#breadcrumb\"},\"inLanguage\":\"en-US\",\"potentialAction\":[{\"@type\":\"ReadAction\",\"target\":[\"https:\/\/veritasinfo.org\/?p=28810\"]}]},{\"@type\":\"ImageObject\",\"inLanguage\":\"en-US\",\"@id\":\"https:\/\/veritasinfo.org\/?p=28810#primaryimage\",\"url\":\"https:\/\/veritasinfo.org\/wp-content\/uploads\/2026\/01\/images-10.jpeg\",\"contentUrl\":\"https:\/\/veritasinfo.org\/wp-content\/uploads\/2026\/01\/images-10.jpeg\",\"width\":447,\"height\":447},{\"@type\":\"BreadcrumbList\",\"@id\":\"https:\/\/veritasinfo.org\/?p=28810#breadcrumb\",\"itemListElement\":[{\"@type\":\"ListItem\",\"position\":1,\"name\":\"Home\",\"item\":\"https:\/\/veritasinfo.org\/\"},{\"@type\":\"ListItem\",\"position\":2,\"name\":\"\u00c7ollaku: Kosova, p\u00ebrmes Bordit t\u00eb Paqes, i dha goditje skenave serbo-ruse p\u00ebr izolim\"}]},{\"@type\":\"WebSite\",\"@id\":\"https:\/\/veritasinfo.org\/#website\",\"url\":\"https:\/\/veritasinfo.org\/\",\"name\":\"\",\"description\":\"\",\"potentialAction\":[{\"@type\":\"SearchAction\",\"target\":{\"@type\":\"EntryPoint\",\"urlTemplate\":\"https:\/\/veritasinfo.org\/?s={search_term_string}\"},\"query-input\":{\"@type\":\"PropertyValueSpecification\",\"valueRequired\":true,\"valueName\":\"search_term_string\"}}],\"inLanguage\":\"en-US\"},{\"@type\":\"Person\",\"@id\":\"https:\/\/veritasinfo.org\/#\/schema\/person\/fe199eede04c3937362892b7444747cc\",\"name\":\"US6\",\"image\":{\"@type\":\"ImageObject\",\"inLanguage\":\"en-US\",\"@id\":\"https:\/\/veritasinfo.org\/#\/schema\/person\/image\/\",\"url\":\"https:\/\/secure.gravatar.com\/avatar\/cb16c3c31c9d23b9b8c705964598220b3014e42ff51eb540ff23cefa3ae8c15f?s=96&d=mm&r=g\",\"contentUrl\":\"https:\/\/secure.gravatar.com\/avatar\/cb16c3c31c9d23b9b8c705964598220b3014e42ff51eb540ff23cefa3ae8c15f?s=96&d=mm&r=g\",\"caption\":\"US6\"},\"url\":\"https:\/\/veritasinfo.org\/?author=7\"}]}<\/script>\n<!-- \/ Yoast SEO plugin. -->","yoast_head_json":{"title":"\u00c7ollaku: Kosova, p\u00ebrmes Bordit t\u00eb Paqes, i dha goditje skenave serbo-ruse p\u00ebr izolim -","robots":{"index":"index","follow":"follow","max-snippet":"max-snippet:-1","max-image-preview":"max-image-preview:large","max-video-preview":"max-video-preview:-1"},"canonical":"https:\/\/veritasinfo.org\/?p=28810","og_locale":"en_US","og_type":"article","og_title":"\u00c7ollaku: Kosova, p\u00ebrmes Bordit t\u00eb Paqes, i dha goditje skenave serbo-ruse p\u00ebr izolim -","og_description":"Prishtin\u00eb, 23 janar 2026 06:15 Kreshnik \u00c7ollaku, k\u00ebshilltar i presidentes s\u00eb Kosov\u00ebs, Vjosa Osmani ka th\u00ebn\u00eb pjes\u00ebmarrja e Kosov\u00ebs si an\u00ebtare themeluese e Bordit t\u00eb","og_url":"https:\/\/veritasinfo.org\/?p=28810","article_published_time":"2026-01-23T05:17:08+00:00","og_image":[{"width":447,"height":447,"url":"https:\/\/veritasinfo.org\/wp-content\/uploads\/2026\/01\/images-10.jpeg","type":"image\/jpeg"}],"author":"US6","twitter_card":"summary_large_image","twitter_misc":{"Written by":"US6","Est. reading time":"2 minutes"},"schema":{"@context":"https:\/\/schema.org","@graph":[{"@type":"WebPage","@id":"https:\/\/veritasinfo.org\/?p=28810","url":"https:\/\/veritasinfo.org\/?p=28810","name":"\u00c7ollaku: Kosova, p\u00ebrmes Bordit t\u00eb Paqes, i dha goditje skenave serbo-ruse p\u00ebr izolim -","isPartOf":{"@id":"https:\/\/veritasinfo.org\/#website"},"primaryImageOfPage":{"@id":"https:\/\/veritasinfo.org\/?p=28810#primaryimage"},"image":{"@id":"https:\/\/veritasinfo.org\/?p=28810#primaryimage"},"thumbnailUrl":"https:\/\/veritasinfo.org\/wp-content\/uploads\/2026\/01\/images-10.jpeg","datePublished":"2026-01-23T05:17:08+00:00","author":{"@id":"https:\/\/veritasinfo.org\/#\/schema\/person\/fe199eede04c3937362892b7444747cc"},"breadcrumb":{"@id":"https:\/\/veritasinfo.org\/?p=28810#breadcrumb"},"inLanguage":"en-US","potentialAction":[{"@type":"ReadAction","target":["https:\/\/veritasinfo.org\/?p=28810"]}]},{"@type":"ImageObject","inLanguage":"en-US","@id":"https:\/\/veritasinfo.org\/?p=28810#primaryimage","url":"https:\/\/veritasinfo.org\/wp-content\/uploads\/2026\/01\/images-10.jpeg","contentUrl":"https:\/\/veritasinfo.org\/wp-content\/uploads\/2026\/01\/images-10.jpeg","width":447,"height":447},{"@type":"BreadcrumbList","@id":"https:\/\/veritasinfo.org\/?p=28810#breadcrumb","itemListElement":[{"@type":"ListItem","position":1,"name":"Home","item":"https:\/\/veritasinfo.org\/"},{"@type":"ListItem","position":2,"name":"\u00c7ollaku: Kosova, p\u00ebrmes Bordit t\u00eb Paqes, i dha goditje skenave serbo-ruse p\u00ebr izolim"}]},{"@type":"WebSite","@id":"https:\/\/veritasinfo.org\/#website","url":"https:\/\/veritasinfo.org\/","name":"","description":"","potentialAction":[{"@type":"SearchAction","target":{"@type":"EntryPoint","urlTemplate":"https:\/\/veritasinfo.org\/?s={search_term_string}"},"query-input":{"@type":"PropertyValueSpecification","valueRequired":true,"valueName":"search_term_string"}}],"inLanguage":"en-US"},{"@type":"Person","@id":"https:\/\/veritasinfo.org\/#\/schema\/person\/fe199eede04c3937362892b7444747cc","name":"US6","image":{"@type":"ImageObject","inLanguage":"en-US","@id":"https:\/\/veritasinfo.org\/#\/schema\/person\/image\/","url":"https:\/\/secure.gravatar.com\/avatar\/cb16c3c31c9d23b9b8c705964598220b3014e42ff51eb540ff23cefa3ae8c15f?s=96&d=mm&r=g","contentUrl":"https:\/\/secure.gravatar.com\/avatar\/cb16c3c31c9d23b9b8c705964598220b3014e42ff51eb540ff23cefa3ae8c15f?s=96&d=mm&r=g","caption":"US6"},"url":"https:\/\/veritasinfo.org\/?author=7"}]}},"featured_image_urls":{"full":["https:\/\/veritasinfo.org\/wp-content\/uploads\/2026\/01\/images-10.jpeg",447,447,false],"thumbnail":["https:\/\/veritasinfo.org\/wp-content\/uploads\/2026\/01\/images-10-150x150.jpeg",150,150,true],"medium":["https:\/\/veritasinfo.org\/wp-content\/uploads\/2026\/01\/images-10-300x300.jpeg",300,300,true],"medium_large":["https:\/\/veritasinfo.org\/wp-content\/uploads\/2026\/01\/images-10.jpeg",447,447,false],"large":["https:\/\/veritasinfo.org\/wp-content\/uploads\/2026\/01\/images-10.jpeg",447,447,false],"1536x1536":["https:\/\/veritasinfo.org\/wp-content\/uploads\/2026\/01\/images-10.jpeg",447,447,false],"2048x2048":["https:\/\/veritasinfo.org\/wp-content\/uploads\/2026\/01\/images-10.jpeg",447,447,false],"kreeti-slider-full":["https:\/\/veritasinfo.org\/wp-content\/uploads\/2026\/01\/images-10.jpeg",447,447,false],"kreeti-featured":["https:\/\/veritasinfo.org\/wp-content\/uploads\/2026\/01\/images-10.jpeg",447,447,false],"kreeti-medium":["https:\/\/veritasinfo.org\/wp-content\/uploads\/2026\/01\/images-10.jpeg",447,447,false],"kreeti-medium-square":["https:\/\/veritasinfo.org\/wp-content\/uploads\/2026\/01\/images-10.jpeg",350,350,false]},"author_info":{"info":["US6"]},"category_info":"<a href=\"https:\/\/veritasinfo.org\/?cat=58\" rel=\"category\">Politik\u00eb<\/a>","tag_info":"Politik\u00eb","comment_count":"0","_links":{"self":[{"href":"https:\/\/veritasinfo.org\/index.php?rest_route=\/wp\/v2\/posts\/28810","targetHints":{"allow":["GET"]}}],"collection":[{"href":"https:\/\/veritasinfo.org\/index.php?rest_route=\/wp\/v2\/posts"}],"about":[{"href":"https:\/\/veritasinfo.org\/index.php?rest_route=\/wp\/v2\/types\/post"}],"author":[{"embeddable":true,"href":"https:\/\/veritasinfo.org\/index.php?rest_route=\/wp\/v2\/users\/7"}],"replies":[{"embeddable":true,"href":"https:\/\/veritasinfo.org\/index.php?rest_route=%2Fwp%2Fv2%2Fcomments&post=28810"}],"version-history":[{"count":1,"href":"https:\/\/veritasinfo.org\/index.php?rest_route=\/wp\/v2\/posts\/28810\/revisions"}],"predecessor-version":[{"id":28812,"href":"https:\/\/veritasinfo.org\/index.php?rest_route=\/wp\/v2\/posts\/28810\/revisions\/28812"}],"wp:featuredmedia":[{"embeddable":true,"href":"https:\/\/veritasinfo.org\/index.php?rest_route=\/wp\/v2\/media\/28811"}],"wp:attachment":[{"href":"https:\/\/veritasinfo.org\/index.php?rest_route=%2Fwp%2Fv2%2Fmedia&parent=28810"}],"wp:term":[{"taxonomy":"category","embeddable":true,"href":"https:\/\/veritasinfo.org\/index.php?rest_route=%2Fwp%2Fv2%2Fcategories&post=28810"},{"taxonomy":"post_tag","embeddable":true,"href":"https:\/\/veritasinfo.org\/index.php?rest_route=%2Fwp%2Fv2%2Ftags&post=28810"}],"curies":[{"name":"wp","href":"https:\/\/api.w.org\/{rel}","templated":true}]}}