{"id":28804,"date":"2026-01-22T21:49:52","date_gmt":"2026-01-22T20:49:52","guid":{"rendered":"https:\/\/veritasinfo.org\/?p=28804"},"modified":"2026-01-22T21:49:52","modified_gmt":"2026-01-22T20:49:52","slug":"komandanti-i-kfor-it-takohet-me-pecin-ne-mitrovicen-e-jugut-diskutohet-situata-e-sigurise","status":"publish","type":"post","link":"https:\/\/veritasinfo.org\/?p=28804","title":{"rendered":"Komandanti i KFOR-it takohet me Pecin n\u00eb Mitrovic\u00ebn e Jugut, diskutohet situata e siguris\u00eb"},"content":{"rendered":"<p>Mitrovic\u00eb, 22 janar 2026 21:49<\/p>\n<p>Komandanti i misionit t\u00eb udh\u00ebhequr nga NATO n\u00eb Kosov\u00eb (KFOR), Gjeneralmajor \u00d6zkan Uluta\u015f, ka zhvilluar sot nj\u00eb takim me kryetarin e Komun\u00ebs s\u00eb Mitrovic\u00ebs s\u00eb Jugut, Faton Peci, n\u00eb ambientet e komun\u00ebs.<\/p>\n<p>Sipas njoftimit t\u00eb KFOR-it, diskutimet jan\u00eb fokusuar n\u00eb situat\u00ebn e p\u00ebrgjithshme t\u00eb siguris\u00eb si dhe n\u00eb \u00e7\u00ebshtjet q\u00eb prekin komunat dhe qytetar\u00ebt. Gjeneralmajor Uluta\u015f theksoi p\u00ebrkushtimin e vazhduesh\u00ebm t\u00eb KFOR-it p\u00ebr t\u00eb garantuar nj\u00eb mjedis t\u00eb sigurt dhe t\u00eb qet\u00eb p\u00ebr t\u00eb gjith\u00eb qytetar\u00ebt e Kosov\u00ebs.<\/p>\n<p>KFOR ka rikujtuar se vazhdon t\u00eb zbatoj\u00eb mandatin e tij, t\u00eb bazuar n\u00eb Rezolut\u00ebn 1244 t\u00eb K\u00ebshillit t\u00eb Sigurimit t\u00eb OKB-s\u00eb t\u00eb vitit 1999, me q\u00ebllim kontribuimin n\u00eb siguri, stabilitet dhe lirin\u00eb e l\u00ebvizjes p\u00ebr t\u00eb gjith\u00eb, n\u00eb m\u00ebnyr\u00eb t\u00eb paanshme dhe n\u00eb \u00e7do koh\u00eb\u201d, thuhet n\u00eb njoftim.<\/p>\n<p>Misioni i KFOR-it thekson se punon n\u00eb koordinim t\u00eb ngusht\u00eb me Policin\u00eb e Kosov\u00ebs dhe me Misionin e Bashkimit Evropian p\u00ebr Sundimin e Ligjit n\u00eb Kosov\u00eb (EULEX), secili n\u00eb p\u00ebrputhje me rolin e vet si reagues t\u00eb siguris\u00eb.<\/p>\n","protected":false},"excerpt":{"rendered":"<p>Mitrovic\u00eb, 22 janar 2026 21:49 Komandanti i misionit t\u00eb udh\u00ebhequr nga NATO n\u00eb Kosov\u00eb (KFOR), Gjeneralmajor \u00d6zkan Uluta\u015f, ka zhvilluar sot nj\u00eb takim me kryetarin<\/p>\n","protected":false},"author":7,"featured_media":28805,"comment_status":"open","ping_status":"open","sticky":false,"template":"","format":"standard","meta":{"footnotes":""},"categories":[52],"tags":[],"class_list":["post-28804","post","type-post","status-publish","format-standard","has-post-thumbnail","hentry","category-komunat-sq"],"yoast_head":"<!-- This site is optimized with the Yoast SEO plugin v25.3.1 - https:\/\/yoast.com\/wordpress\/plugins\/seo\/ -->\n<title>Komandanti i KFOR-it takohet me Pecin n\u00eb Mitrovic\u00ebn e Jugut, diskutohet situata e siguris\u00eb -<\/title>\n<meta name=\"robots\" content=\"index, follow, max-snippet:-1, max-image-preview:large, max-video-preview:-1\" \/>\n<link rel=\"canonical\" href=\"https:\/\/veritasinfo.org\/?p=28804\" \/>\n<meta property=\"og:locale\" content=\"en_US\" \/>\n<meta property=\"og:type\" content=\"article\" \/>\n<meta property=\"og:title\" content=\"Komandanti i KFOR-it takohet me Pecin n\u00eb Mitrovic\u00ebn e Jugut, diskutohet situata e siguris\u00eb -\" \/>\n<meta property=\"og:description\" content=\"Mitrovic\u00eb, 22 janar 2026 21:49 Komandanti i misionit t\u00eb udh\u00ebhequr nga NATO n\u00eb Kosov\u00eb (KFOR), Gjeneralmajor \u00d6zkan Uluta\u015f, ka zhvilluar sot nj\u00eb takim me kryetarin\" \/>\n<meta property=\"og:url\" content=\"https:\/\/veritasinfo.org\/?p=28804\" \/>\n<meta property=\"article:published_time\" content=\"2026-01-22T20:49:52+00:00\" \/>\n<meta property=\"og:image\" content=\"https:\/\/veritasinfo.org\/wp-content\/uploads\/2026\/01\/618268554_1221745126724285_6907978320733984584_n-1536x1023-1.jpg\" \/>\n\t<meta property=\"og:image:width\" content=\"1536\" \/>\n\t<meta property=\"og:image:height\" content=\"1023\" \/>\n\t<meta property=\"og:image:type\" content=\"image\/jpeg\" \/>\n<meta name=\"author\" content=\"US6\" \/>\n<meta name=\"twitter:card\" content=\"summary_large_image\" \/>\n<meta name=\"twitter:label1\" content=\"Written by\" \/>\n\t<meta name=\"twitter:data1\" content=\"US6\" \/>\n\t<meta name=\"twitter:label2\" content=\"Est. reading time\" \/>\n\t<meta name=\"twitter:data2\" content=\"1 minute\" \/>\n<script type=\"application\/ld+json\" class=\"yoast-schema-graph\">{\"@context\":\"https:\/\/schema.org\",\"@graph\":[{\"@type\":\"WebPage\",\"@id\":\"https:\/\/veritasinfo.org\/?p=28804\",\"url\":\"https:\/\/veritasinfo.org\/?p=28804\",\"name\":\"Komandanti i KFOR-it takohet me Pecin n\u00eb Mitrovic\u00ebn e Jugut, diskutohet situata e siguris\u00eb -\",\"isPartOf\":{\"@id\":\"https:\/\/veritasinfo.org\/#website\"},\"primaryImageOfPage\":{\"@id\":\"https:\/\/veritasinfo.org\/?p=28804#primaryimage\"},\"image\":{\"@id\":\"https:\/\/veritasinfo.org\/?p=28804#primaryimage\"},\"thumbnailUrl\":\"https:\/\/veritasinfo.org\/wp-content\/uploads\/2026\/01\/618268554_1221745126724285_6907978320733984584_n-1536x1023-1.jpg\",\"datePublished\":\"2026-01-22T20:49:52+00:00\",\"author\":{\"@id\":\"https:\/\/veritasinfo.org\/#\/schema\/person\/fe199eede04c3937362892b7444747cc\"},\"breadcrumb\":{\"@id\":\"https:\/\/veritasinfo.org\/?p=28804#breadcrumb\"},\"inLanguage\":\"en-US\",\"potentialAction\":[{\"@type\":\"ReadAction\",\"target\":[\"https:\/\/veritasinfo.org\/?p=28804\"]}]},{\"@type\":\"ImageObject\",\"inLanguage\":\"en-US\",\"@id\":\"https:\/\/veritasinfo.org\/?p=28804#primaryimage\",\"url\":\"https:\/\/veritasinfo.org\/wp-content\/uploads\/2026\/01\/618268554_1221745126724285_6907978320733984584_n-1536x1023-1.jpg\",\"contentUrl\":\"https:\/\/veritasinfo.org\/wp-content\/uploads\/2026\/01\/618268554_1221745126724285_6907978320733984584_n-1536x1023-1.jpg\",\"width\":1536,\"height\":1023},{\"@type\":\"BreadcrumbList\",\"@id\":\"https:\/\/veritasinfo.org\/?p=28804#breadcrumb\",\"itemListElement\":[{\"@type\":\"ListItem\",\"position\":1,\"name\":\"Home\",\"item\":\"https:\/\/veritasinfo.org\/\"},{\"@type\":\"ListItem\",\"position\":2,\"name\":\"Komandanti i KFOR-it takohet me Pecin n\u00eb Mitrovic\u00ebn e Jugut, diskutohet situata e siguris\u00eb\"}]},{\"@type\":\"WebSite\",\"@id\":\"https:\/\/veritasinfo.org\/#website\",\"url\":\"https:\/\/veritasinfo.org\/\",\"name\":\"\",\"description\":\"\",\"potentialAction\":[{\"@type\":\"SearchAction\",\"target\":{\"@type\":\"EntryPoint\",\"urlTemplate\":\"https:\/\/veritasinfo.org\/?s={search_term_string}\"},\"query-input\":{\"@type\":\"PropertyValueSpecification\",\"valueRequired\":true,\"valueName\":\"search_term_string\"}}],\"inLanguage\":\"en-US\"},{\"@type\":\"Person\",\"@id\":\"https:\/\/veritasinfo.org\/#\/schema\/person\/fe199eede04c3937362892b7444747cc\",\"name\":\"US6\",\"image\":{\"@type\":\"ImageObject\",\"inLanguage\":\"en-US\",\"@id\":\"https:\/\/veritasinfo.org\/#\/schema\/person\/image\/\",\"url\":\"https:\/\/secure.gravatar.com\/avatar\/cb16c3c31c9d23b9b8c705964598220b3014e42ff51eb540ff23cefa3ae8c15f?s=96&d=mm&r=g\",\"contentUrl\":\"https:\/\/secure.gravatar.com\/avatar\/cb16c3c31c9d23b9b8c705964598220b3014e42ff51eb540ff23cefa3ae8c15f?s=96&d=mm&r=g\",\"caption\":\"US6\"},\"url\":\"https:\/\/veritasinfo.org\/?author=7\"}]}<\/script>\n<!-- \/ Yoast SEO plugin. -->","yoast_head_json":{"title":"Komandanti i KFOR-it takohet me Pecin n\u00eb Mitrovic\u00ebn e Jugut, diskutohet situata e siguris\u00eb -","robots":{"index":"index","follow":"follow","max-snippet":"max-snippet:-1","max-image-preview":"max-image-preview:large","max-video-preview":"max-video-preview:-1"},"canonical":"https:\/\/veritasinfo.org\/?p=28804","og_locale":"en_US","og_type":"article","og_title":"Komandanti i KFOR-it takohet me Pecin n\u00eb Mitrovic\u00ebn e Jugut, diskutohet situata e siguris\u00eb -","og_description":"Mitrovic\u00eb, 22 janar 2026 21:49 Komandanti i misionit t\u00eb udh\u00ebhequr nga NATO n\u00eb Kosov\u00eb (KFOR), Gjeneralmajor \u00d6zkan Uluta\u015f, ka zhvilluar sot nj\u00eb takim me kryetarin","og_url":"https:\/\/veritasinfo.org\/?p=28804","article_published_time":"2026-01-22T20:49:52+00:00","og_image":[{"width":1536,"height":1023,"url":"https:\/\/veritasinfo.org\/wp-content\/uploads\/2026\/01\/618268554_1221745126724285_6907978320733984584_n-1536x1023-1.jpg","type":"image\/jpeg"}],"author":"US6","twitter_card":"summary_large_image","twitter_misc":{"Written by":"US6","Est. reading time":"1 minute"},"schema":{"@context":"https:\/\/schema.org","@graph":[{"@type":"WebPage","@id":"https:\/\/veritasinfo.org\/?p=28804","url":"https:\/\/veritasinfo.org\/?p=28804","name":"Komandanti i KFOR-it takohet me Pecin n\u00eb Mitrovic\u00ebn e Jugut, diskutohet situata e siguris\u00eb -","isPartOf":{"@id":"https:\/\/veritasinfo.org\/#website"},"primaryImageOfPage":{"@id":"https:\/\/veritasinfo.org\/?p=28804#primaryimage"},"image":{"@id":"https:\/\/veritasinfo.org\/?p=28804#primaryimage"},"thumbnailUrl":"https:\/\/veritasinfo.org\/wp-content\/uploads\/2026\/01\/618268554_1221745126724285_6907978320733984584_n-1536x1023-1.jpg","datePublished":"2026-01-22T20:49:52+00:00","author":{"@id":"https:\/\/veritasinfo.org\/#\/schema\/person\/fe199eede04c3937362892b7444747cc"},"breadcrumb":{"@id":"https:\/\/veritasinfo.org\/?p=28804#breadcrumb"},"inLanguage":"en-US","potentialAction":[{"@type":"ReadAction","target":["https:\/\/veritasinfo.org\/?p=28804"]}]},{"@type":"ImageObject","inLanguage":"en-US","@id":"https:\/\/veritasinfo.org\/?p=28804#primaryimage","url":"https:\/\/veritasinfo.org\/wp-content\/uploads\/2026\/01\/618268554_1221745126724285_6907978320733984584_n-1536x1023-1.jpg","contentUrl":"https:\/\/veritasinfo.org\/wp-content\/uploads\/2026\/01\/618268554_1221745126724285_6907978320733984584_n-1536x1023-1.jpg","width":1536,"height":1023},{"@type":"BreadcrumbList","@id":"https:\/\/veritasinfo.org\/?p=28804#breadcrumb","itemListElement":[{"@type":"ListItem","position":1,"name":"Home","item":"https:\/\/veritasinfo.org\/"},{"@type":"ListItem","position":2,"name":"Komandanti i KFOR-it takohet me Pecin n\u00eb Mitrovic\u00ebn e Jugut, diskutohet situata e siguris\u00eb"}]},{"@type":"WebSite","@id":"https:\/\/veritasinfo.org\/#website","url":"https:\/\/veritasinfo.org\/","name":"","description":"","potentialAction":[{"@type":"SearchAction","target":{"@type":"EntryPoint","urlTemplate":"https:\/\/veritasinfo.org\/?s={search_term_string}"},"query-input":{"@type":"PropertyValueSpecification","valueRequired":true,"valueName":"search_term_string"}}],"inLanguage":"en-US"},{"@type":"Person","@id":"https:\/\/veritasinfo.org\/#\/schema\/person\/fe199eede04c3937362892b7444747cc","name":"US6","image":{"@type":"ImageObject","inLanguage":"en-US","@id":"https:\/\/veritasinfo.org\/#\/schema\/person\/image\/","url":"https:\/\/secure.gravatar.com\/avatar\/cb16c3c31c9d23b9b8c705964598220b3014e42ff51eb540ff23cefa3ae8c15f?s=96&d=mm&r=g","contentUrl":"https:\/\/secure.gravatar.com\/avatar\/cb16c3c31c9d23b9b8c705964598220b3014e42ff51eb540ff23cefa3ae8c15f?s=96&d=mm&r=g","caption":"US6"},"url":"https:\/\/veritasinfo.org\/?author=7"}]}},"featured_image_urls":{"full":["https:\/\/veritasinfo.org\/wp-content\/uploads\/2026\/01\/618268554_1221745126724285_6907978320733984584_n-1536x1023-1.jpg",1536,1023,false],"thumbnail":["https:\/\/veritasinfo.org\/wp-content\/uploads\/2026\/01\/618268554_1221745126724285_6907978320733984584_n-1536x1023-1-150x150.jpg",150,150,true],"medium":["https:\/\/veritasinfo.org\/wp-content\/uploads\/2026\/01\/618268554_1221745126724285_6907978320733984584_n-1536x1023-1-300x200.jpg",300,200,true],"medium_large":["https:\/\/veritasinfo.org\/wp-content\/uploads\/2026\/01\/618268554_1221745126724285_6907978320733984584_n-1536x1023-1-768x512.jpg",640,427,true],"large":["https:\/\/veritasinfo.org\/wp-content\/uploads\/2026\/01\/618268554_1221745126724285_6907978320733984584_n-1536x1023-1-1024x682.jpg",640,426,true],"1536x1536":["https:\/\/veritasinfo.org\/wp-content\/uploads\/2026\/01\/618268554_1221745126724285_6907978320733984584_n-1536x1023-1.jpg",1536,1023,false],"2048x2048":["https:\/\/veritasinfo.org\/wp-content\/uploads\/2026\/01\/618268554_1221745126724285_6907978320733984584_n-1536x1023-1.jpg",1536,1023,false],"kreeti-slider-full":["https:\/\/veritasinfo.org\/wp-content\/uploads\/2026\/01\/618268554_1221745126724285_6907978320733984584_n-1536x1023-1.jpg",1081,720,false],"kreeti-featured":["https:\/\/veritasinfo.org\/wp-content\/uploads\/2026\/01\/618268554_1221745126724285_6907978320733984584_n-1536x1023-1.jpg",1024,682,false],"kreeti-medium":["https:\/\/veritasinfo.org\/wp-content\/uploads\/2026\/01\/618268554_1221745126724285_6907978320733984584_n-1536x1023-1.jpg",720,480,false],"kreeti-medium-square":["https:\/\/veritasinfo.org\/wp-content\/uploads\/2026\/01\/618268554_1221745126724285_6907978320733984584_n-1536x1023-1.jpg",350,233,false]},"author_info":{"info":["US6"]},"category_info":"<a href=\"https:\/\/veritasinfo.org\/?cat=52\" rel=\"category\">Komunat<\/a>","tag_info":"Komunat","comment_count":"0","_links":{"self":[{"href":"https:\/\/veritasinfo.org\/index.php?rest_route=\/wp\/v2\/posts\/28804","targetHints":{"allow":["GET"]}}],"collection":[{"href":"https:\/\/veritasinfo.org\/index.php?rest_route=\/wp\/v2\/posts"}],"about":[{"href":"https:\/\/veritasinfo.org\/index.php?rest_route=\/wp\/v2\/types\/post"}],"author":[{"embeddable":true,"href":"https:\/\/veritasinfo.org\/index.php?rest_route=\/wp\/v2\/users\/7"}],"replies":[{"embeddable":true,"href":"https:\/\/veritasinfo.org\/index.php?rest_route=%2Fwp%2Fv2%2Fcomments&post=28804"}],"version-history":[{"count":1,"href":"https:\/\/veritasinfo.org\/index.php?rest_route=\/wp\/v2\/posts\/28804\/revisions"}],"predecessor-version":[{"id":28806,"href":"https:\/\/veritasinfo.org\/index.php?rest_route=\/wp\/v2\/posts\/28804\/revisions\/28806"}],"wp:featuredmedia":[{"embeddable":true,"href":"https:\/\/veritasinfo.org\/index.php?rest_route=\/wp\/v2\/media\/28805"}],"wp:attachment":[{"href":"https:\/\/veritasinfo.org\/index.php?rest_route=%2Fwp%2Fv2%2Fmedia&parent=28804"}],"wp:term":[{"taxonomy":"category","embeddable":true,"href":"https:\/\/veritasinfo.org\/index.php?rest_route=%2Fwp%2Fv2%2Fcategories&post=28804"},{"taxonomy":"post_tag","embeddable":true,"href":"https:\/\/veritasinfo.org\/index.php?rest_route=%2Fwp%2Fv2%2Ftags&post=28804"}],"curies":[{"name":"wp","href":"https:\/\/api.w.org\/{rel}","templated":true}]}}