{"id":28779,"date":"2026-01-22T15:33:21","date_gmt":"2026-01-22T14:33:21","guid":{"rendered":"https:\/\/veritasinfo.org\/?p=28779"},"modified":"2026-01-22T15:33:21","modified_gmt":"2026-01-22T14:33:21","slug":"osmani-perfshirja-e-kosoves-ne-bordin-e-paqes-do-te-dergohet-per-ratifikim-ne-kuvend","status":"publish","type":"post","link":"https:\/\/veritasinfo.org\/?p=28779","title":{"rendered":"Osmani: P\u00ebrfshirja e Kosov\u00ebs n\u00eb Bordin e Paqes do t\u00eb d\u00ebrgohet p\u00ebr ratifikim n\u00eb Kuvend"},"content":{"rendered":"<p>Prishtin\u00eb 22 janar 2026 15:32<\/p>\n<p>Presidentja e Kosov\u00ebs, Vjosa Osmani, ka th\u00ebn\u00eb se p\u00ebrfshirjen e Kosov\u00ebs n\u00eb themelimin e Bordit t\u00eb Paqes, do ta d\u00ebrgoj\u00eb p\u00ebr ratifikim n\u00eb Kuvendin e Kosov\u00ebs, n\u00eb p\u00ebrputhje me kushtetut\u00ebn e vendit.<\/p>\n<p>Presidentja Osmani deklaroi se an\u00ebtar\u00ebsimi n\u00eb organizata nd\u00ebrkomb\u00ebtare t\u00eb paqes q\u00eb udh\u00ebhiqen nga Shtetet e Bashkuara t\u00eb Amerik\u00ebs \u00ebsht\u00eb n\u00eb interesin m\u00eb t\u00eb lart\u00eb t\u00eb Kosov\u00ebs.<\/p>\n<p>\u201cAn\u00ebtar\u00ebsimi n\u00eb organizata nd\u00ebrkomb\u00ebtare t\u00eb paqes e q\u00eb udh\u00ebhiqen nga aleati yn\u00eb strategjik, fuqizon sovranitetin ton\u00eb, pozicionin ton\u00eb nd\u00ebrkomb\u00ebtar, si dhe \u00ebsht\u00eb n\u00eb interesin m\u00eb t\u00eb lart\u00eb t\u00eb Republik\u00ebs s\u00eb Kosov\u00ebs. Prandaj, kjo marr\u00ebveshje historike do t\u2019i d\u00ebrgohet Kuvendit t\u00eb Kosov\u00ebs p\u00ebr ratifikim, n\u00eb p\u00ebrputhje me kushtetut\u00ebn e Kosov\u00ebs, p\u00ebr t\u00eb marr\u00eb miratimin final t\u00eb p\u00ebrfaq\u00ebsuesve t\u00eb popullit\u201d, ka th\u00ebn\u00eb Osmani n\u00eb nj\u00eb postim n\u00eb Facebook.<\/p>\n","protected":false},"excerpt":{"rendered":"<p>Prishtin\u00eb 22 janar 2026 15:32 Presidentja e Kosov\u00ebs, Vjosa Osmani, ka th\u00ebn\u00eb se p\u00ebrfshirjen e Kosov\u00ebs n\u00eb themelimin e Bordit t\u00eb Paqes, do ta d\u00ebrgoj\u00eb<\/p>\n","protected":false},"author":6,"featured_media":28780,"comment_status":"open","ping_status":"open","sticky":false,"template":"","format":"standard","meta":{"footnotes":""},"categories":[58],"tags":[],"class_list":["post-28779","post","type-post","status-publish","format-standard","has-post-thumbnail","hentry","category-politike-sq"],"yoast_head":"<!-- This site is optimized with the Yoast SEO plugin v25.3.1 - https:\/\/yoast.com\/wordpress\/plugins\/seo\/ -->\n<title>Osmani: P\u00ebrfshirja e Kosov\u00ebs n\u00eb Bordin e Paqes do t\u00eb d\u00ebrgohet p\u00ebr ratifikim n\u00eb Kuvend -<\/title>\n<meta name=\"robots\" content=\"index, follow, max-snippet:-1, max-image-preview:large, max-video-preview:-1\" \/>\n<link rel=\"canonical\" href=\"https:\/\/veritasinfo.org\/?p=28779\" \/>\n<meta property=\"og:locale\" content=\"en_US\" \/>\n<meta property=\"og:type\" content=\"article\" \/>\n<meta property=\"og:title\" content=\"Osmani: P\u00ebrfshirja e Kosov\u00ebs n\u00eb Bordin e Paqes do t\u00eb d\u00ebrgohet p\u00ebr ratifikim n\u00eb Kuvend -\" \/>\n<meta property=\"og:description\" content=\"Prishtin\u00eb 22 janar 2026 15:32 Presidentja e Kosov\u00ebs, Vjosa Osmani, ka th\u00ebn\u00eb se p\u00ebrfshirjen e Kosov\u00ebs n\u00eb themelimin e Bordit t\u00eb Paqes, do ta d\u00ebrgoj\u00eb\" \/>\n<meta property=\"og:url\" content=\"https:\/\/veritasinfo.org\/?p=28779\" \/>\n<meta property=\"article:published_time\" content=\"2026-01-22T14:33:21+00:00\" \/>\n<meta property=\"og:image\" content=\"https:\/\/veritasinfo.org\/wp-content\/uploads\/2026\/01\/7b3db6a5-4fa3-44b7-8a11-9e7f19f2b5e0.webp\" \/>\n\t<meta property=\"og:image:width\" content=\"1360\" \/>\n\t<meta property=\"og:image:height\" content=\"870\" \/>\n\t<meta property=\"og:image:type\" content=\"image\/webp\" \/>\n<meta name=\"author\" content=\"US5\" \/>\n<meta name=\"twitter:card\" content=\"summary_large_image\" \/>\n<meta name=\"twitter:label1\" content=\"Written by\" \/>\n\t<meta name=\"twitter:data1\" content=\"US5\" \/>\n<script type=\"application\/ld+json\" class=\"yoast-schema-graph\">{\"@context\":\"https:\/\/schema.org\",\"@graph\":[{\"@type\":\"WebPage\",\"@id\":\"https:\/\/veritasinfo.org\/?p=28779\",\"url\":\"https:\/\/veritasinfo.org\/?p=28779\",\"name\":\"Osmani: P\u00ebrfshirja e Kosov\u00ebs n\u00eb Bordin e Paqes do t\u00eb d\u00ebrgohet p\u00ebr ratifikim n\u00eb Kuvend -\",\"isPartOf\":{\"@id\":\"https:\/\/veritasinfo.org\/#website\"},\"primaryImageOfPage\":{\"@id\":\"https:\/\/veritasinfo.org\/?p=28779#primaryimage\"},\"image\":{\"@id\":\"https:\/\/veritasinfo.org\/?p=28779#primaryimage\"},\"thumbnailUrl\":\"https:\/\/veritasinfo.org\/wp-content\/uploads\/2026\/01\/7b3db6a5-4fa3-44b7-8a11-9e7f19f2b5e0.webp\",\"datePublished\":\"2026-01-22T14:33:21+00:00\",\"author\":{\"@id\":\"https:\/\/veritasinfo.org\/#\/schema\/person\/bc442336e35414d04494ab8fb45db4c6\"},\"breadcrumb\":{\"@id\":\"https:\/\/veritasinfo.org\/?p=28779#breadcrumb\"},\"inLanguage\":\"en-US\",\"potentialAction\":[{\"@type\":\"ReadAction\",\"target\":[\"https:\/\/veritasinfo.org\/?p=28779\"]}]},{\"@type\":\"ImageObject\",\"inLanguage\":\"en-US\",\"@id\":\"https:\/\/veritasinfo.org\/?p=28779#primaryimage\",\"url\":\"https:\/\/veritasinfo.org\/wp-content\/uploads\/2026\/01\/7b3db6a5-4fa3-44b7-8a11-9e7f19f2b5e0.webp\",\"contentUrl\":\"https:\/\/veritasinfo.org\/wp-content\/uploads\/2026\/01\/7b3db6a5-4fa3-44b7-8a11-9e7f19f2b5e0.webp\",\"width\":1360,\"height\":870},{\"@type\":\"BreadcrumbList\",\"@id\":\"https:\/\/veritasinfo.org\/?p=28779#breadcrumb\",\"itemListElement\":[{\"@type\":\"ListItem\",\"position\":1,\"name\":\"Home\",\"item\":\"https:\/\/veritasinfo.org\/\"},{\"@type\":\"ListItem\",\"position\":2,\"name\":\"Osmani: P\u00ebrfshirja e Kosov\u00ebs n\u00eb Bordin e Paqes do t\u00eb d\u00ebrgohet p\u00ebr ratifikim n\u00eb Kuvend\"}]},{\"@type\":\"WebSite\",\"@id\":\"https:\/\/veritasinfo.org\/#website\",\"url\":\"https:\/\/veritasinfo.org\/\",\"name\":\"\",\"description\":\"\",\"potentialAction\":[{\"@type\":\"SearchAction\",\"target\":{\"@type\":\"EntryPoint\",\"urlTemplate\":\"https:\/\/veritasinfo.org\/?s={search_term_string}\"},\"query-input\":{\"@type\":\"PropertyValueSpecification\",\"valueRequired\":true,\"valueName\":\"search_term_string\"}}],\"inLanguage\":\"en-US\"},{\"@type\":\"Person\",\"@id\":\"https:\/\/veritasinfo.org\/#\/schema\/person\/bc442336e35414d04494ab8fb45db4c6\",\"name\":\"US5\",\"image\":{\"@type\":\"ImageObject\",\"inLanguage\":\"en-US\",\"@id\":\"https:\/\/veritasinfo.org\/#\/schema\/person\/image\/\",\"url\":\"https:\/\/secure.gravatar.com\/avatar\/16a61e7272a0c5d001121ebb9e60e925d5816e4ac1e443ed3e640d9a6ae55d0c?s=96&d=mm&r=g\",\"contentUrl\":\"https:\/\/secure.gravatar.com\/avatar\/16a61e7272a0c5d001121ebb9e60e925d5816e4ac1e443ed3e640d9a6ae55d0c?s=96&d=mm&r=g\",\"caption\":\"US5\"},\"url\":\"https:\/\/veritasinfo.org\/?author=6\"}]}<\/script>\n<!-- \/ Yoast SEO plugin. -->","yoast_head_json":{"title":"Osmani: P\u00ebrfshirja e Kosov\u00ebs n\u00eb Bordin e Paqes do t\u00eb d\u00ebrgohet p\u00ebr ratifikim n\u00eb Kuvend -","robots":{"index":"index","follow":"follow","max-snippet":"max-snippet:-1","max-image-preview":"max-image-preview:large","max-video-preview":"max-video-preview:-1"},"canonical":"https:\/\/veritasinfo.org\/?p=28779","og_locale":"en_US","og_type":"article","og_title":"Osmani: P\u00ebrfshirja e Kosov\u00ebs n\u00eb Bordin e Paqes do t\u00eb d\u00ebrgohet p\u00ebr ratifikim n\u00eb Kuvend -","og_description":"Prishtin\u00eb 22 janar 2026 15:32 Presidentja e Kosov\u00ebs, Vjosa Osmani, ka th\u00ebn\u00eb se p\u00ebrfshirjen e Kosov\u00ebs n\u00eb themelimin e Bordit t\u00eb Paqes, do ta d\u00ebrgoj\u00eb","og_url":"https:\/\/veritasinfo.org\/?p=28779","article_published_time":"2026-01-22T14:33:21+00:00","og_image":[{"width":1360,"height":870,"url":"https:\/\/veritasinfo.org\/wp-content\/uploads\/2026\/01\/7b3db6a5-4fa3-44b7-8a11-9e7f19f2b5e0.webp","type":"image\/webp"}],"author":"US5","twitter_card":"summary_large_image","twitter_misc":{"Written by":"US5"},"schema":{"@context":"https:\/\/schema.org","@graph":[{"@type":"WebPage","@id":"https:\/\/veritasinfo.org\/?p=28779","url":"https:\/\/veritasinfo.org\/?p=28779","name":"Osmani: P\u00ebrfshirja e Kosov\u00ebs n\u00eb Bordin e Paqes do t\u00eb d\u00ebrgohet p\u00ebr ratifikim n\u00eb Kuvend -","isPartOf":{"@id":"https:\/\/veritasinfo.org\/#website"},"primaryImageOfPage":{"@id":"https:\/\/veritasinfo.org\/?p=28779#primaryimage"},"image":{"@id":"https:\/\/veritasinfo.org\/?p=28779#primaryimage"},"thumbnailUrl":"https:\/\/veritasinfo.org\/wp-content\/uploads\/2026\/01\/7b3db6a5-4fa3-44b7-8a11-9e7f19f2b5e0.webp","datePublished":"2026-01-22T14:33:21+00:00","author":{"@id":"https:\/\/veritasinfo.org\/#\/schema\/person\/bc442336e35414d04494ab8fb45db4c6"},"breadcrumb":{"@id":"https:\/\/veritasinfo.org\/?p=28779#breadcrumb"},"inLanguage":"en-US","potentialAction":[{"@type":"ReadAction","target":["https:\/\/veritasinfo.org\/?p=28779"]}]},{"@type":"ImageObject","inLanguage":"en-US","@id":"https:\/\/veritasinfo.org\/?p=28779#primaryimage","url":"https:\/\/veritasinfo.org\/wp-content\/uploads\/2026\/01\/7b3db6a5-4fa3-44b7-8a11-9e7f19f2b5e0.webp","contentUrl":"https:\/\/veritasinfo.org\/wp-content\/uploads\/2026\/01\/7b3db6a5-4fa3-44b7-8a11-9e7f19f2b5e0.webp","width":1360,"height":870},{"@type":"BreadcrumbList","@id":"https:\/\/veritasinfo.org\/?p=28779#breadcrumb","itemListElement":[{"@type":"ListItem","position":1,"name":"Home","item":"https:\/\/veritasinfo.org\/"},{"@type":"ListItem","position":2,"name":"Osmani: P\u00ebrfshirja e Kosov\u00ebs n\u00eb Bordin e Paqes do t\u00eb d\u00ebrgohet p\u00ebr ratifikim n\u00eb Kuvend"}]},{"@type":"WebSite","@id":"https:\/\/veritasinfo.org\/#website","url":"https:\/\/veritasinfo.org\/","name":"","description":"","potentialAction":[{"@type":"SearchAction","target":{"@type":"EntryPoint","urlTemplate":"https:\/\/veritasinfo.org\/?s={search_term_string}"},"query-input":{"@type":"PropertyValueSpecification","valueRequired":true,"valueName":"search_term_string"}}],"inLanguage":"en-US"},{"@type":"Person","@id":"https:\/\/veritasinfo.org\/#\/schema\/person\/bc442336e35414d04494ab8fb45db4c6","name":"US5","image":{"@type":"ImageObject","inLanguage":"en-US","@id":"https:\/\/veritasinfo.org\/#\/schema\/person\/image\/","url":"https:\/\/secure.gravatar.com\/avatar\/16a61e7272a0c5d001121ebb9e60e925d5816e4ac1e443ed3e640d9a6ae55d0c?s=96&d=mm&r=g","contentUrl":"https:\/\/secure.gravatar.com\/avatar\/16a61e7272a0c5d001121ebb9e60e925d5816e4ac1e443ed3e640d9a6ae55d0c?s=96&d=mm&r=g","caption":"US5"},"url":"https:\/\/veritasinfo.org\/?author=6"}]}},"featured_image_urls":{"full":["https:\/\/veritasinfo.org\/wp-content\/uploads\/2026\/01\/7b3db6a5-4fa3-44b7-8a11-9e7f19f2b5e0.webp",1360,870,false],"thumbnail":["https:\/\/veritasinfo.org\/wp-content\/uploads\/2026\/01\/7b3db6a5-4fa3-44b7-8a11-9e7f19f2b5e0-150x150.webp",150,150,true],"medium":["https:\/\/veritasinfo.org\/wp-content\/uploads\/2026\/01\/7b3db6a5-4fa3-44b7-8a11-9e7f19f2b5e0-300x192.webp",300,192,true],"medium_large":["https:\/\/veritasinfo.org\/wp-content\/uploads\/2026\/01\/7b3db6a5-4fa3-44b7-8a11-9e7f19f2b5e0-768x491.webp",640,409,true],"large":["https:\/\/veritasinfo.org\/wp-content\/uploads\/2026\/01\/7b3db6a5-4fa3-44b7-8a11-9e7f19f2b5e0-1024x655.webp",640,409,true],"1536x1536":["https:\/\/veritasinfo.org\/wp-content\/uploads\/2026\/01\/7b3db6a5-4fa3-44b7-8a11-9e7f19f2b5e0.webp",1360,870,false],"2048x2048":["https:\/\/veritasinfo.org\/wp-content\/uploads\/2026\/01\/7b3db6a5-4fa3-44b7-8a11-9e7f19f2b5e0.webp",1360,870,false],"kreeti-slider-full":["https:\/\/veritasinfo.org\/wp-content\/uploads\/2026\/01\/7b3db6a5-4fa3-44b7-8a11-9e7f19f2b5e0.webp",1126,720,false],"kreeti-featured":["https:\/\/veritasinfo.org\/wp-content\/uploads\/2026\/01\/7b3db6a5-4fa3-44b7-8a11-9e7f19f2b5e0.webp",1024,655,false],"kreeti-medium":["https:\/\/veritasinfo.org\/wp-content\/uploads\/2026\/01\/7b3db6a5-4fa3-44b7-8a11-9e7f19f2b5e0.webp",720,461,false],"kreeti-medium-square":["https:\/\/veritasinfo.org\/wp-content\/uploads\/2026\/01\/7b3db6a5-4fa3-44b7-8a11-9e7f19f2b5e0.webp",350,224,false]},"author_info":{"info":["US5"]},"category_info":"<a href=\"https:\/\/veritasinfo.org\/?cat=58\" rel=\"category\">Politik\u00eb<\/a>","tag_info":"Politik\u00eb","comment_count":"0","_links":{"self":[{"href":"https:\/\/veritasinfo.org\/index.php?rest_route=\/wp\/v2\/posts\/28779","targetHints":{"allow":["GET"]}}],"collection":[{"href":"https:\/\/veritasinfo.org\/index.php?rest_route=\/wp\/v2\/posts"}],"about":[{"href":"https:\/\/veritasinfo.org\/index.php?rest_route=\/wp\/v2\/types\/post"}],"author":[{"embeddable":true,"href":"https:\/\/veritasinfo.org\/index.php?rest_route=\/wp\/v2\/users\/6"}],"replies":[{"embeddable":true,"href":"https:\/\/veritasinfo.org\/index.php?rest_route=%2Fwp%2Fv2%2Fcomments&post=28779"}],"version-history":[{"count":1,"href":"https:\/\/veritasinfo.org\/index.php?rest_route=\/wp\/v2\/posts\/28779\/revisions"}],"predecessor-version":[{"id":28781,"href":"https:\/\/veritasinfo.org\/index.php?rest_route=\/wp\/v2\/posts\/28779\/revisions\/28781"}],"wp:featuredmedia":[{"embeddable":true,"href":"https:\/\/veritasinfo.org\/index.php?rest_route=\/wp\/v2\/media\/28780"}],"wp:attachment":[{"href":"https:\/\/veritasinfo.org\/index.php?rest_route=%2Fwp%2Fv2%2Fmedia&parent=28779"}],"wp:term":[{"taxonomy":"category","embeddable":true,"href":"https:\/\/veritasinfo.org\/index.php?rest_route=%2Fwp%2Fv2%2Fcategories&post=28779"},{"taxonomy":"post_tag","embeddable":true,"href":"https:\/\/veritasinfo.org\/index.php?rest_route=%2Fwp%2Fv2%2Ftags&post=28779"}],"curies":[{"name":"wp","href":"https:\/\/api.w.org\/{rel}","templated":true}]}}