{"id":28752,"date":"2026-01-22T13:15:09","date_gmt":"2026-01-22T12:15:09","guid":{"rendered":"https:\/\/veritasinfo.org\/?p=28752"},"modified":"2026-01-22T13:15:09","modified_gmt":"2026-01-22T12:15:09","slug":"kurti-historia-e-clirimit-te-kosoves-eshte-shenjuar-nga-familje-si-ajo-e-jasharajve","status":"publish","type":"post","link":"https:\/\/veritasinfo.org\/?p=28752","title":{"rendered":"Kurti: Historia e \u00e7lirimit t\u00eb Kosov\u00ebs \u00ebsht\u00eb sh\u00ebnjuar nga familje si ajo e Jasharajve"},"content":{"rendered":"<p>Prishtin\u00eb 22 janar 2026. 13:12<\/p>\n<p>Kryeministri n\u00eb detyr\u00eb, Albin Kurti, ka p\u00ebrkujtuar 28-vjetorin e sulmit t\u00eb dyt\u00eb t\u00eb forcave serbe ndaj familjes s\u00eb komandantit Adem Jashari, i cili ndodhi m\u00eb 22 janar 1998 n\u00eb Prekaz.<\/p>\n<p>P\u00ebrmes nj\u00eb postimi n\u00eb Facebook, Kurti ka theksuar se, ashtu si n\u00eb vitin 1991, edhe n\u00eb vitin 1998 familja Jashari rezistoi e armatosur, duke u shnd\u00ebrruar n\u00eb shembull dhe simbol t\u00eb rezistenc\u00ebs kund\u00ebr regjimit shtyp\u00ebs t\u00eb Serbis\u00eb dhe t\u00eb luft\u00ebs p\u00ebr \u00e7lirimin e Kosov\u00ebs.<\/p>\n<p>\u201c\u00c7do 22 janar, e kujtojm\u00eb dit\u00ebn e k\u00ebsaj date t\u00eb vitit 1998, kur policia serbe e sulmoi p\u00ebr her\u00eb t\u00eb dyt\u00eb familjen Jashari n\u00eb Prekaz. M\u00ebngjesin e hersh\u00ebm t\u00eb asaj dite, p\u00ebr gjysm\u00eb ore, nj\u00eb grup polic\u00ebsh serb\u00eb shtiu n\u00eb bresh\u00ebri predhash dhe arm\u00eb automatike ndaj sht\u00ebpive t\u00eb Shaban Jasharit. Duke e mbrojtur familjen dhe sht\u00ebpit\u00eb e tyre nga ky sulm kriminal, prej brenda sht\u00ebpive rezistuan me arm\u00eb Shabani dhe djali i tij Hamza. Rezistenca e tyre i ktheu mbrapsht polic\u00ebt serb\u00eb, por nga plumbat e t\u00eb sht\u00ebnave t\u00eb shumta, u plagos\u00ebn dy vajza, Selvete dhe Iliriana Jashari. Filmimet e shumta dhe fotografit\u00eb e mediave t\u00eb b\u00ebra n\u00eb Prekaz pas k\u00ebtij sulmi, na sh\u00ebrbejn\u00eb si d\u00ebshmi edhe sot p\u00ebr at\u00eb se \u00e7far\u00eb ngjau m\u00eb 22 janar 1998.Kjo ishte hera e dyt\u00eb q\u00eb familja Jashari n\u00eb Prekaz ishte cak i aksioneve policore, pas aksionit t\u00eb par\u00eb t\u00eb 30 dhjetorit 1991, dat\u00eb kjo q\u00eb vite m\u00eb pas do t\u00eb nis t\u00eb sh\u00ebnohet si Dita e Veteran\u00ebve t\u00eb Ushtris\u00eb \u00c7lirimtare t\u00eb Kosov\u00ebs. Si m\u00eb 1991 edhe m\u00eb 1998, familja Jashari rezistoi e armatosur, duke u kthyer n\u00eb shembull dhe simbol t\u00eb rezistenc\u00ebs ndaj regjimit shtyp\u00ebs t\u00eb Serbis\u00eb dhe luft\u00ebs p\u00ebr \u00e7lirimin e Kosov\u00ebs dhe lirin\u00eb e popullit\u201d, ka shkruar Kurti.<\/p>\n<p>Ai ka shtuar se historia e \u00e7lirimit t\u00eb Kosov\u00ebs \u00ebsht\u00eb shenjuar nga njer\u00ebz kurajoz\u00eb dhe familje si ajo e Shaban Jasharit, t\u00eb cilat me vendosm\u00ebri dhe vet\u00ebdije u flijuan p\u00ebr liri.<\/p>\n<p>\u201cNj\u00eb muaj e gjysm\u00eb m\u00eb pas, regjimi i Millosheviqit do t\u00eb ekzekutonte nj\u00eb aksion shum\u00ebher\u00eb m\u00eb t\u00eb eg\u00ebr e m\u00eb t\u00eb gjer\u00eb ndaj familjes Jashari dhe t\u00ebr\u00eb fshatit Prekaz, gjat\u00eb t\u00eb cilit rezistenca e k\u00ebsaj familje dhe e k\u00ebtij fshati do t\u00eb sh\u00ebnojn\u00eb kulmin e saj, duke frym\u00ebzuar mij\u00ebra njer\u00ebz q\u00eb t\u2019i bashkoheshin U\u00c7K-s\u00eb. Historia e \u00e7lirimit t\u00eb Kosov\u00ebs, \u00ebsht\u00eb shenjuar pik\u00ebrisht nga njer\u00ebz kurajoz dhe familje t\u00eb tilla sikur familja e Shaban Jasharit, q\u00eb me aq vendosm\u00ebri dhe vet\u00ebdije u flijuan p\u00ebr liri. Mes kujtimesh plot respekt dhe nderimesh t\u00eb thella p\u00ebr familjen e Shaban Jasharit nga Prekazi i Posht\u00ebm i Drenic\u00ebs\u201d, ka shkruar Kurti.<\/p>\n","protected":false},"excerpt":{"rendered":"<p>Prishtin\u00eb 22 janar 2026. 13:12 Kryeministri n\u00eb detyr\u00eb, Albin Kurti, ka p\u00ebrkujtuar 28-vjetorin e sulmit t\u00eb dyt\u00eb t\u00eb forcave serbe ndaj familjes s\u00eb komandantit Adem<\/p>\n","protected":false},"author":6,"featured_media":28753,"comment_status":"open","ping_status":"open","sticky":false,"template":"","format":"standard","meta":{"footnotes":""},"categories":[60],"tags":[],"class_list":["post-28752","post","type-post","status-publish","format-standard","has-post-thumbnail","hentry","category-shoqerore-sq"],"yoast_head":"<!-- This site is optimized with the Yoast SEO plugin v25.3.1 - https:\/\/yoast.com\/wordpress\/plugins\/seo\/ -->\n<title>Kurti: Historia e \u00e7lirimit t\u00eb Kosov\u00ebs \u00ebsht\u00eb sh\u00ebnjuar nga familje si ajo e Jasharajve -<\/title>\n<meta name=\"robots\" content=\"index, follow, max-snippet:-1, max-image-preview:large, max-video-preview:-1\" \/>\n<link rel=\"canonical\" href=\"https:\/\/veritasinfo.org\/?p=28752\" \/>\n<meta property=\"og:locale\" content=\"en_US\" \/>\n<meta property=\"og:type\" content=\"article\" \/>\n<meta property=\"og:title\" content=\"Kurti: Historia e \u00e7lirimit t\u00eb Kosov\u00ebs \u00ebsht\u00eb sh\u00ebnjuar nga familje si ajo e Jasharajve -\" \/>\n<meta property=\"og:description\" content=\"Prishtin\u00eb 22 janar 2026. 13:12 Kryeministri n\u00eb detyr\u00eb, Albin Kurti, ka p\u00ebrkujtuar 28-vjetorin e sulmit t\u00eb dyt\u00eb t\u00eb forcave serbe ndaj familjes s\u00eb komandantit Adem\" \/>\n<meta property=\"og:url\" content=\"https:\/\/veritasinfo.org\/?p=28752\" \/>\n<meta property=\"article:published_time\" content=\"2026-01-22T12:15:09+00:00\" \/>\n<meta property=\"og:image\" content=\"https:\/\/veritasinfo.org\/wp-content\/uploads\/2026\/01\/IMG-20260122-WA0005.jpg\" \/>\n\t<meta property=\"og:image:width\" content=\"720\" \/>\n\t<meta property=\"og:image:height\" content=\"480\" \/>\n\t<meta property=\"og:image:type\" content=\"image\/jpeg\" \/>\n<meta name=\"author\" content=\"US5\" \/>\n<meta name=\"twitter:card\" content=\"summary_large_image\" \/>\n<meta name=\"twitter:label1\" content=\"Written by\" \/>\n\t<meta name=\"twitter:data1\" content=\"US5\" \/>\n\t<meta name=\"twitter:label2\" content=\"Est. reading time\" \/>\n\t<meta name=\"twitter:data2\" content=\"1 minute\" \/>\n<script type=\"application\/ld+json\" class=\"yoast-schema-graph\">{\"@context\":\"https:\/\/schema.org\",\"@graph\":[{\"@type\":\"WebPage\",\"@id\":\"https:\/\/veritasinfo.org\/?p=28752\",\"url\":\"https:\/\/veritasinfo.org\/?p=28752\",\"name\":\"Kurti: Historia e \u00e7lirimit t\u00eb Kosov\u00ebs \u00ebsht\u00eb sh\u00ebnjuar nga familje si ajo e Jasharajve -\",\"isPartOf\":{\"@id\":\"https:\/\/veritasinfo.org\/#website\"},\"primaryImageOfPage\":{\"@id\":\"https:\/\/veritasinfo.org\/?p=28752#primaryimage\"},\"image\":{\"@id\":\"https:\/\/veritasinfo.org\/?p=28752#primaryimage\"},\"thumbnailUrl\":\"https:\/\/veritasinfo.org\/wp-content\/uploads\/2026\/01\/IMG-20260122-WA0005.jpg\",\"datePublished\":\"2026-01-22T12:15:09+00:00\",\"author\":{\"@id\":\"https:\/\/veritasinfo.org\/#\/schema\/person\/bc442336e35414d04494ab8fb45db4c6\"},\"breadcrumb\":{\"@id\":\"https:\/\/veritasinfo.org\/?p=28752#breadcrumb\"},\"inLanguage\":\"en-US\",\"potentialAction\":[{\"@type\":\"ReadAction\",\"target\":[\"https:\/\/veritasinfo.org\/?p=28752\"]}]},{\"@type\":\"ImageObject\",\"inLanguage\":\"en-US\",\"@id\":\"https:\/\/veritasinfo.org\/?p=28752#primaryimage\",\"url\":\"https:\/\/veritasinfo.org\/wp-content\/uploads\/2026\/01\/IMG-20260122-WA0005.jpg\",\"contentUrl\":\"https:\/\/veritasinfo.org\/wp-content\/uploads\/2026\/01\/IMG-20260122-WA0005.jpg\",\"width\":720,\"height\":480},{\"@type\":\"BreadcrumbList\",\"@id\":\"https:\/\/veritasinfo.org\/?p=28752#breadcrumb\",\"itemListElement\":[{\"@type\":\"ListItem\",\"position\":1,\"name\":\"Home\",\"item\":\"https:\/\/veritasinfo.org\/\"},{\"@type\":\"ListItem\",\"position\":2,\"name\":\"Kurti: Historia e \u00e7lirimit t\u00eb Kosov\u00ebs \u00ebsht\u00eb sh\u00ebnjuar nga familje si ajo e Jasharajve\"}]},{\"@type\":\"WebSite\",\"@id\":\"https:\/\/veritasinfo.org\/#website\",\"url\":\"https:\/\/veritasinfo.org\/\",\"name\":\"\",\"description\":\"\",\"potentialAction\":[{\"@type\":\"SearchAction\",\"target\":{\"@type\":\"EntryPoint\",\"urlTemplate\":\"https:\/\/veritasinfo.org\/?s={search_term_string}\"},\"query-input\":{\"@type\":\"PropertyValueSpecification\",\"valueRequired\":true,\"valueName\":\"search_term_string\"}}],\"inLanguage\":\"en-US\"},{\"@type\":\"Person\",\"@id\":\"https:\/\/veritasinfo.org\/#\/schema\/person\/bc442336e35414d04494ab8fb45db4c6\",\"name\":\"US5\",\"image\":{\"@type\":\"ImageObject\",\"inLanguage\":\"en-US\",\"@id\":\"https:\/\/veritasinfo.org\/#\/schema\/person\/image\/\",\"url\":\"https:\/\/secure.gravatar.com\/avatar\/16a61e7272a0c5d001121ebb9e60e925d5816e4ac1e443ed3e640d9a6ae55d0c?s=96&d=mm&r=g\",\"contentUrl\":\"https:\/\/secure.gravatar.com\/avatar\/16a61e7272a0c5d001121ebb9e60e925d5816e4ac1e443ed3e640d9a6ae55d0c?s=96&d=mm&r=g\",\"caption\":\"US5\"},\"url\":\"https:\/\/veritasinfo.org\/?author=6\"}]}<\/script>\n<!-- \/ Yoast SEO plugin. -->","yoast_head_json":{"title":"Kurti: Historia e \u00e7lirimit t\u00eb Kosov\u00ebs \u00ebsht\u00eb sh\u00ebnjuar nga familje si ajo e Jasharajve -","robots":{"index":"index","follow":"follow","max-snippet":"max-snippet:-1","max-image-preview":"max-image-preview:large","max-video-preview":"max-video-preview:-1"},"canonical":"https:\/\/veritasinfo.org\/?p=28752","og_locale":"en_US","og_type":"article","og_title":"Kurti: Historia e \u00e7lirimit t\u00eb Kosov\u00ebs \u00ebsht\u00eb sh\u00ebnjuar nga familje si ajo e Jasharajve -","og_description":"Prishtin\u00eb 22 janar 2026. 13:12 Kryeministri n\u00eb detyr\u00eb, Albin Kurti, ka p\u00ebrkujtuar 28-vjetorin e sulmit t\u00eb dyt\u00eb t\u00eb forcave serbe ndaj familjes s\u00eb komandantit Adem","og_url":"https:\/\/veritasinfo.org\/?p=28752","article_published_time":"2026-01-22T12:15:09+00:00","og_image":[{"width":720,"height":480,"url":"https:\/\/veritasinfo.org\/wp-content\/uploads\/2026\/01\/IMG-20260122-WA0005.jpg","type":"image\/jpeg"}],"author":"US5","twitter_card":"summary_large_image","twitter_misc":{"Written by":"US5","Est. reading time":"1 minute"},"schema":{"@context":"https:\/\/schema.org","@graph":[{"@type":"WebPage","@id":"https:\/\/veritasinfo.org\/?p=28752","url":"https:\/\/veritasinfo.org\/?p=28752","name":"Kurti: Historia e \u00e7lirimit t\u00eb Kosov\u00ebs \u00ebsht\u00eb sh\u00ebnjuar nga familje si ajo e Jasharajve -","isPartOf":{"@id":"https:\/\/veritasinfo.org\/#website"},"primaryImageOfPage":{"@id":"https:\/\/veritasinfo.org\/?p=28752#primaryimage"},"image":{"@id":"https:\/\/veritasinfo.org\/?p=28752#primaryimage"},"thumbnailUrl":"https:\/\/veritasinfo.org\/wp-content\/uploads\/2026\/01\/IMG-20260122-WA0005.jpg","datePublished":"2026-01-22T12:15:09+00:00","author":{"@id":"https:\/\/veritasinfo.org\/#\/schema\/person\/bc442336e35414d04494ab8fb45db4c6"},"breadcrumb":{"@id":"https:\/\/veritasinfo.org\/?p=28752#breadcrumb"},"inLanguage":"en-US","potentialAction":[{"@type":"ReadAction","target":["https:\/\/veritasinfo.org\/?p=28752"]}]},{"@type":"ImageObject","inLanguage":"en-US","@id":"https:\/\/veritasinfo.org\/?p=28752#primaryimage","url":"https:\/\/veritasinfo.org\/wp-content\/uploads\/2026\/01\/IMG-20260122-WA0005.jpg","contentUrl":"https:\/\/veritasinfo.org\/wp-content\/uploads\/2026\/01\/IMG-20260122-WA0005.jpg","width":720,"height":480},{"@type":"BreadcrumbList","@id":"https:\/\/veritasinfo.org\/?p=28752#breadcrumb","itemListElement":[{"@type":"ListItem","position":1,"name":"Home","item":"https:\/\/veritasinfo.org\/"},{"@type":"ListItem","position":2,"name":"Kurti: Historia e \u00e7lirimit t\u00eb Kosov\u00ebs \u00ebsht\u00eb sh\u00ebnjuar nga familje si ajo e Jasharajve"}]},{"@type":"WebSite","@id":"https:\/\/veritasinfo.org\/#website","url":"https:\/\/veritasinfo.org\/","name":"","description":"","potentialAction":[{"@type":"SearchAction","target":{"@type":"EntryPoint","urlTemplate":"https:\/\/veritasinfo.org\/?s={search_term_string}"},"query-input":{"@type":"PropertyValueSpecification","valueRequired":true,"valueName":"search_term_string"}}],"inLanguage":"en-US"},{"@type":"Person","@id":"https:\/\/veritasinfo.org\/#\/schema\/person\/bc442336e35414d04494ab8fb45db4c6","name":"US5","image":{"@type":"ImageObject","inLanguage":"en-US","@id":"https:\/\/veritasinfo.org\/#\/schema\/person\/image\/","url":"https:\/\/secure.gravatar.com\/avatar\/16a61e7272a0c5d001121ebb9e60e925d5816e4ac1e443ed3e640d9a6ae55d0c?s=96&d=mm&r=g","contentUrl":"https:\/\/secure.gravatar.com\/avatar\/16a61e7272a0c5d001121ebb9e60e925d5816e4ac1e443ed3e640d9a6ae55d0c?s=96&d=mm&r=g","caption":"US5"},"url":"https:\/\/veritasinfo.org\/?author=6"}]}},"featured_image_urls":{"full":["https:\/\/veritasinfo.org\/wp-content\/uploads\/2026\/01\/IMG-20260122-WA0005.jpg",720,480,false],"thumbnail":["https:\/\/veritasinfo.org\/wp-content\/uploads\/2026\/01\/IMG-20260122-WA0005-150x150.jpg",150,150,true],"medium":["https:\/\/veritasinfo.org\/wp-content\/uploads\/2026\/01\/IMG-20260122-WA0005-300x200.jpg",300,200,true],"medium_large":["https:\/\/veritasinfo.org\/wp-content\/uploads\/2026\/01\/IMG-20260122-WA0005.jpg",640,427,false],"large":["https:\/\/veritasinfo.org\/wp-content\/uploads\/2026\/01\/IMG-20260122-WA0005.jpg",640,427,false],"1536x1536":["https:\/\/veritasinfo.org\/wp-content\/uploads\/2026\/01\/IMG-20260122-WA0005.jpg",720,480,false],"2048x2048":["https:\/\/veritasinfo.org\/wp-content\/uploads\/2026\/01\/IMG-20260122-WA0005.jpg",720,480,false],"kreeti-slider-full":["https:\/\/veritasinfo.org\/wp-content\/uploads\/2026\/01\/IMG-20260122-WA0005.jpg",720,480,false],"kreeti-featured":["https:\/\/veritasinfo.org\/wp-content\/uploads\/2026\/01\/IMG-20260122-WA0005.jpg",720,480,false],"kreeti-medium":["https:\/\/veritasinfo.org\/wp-content\/uploads\/2026\/01\/IMG-20260122-WA0005.jpg",720,480,false],"kreeti-medium-square":["https:\/\/veritasinfo.org\/wp-content\/uploads\/2026\/01\/IMG-20260122-WA0005.jpg",350,233,false]},"author_info":{"info":["US5"]},"category_info":"<a href=\"https:\/\/veritasinfo.org\/?cat=60\" rel=\"category\">Shoq\u00ebrore<\/a>","tag_info":"Shoq\u00ebrore","comment_count":"0","_links":{"self":[{"href":"https:\/\/veritasinfo.org\/index.php?rest_route=\/wp\/v2\/posts\/28752","targetHints":{"allow":["GET"]}}],"collection":[{"href":"https:\/\/veritasinfo.org\/index.php?rest_route=\/wp\/v2\/posts"}],"about":[{"href":"https:\/\/veritasinfo.org\/index.php?rest_route=\/wp\/v2\/types\/post"}],"author":[{"embeddable":true,"href":"https:\/\/veritasinfo.org\/index.php?rest_route=\/wp\/v2\/users\/6"}],"replies":[{"embeddable":true,"href":"https:\/\/veritasinfo.org\/index.php?rest_route=%2Fwp%2Fv2%2Fcomments&post=28752"}],"version-history":[{"count":1,"href":"https:\/\/veritasinfo.org\/index.php?rest_route=\/wp\/v2\/posts\/28752\/revisions"}],"predecessor-version":[{"id":28754,"href":"https:\/\/veritasinfo.org\/index.php?rest_route=\/wp\/v2\/posts\/28752\/revisions\/28754"}],"wp:featuredmedia":[{"embeddable":true,"href":"https:\/\/veritasinfo.org\/index.php?rest_route=\/wp\/v2\/media\/28753"}],"wp:attachment":[{"href":"https:\/\/veritasinfo.org\/index.php?rest_route=%2Fwp%2Fv2%2Fmedia&parent=28752"}],"wp:term":[{"taxonomy":"category","embeddable":true,"href":"https:\/\/veritasinfo.org\/index.php?rest_route=%2Fwp%2Fv2%2Fcategories&post=28752"},{"taxonomy":"post_tag","embeddable":true,"href":"https:\/\/veritasinfo.org\/index.php?rest_route=%2Fwp%2Fv2%2Ftags&post=28752"}],"curies":[{"name":"wp","href":"https:\/\/api.w.org\/{rel}","templated":true}]}}