{"id":28737,"date":"2026-01-22T12:53:18","date_gmt":"2026-01-22T11:53:18","guid":{"rendered":"https:\/\/veritasinfo.org\/?p=28737"},"modified":"2026-01-22T12:53:18","modified_gmt":"2026-01-22T11:53:18","slug":"kurti-ne-davos-takohet-me-ministrin-e-kuvajtit-diskutohen-investimet","status":"publish","type":"post","link":"https:\/\/veritasinfo.org\/?p=28737","title":{"rendered":"Kurti n\u00eb Davos takohet me ministrin e Kuvajtit, diskutohen investimet"},"content":{"rendered":"<p>Prishtin\u00eb 22 janar 2026 12:52<br \/>\nKan\u00eb vazhduar edhe sot aktivitetet n\u00eb sht\u00ebpin\u00eb e Kosov\u00ebs n\u00eb Davos. Kryeministri n\u00eb detyr\u00eb, Albin Kurti, ka pritur n\u00eb takim ministrin e Energjis\u00eb dhe t\u00eb Financave t\u00eb shtetit t\u00eb Kuvajtit, Sabeeh Al- Mukhaizeem.<\/p>\n<p>Gjat\u00eb takimit u theksua thellimi i bashk\u00ebpunimit nd\u00ebrmjet dy shteteve dhe u prezantua potenciali i Kosov\u00ebs p\u00ebr investime t\u00eb huaja.<\/p>\n<p>Gjat\u00eb dit\u00ebs jan\u00eb parapar\u00eb edhe disa takime bilaterale t\u00eb kryeministrit n\u00eb detyr\u00eb.n\u00eb \u201cSht\u00ebpin\u00eb e Kosov\u00ebs\u201d<\/p>\n","protected":false},"excerpt":{"rendered":"<p>Prishtin\u00eb 22 janar 2026 12:52 Kan\u00eb vazhduar edhe sot aktivitetet n\u00eb sht\u00ebpin\u00eb e Kosov\u00ebs n\u00eb Davos. Kryeministri n\u00eb detyr\u00eb, Albin Kurti, ka pritur n\u00eb takim<\/p>\n","protected":false},"author":6,"featured_media":28738,"comment_status":"open","ping_status":"open","sticky":false,"template":"","format":"standard","meta":{"footnotes":""},"categories":[58],"tags":[],"class_list":["post-28737","post","type-post","status-publish","format-standard","has-post-thumbnail","hentry","category-politike-sq"],"yoast_head":"<!-- This site is optimized with the Yoast SEO plugin v25.3.1 - https:\/\/yoast.com\/wordpress\/plugins\/seo\/ -->\n<title>Kurti n\u00eb Davos takohet me ministrin e Kuvajtit, diskutohen investimet -<\/title>\n<meta name=\"robots\" content=\"index, follow, max-snippet:-1, max-image-preview:large, max-video-preview:-1\" \/>\n<link rel=\"canonical\" href=\"https:\/\/veritasinfo.org\/?p=28737\" \/>\n<meta property=\"og:locale\" content=\"en_US\" \/>\n<meta property=\"og:type\" content=\"article\" \/>\n<meta property=\"og:title\" content=\"Kurti n\u00eb Davos takohet me ministrin e Kuvajtit, diskutohen investimet -\" \/>\n<meta property=\"og:description\" content=\"Prishtin\u00eb 22 janar 2026 12:52 Kan\u00eb vazhduar edhe sot aktivitetet n\u00eb sht\u00ebpin\u00eb e Kosov\u00ebs n\u00eb Davos. Kryeministri n\u00eb detyr\u00eb, Albin Kurti, ka pritur n\u00eb takim\" \/>\n<meta property=\"og:url\" content=\"https:\/\/veritasinfo.org\/?p=28737\" \/>\n<meta property=\"article:published_time\" content=\"2026-01-22T11:53:18+00:00\" \/>\n<meta property=\"og:image\" content=\"https:\/\/veritasinfo.org\/wp-content\/uploads\/2026\/01\/715034-1fxoJiKUOt.jpg\" \/>\n\t<meta property=\"og:image:width\" content=\"780\" \/>\n\t<meta property=\"og:image:height\" content=\"500\" \/>\n\t<meta property=\"og:image:type\" content=\"image\/jpeg\" \/>\n<meta name=\"author\" content=\"US5\" \/>\n<meta name=\"twitter:card\" content=\"summary_large_image\" \/>\n<meta name=\"twitter:label1\" content=\"Written by\" \/>\n\t<meta name=\"twitter:data1\" content=\"US5\" \/>\n<script type=\"application\/ld+json\" class=\"yoast-schema-graph\">{\"@context\":\"https:\/\/schema.org\",\"@graph\":[{\"@type\":\"WebPage\",\"@id\":\"https:\/\/veritasinfo.org\/?p=28737\",\"url\":\"https:\/\/veritasinfo.org\/?p=28737\",\"name\":\"Kurti n\u00eb Davos takohet me ministrin e Kuvajtit, diskutohen investimet -\",\"isPartOf\":{\"@id\":\"https:\/\/veritasinfo.org\/#website\"},\"primaryImageOfPage\":{\"@id\":\"https:\/\/veritasinfo.org\/?p=28737#primaryimage\"},\"image\":{\"@id\":\"https:\/\/veritasinfo.org\/?p=28737#primaryimage\"},\"thumbnailUrl\":\"https:\/\/veritasinfo.org\/wp-content\/uploads\/2026\/01\/715034-1fxoJiKUOt.jpg\",\"datePublished\":\"2026-01-22T11:53:18+00:00\",\"author\":{\"@id\":\"https:\/\/veritasinfo.org\/#\/schema\/person\/bc442336e35414d04494ab8fb45db4c6\"},\"breadcrumb\":{\"@id\":\"https:\/\/veritasinfo.org\/?p=28737#breadcrumb\"},\"inLanguage\":\"en-US\",\"potentialAction\":[{\"@type\":\"ReadAction\",\"target\":[\"https:\/\/veritasinfo.org\/?p=28737\"]}]},{\"@type\":\"ImageObject\",\"inLanguage\":\"en-US\",\"@id\":\"https:\/\/veritasinfo.org\/?p=28737#primaryimage\",\"url\":\"https:\/\/veritasinfo.org\/wp-content\/uploads\/2026\/01\/715034-1fxoJiKUOt.jpg\",\"contentUrl\":\"https:\/\/veritasinfo.org\/wp-content\/uploads\/2026\/01\/715034-1fxoJiKUOt.jpg\",\"width\":780,\"height\":500},{\"@type\":\"BreadcrumbList\",\"@id\":\"https:\/\/veritasinfo.org\/?p=28737#breadcrumb\",\"itemListElement\":[{\"@type\":\"ListItem\",\"position\":1,\"name\":\"Home\",\"item\":\"https:\/\/veritasinfo.org\/\"},{\"@type\":\"ListItem\",\"position\":2,\"name\":\"Kurti n\u00eb Davos takohet me ministrin e Kuvajtit, diskutohen investimet\"}]},{\"@type\":\"WebSite\",\"@id\":\"https:\/\/veritasinfo.org\/#website\",\"url\":\"https:\/\/veritasinfo.org\/\",\"name\":\"\",\"description\":\"\",\"potentialAction\":[{\"@type\":\"SearchAction\",\"target\":{\"@type\":\"EntryPoint\",\"urlTemplate\":\"https:\/\/veritasinfo.org\/?s={search_term_string}\"},\"query-input\":{\"@type\":\"PropertyValueSpecification\",\"valueRequired\":true,\"valueName\":\"search_term_string\"}}],\"inLanguage\":\"en-US\"},{\"@type\":\"Person\",\"@id\":\"https:\/\/veritasinfo.org\/#\/schema\/person\/bc442336e35414d04494ab8fb45db4c6\",\"name\":\"US5\",\"image\":{\"@type\":\"ImageObject\",\"inLanguage\":\"en-US\",\"@id\":\"https:\/\/veritasinfo.org\/#\/schema\/person\/image\/\",\"url\":\"https:\/\/secure.gravatar.com\/avatar\/16a61e7272a0c5d001121ebb9e60e925d5816e4ac1e443ed3e640d9a6ae55d0c?s=96&d=mm&r=g\",\"contentUrl\":\"https:\/\/secure.gravatar.com\/avatar\/16a61e7272a0c5d001121ebb9e60e925d5816e4ac1e443ed3e640d9a6ae55d0c?s=96&d=mm&r=g\",\"caption\":\"US5\"},\"url\":\"https:\/\/veritasinfo.org\/?author=6\"}]}<\/script>\n<!-- \/ Yoast SEO plugin. -->","yoast_head_json":{"title":"Kurti n\u00eb Davos takohet me ministrin e Kuvajtit, diskutohen investimet -","robots":{"index":"index","follow":"follow","max-snippet":"max-snippet:-1","max-image-preview":"max-image-preview:large","max-video-preview":"max-video-preview:-1"},"canonical":"https:\/\/veritasinfo.org\/?p=28737","og_locale":"en_US","og_type":"article","og_title":"Kurti n\u00eb Davos takohet me ministrin e Kuvajtit, diskutohen investimet -","og_description":"Prishtin\u00eb 22 janar 2026 12:52 Kan\u00eb vazhduar edhe sot aktivitetet n\u00eb sht\u00ebpin\u00eb e Kosov\u00ebs n\u00eb Davos. Kryeministri n\u00eb detyr\u00eb, Albin Kurti, ka pritur n\u00eb takim","og_url":"https:\/\/veritasinfo.org\/?p=28737","article_published_time":"2026-01-22T11:53:18+00:00","og_image":[{"width":780,"height":500,"url":"https:\/\/veritasinfo.org\/wp-content\/uploads\/2026\/01\/715034-1fxoJiKUOt.jpg","type":"image\/jpeg"}],"author":"US5","twitter_card":"summary_large_image","twitter_misc":{"Written by":"US5"},"schema":{"@context":"https:\/\/schema.org","@graph":[{"@type":"WebPage","@id":"https:\/\/veritasinfo.org\/?p=28737","url":"https:\/\/veritasinfo.org\/?p=28737","name":"Kurti n\u00eb Davos takohet me ministrin e Kuvajtit, diskutohen investimet -","isPartOf":{"@id":"https:\/\/veritasinfo.org\/#website"},"primaryImageOfPage":{"@id":"https:\/\/veritasinfo.org\/?p=28737#primaryimage"},"image":{"@id":"https:\/\/veritasinfo.org\/?p=28737#primaryimage"},"thumbnailUrl":"https:\/\/veritasinfo.org\/wp-content\/uploads\/2026\/01\/715034-1fxoJiKUOt.jpg","datePublished":"2026-01-22T11:53:18+00:00","author":{"@id":"https:\/\/veritasinfo.org\/#\/schema\/person\/bc442336e35414d04494ab8fb45db4c6"},"breadcrumb":{"@id":"https:\/\/veritasinfo.org\/?p=28737#breadcrumb"},"inLanguage":"en-US","potentialAction":[{"@type":"ReadAction","target":["https:\/\/veritasinfo.org\/?p=28737"]}]},{"@type":"ImageObject","inLanguage":"en-US","@id":"https:\/\/veritasinfo.org\/?p=28737#primaryimage","url":"https:\/\/veritasinfo.org\/wp-content\/uploads\/2026\/01\/715034-1fxoJiKUOt.jpg","contentUrl":"https:\/\/veritasinfo.org\/wp-content\/uploads\/2026\/01\/715034-1fxoJiKUOt.jpg","width":780,"height":500},{"@type":"BreadcrumbList","@id":"https:\/\/veritasinfo.org\/?p=28737#breadcrumb","itemListElement":[{"@type":"ListItem","position":1,"name":"Home","item":"https:\/\/veritasinfo.org\/"},{"@type":"ListItem","position":2,"name":"Kurti n\u00eb Davos takohet me ministrin e Kuvajtit, diskutohen investimet"}]},{"@type":"WebSite","@id":"https:\/\/veritasinfo.org\/#website","url":"https:\/\/veritasinfo.org\/","name":"","description":"","potentialAction":[{"@type":"SearchAction","target":{"@type":"EntryPoint","urlTemplate":"https:\/\/veritasinfo.org\/?s={search_term_string}"},"query-input":{"@type":"PropertyValueSpecification","valueRequired":true,"valueName":"search_term_string"}}],"inLanguage":"en-US"},{"@type":"Person","@id":"https:\/\/veritasinfo.org\/#\/schema\/person\/bc442336e35414d04494ab8fb45db4c6","name":"US5","image":{"@type":"ImageObject","inLanguage":"en-US","@id":"https:\/\/veritasinfo.org\/#\/schema\/person\/image\/","url":"https:\/\/secure.gravatar.com\/avatar\/16a61e7272a0c5d001121ebb9e60e925d5816e4ac1e443ed3e640d9a6ae55d0c?s=96&d=mm&r=g","contentUrl":"https:\/\/secure.gravatar.com\/avatar\/16a61e7272a0c5d001121ebb9e60e925d5816e4ac1e443ed3e640d9a6ae55d0c?s=96&d=mm&r=g","caption":"US5"},"url":"https:\/\/veritasinfo.org\/?author=6"}]}},"featured_image_urls":{"full":["https:\/\/veritasinfo.org\/wp-content\/uploads\/2026\/01\/715034-1fxoJiKUOt.jpg",780,500,false],"thumbnail":["https:\/\/veritasinfo.org\/wp-content\/uploads\/2026\/01\/715034-1fxoJiKUOt-150x150.jpg",150,150,true],"medium":["https:\/\/veritasinfo.org\/wp-content\/uploads\/2026\/01\/715034-1fxoJiKUOt-300x192.jpg",300,192,true],"medium_large":["https:\/\/veritasinfo.org\/wp-content\/uploads\/2026\/01\/715034-1fxoJiKUOt-768x492.jpg",640,410,true],"large":["https:\/\/veritasinfo.org\/wp-content\/uploads\/2026\/01\/715034-1fxoJiKUOt.jpg",640,410,false],"1536x1536":["https:\/\/veritasinfo.org\/wp-content\/uploads\/2026\/01\/715034-1fxoJiKUOt.jpg",780,500,false],"2048x2048":["https:\/\/veritasinfo.org\/wp-content\/uploads\/2026\/01\/715034-1fxoJiKUOt.jpg",780,500,false],"kreeti-slider-full":["https:\/\/veritasinfo.org\/wp-content\/uploads\/2026\/01\/715034-1fxoJiKUOt.jpg",780,500,false],"kreeti-featured":["https:\/\/veritasinfo.org\/wp-content\/uploads\/2026\/01\/715034-1fxoJiKUOt.jpg",780,500,false],"kreeti-medium":["https:\/\/veritasinfo.org\/wp-content\/uploads\/2026\/01\/715034-1fxoJiKUOt.jpg",720,462,false],"kreeti-medium-square":["https:\/\/veritasinfo.org\/wp-content\/uploads\/2026\/01\/715034-1fxoJiKUOt.jpg",350,224,false]},"author_info":{"info":["US5"]},"category_info":"<a href=\"https:\/\/veritasinfo.org\/?cat=58\" rel=\"category\">Politik\u00eb<\/a>","tag_info":"Politik\u00eb","comment_count":"0","_links":{"self":[{"href":"https:\/\/veritasinfo.org\/index.php?rest_route=\/wp\/v2\/posts\/28737","targetHints":{"allow":["GET"]}}],"collection":[{"href":"https:\/\/veritasinfo.org\/index.php?rest_route=\/wp\/v2\/posts"}],"about":[{"href":"https:\/\/veritasinfo.org\/index.php?rest_route=\/wp\/v2\/types\/post"}],"author":[{"embeddable":true,"href":"https:\/\/veritasinfo.org\/index.php?rest_route=\/wp\/v2\/users\/6"}],"replies":[{"embeddable":true,"href":"https:\/\/veritasinfo.org\/index.php?rest_route=%2Fwp%2Fv2%2Fcomments&post=28737"}],"version-history":[{"count":1,"href":"https:\/\/veritasinfo.org\/index.php?rest_route=\/wp\/v2\/posts\/28737\/revisions"}],"predecessor-version":[{"id":28739,"href":"https:\/\/veritasinfo.org\/index.php?rest_route=\/wp\/v2\/posts\/28737\/revisions\/28739"}],"wp:featuredmedia":[{"embeddable":true,"href":"https:\/\/veritasinfo.org\/index.php?rest_route=\/wp\/v2\/media\/28738"}],"wp:attachment":[{"href":"https:\/\/veritasinfo.org\/index.php?rest_route=%2Fwp%2Fv2%2Fmedia&parent=28737"}],"wp:term":[{"taxonomy":"category","embeddable":true,"href":"https:\/\/veritasinfo.org\/index.php?rest_route=%2Fwp%2Fv2%2Fcategories&post=28737"},{"taxonomy":"post_tag","embeddable":true,"href":"https:\/\/veritasinfo.org\/index.php?rest_route=%2Fwp%2Fv2%2Ftags&post=28737"}],"curies":[{"name":"wp","href":"https:\/\/api.w.org\/{rel}","templated":true}]}}