{"id":28720,"date":"2026-01-22T10:54:15","date_gmt":"2026-01-22T09:54:15","guid":{"rendered":"https:\/\/veritasinfo.org\/?p=28720"},"modified":"2026-01-22T10:54:15","modified_gmt":"2026-01-22T09:54:15","slug":"osmani-ne-ceremonine-e-themelimit-te-bordit-te-paqes-ne-davos","status":"publish","type":"post","link":"https:\/\/veritasinfo.org\/?p=28720","title":{"rendered":"Osmani n\u00eb ceremonin\u00eb e themelimit t\u00eb Bordit t\u00eb Paqes n\u00eb Davos"},"content":{"rendered":"<p>Prishtin\u00eb 22 janar 2026 10:53<\/p>\n<p>Presidentja e Republik\u00ebs s\u00eb Kosov\u00ebs, Vjosa Osmani, ka pranuar nj\u00eb ftes\u00eb nga Presidenti i Shteteve t\u00eb Bashkuara t\u00eb Amerik\u00ebs, Donald Trump, p\u00ebr ta p\u00ebrfaq\u00ebsuar Republik\u00ebn e Kosov\u00ebs n\u00eb Bordin e Paqes.<\/p>\n<p>Osmani n\u00eb nj\u00eb postim n\u00eb Facebook, b\u00ebn\u00eb t\u00eb ditur se me ftes\u00eb t\u00eb Presidentit Trump, sot gjendet ne Davos, n\u00eb ceremonin\u00eb e themelimit t\u00eb Bordit t\u00eb Paqes.<\/p>\n<p>\u201cMir\u00ebm\u00ebngjes nga Davos, ku jemi me ftes\u00eb t\u00eb Presidentit Trump, n\u00eb ceremonin\u00eb e themelimit t\u00eb Bordit t\u00eb Paqes\u201d, ka shkruar presidentja Osmani n\u00eb Facebook.<\/p>\n<p>Kujtojm\u00eb se presidenti i SHBA-s\u00eb, Donald Trump, ka ftuar dhjet\u00ebra udh\u00ebheq\u00ebs bot\u00ebror\u00eb q\u00eb t\u2019i bashkohen nism\u00ebs s\u00eb tij Bordi i Paqes, e cila synon zgjidhjen e konflikteve globale, por diplomat\u00ebt thon\u00eb se ajo mund t\u00eb d\u00ebmtoj\u00eb pun\u00ebn e Organizat\u00ebs s\u00eb Kombeve t\u00eb Bashkuara.<\/p>\n<p>Trump e propozoi p\u00ebr her\u00eb t\u00eb par\u00eb Bordin e Paqes shtatorin e kaluar, kur njoftoi planin e tij p\u00ebr t\u2019i dh\u00ebn\u00eb fund luft\u00ebs n\u00eb Gaza. M\u00eb von\u00eb ai e b\u00ebri t\u00eb qart\u00eb se mandati i bordit do t\u00eb zgjerohej p\u00ebrtej Gaz\u00ebs, p\u00ebr t\u00eb trajtuar edhe konflikte t\u00eb tjera n\u00eb mbar\u00eb bot\u00ebn.<\/p>\n<p>Presidenti amerikan do t\u00eb jet\u00eb kryetari i par\u00eb i bordit dhe, sipas nj\u00eb kopjeje t\u00eb draft-kart\u00ebs t\u00eb par\u00eb nga Reuters, bordi do t\u00eb ket\u00eb p\u00ebr detyr\u00eb promovimin e paqes n\u00eb bot\u00eb dhe pun\u00ebn p\u00ebr zgjidhjen e konflikteve.<\/p>\n<p>Sipas kart\u00ebs, shtetet an\u00ebtare do t\u00eb kufizohen n\u00eb mandate trevje\u00e7are, p\u00ebrve\u00e7 rasteve kur paguajn\u00eb nga 1 miliard dollar\u00eb secila p\u00ebr t\u00eb financuar aktivitetet e bordit dhe p\u00ebr t\u00eb fituar an\u00ebtar\u00ebsim t\u00eb p\u00ebrhersh\u00ebm.<\/p>\n<p>Mes tyre jan\u00eb aleat\u00eb t\u00eb Lindjes s\u00eb Mesme si Izraeli, Arabia Saudite, Emiratet e Bashkuara Arabe, Bahrejni, Jordania, Katari dhe Egjipti. An\u00ebtar\u00eb t\u00eb NATO-s, Turqia dhe Hungaria \u2013 udh\u00ebheq\u00ebsit nacionalist\u00eb t\u00eb t\u00eb cilave kan\u00eb kultivuar lidhje t\u00eb mira personale me Trump-in \u2013 kan\u00eb r\u00ebn\u00eb gjithashtu dakord t\u00eb marrin pjes\u00eb, ashtu si edhe Maroku, Pakistani, Indonezia, Kosova, Uzbekistani, Kazakistani, Paraguaji dhe Vietnami.<\/p>\n","protected":false},"excerpt":{"rendered":"<p>Prishtin\u00eb 22 janar 2026 10:53 Presidentja e Republik\u00ebs s\u00eb Kosov\u00ebs, Vjosa Osmani, ka pranuar nj\u00eb ftes\u00eb nga Presidenti i Shteteve t\u00eb Bashkuara t\u00eb Amerik\u00ebs, Donald<\/p>\n","protected":false},"author":6,"featured_media":28721,"comment_status":"open","ping_status":"open","sticky":false,"template":"","format":"standard","meta":{"footnotes":""},"categories":[60],"tags":[],"class_list":["post-28720","post","type-post","status-publish","format-standard","has-post-thumbnail","hentry","category-shoqerore-sq"],"yoast_head":"<!-- This site is optimized with the Yoast SEO plugin v25.3.1 - https:\/\/yoast.com\/wordpress\/plugins\/seo\/ -->\n<title>Osmani n\u00eb ceremonin\u00eb e themelimit t\u00eb Bordit t\u00eb Paqes n\u00eb Davos -<\/title>\n<meta name=\"robots\" content=\"index, follow, max-snippet:-1, max-image-preview:large, max-video-preview:-1\" \/>\n<link rel=\"canonical\" href=\"https:\/\/veritasinfo.org\/?p=28720\" \/>\n<meta property=\"og:locale\" content=\"en_US\" \/>\n<meta property=\"og:type\" content=\"article\" \/>\n<meta property=\"og:title\" content=\"Osmani n\u00eb ceremonin\u00eb e themelimit t\u00eb Bordit t\u00eb Paqes n\u00eb Davos -\" \/>\n<meta property=\"og:description\" content=\"Prishtin\u00eb 22 janar 2026 10:53 Presidentja e Republik\u00ebs s\u00eb Kosov\u00ebs, Vjosa Osmani, ka pranuar nj\u00eb ftes\u00eb nga Presidenti i Shteteve t\u00eb Bashkuara t\u00eb Amerik\u00ebs, Donald\" \/>\n<meta property=\"og:url\" content=\"https:\/\/veritasinfo.org\/?p=28720\" \/>\n<meta property=\"article:published_time\" content=\"2026-01-22T09:54:15+00:00\" \/>\n<meta property=\"og:image\" content=\"https:\/\/veritasinfo.org\/wp-content\/uploads\/2026\/01\/715011-efxcacbUoB.jpg\" \/>\n\t<meta property=\"og:image:width\" content=\"780\" \/>\n\t<meta property=\"og:image:height\" content=\"500\" \/>\n\t<meta property=\"og:image:type\" content=\"image\/jpeg\" \/>\n<meta name=\"author\" content=\"US5\" \/>\n<meta name=\"twitter:card\" content=\"summary_large_image\" \/>\n<meta name=\"twitter:label1\" content=\"Written by\" \/>\n\t<meta name=\"twitter:data1\" content=\"US5\" \/>\n<script type=\"application\/ld+json\" class=\"yoast-schema-graph\">{\"@context\":\"https:\/\/schema.org\",\"@graph\":[{\"@type\":\"WebPage\",\"@id\":\"https:\/\/veritasinfo.org\/?p=28720\",\"url\":\"https:\/\/veritasinfo.org\/?p=28720\",\"name\":\"Osmani n\u00eb ceremonin\u00eb e themelimit t\u00eb Bordit t\u00eb Paqes n\u00eb Davos -\",\"isPartOf\":{\"@id\":\"https:\/\/veritasinfo.org\/#website\"},\"primaryImageOfPage\":{\"@id\":\"https:\/\/veritasinfo.org\/?p=28720#primaryimage\"},\"image\":{\"@id\":\"https:\/\/veritasinfo.org\/?p=28720#primaryimage\"},\"thumbnailUrl\":\"https:\/\/veritasinfo.org\/wp-content\/uploads\/2026\/01\/715011-efxcacbUoB.jpg\",\"datePublished\":\"2026-01-22T09:54:15+00:00\",\"author\":{\"@id\":\"https:\/\/veritasinfo.org\/#\/schema\/person\/bc442336e35414d04494ab8fb45db4c6\"},\"breadcrumb\":{\"@id\":\"https:\/\/veritasinfo.org\/?p=28720#breadcrumb\"},\"inLanguage\":\"en-US\",\"potentialAction\":[{\"@type\":\"ReadAction\",\"target\":[\"https:\/\/veritasinfo.org\/?p=28720\"]}]},{\"@type\":\"ImageObject\",\"inLanguage\":\"en-US\",\"@id\":\"https:\/\/veritasinfo.org\/?p=28720#primaryimage\",\"url\":\"https:\/\/veritasinfo.org\/wp-content\/uploads\/2026\/01\/715011-efxcacbUoB.jpg\",\"contentUrl\":\"https:\/\/veritasinfo.org\/wp-content\/uploads\/2026\/01\/715011-efxcacbUoB.jpg\",\"width\":780,\"height\":500},{\"@type\":\"BreadcrumbList\",\"@id\":\"https:\/\/veritasinfo.org\/?p=28720#breadcrumb\",\"itemListElement\":[{\"@type\":\"ListItem\",\"position\":1,\"name\":\"Home\",\"item\":\"https:\/\/veritasinfo.org\/\"},{\"@type\":\"ListItem\",\"position\":2,\"name\":\"Osmani n\u00eb ceremonin\u00eb e themelimit t\u00eb Bordit t\u00eb Paqes n\u00eb Davos\"}]},{\"@type\":\"WebSite\",\"@id\":\"https:\/\/veritasinfo.org\/#website\",\"url\":\"https:\/\/veritasinfo.org\/\",\"name\":\"\",\"description\":\"\",\"potentialAction\":[{\"@type\":\"SearchAction\",\"target\":{\"@type\":\"EntryPoint\",\"urlTemplate\":\"https:\/\/veritasinfo.org\/?s={search_term_string}\"},\"query-input\":{\"@type\":\"PropertyValueSpecification\",\"valueRequired\":true,\"valueName\":\"search_term_string\"}}],\"inLanguage\":\"en-US\"},{\"@type\":\"Person\",\"@id\":\"https:\/\/veritasinfo.org\/#\/schema\/person\/bc442336e35414d04494ab8fb45db4c6\",\"name\":\"US5\",\"image\":{\"@type\":\"ImageObject\",\"inLanguage\":\"en-US\",\"@id\":\"https:\/\/veritasinfo.org\/#\/schema\/person\/image\/\",\"url\":\"https:\/\/secure.gravatar.com\/avatar\/16a61e7272a0c5d001121ebb9e60e925d5816e4ac1e443ed3e640d9a6ae55d0c?s=96&d=mm&r=g\",\"contentUrl\":\"https:\/\/secure.gravatar.com\/avatar\/16a61e7272a0c5d001121ebb9e60e925d5816e4ac1e443ed3e640d9a6ae55d0c?s=96&d=mm&r=g\",\"caption\":\"US5\"},\"url\":\"https:\/\/veritasinfo.org\/?author=6\"}]}<\/script>\n<!-- \/ Yoast SEO plugin. -->","yoast_head_json":{"title":"Osmani n\u00eb ceremonin\u00eb e themelimit t\u00eb Bordit t\u00eb Paqes n\u00eb Davos -","robots":{"index":"index","follow":"follow","max-snippet":"max-snippet:-1","max-image-preview":"max-image-preview:large","max-video-preview":"max-video-preview:-1"},"canonical":"https:\/\/veritasinfo.org\/?p=28720","og_locale":"en_US","og_type":"article","og_title":"Osmani n\u00eb ceremonin\u00eb e themelimit t\u00eb Bordit t\u00eb Paqes n\u00eb Davos -","og_description":"Prishtin\u00eb 22 janar 2026 10:53 Presidentja e Republik\u00ebs s\u00eb Kosov\u00ebs, Vjosa Osmani, ka pranuar nj\u00eb ftes\u00eb nga Presidenti i Shteteve t\u00eb Bashkuara t\u00eb Amerik\u00ebs, Donald","og_url":"https:\/\/veritasinfo.org\/?p=28720","article_published_time":"2026-01-22T09:54:15+00:00","og_image":[{"width":780,"height":500,"url":"https:\/\/veritasinfo.org\/wp-content\/uploads\/2026\/01\/715011-efxcacbUoB.jpg","type":"image\/jpeg"}],"author":"US5","twitter_card":"summary_large_image","twitter_misc":{"Written by":"US5"},"schema":{"@context":"https:\/\/schema.org","@graph":[{"@type":"WebPage","@id":"https:\/\/veritasinfo.org\/?p=28720","url":"https:\/\/veritasinfo.org\/?p=28720","name":"Osmani n\u00eb ceremonin\u00eb e themelimit t\u00eb Bordit t\u00eb Paqes n\u00eb Davos -","isPartOf":{"@id":"https:\/\/veritasinfo.org\/#website"},"primaryImageOfPage":{"@id":"https:\/\/veritasinfo.org\/?p=28720#primaryimage"},"image":{"@id":"https:\/\/veritasinfo.org\/?p=28720#primaryimage"},"thumbnailUrl":"https:\/\/veritasinfo.org\/wp-content\/uploads\/2026\/01\/715011-efxcacbUoB.jpg","datePublished":"2026-01-22T09:54:15+00:00","author":{"@id":"https:\/\/veritasinfo.org\/#\/schema\/person\/bc442336e35414d04494ab8fb45db4c6"},"breadcrumb":{"@id":"https:\/\/veritasinfo.org\/?p=28720#breadcrumb"},"inLanguage":"en-US","potentialAction":[{"@type":"ReadAction","target":["https:\/\/veritasinfo.org\/?p=28720"]}]},{"@type":"ImageObject","inLanguage":"en-US","@id":"https:\/\/veritasinfo.org\/?p=28720#primaryimage","url":"https:\/\/veritasinfo.org\/wp-content\/uploads\/2026\/01\/715011-efxcacbUoB.jpg","contentUrl":"https:\/\/veritasinfo.org\/wp-content\/uploads\/2026\/01\/715011-efxcacbUoB.jpg","width":780,"height":500},{"@type":"BreadcrumbList","@id":"https:\/\/veritasinfo.org\/?p=28720#breadcrumb","itemListElement":[{"@type":"ListItem","position":1,"name":"Home","item":"https:\/\/veritasinfo.org\/"},{"@type":"ListItem","position":2,"name":"Osmani n\u00eb ceremonin\u00eb e themelimit t\u00eb Bordit t\u00eb Paqes n\u00eb Davos"}]},{"@type":"WebSite","@id":"https:\/\/veritasinfo.org\/#website","url":"https:\/\/veritasinfo.org\/","name":"","description":"","potentialAction":[{"@type":"SearchAction","target":{"@type":"EntryPoint","urlTemplate":"https:\/\/veritasinfo.org\/?s={search_term_string}"},"query-input":{"@type":"PropertyValueSpecification","valueRequired":true,"valueName":"search_term_string"}}],"inLanguage":"en-US"},{"@type":"Person","@id":"https:\/\/veritasinfo.org\/#\/schema\/person\/bc442336e35414d04494ab8fb45db4c6","name":"US5","image":{"@type":"ImageObject","inLanguage":"en-US","@id":"https:\/\/veritasinfo.org\/#\/schema\/person\/image\/","url":"https:\/\/secure.gravatar.com\/avatar\/16a61e7272a0c5d001121ebb9e60e925d5816e4ac1e443ed3e640d9a6ae55d0c?s=96&d=mm&r=g","contentUrl":"https:\/\/secure.gravatar.com\/avatar\/16a61e7272a0c5d001121ebb9e60e925d5816e4ac1e443ed3e640d9a6ae55d0c?s=96&d=mm&r=g","caption":"US5"},"url":"https:\/\/veritasinfo.org\/?author=6"}]}},"featured_image_urls":{"full":["https:\/\/veritasinfo.org\/wp-content\/uploads\/2026\/01\/715011-efxcacbUoB.jpg",780,500,false],"thumbnail":["https:\/\/veritasinfo.org\/wp-content\/uploads\/2026\/01\/715011-efxcacbUoB-150x150.jpg",150,150,true],"medium":["https:\/\/veritasinfo.org\/wp-content\/uploads\/2026\/01\/715011-efxcacbUoB-300x192.jpg",300,192,true],"medium_large":["https:\/\/veritasinfo.org\/wp-content\/uploads\/2026\/01\/715011-efxcacbUoB-768x492.jpg",640,410,true],"large":["https:\/\/veritasinfo.org\/wp-content\/uploads\/2026\/01\/715011-efxcacbUoB.jpg",640,410,false],"1536x1536":["https:\/\/veritasinfo.org\/wp-content\/uploads\/2026\/01\/715011-efxcacbUoB.jpg",780,500,false],"2048x2048":["https:\/\/veritasinfo.org\/wp-content\/uploads\/2026\/01\/715011-efxcacbUoB.jpg",780,500,false],"kreeti-slider-full":["https:\/\/veritasinfo.org\/wp-content\/uploads\/2026\/01\/715011-efxcacbUoB.jpg",780,500,false],"kreeti-featured":["https:\/\/veritasinfo.org\/wp-content\/uploads\/2026\/01\/715011-efxcacbUoB.jpg",780,500,false],"kreeti-medium":["https:\/\/veritasinfo.org\/wp-content\/uploads\/2026\/01\/715011-efxcacbUoB.jpg",720,462,false],"kreeti-medium-square":["https:\/\/veritasinfo.org\/wp-content\/uploads\/2026\/01\/715011-efxcacbUoB.jpg",350,224,false]},"author_info":{"info":["US5"]},"category_info":"<a href=\"https:\/\/veritasinfo.org\/?cat=60\" rel=\"category\">Shoq\u00ebrore<\/a>","tag_info":"Shoq\u00ebrore","comment_count":"0","_links":{"self":[{"href":"https:\/\/veritasinfo.org\/index.php?rest_route=\/wp\/v2\/posts\/28720","targetHints":{"allow":["GET"]}}],"collection":[{"href":"https:\/\/veritasinfo.org\/index.php?rest_route=\/wp\/v2\/posts"}],"about":[{"href":"https:\/\/veritasinfo.org\/index.php?rest_route=\/wp\/v2\/types\/post"}],"author":[{"embeddable":true,"href":"https:\/\/veritasinfo.org\/index.php?rest_route=\/wp\/v2\/users\/6"}],"replies":[{"embeddable":true,"href":"https:\/\/veritasinfo.org\/index.php?rest_route=%2Fwp%2Fv2%2Fcomments&post=28720"}],"version-history":[{"count":1,"href":"https:\/\/veritasinfo.org\/index.php?rest_route=\/wp\/v2\/posts\/28720\/revisions"}],"predecessor-version":[{"id":28722,"href":"https:\/\/veritasinfo.org\/index.php?rest_route=\/wp\/v2\/posts\/28720\/revisions\/28722"}],"wp:featuredmedia":[{"embeddable":true,"href":"https:\/\/veritasinfo.org\/index.php?rest_route=\/wp\/v2\/media\/28721"}],"wp:attachment":[{"href":"https:\/\/veritasinfo.org\/index.php?rest_route=%2Fwp%2Fv2%2Fmedia&parent=28720"}],"wp:term":[{"taxonomy":"category","embeddable":true,"href":"https:\/\/veritasinfo.org\/index.php?rest_route=%2Fwp%2Fv2%2Fcategories&post=28720"},{"taxonomy":"post_tag","embeddable":true,"href":"https:\/\/veritasinfo.org\/index.php?rest_route=%2Fwp%2Fv2%2Ftags&post=28720"}],"curies":[{"name":"wp","href":"https:\/\/api.w.org\/{rel}","templated":true}]}}