{"id":28700,"date":"2026-01-22T08:50:45","date_gmt":"2026-01-22T07:50:45","guid":{"rendered":"https:\/\/veritasinfo.org\/?p=28700"},"modified":"2026-01-22T08:53:08","modified_gmt":"2026-01-22T07:53:08","slug":"sot-ne-bruksel-mbahet-takimi-i-pare-per-rifillimin-e-dialogut-kosove-serbi","status":"publish","type":"post","link":"https:\/\/veritasinfo.org\/?p=28700","title":{"rendered":"Sot n\u00eb Bruksel mbahet takimi i par\u00eb p\u00ebr rifillimin e dialogut Kosov\u00eb\u2013Serbi"},"content":{"rendered":"<p>Prishtin\u00eb 22 janar 2026 08:49<\/p>\n<p>Sot n\u00eb Bruksel pritet t\u00eb mbahet takimi i par\u00eb p\u00ebr rifillimin e dialogut nd\u00ebrmjet Kosov\u00ebs dhe Serbis\u00eb, i nd\u00ebrmjet\u00ebsuar nga Bashkimi Evropian.<\/p>\n<p>Burime t\u00eb televizionit Teve1 b\u00ebjn\u00eb t\u00eb ditur se z\u00ebvend\u00ebskryeministri i Kosov\u00ebs, Besnik Bislimi, ka udh\u00ebtuar n\u00eb Bruksel, ku do t\u00eb takohet me drejtorin e t\u00eb ashtuquajtur\u00ebs Zyr\u00eb p\u00ebr Kosov\u00eb n\u00eb Qeverin\u00eb e Serbis\u00eb, Petar Petkoviq.<\/p>\n<p>Sipas t\u00eb nj\u00ebjtave burime, nj\u00eb nga temat kryesore t\u00eb diskutimit n\u00eb k\u00ebt\u00eb takim do t\u00eb jet\u00eb \u00e7\u00ebshtja e personave t\u00eb pagjetur, nj\u00eb prej temave m\u00eb t\u00eb ndjeshme dhe t\u00eb pazgjidhura t\u00eb dialogut.<\/p>\n<p>Ky takim vjen pas vizitave t\u00eb t\u00eb d\u00ebrguarit t\u00eb posa\u00e7\u00ebm t\u00eb Bashkimit Evropian p\u00ebr dialogun Kosov\u00eb\u2013Serbi, Peter S\u00f8rensen, n\u00eb Kosov\u00eb dhe Serbi, vizita q\u00eb u pan\u00eb si p\u00ebrpjekje p\u00ebr t\u00eb riaktivizuar procesin e dialogut pas nj\u00eb periudhe stagnimi.<\/p>\n","protected":false},"excerpt":{"rendered":"<p>Prishtin\u00eb 22 janar 2026 08:49 Sot n\u00eb Bruksel pritet t\u00eb mbahet takimi i par\u00eb p\u00ebr rifillimin e dialogut nd\u00ebrmjet Kosov\u00ebs dhe Serbis\u00eb, i nd\u00ebrmjet\u00ebsuar nga<\/p>\n","protected":false},"author":6,"featured_media":28701,"comment_status":"open","ping_status":"open","sticky":false,"template":"","format":"standard","meta":{"footnotes":""},"categories":[58],"tags":[],"class_list":["post-28700","post","type-post","status-publish","format-standard","has-post-thumbnail","hentry","category-politike-sq"],"yoast_head":"<!-- This site is optimized with the Yoast SEO plugin v25.3.1 - https:\/\/yoast.com\/wordpress\/plugins\/seo\/ -->\n<title>Sot n\u00eb Bruksel mbahet takimi i par\u00eb p\u00ebr rifillimin e dialogut Kosov\u00eb\u2013Serbi -<\/title>\n<meta name=\"robots\" content=\"index, follow, max-snippet:-1, max-image-preview:large, max-video-preview:-1\" \/>\n<link rel=\"canonical\" href=\"https:\/\/veritasinfo.org\/?p=28700\" \/>\n<meta property=\"og:locale\" content=\"en_US\" \/>\n<meta property=\"og:type\" content=\"article\" \/>\n<meta property=\"og:title\" content=\"Sot n\u00eb Bruksel mbahet takimi i par\u00eb p\u00ebr rifillimin e dialogut Kosov\u00eb\u2013Serbi -\" \/>\n<meta property=\"og:description\" content=\"Prishtin\u00eb 22 janar 2026 08:49 Sot n\u00eb Bruksel pritet t\u00eb mbahet takimi i par\u00eb p\u00ebr rifillimin e dialogut nd\u00ebrmjet Kosov\u00ebs dhe Serbis\u00eb, i nd\u00ebrmjet\u00ebsuar nga\" \/>\n<meta property=\"og:url\" content=\"https:\/\/veritasinfo.org\/?p=28700\" \/>\n<meta property=\"article:published_time\" content=\"2026-01-22T07:50:45+00:00\" \/>\n<meta property=\"article:modified_time\" content=\"2026-01-22T07:53:08+00:00\" \/>\n<meta property=\"og:image\" content=\"https:\/\/veritasinfo.org\/wp-content\/uploads\/2026\/01\/IMG-20260122-WA0001.jpg\" \/>\n\t<meta property=\"og:image:width\" content=\"672\" \/>\n\t<meta property=\"og:image:height\" content=\"375\" \/>\n\t<meta property=\"og:image:type\" content=\"image\/jpeg\" \/>\n<meta name=\"author\" content=\"US5\" \/>\n<meta name=\"twitter:card\" content=\"summary_large_image\" \/>\n<meta name=\"twitter:label1\" content=\"Written by\" \/>\n\t<meta name=\"twitter:data1\" content=\"US5\" \/>\n\t<meta name=\"twitter:label2\" content=\"Est. reading time\" \/>\n\t<meta name=\"twitter:data2\" content=\"2 minutes\" \/>\n<script type=\"application\/ld+json\" class=\"yoast-schema-graph\">{\"@context\":\"https:\/\/schema.org\",\"@graph\":[{\"@type\":\"WebPage\",\"@id\":\"https:\/\/veritasinfo.org\/?p=28700\",\"url\":\"https:\/\/veritasinfo.org\/?p=28700\",\"name\":\"Sot n\u00eb Bruksel mbahet takimi i par\u00eb p\u00ebr rifillimin e dialogut Kosov\u00eb\u2013Serbi -\",\"isPartOf\":{\"@id\":\"https:\/\/veritasinfo.org\/#website\"},\"primaryImageOfPage\":{\"@id\":\"https:\/\/veritasinfo.org\/?p=28700#primaryimage\"},\"image\":{\"@id\":\"https:\/\/veritasinfo.org\/?p=28700#primaryimage\"},\"thumbnailUrl\":\"https:\/\/veritasinfo.org\/wp-content\/uploads\/2026\/01\/IMG-20260122-WA0001.jpg\",\"datePublished\":\"2026-01-22T07:50:45+00:00\",\"dateModified\":\"2026-01-22T07:53:08+00:00\",\"author\":{\"@id\":\"https:\/\/veritasinfo.org\/#\/schema\/person\/bc442336e35414d04494ab8fb45db4c6\"},\"breadcrumb\":{\"@id\":\"https:\/\/veritasinfo.org\/?p=28700#breadcrumb\"},\"inLanguage\":\"en-US\",\"potentialAction\":[{\"@type\":\"ReadAction\",\"target\":[\"https:\/\/veritasinfo.org\/?p=28700\"]}]},{\"@type\":\"ImageObject\",\"inLanguage\":\"en-US\",\"@id\":\"https:\/\/veritasinfo.org\/?p=28700#primaryimage\",\"url\":\"https:\/\/veritasinfo.org\/wp-content\/uploads\/2026\/01\/IMG-20260122-WA0001.jpg\",\"contentUrl\":\"https:\/\/veritasinfo.org\/wp-content\/uploads\/2026\/01\/IMG-20260122-WA0001.jpg\",\"width\":672,\"height\":375},{\"@type\":\"BreadcrumbList\",\"@id\":\"https:\/\/veritasinfo.org\/?p=28700#breadcrumb\",\"itemListElement\":[{\"@type\":\"ListItem\",\"position\":1,\"name\":\"Home\",\"item\":\"https:\/\/veritasinfo.org\/\"},{\"@type\":\"ListItem\",\"position\":2,\"name\":\"Sot n\u00eb Bruksel mbahet takimi i par\u00eb p\u00ebr rifillimin e dialogut Kosov\u00eb\u2013Serbi\"}]},{\"@type\":\"WebSite\",\"@id\":\"https:\/\/veritasinfo.org\/#website\",\"url\":\"https:\/\/veritasinfo.org\/\",\"name\":\"\",\"description\":\"\",\"potentialAction\":[{\"@type\":\"SearchAction\",\"target\":{\"@type\":\"EntryPoint\",\"urlTemplate\":\"https:\/\/veritasinfo.org\/?s={search_term_string}\"},\"query-input\":{\"@type\":\"PropertyValueSpecification\",\"valueRequired\":true,\"valueName\":\"search_term_string\"}}],\"inLanguage\":\"en-US\"},{\"@type\":\"Person\",\"@id\":\"https:\/\/veritasinfo.org\/#\/schema\/person\/bc442336e35414d04494ab8fb45db4c6\",\"name\":\"US5\",\"image\":{\"@type\":\"ImageObject\",\"inLanguage\":\"en-US\",\"@id\":\"https:\/\/veritasinfo.org\/#\/schema\/person\/image\/\",\"url\":\"https:\/\/secure.gravatar.com\/avatar\/16a61e7272a0c5d001121ebb9e60e925d5816e4ac1e443ed3e640d9a6ae55d0c?s=96&d=mm&r=g\",\"contentUrl\":\"https:\/\/secure.gravatar.com\/avatar\/16a61e7272a0c5d001121ebb9e60e925d5816e4ac1e443ed3e640d9a6ae55d0c?s=96&d=mm&r=g\",\"caption\":\"US5\"},\"url\":\"https:\/\/veritasinfo.org\/?author=6\"}]}<\/script>\n<!-- \/ Yoast SEO plugin. -->","yoast_head_json":{"title":"Sot n\u00eb Bruksel mbahet takimi i par\u00eb p\u00ebr rifillimin e dialogut Kosov\u00eb\u2013Serbi -","robots":{"index":"index","follow":"follow","max-snippet":"max-snippet:-1","max-image-preview":"max-image-preview:large","max-video-preview":"max-video-preview:-1"},"canonical":"https:\/\/veritasinfo.org\/?p=28700","og_locale":"en_US","og_type":"article","og_title":"Sot n\u00eb Bruksel mbahet takimi i par\u00eb p\u00ebr rifillimin e dialogut Kosov\u00eb\u2013Serbi -","og_description":"Prishtin\u00eb 22 janar 2026 08:49 Sot n\u00eb Bruksel pritet t\u00eb mbahet takimi i par\u00eb p\u00ebr rifillimin e dialogut nd\u00ebrmjet Kosov\u00ebs dhe Serbis\u00eb, i nd\u00ebrmjet\u00ebsuar nga","og_url":"https:\/\/veritasinfo.org\/?p=28700","article_published_time":"2026-01-22T07:50:45+00:00","article_modified_time":"2026-01-22T07:53:08+00:00","og_image":[{"width":672,"height":375,"url":"https:\/\/veritasinfo.org\/wp-content\/uploads\/2026\/01\/IMG-20260122-WA0001.jpg","type":"image\/jpeg"}],"author":"US5","twitter_card":"summary_large_image","twitter_misc":{"Written by":"US5","Est. reading time":"2 minutes"},"schema":{"@context":"https:\/\/schema.org","@graph":[{"@type":"WebPage","@id":"https:\/\/veritasinfo.org\/?p=28700","url":"https:\/\/veritasinfo.org\/?p=28700","name":"Sot n\u00eb Bruksel mbahet takimi i par\u00eb p\u00ebr rifillimin e dialogut Kosov\u00eb\u2013Serbi -","isPartOf":{"@id":"https:\/\/veritasinfo.org\/#website"},"primaryImageOfPage":{"@id":"https:\/\/veritasinfo.org\/?p=28700#primaryimage"},"image":{"@id":"https:\/\/veritasinfo.org\/?p=28700#primaryimage"},"thumbnailUrl":"https:\/\/veritasinfo.org\/wp-content\/uploads\/2026\/01\/IMG-20260122-WA0001.jpg","datePublished":"2026-01-22T07:50:45+00:00","dateModified":"2026-01-22T07:53:08+00:00","author":{"@id":"https:\/\/veritasinfo.org\/#\/schema\/person\/bc442336e35414d04494ab8fb45db4c6"},"breadcrumb":{"@id":"https:\/\/veritasinfo.org\/?p=28700#breadcrumb"},"inLanguage":"en-US","potentialAction":[{"@type":"ReadAction","target":["https:\/\/veritasinfo.org\/?p=28700"]}]},{"@type":"ImageObject","inLanguage":"en-US","@id":"https:\/\/veritasinfo.org\/?p=28700#primaryimage","url":"https:\/\/veritasinfo.org\/wp-content\/uploads\/2026\/01\/IMG-20260122-WA0001.jpg","contentUrl":"https:\/\/veritasinfo.org\/wp-content\/uploads\/2026\/01\/IMG-20260122-WA0001.jpg","width":672,"height":375},{"@type":"BreadcrumbList","@id":"https:\/\/veritasinfo.org\/?p=28700#breadcrumb","itemListElement":[{"@type":"ListItem","position":1,"name":"Home","item":"https:\/\/veritasinfo.org\/"},{"@type":"ListItem","position":2,"name":"Sot n\u00eb Bruksel mbahet takimi i par\u00eb p\u00ebr rifillimin e dialogut Kosov\u00eb\u2013Serbi"}]},{"@type":"WebSite","@id":"https:\/\/veritasinfo.org\/#website","url":"https:\/\/veritasinfo.org\/","name":"","description":"","potentialAction":[{"@type":"SearchAction","target":{"@type":"EntryPoint","urlTemplate":"https:\/\/veritasinfo.org\/?s={search_term_string}"},"query-input":{"@type":"PropertyValueSpecification","valueRequired":true,"valueName":"search_term_string"}}],"inLanguage":"en-US"},{"@type":"Person","@id":"https:\/\/veritasinfo.org\/#\/schema\/person\/bc442336e35414d04494ab8fb45db4c6","name":"US5","image":{"@type":"ImageObject","inLanguage":"en-US","@id":"https:\/\/veritasinfo.org\/#\/schema\/person\/image\/","url":"https:\/\/secure.gravatar.com\/avatar\/16a61e7272a0c5d001121ebb9e60e925d5816e4ac1e443ed3e640d9a6ae55d0c?s=96&d=mm&r=g","contentUrl":"https:\/\/secure.gravatar.com\/avatar\/16a61e7272a0c5d001121ebb9e60e925d5816e4ac1e443ed3e640d9a6ae55d0c?s=96&d=mm&r=g","caption":"US5"},"url":"https:\/\/veritasinfo.org\/?author=6"}]}},"featured_image_urls":{"full":["https:\/\/veritasinfo.org\/wp-content\/uploads\/2026\/01\/IMG-20260122-WA0001.jpg",672,375,false],"thumbnail":["https:\/\/veritasinfo.org\/wp-content\/uploads\/2026\/01\/IMG-20260122-WA0001-150x150.jpg",150,150,true],"medium":["https:\/\/veritasinfo.org\/wp-content\/uploads\/2026\/01\/IMG-20260122-WA0001-300x167.jpg",300,167,true],"medium_large":["https:\/\/veritasinfo.org\/wp-content\/uploads\/2026\/01\/IMG-20260122-WA0001.jpg",640,357,false],"large":["https:\/\/veritasinfo.org\/wp-content\/uploads\/2026\/01\/IMG-20260122-WA0001.jpg",640,357,false],"1536x1536":["https:\/\/veritasinfo.org\/wp-content\/uploads\/2026\/01\/IMG-20260122-WA0001.jpg",672,375,false],"2048x2048":["https:\/\/veritasinfo.org\/wp-content\/uploads\/2026\/01\/IMG-20260122-WA0001.jpg",672,375,false],"kreeti-slider-full":["https:\/\/veritasinfo.org\/wp-content\/uploads\/2026\/01\/IMG-20260122-WA0001.jpg",672,375,false],"kreeti-featured":["https:\/\/veritasinfo.org\/wp-content\/uploads\/2026\/01\/IMG-20260122-WA0001.jpg",672,375,false],"kreeti-medium":["https:\/\/veritasinfo.org\/wp-content\/uploads\/2026\/01\/IMG-20260122-WA0001.jpg",672,375,false],"kreeti-medium-square":["https:\/\/veritasinfo.org\/wp-content\/uploads\/2026\/01\/IMG-20260122-WA0001.jpg",350,195,false]},"author_info":{"info":["US5"]},"category_info":"<a href=\"https:\/\/veritasinfo.org\/?cat=58\" rel=\"category\">Politik\u00eb<\/a>","tag_info":"Politik\u00eb","comment_count":"0","_links":{"self":[{"href":"https:\/\/veritasinfo.org\/index.php?rest_route=\/wp\/v2\/posts\/28700","targetHints":{"allow":["GET"]}}],"collection":[{"href":"https:\/\/veritasinfo.org\/index.php?rest_route=\/wp\/v2\/posts"}],"about":[{"href":"https:\/\/veritasinfo.org\/index.php?rest_route=\/wp\/v2\/types\/post"}],"author":[{"embeddable":true,"href":"https:\/\/veritasinfo.org\/index.php?rest_route=\/wp\/v2\/users\/6"}],"replies":[{"embeddable":true,"href":"https:\/\/veritasinfo.org\/index.php?rest_route=%2Fwp%2Fv2%2Fcomments&post=28700"}],"version-history":[{"count":3,"href":"https:\/\/veritasinfo.org\/index.php?rest_route=\/wp\/v2\/posts\/28700\/revisions"}],"predecessor-version":[{"id":28704,"href":"https:\/\/veritasinfo.org\/index.php?rest_route=\/wp\/v2\/posts\/28700\/revisions\/28704"}],"wp:featuredmedia":[{"embeddable":true,"href":"https:\/\/veritasinfo.org\/index.php?rest_route=\/wp\/v2\/media\/28701"}],"wp:attachment":[{"href":"https:\/\/veritasinfo.org\/index.php?rest_route=%2Fwp%2Fv2%2Fmedia&parent=28700"}],"wp:term":[{"taxonomy":"category","embeddable":true,"href":"https:\/\/veritasinfo.org\/index.php?rest_route=%2Fwp%2Fv2%2Fcategories&post=28700"},{"taxonomy":"post_tag","embeddable":true,"href":"https:\/\/veritasinfo.org\/index.php?rest_route=%2Fwp%2Fv2%2Ftags&post=28700"}],"curies":[{"name":"wp","href":"https:\/\/api.w.org\/{rel}","templated":true}]}}