{"id":28688,"date":"2026-01-22T08:10:28","date_gmt":"2026-01-22T07:10:28","guid":{"rendered":"https:\/\/veritasinfo.org\/?p=28688"},"modified":"2026-01-22T08:10:28","modified_gmt":"2026-01-22T07:10:28","slug":"hoxhaj-pa-reagim-perendimor-hegjemonia-serbe-rrezikon-paqen-ne-ballkan","status":"publish","type":"post","link":"https:\/\/veritasinfo.org\/?p=28688","title":{"rendered":"Hoxhaj: Pa reagim per\u00ebndimor, hegjemonia serbe rrezikon paqen n\u00eb Ballkan"},"content":{"rendered":"<p>Prishtin\u00eb 22 janar 2026 08:09<\/p>\n<p>N\u00eb kuad\u00ebr t\u00eb Forumit Ekonomik Bot\u00ebror (WEF), ish-ministri i Pun\u00ebve t\u00eb Jashtme t\u00eb Kosov\u00ebs, Enver Hoxhaj, ishte pjes\u00eb e panelit nd\u00ebrkomb\u00ebtar p\u00ebr stabilitetin dhe t\u00eb ardhmen e Ballkanit, ku mor\u00ebn pjes\u00eb lider\u00eb politik\u00eb, diplomat\u00eb dhe ekspert\u00eb t\u00eb siguris\u00eb nga e gjith\u00eb bota.<\/p>\n<p>Gjat\u00eb fjal\u00ebs s\u00eb tij, Hoxhaj theksoi se Ballkani nuk duhet par\u00eb m\u00eb si periferi e Evrop\u00ebs, por si nj\u00eb nga rajonet m\u00eb t\u00eb ndjeshme p\u00ebr sigurin\u00eb evropiane. \u201cBallkani nuk \u00ebsht\u00eb nj\u00eb periferi e Evrop\u00ebs, por nd\u00ebr rajonet m\u00eb problematike p\u00ebr sigurin\u00eb e saj. Ai \u00ebsht\u00eb sot shembulli m\u00eb i qart\u00eb i dilemave serioze t\u00eb siguris\u00eb s\u00eb Evrop\u00ebs\u201d, tha Hoxhaj.<\/p>\n<p>Ai paralajm\u00ebroi se mungesa e v\u00ebmendjes dhe p\u00ebrkushtimit politik t\u00eb Per\u00ebndimit ndaj rajonit po krijon nj\u00eb situat\u00eb t\u00eb rrezikshme.<\/p>\n<p>\u201c\u00c7ka po shohim sot nuk \u00ebsht\u00eb vet\u00ebm pasiguri periferike, por ambiguitet sistematik. Ambiguiteti per\u00ebndimor ndaj Ballkanit \u00ebsht\u00eb nj\u00eb ftes\u00eb e drejtp\u00ebrdrejt\u00eb p\u00ebr p\u00ebrshkall\u00ebzim\u201d, theksoi ai.<\/p>\n<p>Duke iu referuar p\u00ebrvoj\u00ebs s\u00eb Kosov\u00ebs, Hoxhaj kujtoi se kontinenti evropian nuk \u00ebsht\u00eb imun ndaj rikthimit t\u00eb luft\u00ebs. \u201cSi nj\u00eb vend q\u00eb ka p\u00ebrjetuar luft\u00ebn dhe gjenocidin para 27 vitesh, ne kemi besuar se k\u00ebto do t\u00eb ishin ngjarjet e fundit n\u00eb Evrop\u00eb. Sot, me rikthimin e luft\u00ebs, ky iluzion ka r\u00ebn\u00eb\u201d, u shpreh ai.<\/p>\n<p>Hoxhaj identifikoi Serbin\u00eb si burimin kryesor t\u00eb jostabilitetit rajonal. \u201cK\u00ebrc\u00ebnimi kryesor p\u00ebr sigurin\u00eb n\u00eb Ballkan \u00ebsht\u00eb Serbia, me politik\u00ebn e saj hegjemoniste ndaj Kosov\u00ebs, Malit t\u00eb Zi dhe Bosnj\u00ebs. K\u00ebsaj politike amerikan\u00ebt dhe evropian\u00ebt duhet t\u2019i japin fund\u201d, tha ai.<\/p>\n<p>N\u00eb k\u00ebt\u00eb kontekst, Hoxhaj b\u00ebri thirrje p\u00ebr nj\u00eb rizgjim gjeopolitik t\u00eb Per\u00ebndimit dhe mb\u00ebshtetje t\u00eb qart\u00eb p\u00ebr integrimin euroatlantik t\u00eb rajonit. \u201cNATO dhe BE duhet seriozisht t\u00eb mb\u00ebshtesin an\u00ebtar\u00ebsimin e Kosov\u00ebs dhe vendeve t\u00eb tjera t\u00eb mbetura, si dhe t\u00eb tregojn\u00eb vendosm\u00ebri reale p\u00ebr zgjerimin e Bashkimit Evropian drejt Ballkanit\u201d, deklaroi ai.<\/p>\n<p>Ai kritikoi qasjen aktuale t\u00eb BE-s\u00eb ndaj zgjerimit, duke e cil\u00ebsuar at\u00eb si t\u00eb konsumuar. \u201cZgjerimi nuk mund t\u00eb vazhdoj\u00eb si proces teknokratik. Reforma pa afate ka prodhuar lodhje, integrimi pa garanci ka prodhuar p\u00ebrafrim pa besnik\u00ebri, nd\u00ebrsa premtimet pa jet\u00ebzim kan\u00eb d\u00ebmtuar r\u00ebnd\u00eb kredibilitetin e BE-s\u00eb\u201d, tha Hoxhaj.<\/p>\n<p>Sipas tij, Ballkani ndodhet sot n\u00eb nj\u00eb pozit\u00eb t\u00eb paq\u00ebndrueshme: \u201cRajoni \u00ebsht\u00eb ekonomikisht i integruar, politikisht i p\u00ebrjashtuar dhe n\u00eb aspektin e siguris\u00eb i varur, me vakume serioze sigurie\u201d.<\/p>\n<p>Ai paralajm\u00ebroi se k\u00ebto vakume nuk mbesin bosh.<\/p>\n<p>\u201cN\u00eb situat\u00ebn e re gjeopolitike, vakumet e siguris\u00eb mbushen shpejt dhe historia na ka m\u00ebsuar se i mbushin kund\u00ebrshtar\u00ebt e Per\u00ebndimit dhe t\u00eb paqes\u201d, p\u00ebrfundoi Hoxhaj.<\/p>\n","protected":false},"excerpt":{"rendered":"<p>Prishtin\u00eb 22 janar 2026 08:09 N\u00eb kuad\u00ebr t\u00eb Forumit Ekonomik Bot\u00ebror (WEF), ish-ministri i Pun\u00ebve t\u00eb Jashtme t\u00eb Kosov\u00ebs, Enver Hoxhaj, ishte pjes\u00eb e panelit<\/p>\n","protected":false},"author":6,"featured_media":28689,"comment_status":"open","ping_status":"open","sticky":false,"template":"","format":"standard","meta":{"footnotes":""},"categories":[58],"tags":[],"class_list":["post-28688","post","type-post","status-publish","format-standard","has-post-thumbnail","hentry","category-politike-sq"],"yoast_head":"<!-- This site is optimized with the Yoast SEO plugin v25.3.1 - https:\/\/yoast.com\/wordpress\/plugins\/seo\/ -->\n<title>Hoxhaj: Pa reagim per\u00ebndimor, hegjemonia serbe rrezikon paqen n\u00eb Ballkan -<\/title>\n<meta name=\"robots\" content=\"index, follow, max-snippet:-1, max-image-preview:large, max-video-preview:-1\" \/>\n<link rel=\"canonical\" href=\"https:\/\/veritasinfo.org\/?p=28688\" \/>\n<meta property=\"og:locale\" content=\"en_US\" \/>\n<meta property=\"og:type\" content=\"article\" \/>\n<meta property=\"og:title\" content=\"Hoxhaj: Pa reagim per\u00ebndimor, hegjemonia serbe rrezikon paqen n\u00eb Ballkan -\" \/>\n<meta property=\"og:description\" content=\"Prishtin\u00eb 22 janar 2026 08:09 N\u00eb kuad\u00ebr t\u00eb Forumit Ekonomik Bot\u00ebror (WEF), ish-ministri i Pun\u00ebve t\u00eb Jashtme t\u00eb Kosov\u00ebs, Enver Hoxhaj, ishte pjes\u00eb e panelit\" \/>\n<meta property=\"og:url\" content=\"https:\/\/veritasinfo.org\/?p=28688\" \/>\n<meta property=\"article:published_time\" content=\"2026-01-22T07:10:28+00:00\" \/>\n<meta property=\"og:image\" content=\"https:\/\/veritasinfo.org\/wp-content\/uploads\/2026\/01\/IMG-20260122-WA0000.jpg\" \/>\n\t<meta property=\"og:image:width\" content=\"1107\" \/>\n\t<meta property=\"og:image:height\" content=\"778\" \/>\n\t<meta property=\"og:image:type\" content=\"image\/jpeg\" \/>\n<meta name=\"author\" content=\"US5\" \/>\n<meta name=\"twitter:card\" content=\"summary_large_image\" \/>\n<meta name=\"twitter:label1\" content=\"Written by\" \/>\n\t<meta name=\"twitter:data1\" content=\"US5\" \/>\n\t<meta name=\"twitter:label2\" content=\"Est. reading time\" \/>\n\t<meta name=\"twitter:data2\" content=\"1 minute\" \/>\n<script type=\"application\/ld+json\" class=\"yoast-schema-graph\">{\"@context\":\"https:\/\/schema.org\",\"@graph\":[{\"@type\":\"WebPage\",\"@id\":\"https:\/\/veritasinfo.org\/?p=28688\",\"url\":\"https:\/\/veritasinfo.org\/?p=28688\",\"name\":\"Hoxhaj: Pa reagim per\u00ebndimor, hegjemonia serbe rrezikon paqen n\u00eb Ballkan -\",\"isPartOf\":{\"@id\":\"https:\/\/veritasinfo.org\/#website\"},\"primaryImageOfPage\":{\"@id\":\"https:\/\/veritasinfo.org\/?p=28688#primaryimage\"},\"image\":{\"@id\":\"https:\/\/veritasinfo.org\/?p=28688#primaryimage\"},\"thumbnailUrl\":\"https:\/\/veritasinfo.org\/wp-content\/uploads\/2026\/01\/IMG-20260122-WA0000.jpg\",\"datePublished\":\"2026-01-22T07:10:28+00:00\",\"author\":{\"@id\":\"https:\/\/veritasinfo.org\/#\/schema\/person\/bc442336e35414d04494ab8fb45db4c6\"},\"breadcrumb\":{\"@id\":\"https:\/\/veritasinfo.org\/?p=28688#breadcrumb\"},\"inLanguage\":\"en-US\",\"potentialAction\":[{\"@type\":\"ReadAction\",\"target\":[\"https:\/\/veritasinfo.org\/?p=28688\"]}]},{\"@type\":\"ImageObject\",\"inLanguage\":\"en-US\",\"@id\":\"https:\/\/veritasinfo.org\/?p=28688#primaryimage\",\"url\":\"https:\/\/veritasinfo.org\/wp-content\/uploads\/2026\/01\/IMG-20260122-WA0000.jpg\",\"contentUrl\":\"https:\/\/veritasinfo.org\/wp-content\/uploads\/2026\/01\/IMG-20260122-WA0000.jpg\",\"width\":1107,\"height\":778},{\"@type\":\"BreadcrumbList\",\"@id\":\"https:\/\/veritasinfo.org\/?p=28688#breadcrumb\",\"itemListElement\":[{\"@type\":\"ListItem\",\"position\":1,\"name\":\"Home\",\"item\":\"https:\/\/veritasinfo.org\/\"},{\"@type\":\"ListItem\",\"position\":2,\"name\":\"Hoxhaj: Pa reagim per\u00ebndimor, hegjemonia serbe rrezikon paqen n\u00eb Ballkan\"}]},{\"@type\":\"WebSite\",\"@id\":\"https:\/\/veritasinfo.org\/#website\",\"url\":\"https:\/\/veritasinfo.org\/\",\"name\":\"\",\"description\":\"\",\"potentialAction\":[{\"@type\":\"SearchAction\",\"target\":{\"@type\":\"EntryPoint\",\"urlTemplate\":\"https:\/\/veritasinfo.org\/?s={search_term_string}\"},\"query-input\":{\"@type\":\"PropertyValueSpecification\",\"valueRequired\":true,\"valueName\":\"search_term_string\"}}],\"inLanguage\":\"en-US\"},{\"@type\":\"Person\",\"@id\":\"https:\/\/veritasinfo.org\/#\/schema\/person\/bc442336e35414d04494ab8fb45db4c6\",\"name\":\"US5\",\"image\":{\"@type\":\"ImageObject\",\"inLanguage\":\"en-US\",\"@id\":\"https:\/\/veritasinfo.org\/#\/schema\/person\/image\/\",\"url\":\"https:\/\/secure.gravatar.com\/avatar\/16a61e7272a0c5d001121ebb9e60e925d5816e4ac1e443ed3e640d9a6ae55d0c?s=96&d=mm&r=g\",\"contentUrl\":\"https:\/\/secure.gravatar.com\/avatar\/16a61e7272a0c5d001121ebb9e60e925d5816e4ac1e443ed3e640d9a6ae55d0c?s=96&d=mm&r=g\",\"caption\":\"US5\"},\"url\":\"https:\/\/veritasinfo.org\/?author=6\"}]}<\/script>\n<!-- \/ Yoast SEO plugin. -->","yoast_head_json":{"title":"Hoxhaj: Pa reagim per\u00ebndimor, hegjemonia serbe rrezikon paqen n\u00eb Ballkan -","robots":{"index":"index","follow":"follow","max-snippet":"max-snippet:-1","max-image-preview":"max-image-preview:large","max-video-preview":"max-video-preview:-1"},"canonical":"https:\/\/veritasinfo.org\/?p=28688","og_locale":"en_US","og_type":"article","og_title":"Hoxhaj: Pa reagim per\u00ebndimor, hegjemonia serbe rrezikon paqen n\u00eb Ballkan -","og_description":"Prishtin\u00eb 22 janar 2026 08:09 N\u00eb kuad\u00ebr t\u00eb Forumit Ekonomik Bot\u00ebror (WEF), ish-ministri i Pun\u00ebve t\u00eb Jashtme t\u00eb Kosov\u00ebs, Enver Hoxhaj, ishte pjes\u00eb e panelit","og_url":"https:\/\/veritasinfo.org\/?p=28688","article_published_time":"2026-01-22T07:10:28+00:00","og_image":[{"width":1107,"height":778,"url":"https:\/\/veritasinfo.org\/wp-content\/uploads\/2026\/01\/IMG-20260122-WA0000.jpg","type":"image\/jpeg"}],"author":"US5","twitter_card":"summary_large_image","twitter_misc":{"Written by":"US5","Est. reading time":"1 minute"},"schema":{"@context":"https:\/\/schema.org","@graph":[{"@type":"WebPage","@id":"https:\/\/veritasinfo.org\/?p=28688","url":"https:\/\/veritasinfo.org\/?p=28688","name":"Hoxhaj: Pa reagim per\u00ebndimor, hegjemonia serbe rrezikon paqen n\u00eb Ballkan -","isPartOf":{"@id":"https:\/\/veritasinfo.org\/#website"},"primaryImageOfPage":{"@id":"https:\/\/veritasinfo.org\/?p=28688#primaryimage"},"image":{"@id":"https:\/\/veritasinfo.org\/?p=28688#primaryimage"},"thumbnailUrl":"https:\/\/veritasinfo.org\/wp-content\/uploads\/2026\/01\/IMG-20260122-WA0000.jpg","datePublished":"2026-01-22T07:10:28+00:00","author":{"@id":"https:\/\/veritasinfo.org\/#\/schema\/person\/bc442336e35414d04494ab8fb45db4c6"},"breadcrumb":{"@id":"https:\/\/veritasinfo.org\/?p=28688#breadcrumb"},"inLanguage":"en-US","potentialAction":[{"@type":"ReadAction","target":["https:\/\/veritasinfo.org\/?p=28688"]}]},{"@type":"ImageObject","inLanguage":"en-US","@id":"https:\/\/veritasinfo.org\/?p=28688#primaryimage","url":"https:\/\/veritasinfo.org\/wp-content\/uploads\/2026\/01\/IMG-20260122-WA0000.jpg","contentUrl":"https:\/\/veritasinfo.org\/wp-content\/uploads\/2026\/01\/IMG-20260122-WA0000.jpg","width":1107,"height":778},{"@type":"BreadcrumbList","@id":"https:\/\/veritasinfo.org\/?p=28688#breadcrumb","itemListElement":[{"@type":"ListItem","position":1,"name":"Home","item":"https:\/\/veritasinfo.org\/"},{"@type":"ListItem","position":2,"name":"Hoxhaj: Pa reagim per\u00ebndimor, hegjemonia serbe rrezikon paqen n\u00eb Ballkan"}]},{"@type":"WebSite","@id":"https:\/\/veritasinfo.org\/#website","url":"https:\/\/veritasinfo.org\/","name":"","description":"","potentialAction":[{"@type":"SearchAction","target":{"@type":"EntryPoint","urlTemplate":"https:\/\/veritasinfo.org\/?s={search_term_string}"},"query-input":{"@type":"PropertyValueSpecification","valueRequired":true,"valueName":"search_term_string"}}],"inLanguage":"en-US"},{"@type":"Person","@id":"https:\/\/veritasinfo.org\/#\/schema\/person\/bc442336e35414d04494ab8fb45db4c6","name":"US5","image":{"@type":"ImageObject","inLanguage":"en-US","@id":"https:\/\/veritasinfo.org\/#\/schema\/person\/image\/","url":"https:\/\/secure.gravatar.com\/avatar\/16a61e7272a0c5d001121ebb9e60e925d5816e4ac1e443ed3e640d9a6ae55d0c?s=96&d=mm&r=g","contentUrl":"https:\/\/secure.gravatar.com\/avatar\/16a61e7272a0c5d001121ebb9e60e925d5816e4ac1e443ed3e640d9a6ae55d0c?s=96&d=mm&r=g","caption":"US5"},"url":"https:\/\/veritasinfo.org\/?author=6"}]}},"featured_image_urls":{"full":["https:\/\/veritasinfo.org\/wp-content\/uploads\/2026\/01\/IMG-20260122-WA0000.jpg",1107,778,false],"thumbnail":["https:\/\/veritasinfo.org\/wp-content\/uploads\/2026\/01\/IMG-20260122-WA0000-150x150.jpg",150,150,true],"medium":["https:\/\/veritasinfo.org\/wp-content\/uploads\/2026\/01\/IMG-20260122-WA0000-300x211.jpg",300,211,true],"medium_large":["https:\/\/veritasinfo.org\/wp-content\/uploads\/2026\/01\/IMG-20260122-WA0000-768x540.jpg",640,450,true],"large":["https:\/\/veritasinfo.org\/wp-content\/uploads\/2026\/01\/IMG-20260122-WA0000-1024x720.jpg",640,450,true],"1536x1536":["https:\/\/veritasinfo.org\/wp-content\/uploads\/2026\/01\/IMG-20260122-WA0000.jpg",1107,778,false],"2048x2048":["https:\/\/veritasinfo.org\/wp-content\/uploads\/2026\/01\/IMG-20260122-WA0000.jpg",1107,778,false],"kreeti-slider-full":["https:\/\/veritasinfo.org\/wp-content\/uploads\/2026\/01\/IMG-20260122-WA0000.jpg",1024,720,false],"kreeti-featured":["https:\/\/veritasinfo.org\/wp-content\/uploads\/2026\/01\/IMG-20260122-WA0000.jpg",1024,720,false],"kreeti-medium":["https:\/\/veritasinfo.org\/wp-content\/uploads\/2026\/01\/IMG-20260122-WA0000.jpg",720,506,false],"kreeti-medium-square":["https:\/\/veritasinfo.org\/wp-content\/uploads\/2026\/01\/IMG-20260122-WA0000.jpg",350,246,false]},"author_info":{"info":["US5"]},"category_info":"<a href=\"https:\/\/veritasinfo.org\/?cat=58\" rel=\"category\">Politik\u00eb<\/a>","tag_info":"Politik\u00eb","comment_count":"0","_links":{"self":[{"href":"https:\/\/veritasinfo.org\/index.php?rest_route=\/wp\/v2\/posts\/28688","targetHints":{"allow":["GET"]}}],"collection":[{"href":"https:\/\/veritasinfo.org\/index.php?rest_route=\/wp\/v2\/posts"}],"about":[{"href":"https:\/\/veritasinfo.org\/index.php?rest_route=\/wp\/v2\/types\/post"}],"author":[{"embeddable":true,"href":"https:\/\/veritasinfo.org\/index.php?rest_route=\/wp\/v2\/users\/6"}],"replies":[{"embeddable":true,"href":"https:\/\/veritasinfo.org\/index.php?rest_route=%2Fwp%2Fv2%2Fcomments&post=28688"}],"version-history":[{"count":1,"href":"https:\/\/veritasinfo.org\/index.php?rest_route=\/wp\/v2\/posts\/28688\/revisions"}],"predecessor-version":[{"id":28690,"href":"https:\/\/veritasinfo.org\/index.php?rest_route=\/wp\/v2\/posts\/28688\/revisions\/28690"}],"wp:featuredmedia":[{"embeddable":true,"href":"https:\/\/veritasinfo.org\/index.php?rest_route=\/wp\/v2\/media\/28689"}],"wp:attachment":[{"href":"https:\/\/veritasinfo.org\/index.php?rest_route=%2Fwp%2Fv2%2Fmedia&parent=28688"}],"wp:term":[{"taxonomy":"category","embeddable":true,"href":"https:\/\/veritasinfo.org\/index.php?rest_route=%2Fwp%2Fv2%2Fcategories&post=28688"},{"taxonomy":"post_tag","embeddable":true,"href":"https:\/\/veritasinfo.org\/index.php?rest_route=%2Fwp%2Fv2%2Ftags&post=28688"}],"curies":[{"name":"wp","href":"https:\/\/api.w.org\/{rel}","templated":true}]}}