{"id":28678,"date":"2026-01-22T06:54:53","date_gmt":"2026-01-22T05:54:53","guid":{"rendered":"https:\/\/veritasinfo.org\/?p=28678"},"modified":"2026-01-22T06:54:53","modified_gmt":"2026-01-22T05:54:53","slug":"28-vjet-nga-sulmi-i-dyte-i-serbise-ndaj-familjes-jashari-ne-prekaz","status":"publish","type":"post","link":"https:\/\/veritasinfo.org\/?p=28678","title":{"rendered":"28 vjet nga sulmi i dyt\u00eb i Serbis\u00eb ndaj familjes Jashari n\u00eb Prekaz"},"content":{"rendered":"<p>Prishtin\u00eb, 22 janar 2026 06:53<\/p>\n<p>Sot b\u00ebhen 28 vjet nga sulmi i dyt\u00eb i forcave serbe ndaj familjes Jashari n\u00eb Prekaz.<\/p>\n<p>M\u00eb 22 janar 1998, n\u00eb or\u00ebt e hershme t\u00eb m\u00ebngjesit, nga Fabrika e Municionit t\u00eb Gjuetis\u00eb(Skenderaj), rreth 500 metra larg sht\u00ebpive t\u00eb lagjes Jashari, kishin l\u00ebvizur forca t\u00eb policis\u00eb serbe, t\u00eb cilat u drejtuan drejt Kull\u00ebs s\u00eb Jashar\u00ebve p\u00ebr ta sulmuar at\u00eb me arm\u00eb t\u00eb llojeve t\u00eb ndryshme. Ky aksion i policis\u00eb s\u00eb Serbis\u00eb ndaj familjes s\u00eb Shaban Jasharit, erdhi plot 6 vite pas aksionit t\u00eb 30 dhjetorit t\u00eb vitit 1991.<\/p>\n<p>Sulmi i tret\u00eb i Serbis\u00eb ndaj familjes Jashari ndodhi vet\u00ebm nj\u00eb muaj e gjysm\u00eb m\u00eb pas, m\u00eb 5, 6 dhe 7 mars 1998, mij\u00ebra polic\u00eb dhe ushtar\u00eb t\u00eb Serbis\u00eb e kryen aksionin e tret\u00eb dhe m\u00eb fatalin n\u00eb Prekaz, duke i vrar\u00eb 20 an\u00ebtar\u00eb t\u00eb familjes s\u00eb Shaban Jasharit, p\u00ebrfshir\u00eb edhe komandantin legjendar t\u00eb U\u00c7K-s\u00eb, Adem Jasharin, nga 59 sa u vran\u00eb gjithsej ato dit\u00eb n\u00eb Prekaz.<\/p>\n<p>Organizata e Veteran\u00ebve t\u00eb Luft\u00ebs s\u00eb U\u00c7K-s\u00eb, njofton se sot mban homazhe n\u00eb or\u00ebn 10:00, n\u00eb Prekaz, pran\u00eb Kompleksit Memorial.<\/p>\n<p>\u201cN\u00eb nderim t\u00eb dat\u00ebs 22 janar 1998 kur forcat serbe sulmuan p\u00ebr her\u00eb t\u00eb dyt\u00eb familjen Jashari n\u00eb Prekaz, ngjarje kjo q\u00eb sh\u00ebnoi nj\u00eb vendim historik t\u00eb q\u00ebndres\u00ebs, ku p\u00ebrball\u00eb dhun\u00ebs dhe rrezikut familja zgjodhi t\u00eb mos largohej nga sht\u00ebpia dhe trualli i vet, duke i treguar bot\u00ebs se shqiptar\u00ebt nuk braktisin kurr\u00eb tok\u00ebn e tyre, OVL U\u00c7K fton familjet e d\u00ebshmor\u00ebve, bashk\u00ebluft\u00ebtar\u00ebt dhe qytetar\u00ebt q\u00eb t\u00eb marrin pjes\u00eb p\u00ebr homazhe n\u00eb or\u00ebn 10:00, n\u00eb Prekaz, pran\u00eb Kompleksit Memorial\u201d, thuhet n\u00eb njoftim.<\/p>\n","protected":false},"excerpt":{"rendered":"<p>Prishtin\u00eb, 22 janar 2026 06:53 Sot b\u00ebhen 28 vjet nga sulmi i dyt\u00eb i forcave serbe ndaj familjes Jashari n\u00eb Prekaz. M\u00eb 22 janar 1998,<\/p>\n","protected":false},"author":7,"featured_media":28679,"comment_status":"open","ping_status":"open","sticky":false,"template":"","format":"standard","meta":{"footnotes":""},"categories":[60],"tags":[],"class_list":["post-28678","post","type-post","status-publish","format-standard","has-post-thumbnail","hentry","category-shoqerore-sq"],"yoast_head":"<!-- This site is optimized with the Yoast SEO plugin v25.3.1 - https:\/\/yoast.com\/wordpress\/plugins\/seo\/ -->\n<title>28 vjet nga sulmi i dyt\u00eb i Serbis\u00eb ndaj familjes Jashari n\u00eb Prekaz -<\/title>\n<meta name=\"robots\" content=\"index, follow, max-snippet:-1, max-image-preview:large, max-video-preview:-1\" \/>\n<link rel=\"canonical\" href=\"https:\/\/veritasinfo.org\/?p=28678\" \/>\n<meta property=\"og:locale\" content=\"en_US\" \/>\n<meta property=\"og:type\" content=\"article\" \/>\n<meta property=\"og:title\" content=\"28 vjet nga sulmi i dyt\u00eb i Serbis\u00eb ndaj familjes Jashari n\u00eb Prekaz -\" \/>\n<meta property=\"og:description\" content=\"Prishtin\u00eb, 22 janar 2026 06:53 Sot b\u00ebhen 28 vjet nga sulmi i dyt\u00eb i forcave serbe ndaj familjes Jashari n\u00eb Prekaz. M\u00eb 22 janar 1998,\" \/>\n<meta property=\"og:url\" content=\"https:\/\/veritasinfo.org\/?p=28678\" \/>\n<meta property=\"article:published_time\" content=\"2026-01-22T05:54:53+00:00\" \/>\n<meta property=\"og:image\" content=\"https:\/\/veritasinfo.org\/wp-content\/uploads\/2026\/01\/714987-GsngooVceX.jpeg\" \/>\n\t<meta property=\"og:image:width\" content=\"780\" \/>\n\t<meta property=\"og:image:height\" content=\"500\" \/>\n\t<meta property=\"og:image:type\" content=\"image\/jpeg\" \/>\n<meta name=\"author\" content=\"US6\" \/>\n<meta name=\"twitter:card\" content=\"summary_large_image\" \/>\n<meta name=\"twitter:label1\" content=\"Written by\" \/>\n\t<meta name=\"twitter:data1\" content=\"US6\" \/>\n\t<meta name=\"twitter:label2\" content=\"Est. reading time\" \/>\n\t<meta name=\"twitter:data2\" content=\"2 minutes\" \/>\n<script type=\"application\/ld+json\" class=\"yoast-schema-graph\">{\"@context\":\"https:\/\/schema.org\",\"@graph\":[{\"@type\":\"WebPage\",\"@id\":\"https:\/\/veritasinfo.org\/?p=28678\",\"url\":\"https:\/\/veritasinfo.org\/?p=28678\",\"name\":\"28 vjet nga sulmi i dyt\u00eb i Serbis\u00eb ndaj familjes Jashari n\u00eb Prekaz -\",\"isPartOf\":{\"@id\":\"https:\/\/veritasinfo.org\/#website\"},\"primaryImageOfPage\":{\"@id\":\"https:\/\/veritasinfo.org\/?p=28678#primaryimage\"},\"image\":{\"@id\":\"https:\/\/veritasinfo.org\/?p=28678#primaryimage\"},\"thumbnailUrl\":\"https:\/\/veritasinfo.org\/wp-content\/uploads\/2026\/01\/714987-GsngooVceX.jpeg\",\"datePublished\":\"2026-01-22T05:54:53+00:00\",\"author\":{\"@id\":\"https:\/\/veritasinfo.org\/#\/schema\/person\/fe199eede04c3937362892b7444747cc\"},\"breadcrumb\":{\"@id\":\"https:\/\/veritasinfo.org\/?p=28678#breadcrumb\"},\"inLanguage\":\"en-US\",\"potentialAction\":[{\"@type\":\"ReadAction\",\"target\":[\"https:\/\/veritasinfo.org\/?p=28678\"]}]},{\"@type\":\"ImageObject\",\"inLanguage\":\"en-US\",\"@id\":\"https:\/\/veritasinfo.org\/?p=28678#primaryimage\",\"url\":\"https:\/\/veritasinfo.org\/wp-content\/uploads\/2026\/01\/714987-GsngooVceX.jpeg\",\"contentUrl\":\"https:\/\/veritasinfo.org\/wp-content\/uploads\/2026\/01\/714987-GsngooVceX.jpeg\",\"width\":780,\"height\":500},{\"@type\":\"BreadcrumbList\",\"@id\":\"https:\/\/veritasinfo.org\/?p=28678#breadcrumb\",\"itemListElement\":[{\"@type\":\"ListItem\",\"position\":1,\"name\":\"Home\",\"item\":\"https:\/\/veritasinfo.org\/\"},{\"@type\":\"ListItem\",\"position\":2,\"name\":\"28 vjet nga sulmi i dyt\u00eb i Serbis\u00eb ndaj familjes Jashari n\u00eb Prekaz\"}]},{\"@type\":\"WebSite\",\"@id\":\"https:\/\/veritasinfo.org\/#website\",\"url\":\"https:\/\/veritasinfo.org\/\",\"name\":\"\",\"description\":\"\",\"potentialAction\":[{\"@type\":\"SearchAction\",\"target\":{\"@type\":\"EntryPoint\",\"urlTemplate\":\"https:\/\/veritasinfo.org\/?s={search_term_string}\"},\"query-input\":{\"@type\":\"PropertyValueSpecification\",\"valueRequired\":true,\"valueName\":\"search_term_string\"}}],\"inLanguage\":\"en-US\"},{\"@type\":\"Person\",\"@id\":\"https:\/\/veritasinfo.org\/#\/schema\/person\/fe199eede04c3937362892b7444747cc\",\"name\":\"US6\",\"image\":{\"@type\":\"ImageObject\",\"inLanguage\":\"en-US\",\"@id\":\"https:\/\/veritasinfo.org\/#\/schema\/person\/image\/\",\"url\":\"https:\/\/secure.gravatar.com\/avatar\/cb16c3c31c9d23b9b8c705964598220b3014e42ff51eb540ff23cefa3ae8c15f?s=96&d=mm&r=g\",\"contentUrl\":\"https:\/\/secure.gravatar.com\/avatar\/cb16c3c31c9d23b9b8c705964598220b3014e42ff51eb540ff23cefa3ae8c15f?s=96&d=mm&r=g\",\"caption\":\"US6\"},\"url\":\"https:\/\/veritasinfo.org\/?author=7\"}]}<\/script>\n<!-- \/ Yoast SEO plugin. -->","yoast_head_json":{"title":"28 vjet nga sulmi i dyt\u00eb i Serbis\u00eb ndaj familjes Jashari n\u00eb Prekaz -","robots":{"index":"index","follow":"follow","max-snippet":"max-snippet:-1","max-image-preview":"max-image-preview:large","max-video-preview":"max-video-preview:-1"},"canonical":"https:\/\/veritasinfo.org\/?p=28678","og_locale":"en_US","og_type":"article","og_title":"28 vjet nga sulmi i dyt\u00eb i Serbis\u00eb ndaj familjes Jashari n\u00eb Prekaz -","og_description":"Prishtin\u00eb, 22 janar 2026 06:53 Sot b\u00ebhen 28 vjet nga sulmi i dyt\u00eb i forcave serbe ndaj familjes Jashari n\u00eb Prekaz. M\u00eb 22 janar 1998,","og_url":"https:\/\/veritasinfo.org\/?p=28678","article_published_time":"2026-01-22T05:54:53+00:00","og_image":[{"width":780,"height":500,"url":"https:\/\/veritasinfo.org\/wp-content\/uploads\/2026\/01\/714987-GsngooVceX.jpeg","type":"image\/jpeg"}],"author":"US6","twitter_card":"summary_large_image","twitter_misc":{"Written by":"US6","Est. reading time":"2 minutes"},"schema":{"@context":"https:\/\/schema.org","@graph":[{"@type":"WebPage","@id":"https:\/\/veritasinfo.org\/?p=28678","url":"https:\/\/veritasinfo.org\/?p=28678","name":"28 vjet nga sulmi i dyt\u00eb i Serbis\u00eb ndaj familjes Jashari n\u00eb Prekaz -","isPartOf":{"@id":"https:\/\/veritasinfo.org\/#website"},"primaryImageOfPage":{"@id":"https:\/\/veritasinfo.org\/?p=28678#primaryimage"},"image":{"@id":"https:\/\/veritasinfo.org\/?p=28678#primaryimage"},"thumbnailUrl":"https:\/\/veritasinfo.org\/wp-content\/uploads\/2026\/01\/714987-GsngooVceX.jpeg","datePublished":"2026-01-22T05:54:53+00:00","author":{"@id":"https:\/\/veritasinfo.org\/#\/schema\/person\/fe199eede04c3937362892b7444747cc"},"breadcrumb":{"@id":"https:\/\/veritasinfo.org\/?p=28678#breadcrumb"},"inLanguage":"en-US","potentialAction":[{"@type":"ReadAction","target":["https:\/\/veritasinfo.org\/?p=28678"]}]},{"@type":"ImageObject","inLanguage":"en-US","@id":"https:\/\/veritasinfo.org\/?p=28678#primaryimage","url":"https:\/\/veritasinfo.org\/wp-content\/uploads\/2026\/01\/714987-GsngooVceX.jpeg","contentUrl":"https:\/\/veritasinfo.org\/wp-content\/uploads\/2026\/01\/714987-GsngooVceX.jpeg","width":780,"height":500},{"@type":"BreadcrumbList","@id":"https:\/\/veritasinfo.org\/?p=28678#breadcrumb","itemListElement":[{"@type":"ListItem","position":1,"name":"Home","item":"https:\/\/veritasinfo.org\/"},{"@type":"ListItem","position":2,"name":"28 vjet nga sulmi i dyt\u00eb i Serbis\u00eb ndaj familjes Jashari n\u00eb Prekaz"}]},{"@type":"WebSite","@id":"https:\/\/veritasinfo.org\/#website","url":"https:\/\/veritasinfo.org\/","name":"","description":"","potentialAction":[{"@type":"SearchAction","target":{"@type":"EntryPoint","urlTemplate":"https:\/\/veritasinfo.org\/?s={search_term_string}"},"query-input":{"@type":"PropertyValueSpecification","valueRequired":true,"valueName":"search_term_string"}}],"inLanguage":"en-US"},{"@type":"Person","@id":"https:\/\/veritasinfo.org\/#\/schema\/person\/fe199eede04c3937362892b7444747cc","name":"US6","image":{"@type":"ImageObject","inLanguage":"en-US","@id":"https:\/\/veritasinfo.org\/#\/schema\/person\/image\/","url":"https:\/\/secure.gravatar.com\/avatar\/cb16c3c31c9d23b9b8c705964598220b3014e42ff51eb540ff23cefa3ae8c15f?s=96&d=mm&r=g","contentUrl":"https:\/\/secure.gravatar.com\/avatar\/cb16c3c31c9d23b9b8c705964598220b3014e42ff51eb540ff23cefa3ae8c15f?s=96&d=mm&r=g","caption":"US6"},"url":"https:\/\/veritasinfo.org\/?author=7"}]}},"featured_image_urls":{"full":["https:\/\/veritasinfo.org\/wp-content\/uploads\/2026\/01\/714987-GsngooVceX.jpeg",780,500,false],"thumbnail":["https:\/\/veritasinfo.org\/wp-content\/uploads\/2026\/01\/714987-GsngooVceX-150x150.jpeg",150,150,true],"medium":["https:\/\/veritasinfo.org\/wp-content\/uploads\/2026\/01\/714987-GsngooVceX-300x192.jpeg",300,192,true],"medium_large":["https:\/\/veritasinfo.org\/wp-content\/uploads\/2026\/01\/714987-GsngooVceX-768x492.jpeg",640,410,true],"large":["https:\/\/veritasinfo.org\/wp-content\/uploads\/2026\/01\/714987-GsngooVceX.jpeg",640,410,false],"1536x1536":["https:\/\/veritasinfo.org\/wp-content\/uploads\/2026\/01\/714987-GsngooVceX.jpeg",780,500,false],"2048x2048":["https:\/\/veritasinfo.org\/wp-content\/uploads\/2026\/01\/714987-GsngooVceX.jpeg",780,500,false],"kreeti-slider-full":["https:\/\/veritasinfo.org\/wp-content\/uploads\/2026\/01\/714987-GsngooVceX.jpeg",780,500,false],"kreeti-featured":["https:\/\/veritasinfo.org\/wp-content\/uploads\/2026\/01\/714987-GsngooVceX.jpeg",780,500,false],"kreeti-medium":["https:\/\/veritasinfo.org\/wp-content\/uploads\/2026\/01\/714987-GsngooVceX.jpeg",720,462,false],"kreeti-medium-square":["https:\/\/veritasinfo.org\/wp-content\/uploads\/2026\/01\/714987-GsngooVceX.jpeg",350,224,false]},"author_info":{"info":["US6"]},"category_info":"<a href=\"https:\/\/veritasinfo.org\/?cat=60\" rel=\"category\">Shoq\u00ebrore<\/a>","tag_info":"Shoq\u00ebrore","comment_count":"0","_links":{"self":[{"href":"https:\/\/veritasinfo.org\/index.php?rest_route=\/wp\/v2\/posts\/28678","targetHints":{"allow":["GET"]}}],"collection":[{"href":"https:\/\/veritasinfo.org\/index.php?rest_route=\/wp\/v2\/posts"}],"about":[{"href":"https:\/\/veritasinfo.org\/index.php?rest_route=\/wp\/v2\/types\/post"}],"author":[{"embeddable":true,"href":"https:\/\/veritasinfo.org\/index.php?rest_route=\/wp\/v2\/users\/7"}],"replies":[{"embeddable":true,"href":"https:\/\/veritasinfo.org\/index.php?rest_route=%2Fwp%2Fv2%2Fcomments&post=28678"}],"version-history":[{"count":1,"href":"https:\/\/veritasinfo.org\/index.php?rest_route=\/wp\/v2\/posts\/28678\/revisions"}],"predecessor-version":[{"id":28680,"href":"https:\/\/veritasinfo.org\/index.php?rest_route=\/wp\/v2\/posts\/28678\/revisions\/28680"}],"wp:featuredmedia":[{"embeddable":true,"href":"https:\/\/veritasinfo.org\/index.php?rest_route=\/wp\/v2\/media\/28679"}],"wp:attachment":[{"href":"https:\/\/veritasinfo.org\/index.php?rest_route=%2Fwp%2Fv2%2Fmedia&parent=28678"}],"wp:term":[{"taxonomy":"category","embeddable":true,"href":"https:\/\/veritasinfo.org\/index.php?rest_route=%2Fwp%2Fv2%2Fcategories&post=28678"},{"taxonomy":"post_tag","embeddable":true,"href":"https:\/\/veritasinfo.org\/index.php?rest_route=%2Fwp%2Fv2%2Ftags&post=28678"}],"curies":[{"name":"wp","href":"https:\/\/api.w.org\/{rel}","templated":true}]}}