{"id":28673,"date":"2026-01-21T22:45:20","date_gmt":"2026-01-21T21:45:20","guid":{"rendered":"https:\/\/veritasinfo.org\/?p=28673"},"modified":"2026-01-21T22:45:20","modified_gmt":"2026-01-21T21:45:20","slug":"analistet-ftesa-per-osmanin-sinjal-pozitiv-per-forcimin-e-kosoves","status":"publish","type":"post","link":"https:\/\/veritasinfo.org\/?p=28673","title":{"rendered":"Analist\u00ebt: Ftesa p\u00ebr Osmanin sinjal pozitiv p\u00ebr forcimin e Kosov\u00ebs"},"content":{"rendered":"<p>Prishtin\u00eb, 21 janar 2026 22:42<\/p>\n<p>Presidentja e Kosov\u00ebs, Vjosa Osmani, ka pranuar ftes\u00ebn e presidentit amerikan, Donald Trump, p\u00ebr ta p\u00ebrfaq\u00ebsuar Kosov\u00ebn n\u00eb Bordin Nd\u00ebrkomb\u00ebtar t\u00eb Paqes si shtet an\u00ebtar themelues. Analist\u00ebt politik\u00eb n\u00eb vend e vler\u00ebsojn\u00eb k\u00ebt\u00eb zhvillim si nj\u00eb sinjal pozitiv p\u00ebr pozit\u00ebn nd\u00ebrkomb\u00ebtare t\u00eb Kosov\u00ebs, duke theksuar se p\u00ebrfshirja n\u00eb nj\u00eb nism\u00eb t\u00eb udh\u00ebhequr nga SHBA forcon rolin dhe partneritetin gjeopolitik t\u00eb vendit.<\/p>\n<p>Presidentja e Republik\u00ebs s\u00eb Kosov\u00ebs, Vjosa Osmani, ka konfirmuar se ka pranuar ftes\u00ebn personale t\u00eb presidentit t\u00eb Shteteve t\u00eb Bashkuara t\u00eb Amerik\u00ebs, Donald Trump, p\u00ebr ta p\u00ebrfaq\u00ebsuar Kosov\u00ebn n\u00eb Bordin Nd\u00ebrkomb\u00ebtar t\u00eb Paqes, nj\u00eb nism\u00eb e re nd\u00ebrkomb\u00ebtare e udh\u00ebhequr nga SHBA. Osmani \u00ebsht\u00eb shprehur e nderuar p\u00ebr k\u00ebt\u00eb ftes\u00eb, duke theksuar se Kosova mbetet aleate e pal\u00ebkundur e Shteteve t\u00eb Bashkuara n\u00eb p\u00ebrpjekjet p\u00ebr nd\u00ebrtimin e paqes dhe siguris\u00eb globale.<\/p>\n<p>&#8220;Shpresoj q\u00eb kontributi i Republik\u00ebs s\u00eb Kosov\u00ebs do t\u00eb jet\u00eb dometh\u00ebn\u00ebs\u00eb p\u00ebr shkak t\u00eb p\u00ebrvoj\u00ebs ton\u00eb n\u00eb nd\u00ebrtimin e paqes dhe Kosova \u00ebsht\u00eb nj\u00eb prej sukseseve m\u00eb t\u00eb m\u00ebdha amerikane, Aleanc\u00ebs Euroatlantike dhe besoj kemi \u00e7ka t\u00eb ofrojm\u00eb n\u00eb aspektin e p\u00ebrvoj\u00ebs, perspektiv\u00ebs dhe vizionit\u201d, theksoi Osmani.<\/p>\n<p>Ashtu si Amerika q\u00eb solli paqe n\u00eb Kosov\u00eb, sot Kosova, q\u00ebndron si aleat i pal\u00ebkundur i saj p\u00ebr ta \u00e7uar paqen m\u00eb tej, tha Osmani.<\/p>\n<p>&#8220;Shum\u00eb me r\u00ebnd\u00ebsi q\u00eb Kosova n\u00eb k\u00ebt\u00eb organizat\u00eb nd\u00ebrkomb\u00ebtare do t\u00eb jet\u00eb e barabart\u00eb me t\u00eb gjitha shtetet tjera\u201d, tha ajo.<\/p>\n<p>N\u00eb letr\u00ebn e tij, presidenti Trump thekson se ftesa drejtuar presidentes Vjosa Osmani vjen n\u00eb kuad\u00ebr t\u00eb nj\u00eb p\u00ebrpjekjeje historike p\u00ebr forcimin e paqes n\u00eb Lindjen e Mesme dhe p\u00ebr nd\u00ebrmarrjen e nj\u00eb qasjeje t\u00eb re dhe t\u00eb guximshme ndaj zgjidhjes s\u00eb konflikteve globale.<\/p>\n<p>Presidenti amerikan rikujton se m\u00eb 29 shtator 2025 ai shpalli Planin Gjith\u00ebp\u00ebrfshir\u00ebs prej 20 pikash p\u00ebr t\u2019i dh\u00ebn\u00eb fund konfliktit n\u00eb Gaza, plan i cili, sipas tij, \u00ebsht\u00eb p\u00ebrqafuar nga udh\u00ebheq\u00ebsit kryesor\u00eb bot\u00ebror\u00eb, p\u00ebrfshir\u00eb vendet e Bot\u00ebs Arabe, Izraelin dhe shtetet evropiane.<\/p>\n<p>Analist\u00ebt politik\u00eb n\u00eb Kosov\u00eb e vler\u00ebsojn\u00eb k\u00ebt\u00eb zhvillim si sinjal pozitiv p\u00ebr pozit\u00ebn nd\u00ebrkomb\u00ebtare t\u00eb vendit. Sipas tyre, p\u00ebrfshirja e Kosov\u00ebs n\u00eb nj\u00eb nism\u00eb t\u00eb udh\u00ebhequr nga Shtetet e Bashkuara d\u00ebshmon se vendi trajtohet si partner i r\u00ebnd\u00ebsish\u00ebm gjeopolitik dhe se p\u00ebrfshirja n\u00eb iniciativa multilaterale forcon rolin nd\u00ebrkomb\u00ebtar t\u00eb Kosov\u00ebs.<\/p>\n<p>Afrim Kasolli analist politik \u00a0theksoi se \u201cKjo e para n\u00ebnkupton se SHBA na trajton si partner t\u00eb tyre gjeopolitik dhe padyshim q\u00eb \u00ebsht\u00eb nj\u00eb lajm pozoitiv p\u00ebr Republik\u00ebn e Kosov\u00ebs marr\u00eb parasysh edhe kontributin q\u00eb Shtetet e Bashkuara t\u00eb Amerik\u00ebs kan\u00eb dh\u00ebn\u00eb n\u00eb nd\u00ebrtimin e paqes dhe n\u00eb shtetnd\u00ebrtimin e Kosov\u00ebs\u201d.<\/p>\n<p>Nd\u00ebrkoh\u00eb, nj\u00eb dit\u00eb m\u00eb par\u00eb, edhe kryeministri i Shqip\u00ebris\u00eb, Edi Rama, ka pranuar ftes\u00eb p\u00ebr pjes\u00ebmarrje n\u00eb Bordin e Paqes, duke paralajm\u00ebruar se k\u00ebrkesa do t\u00eb d\u00ebrgohet p\u00ebr miratim n\u00eb Kuvendin e Shqip\u00ebris\u00eb.<\/p>\n<p>&nbsp;<\/p>\n","protected":false},"excerpt":{"rendered":"<p>Prishtin\u00eb, 21 janar 2026 22:42 Presidentja e Kosov\u00ebs, Vjosa Osmani, ka pranuar ftes\u00ebn e presidentit amerikan, Donald Trump, p\u00ebr ta p\u00ebrfaq\u00ebsuar Kosov\u00ebn n\u00eb Bordin Nd\u00ebrkomb\u00ebtar<\/p>\n","protected":false},"author":7,"featured_media":28674,"comment_status":"open","ping_status":"open","sticky":false,"template":"","format":"standard","meta":{"footnotes":""},"categories":[58],"tags":[],"class_list":["post-28673","post","type-post","status-publish","format-standard","has-post-thumbnail","hentry","category-politike-sq"],"yoast_head":"<!-- This site is optimized with the Yoast SEO plugin v25.3.1 - https:\/\/yoast.com\/wordpress\/plugins\/seo\/ -->\n<title>Analist\u00ebt: Ftesa p\u00ebr Osmanin sinjal pozitiv p\u00ebr forcimin e Kosov\u00ebs -<\/title>\n<meta name=\"robots\" content=\"index, follow, max-snippet:-1, max-image-preview:large, max-video-preview:-1\" \/>\n<link rel=\"canonical\" href=\"https:\/\/veritasinfo.org\/?p=28673\" \/>\n<meta property=\"og:locale\" content=\"en_US\" \/>\n<meta property=\"og:type\" content=\"article\" \/>\n<meta property=\"og:title\" content=\"Analist\u00ebt: Ftesa p\u00ebr Osmanin sinjal pozitiv p\u00ebr forcimin e Kosov\u00ebs -\" \/>\n<meta property=\"og:description\" content=\"Prishtin\u00eb, 21 janar 2026 22:42 Presidentja e Kosov\u00ebs, Vjosa Osmani, ka pranuar ftes\u00ebn e presidentit amerikan, Donald Trump, p\u00ebr ta p\u00ebrfaq\u00ebsuar Kosov\u00ebn n\u00eb Bordin Nd\u00ebrkomb\u00ebtar\" \/>\n<meta property=\"og:url\" content=\"https:\/\/veritasinfo.org\/?p=28673\" \/>\n<meta property=\"article:published_time\" content=\"2026-01-21T21:45:20+00:00\" \/>\n<meta property=\"og:image\" content=\"https:\/\/veritasinfo.org\/wp-content\/uploads\/2026\/01\/714968-6qjPtBvILz.jpg\" \/>\n\t<meta property=\"og:image:width\" content=\"780\" \/>\n\t<meta property=\"og:image:height\" content=\"500\" \/>\n\t<meta property=\"og:image:type\" content=\"image\/jpeg\" \/>\n<meta name=\"author\" content=\"US6\" \/>\n<meta name=\"twitter:card\" content=\"summary_large_image\" \/>\n<meta name=\"twitter:label1\" content=\"Written by\" \/>\n\t<meta name=\"twitter:data1\" content=\"US6\" \/>\n\t<meta name=\"twitter:label2\" content=\"Est. reading time\" \/>\n\t<meta name=\"twitter:data2\" content=\"3 minutes\" \/>\n<script type=\"application\/ld+json\" class=\"yoast-schema-graph\">{\"@context\":\"https:\/\/schema.org\",\"@graph\":[{\"@type\":\"WebPage\",\"@id\":\"https:\/\/veritasinfo.org\/?p=28673\",\"url\":\"https:\/\/veritasinfo.org\/?p=28673\",\"name\":\"Analist\u00ebt: Ftesa p\u00ebr Osmanin sinjal pozitiv p\u00ebr forcimin e Kosov\u00ebs -\",\"isPartOf\":{\"@id\":\"https:\/\/veritasinfo.org\/#website\"},\"primaryImageOfPage\":{\"@id\":\"https:\/\/veritasinfo.org\/?p=28673#primaryimage\"},\"image\":{\"@id\":\"https:\/\/veritasinfo.org\/?p=28673#primaryimage\"},\"thumbnailUrl\":\"https:\/\/veritasinfo.org\/wp-content\/uploads\/2026\/01\/714968-6qjPtBvILz.jpg\",\"datePublished\":\"2026-01-21T21:45:20+00:00\",\"author\":{\"@id\":\"https:\/\/veritasinfo.org\/#\/schema\/person\/fe199eede04c3937362892b7444747cc\"},\"breadcrumb\":{\"@id\":\"https:\/\/veritasinfo.org\/?p=28673#breadcrumb\"},\"inLanguage\":\"en-US\",\"potentialAction\":[{\"@type\":\"ReadAction\",\"target\":[\"https:\/\/veritasinfo.org\/?p=28673\"]}]},{\"@type\":\"ImageObject\",\"inLanguage\":\"en-US\",\"@id\":\"https:\/\/veritasinfo.org\/?p=28673#primaryimage\",\"url\":\"https:\/\/veritasinfo.org\/wp-content\/uploads\/2026\/01\/714968-6qjPtBvILz.jpg\",\"contentUrl\":\"https:\/\/veritasinfo.org\/wp-content\/uploads\/2026\/01\/714968-6qjPtBvILz.jpg\",\"width\":780,\"height\":500},{\"@type\":\"BreadcrumbList\",\"@id\":\"https:\/\/veritasinfo.org\/?p=28673#breadcrumb\",\"itemListElement\":[{\"@type\":\"ListItem\",\"position\":1,\"name\":\"Home\",\"item\":\"https:\/\/veritasinfo.org\/\"},{\"@type\":\"ListItem\",\"position\":2,\"name\":\"Analist\u00ebt: Ftesa p\u00ebr Osmanin sinjal pozitiv p\u00ebr forcimin e Kosov\u00ebs\"}]},{\"@type\":\"WebSite\",\"@id\":\"https:\/\/veritasinfo.org\/#website\",\"url\":\"https:\/\/veritasinfo.org\/\",\"name\":\"\",\"description\":\"\",\"potentialAction\":[{\"@type\":\"SearchAction\",\"target\":{\"@type\":\"EntryPoint\",\"urlTemplate\":\"https:\/\/veritasinfo.org\/?s={search_term_string}\"},\"query-input\":{\"@type\":\"PropertyValueSpecification\",\"valueRequired\":true,\"valueName\":\"search_term_string\"}}],\"inLanguage\":\"en-US\"},{\"@type\":\"Person\",\"@id\":\"https:\/\/veritasinfo.org\/#\/schema\/person\/fe199eede04c3937362892b7444747cc\",\"name\":\"US6\",\"image\":{\"@type\":\"ImageObject\",\"inLanguage\":\"en-US\",\"@id\":\"https:\/\/veritasinfo.org\/#\/schema\/person\/image\/\",\"url\":\"https:\/\/secure.gravatar.com\/avatar\/cb16c3c31c9d23b9b8c705964598220b3014e42ff51eb540ff23cefa3ae8c15f?s=96&d=mm&r=g\",\"contentUrl\":\"https:\/\/secure.gravatar.com\/avatar\/cb16c3c31c9d23b9b8c705964598220b3014e42ff51eb540ff23cefa3ae8c15f?s=96&d=mm&r=g\",\"caption\":\"US6\"},\"url\":\"https:\/\/veritasinfo.org\/?author=7\"}]}<\/script>\n<!-- \/ Yoast SEO plugin. -->","yoast_head_json":{"title":"Analist\u00ebt: Ftesa p\u00ebr Osmanin sinjal pozitiv p\u00ebr forcimin e Kosov\u00ebs -","robots":{"index":"index","follow":"follow","max-snippet":"max-snippet:-1","max-image-preview":"max-image-preview:large","max-video-preview":"max-video-preview:-1"},"canonical":"https:\/\/veritasinfo.org\/?p=28673","og_locale":"en_US","og_type":"article","og_title":"Analist\u00ebt: Ftesa p\u00ebr Osmanin sinjal pozitiv p\u00ebr forcimin e Kosov\u00ebs -","og_description":"Prishtin\u00eb, 21 janar 2026 22:42 Presidentja e Kosov\u00ebs, Vjosa Osmani, ka pranuar ftes\u00ebn e presidentit amerikan, Donald Trump, p\u00ebr ta p\u00ebrfaq\u00ebsuar Kosov\u00ebn n\u00eb Bordin Nd\u00ebrkomb\u00ebtar","og_url":"https:\/\/veritasinfo.org\/?p=28673","article_published_time":"2026-01-21T21:45:20+00:00","og_image":[{"width":780,"height":500,"url":"https:\/\/veritasinfo.org\/wp-content\/uploads\/2026\/01\/714968-6qjPtBvILz.jpg","type":"image\/jpeg"}],"author":"US6","twitter_card":"summary_large_image","twitter_misc":{"Written by":"US6","Est. reading time":"3 minutes"},"schema":{"@context":"https:\/\/schema.org","@graph":[{"@type":"WebPage","@id":"https:\/\/veritasinfo.org\/?p=28673","url":"https:\/\/veritasinfo.org\/?p=28673","name":"Analist\u00ebt: Ftesa p\u00ebr Osmanin sinjal pozitiv p\u00ebr forcimin e Kosov\u00ebs -","isPartOf":{"@id":"https:\/\/veritasinfo.org\/#website"},"primaryImageOfPage":{"@id":"https:\/\/veritasinfo.org\/?p=28673#primaryimage"},"image":{"@id":"https:\/\/veritasinfo.org\/?p=28673#primaryimage"},"thumbnailUrl":"https:\/\/veritasinfo.org\/wp-content\/uploads\/2026\/01\/714968-6qjPtBvILz.jpg","datePublished":"2026-01-21T21:45:20+00:00","author":{"@id":"https:\/\/veritasinfo.org\/#\/schema\/person\/fe199eede04c3937362892b7444747cc"},"breadcrumb":{"@id":"https:\/\/veritasinfo.org\/?p=28673#breadcrumb"},"inLanguage":"en-US","potentialAction":[{"@type":"ReadAction","target":["https:\/\/veritasinfo.org\/?p=28673"]}]},{"@type":"ImageObject","inLanguage":"en-US","@id":"https:\/\/veritasinfo.org\/?p=28673#primaryimage","url":"https:\/\/veritasinfo.org\/wp-content\/uploads\/2026\/01\/714968-6qjPtBvILz.jpg","contentUrl":"https:\/\/veritasinfo.org\/wp-content\/uploads\/2026\/01\/714968-6qjPtBvILz.jpg","width":780,"height":500},{"@type":"BreadcrumbList","@id":"https:\/\/veritasinfo.org\/?p=28673#breadcrumb","itemListElement":[{"@type":"ListItem","position":1,"name":"Home","item":"https:\/\/veritasinfo.org\/"},{"@type":"ListItem","position":2,"name":"Analist\u00ebt: Ftesa p\u00ebr Osmanin sinjal pozitiv p\u00ebr forcimin e Kosov\u00ebs"}]},{"@type":"WebSite","@id":"https:\/\/veritasinfo.org\/#website","url":"https:\/\/veritasinfo.org\/","name":"","description":"","potentialAction":[{"@type":"SearchAction","target":{"@type":"EntryPoint","urlTemplate":"https:\/\/veritasinfo.org\/?s={search_term_string}"},"query-input":{"@type":"PropertyValueSpecification","valueRequired":true,"valueName":"search_term_string"}}],"inLanguage":"en-US"},{"@type":"Person","@id":"https:\/\/veritasinfo.org\/#\/schema\/person\/fe199eede04c3937362892b7444747cc","name":"US6","image":{"@type":"ImageObject","inLanguage":"en-US","@id":"https:\/\/veritasinfo.org\/#\/schema\/person\/image\/","url":"https:\/\/secure.gravatar.com\/avatar\/cb16c3c31c9d23b9b8c705964598220b3014e42ff51eb540ff23cefa3ae8c15f?s=96&d=mm&r=g","contentUrl":"https:\/\/secure.gravatar.com\/avatar\/cb16c3c31c9d23b9b8c705964598220b3014e42ff51eb540ff23cefa3ae8c15f?s=96&d=mm&r=g","caption":"US6"},"url":"https:\/\/veritasinfo.org\/?author=7"}]}},"featured_image_urls":{"full":["https:\/\/veritasinfo.org\/wp-content\/uploads\/2026\/01\/714968-6qjPtBvILz.jpg",780,500,false],"thumbnail":["https:\/\/veritasinfo.org\/wp-content\/uploads\/2026\/01\/714968-6qjPtBvILz-150x150.jpg",150,150,true],"medium":["https:\/\/veritasinfo.org\/wp-content\/uploads\/2026\/01\/714968-6qjPtBvILz-300x192.jpg",300,192,true],"medium_large":["https:\/\/veritasinfo.org\/wp-content\/uploads\/2026\/01\/714968-6qjPtBvILz-768x492.jpg",640,410,true],"large":["https:\/\/veritasinfo.org\/wp-content\/uploads\/2026\/01\/714968-6qjPtBvILz.jpg",640,410,false],"1536x1536":["https:\/\/veritasinfo.org\/wp-content\/uploads\/2026\/01\/714968-6qjPtBvILz.jpg",780,500,false],"2048x2048":["https:\/\/veritasinfo.org\/wp-content\/uploads\/2026\/01\/714968-6qjPtBvILz.jpg",780,500,false],"kreeti-slider-full":["https:\/\/veritasinfo.org\/wp-content\/uploads\/2026\/01\/714968-6qjPtBvILz.jpg",780,500,false],"kreeti-featured":["https:\/\/veritasinfo.org\/wp-content\/uploads\/2026\/01\/714968-6qjPtBvILz.jpg",780,500,false],"kreeti-medium":["https:\/\/veritasinfo.org\/wp-content\/uploads\/2026\/01\/714968-6qjPtBvILz.jpg",720,462,false],"kreeti-medium-square":["https:\/\/veritasinfo.org\/wp-content\/uploads\/2026\/01\/714968-6qjPtBvILz.jpg",350,224,false]},"author_info":{"info":["US6"]},"category_info":"<a href=\"https:\/\/veritasinfo.org\/?cat=58\" rel=\"category\">Politik\u00eb<\/a>","tag_info":"Politik\u00eb","comment_count":"0","_links":{"self":[{"href":"https:\/\/veritasinfo.org\/index.php?rest_route=\/wp\/v2\/posts\/28673","targetHints":{"allow":["GET"]}}],"collection":[{"href":"https:\/\/veritasinfo.org\/index.php?rest_route=\/wp\/v2\/posts"}],"about":[{"href":"https:\/\/veritasinfo.org\/index.php?rest_route=\/wp\/v2\/types\/post"}],"author":[{"embeddable":true,"href":"https:\/\/veritasinfo.org\/index.php?rest_route=\/wp\/v2\/users\/7"}],"replies":[{"embeddable":true,"href":"https:\/\/veritasinfo.org\/index.php?rest_route=%2Fwp%2Fv2%2Fcomments&post=28673"}],"version-history":[{"count":1,"href":"https:\/\/veritasinfo.org\/index.php?rest_route=\/wp\/v2\/posts\/28673\/revisions"}],"predecessor-version":[{"id":28675,"href":"https:\/\/veritasinfo.org\/index.php?rest_route=\/wp\/v2\/posts\/28673\/revisions\/28675"}],"wp:featuredmedia":[{"embeddable":true,"href":"https:\/\/veritasinfo.org\/index.php?rest_route=\/wp\/v2\/media\/28674"}],"wp:attachment":[{"href":"https:\/\/veritasinfo.org\/index.php?rest_route=%2Fwp%2Fv2%2Fmedia&parent=28673"}],"wp:term":[{"taxonomy":"category","embeddable":true,"href":"https:\/\/veritasinfo.org\/index.php?rest_route=%2Fwp%2Fv2%2Fcategories&post=28673"},{"taxonomy":"post_tag","embeddable":true,"href":"https:\/\/veritasinfo.org\/index.php?rest_route=%2Fwp%2Fv2%2Ftags&post=28673"}],"curies":[{"name":"wp","href":"https:\/\/api.w.org\/{rel}","templated":true}]}}