{"id":28666,"date":"2026-01-21T20:04:29","date_gmt":"2026-01-21T19:04:29","guid":{"rendered":"https:\/\/veritasinfo.org\/?p=28666"},"modified":"2026-01-21T20:04:29","modified_gmt":"2026-01-21T19:04:29","slug":"bislimi-dite-e-bardhe-per-shqiptaret-e-uragan-i-zi-per-beogradin-nga-capitol-hill","status":"publish","type":"post","link":"https:\/\/veritasinfo.org\/?p=28666","title":{"rendered":"\u200bBislimi: Dit\u00eb e bardh\u00eb p\u00ebr shqiptar\u00ebt e uragan i zi p\u00ebr Beogradin nga Capitol Hill"},"content":{"rendered":"<p>Prishtin\u00eb, 21 janar 2026 20:03<\/p>\n<p>Ish-deputeti Faton Bislimi thekson se sot, nga Capitol Hill n\u00eb Washington, u d\u00ebgjua z\u00ebri i Lugin\u00ebs s\u00eb Preshev\u00ebs. Ai tha se kjo jo si thirrje e vetmuar, por si q\u00ebndrim zyrtar i Shteteve t\u00eb Bashkuara t\u00eb Amerik\u00ebs.<\/p>\n<p>Sipas tij, n\u00eb mbledhjen e Komitetit p\u00ebr Pun\u00eb t\u00eb Jashtme t\u00eb Kongresit t\u00eb SHBA u miratua (marked up) rezoluta H.R. 6411, e iniciuar nga Kongresisti Self, Kryetar i N\u00ebnkomitetit p\u00ebr Evrop\u00eb, mbi t\u00eb drejtat etnike e komb\u00ebtare t\u00eb shqiptar\u00ebve n\u00eb Lugin\u00ebn e Preshev\u00ebs.<\/p>\n<div class=\"jeg_ad jeg_ad_article jnews_content_inline_ads  \">\n<div class=\"ads-wrapper align-center \">\u201cMe p\u00ebrkrahjen dypartiake t\u00eb Kryetarit Brian Mast dhe N\u00ebnkryetarit Gregory Meeks, kjo rezolut\u00eb tashm\u00eb ka bekimin e Komitetit dhe pritet shum\u00eb shpejt t\u00eb aprovohet nga vet\u00eb Kongresi\u201d, shkruan Bislimi.<\/div>\n<\/div>\n<p>Sipas tij, kjo \u00ebsht\u00eb histori; Histori e shkruar me durim, k\u00ebmb\u00ebngulje dhe besim \u2013 q\u00eb nga viti 2001 n\u00ebn lidershipin e pal\u00ebkundur t\u00eb Joe dhe Shirley DioGuardi (Liga Qytetare Shqiptaro-Amerikane), e deri te puna e pandalshme e bashk\u00ebkomb\u00ebsve tan\u00eb n\u00eb Texas, n\u00ebn udh\u00ebheqjen e Albanians For America. Nj\u00eb betej\u00eb e gjat\u00eb, e drejt\u00eb, dhe sot fitimtare.<\/p>\n<p>\u201cTash, SHBA do t\u00eb k\u00ebrkoj\u00eb p\u00ebrgjegj\u00ebsi ligjore dhe politike nga Beogradi p\u00ebr diskriminimin sistematik t\u00eb shqiptar\u00ebve n\u00eb Lugin\u00eb. Sot \u00ebsht\u00eb dit\u00eb e bardh\u00eb p\u00ebr shqiptar\u00ebt dhe nj\u00eb sinjal i qart\u00eb p\u00ebr \u00e7do regjim q\u00eb mendon se padrejt\u00ebsia mund t\u00eb zgjas\u00eb pafund\u201d, shkruan ai.<\/p>\n<p>Ai m\u00eb tej ka th\u00ebn\u00eb se n\u00eb p\u00ebrvjetorin e shkuarjes n\u00eb amshim t\u00eb Presidentit historik t\u00eb Kosov\u00ebs, Dr. Ibrahim Rugova, nuk ka nderim m\u00eb t\u00eb madh se sa ta shnd\u00ebrrojm\u00eb vizionin e tij n\u00eb veprim konkret.<\/p>\n<p>\u201cRugova nuk ishte fjal\u00eb. Ishte rrug\u00eb. Ishte orientim. Ishte besim n\u00eb aleanc\u00ebn me Amerik\u00ebn dhe n\u00eb forc\u00ebn morale t\u00eb kauz\u00ebs son\u00eb. Shum\u00eb flasin p\u00ebr rugoviz\u00ebm. Por rugovizmi nuk shpallet \u2013 jetohet. Nuk promovohet me fjal\u00eb \u2013 d\u00ebshmohet me vepra\u201d, shkruan ai.<\/p>\n<p>Marr\u00ebdh\u00ebnia jon\u00eb me Shtetet e Bashkuara \u00ebsht\u00eb e paz\u00ebvend\u00ebsueshme. Liria dhe pavar\u00ebsia e Kosov\u00ebs jan\u00eb ogur i mir\u00eb p\u00ebr gjith\u00eb kombin shqiptar. Tani, \u00ebsht\u00eb koha q\u00eb kjo liri t\u00eb shtrihet edhe te v\u00ebllez\u00ebrit e motrat tona n\u00eb Lugin\u00ebn e Preshev\u00ebs.<\/p>\n<p>Kongresmeni amerikan Keith Self ka prezantuar n\u00eb Kongresin e Shteteve t\u00eb Bashkuara t\u00eb Amerik\u00ebs Aktin p\u00ebr Vler\u00ebsimin e Diskriminimit n\u00eb Lugin\u00ebn e Preshev\u00ebs, nj\u00eb nism\u00eb ligjore q\u00eb synon t\u00eb adresoj\u00eb trajtimin e shqiptar\u00ebve nga autoritetet serbe.<\/p>\n<p>Lajmi \u00ebsht\u00eb b\u00ebr\u00eb i ditur n\u00eb rrjetin \u201cX\u201d nga \u201cAlbanians for America\u201d, ku thuhet se sot sh\u00ebnohet nj\u00eb moment i r\u00ebnd\u00ebsish\u00ebm p\u00ebr t\u00eb drejtat e shqiptar\u00ebve n\u00eb Lugin\u00ebn e Preshev\u00ebs.<\/p>\n","protected":false},"excerpt":{"rendered":"<p>Prishtin\u00eb, 21 janar 2026 20:03 Ish-deputeti Faton Bislimi thekson se sot, nga Capitol Hill n\u00eb Washington, u d\u00ebgjua z\u00ebri i Lugin\u00ebs s\u00eb Preshev\u00ebs. Ai tha<\/p>\n","protected":false},"author":7,"featured_media":28667,"comment_status":"open","ping_status":"open","sticky":false,"template":"","format":"standard","meta":{"footnotes":""},"categories":[58],"tags":[],"class_list":["post-28666","post","type-post","status-publish","format-standard","has-post-thumbnail","hentry","category-politike-sq"],"yoast_head":"<!-- This site is optimized with the Yoast SEO plugin v25.3.1 - https:\/\/yoast.com\/wordpress\/plugins\/seo\/ -->\n<title>\u200bBislimi: Dit\u00eb e bardh\u00eb p\u00ebr shqiptar\u00ebt e uragan i zi p\u00ebr Beogradin nga Capitol Hill -<\/title>\n<meta name=\"robots\" content=\"index, follow, max-snippet:-1, max-image-preview:large, max-video-preview:-1\" \/>\n<link rel=\"canonical\" href=\"https:\/\/veritasinfo.org\/?p=28666\" \/>\n<meta property=\"og:locale\" content=\"en_US\" \/>\n<meta property=\"og:type\" content=\"article\" \/>\n<meta property=\"og:title\" content=\"\u200bBislimi: Dit\u00eb e bardh\u00eb p\u00ebr shqiptar\u00ebt e uragan i zi p\u00ebr Beogradin nga Capitol Hill -\" \/>\n<meta property=\"og:description\" content=\"Prishtin\u00eb, 21 janar 2026 20:03 Ish-deputeti Faton Bislimi thekson se sot, nga Capitol Hill n\u00eb Washington, u d\u00ebgjua z\u00ebri i Lugin\u00ebs s\u00eb Preshev\u00ebs. Ai tha\" \/>\n<meta property=\"og:url\" content=\"https:\/\/veritasinfo.org\/?p=28666\" \/>\n<meta property=\"article:published_time\" content=\"2026-01-21T19:04:29+00:00\" \/>\n<meta property=\"og:image\" content=\"https:\/\/veritasinfo.org\/wp-content\/uploads\/2026\/01\/FB_IMG_1769022246200.jpg\" \/>\n\t<meta property=\"og:image:width\" content=\"1080\" \/>\n\t<meta property=\"og:image:height\" content=\"680\" \/>\n\t<meta property=\"og:image:type\" content=\"image\/jpeg\" \/>\n<meta name=\"author\" content=\"US6\" \/>\n<meta name=\"twitter:card\" content=\"summary_large_image\" \/>\n<meta name=\"twitter:label1\" content=\"Written by\" \/>\n\t<meta name=\"twitter:data1\" content=\"US6\" \/>\n\t<meta name=\"twitter:label2\" content=\"Est. reading time\" \/>\n\t<meta name=\"twitter:data2\" content=\"2 minutes\" \/>\n<script type=\"application\/ld+json\" class=\"yoast-schema-graph\">{\"@context\":\"https:\/\/schema.org\",\"@graph\":[{\"@type\":\"WebPage\",\"@id\":\"https:\/\/veritasinfo.org\/?p=28666\",\"url\":\"https:\/\/veritasinfo.org\/?p=28666\",\"name\":\"\u200bBislimi: Dit\u00eb e bardh\u00eb p\u00ebr shqiptar\u00ebt e uragan i zi p\u00ebr Beogradin nga Capitol Hill -\",\"isPartOf\":{\"@id\":\"https:\/\/veritasinfo.org\/#website\"},\"primaryImageOfPage\":{\"@id\":\"https:\/\/veritasinfo.org\/?p=28666#primaryimage\"},\"image\":{\"@id\":\"https:\/\/veritasinfo.org\/?p=28666#primaryimage\"},\"thumbnailUrl\":\"https:\/\/veritasinfo.org\/wp-content\/uploads\/2026\/01\/FB_IMG_1769022246200.jpg\",\"datePublished\":\"2026-01-21T19:04:29+00:00\",\"author\":{\"@id\":\"https:\/\/veritasinfo.org\/#\/schema\/person\/fe199eede04c3937362892b7444747cc\"},\"breadcrumb\":{\"@id\":\"https:\/\/veritasinfo.org\/?p=28666#breadcrumb\"},\"inLanguage\":\"en-US\",\"potentialAction\":[{\"@type\":\"ReadAction\",\"target\":[\"https:\/\/veritasinfo.org\/?p=28666\"]}]},{\"@type\":\"ImageObject\",\"inLanguage\":\"en-US\",\"@id\":\"https:\/\/veritasinfo.org\/?p=28666#primaryimage\",\"url\":\"https:\/\/veritasinfo.org\/wp-content\/uploads\/2026\/01\/FB_IMG_1769022246200.jpg\",\"contentUrl\":\"https:\/\/veritasinfo.org\/wp-content\/uploads\/2026\/01\/FB_IMG_1769022246200.jpg\",\"width\":1080,\"height\":680},{\"@type\":\"BreadcrumbList\",\"@id\":\"https:\/\/veritasinfo.org\/?p=28666#breadcrumb\",\"itemListElement\":[{\"@type\":\"ListItem\",\"position\":1,\"name\":\"Home\",\"item\":\"https:\/\/veritasinfo.org\/\"},{\"@type\":\"ListItem\",\"position\":2,\"name\":\"\u200bBislimi: Dit\u00eb e bardh\u00eb p\u00ebr shqiptar\u00ebt e uragan i zi p\u00ebr Beogradin nga Capitol Hill\"}]},{\"@type\":\"WebSite\",\"@id\":\"https:\/\/veritasinfo.org\/#website\",\"url\":\"https:\/\/veritasinfo.org\/\",\"name\":\"\",\"description\":\"\",\"potentialAction\":[{\"@type\":\"SearchAction\",\"target\":{\"@type\":\"EntryPoint\",\"urlTemplate\":\"https:\/\/veritasinfo.org\/?s={search_term_string}\"},\"query-input\":{\"@type\":\"PropertyValueSpecification\",\"valueRequired\":true,\"valueName\":\"search_term_string\"}}],\"inLanguage\":\"en-US\"},{\"@type\":\"Person\",\"@id\":\"https:\/\/veritasinfo.org\/#\/schema\/person\/fe199eede04c3937362892b7444747cc\",\"name\":\"US6\",\"image\":{\"@type\":\"ImageObject\",\"inLanguage\":\"en-US\",\"@id\":\"https:\/\/veritasinfo.org\/#\/schema\/person\/image\/\",\"url\":\"https:\/\/secure.gravatar.com\/avatar\/cb16c3c31c9d23b9b8c705964598220b3014e42ff51eb540ff23cefa3ae8c15f?s=96&d=mm&r=g\",\"contentUrl\":\"https:\/\/secure.gravatar.com\/avatar\/cb16c3c31c9d23b9b8c705964598220b3014e42ff51eb540ff23cefa3ae8c15f?s=96&d=mm&r=g\",\"caption\":\"US6\"},\"url\":\"https:\/\/veritasinfo.org\/?author=7\"}]}<\/script>\n<!-- \/ Yoast SEO plugin. -->","yoast_head_json":{"title":"\u200bBislimi: Dit\u00eb e bardh\u00eb p\u00ebr shqiptar\u00ebt e uragan i zi p\u00ebr Beogradin nga Capitol Hill -","robots":{"index":"index","follow":"follow","max-snippet":"max-snippet:-1","max-image-preview":"max-image-preview:large","max-video-preview":"max-video-preview:-1"},"canonical":"https:\/\/veritasinfo.org\/?p=28666","og_locale":"en_US","og_type":"article","og_title":"\u200bBislimi: Dit\u00eb e bardh\u00eb p\u00ebr shqiptar\u00ebt e uragan i zi p\u00ebr Beogradin nga Capitol Hill -","og_description":"Prishtin\u00eb, 21 janar 2026 20:03 Ish-deputeti Faton Bislimi thekson se sot, nga Capitol Hill n\u00eb Washington, u d\u00ebgjua z\u00ebri i Lugin\u00ebs s\u00eb Preshev\u00ebs. Ai tha","og_url":"https:\/\/veritasinfo.org\/?p=28666","article_published_time":"2026-01-21T19:04:29+00:00","og_image":[{"width":1080,"height":680,"url":"https:\/\/veritasinfo.org\/wp-content\/uploads\/2026\/01\/FB_IMG_1769022246200.jpg","type":"image\/jpeg"}],"author":"US6","twitter_card":"summary_large_image","twitter_misc":{"Written by":"US6","Est. reading time":"2 minutes"},"schema":{"@context":"https:\/\/schema.org","@graph":[{"@type":"WebPage","@id":"https:\/\/veritasinfo.org\/?p=28666","url":"https:\/\/veritasinfo.org\/?p=28666","name":"\u200bBislimi: Dit\u00eb e bardh\u00eb p\u00ebr shqiptar\u00ebt e uragan i zi p\u00ebr Beogradin nga Capitol Hill -","isPartOf":{"@id":"https:\/\/veritasinfo.org\/#website"},"primaryImageOfPage":{"@id":"https:\/\/veritasinfo.org\/?p=28666#primaryimage"},"image":{"@id":"https:\/\/veritasinfo.org\/?p=28666#primaryimage"},"thumbnailUrl":"https:\/\/veritasinfo.org\/wp-content\/uploads\/2026\/01\/FB_IMG_1769022246200.jpg","datePublished":"2026-01-21T19:04:29+00:00","author":{"@id":"https:\/\/veritasinfo.org\/#\/schema\/person\/fe199eede04c3937362892b7444747cc"},"breadcrumb":{"@id":"https:\/\/veritasinfo.org\/?p=28666#breadcrumb"},"inLanguage":"en-US","potentialAction":[{"@type":"ReadAction","target":["https:\/\/veritasinfo.org\/?p=28666"]}]},{"@type":"ImageObject","inLanguage":"en-US","@id":"https:\/\/veritasinfo.org\/?p=28666#primaryimage","url":"https:\/\/veritasinfo.org\/wp-content\/uploads\/2026\/01\/FB_IMG_1769022246200.jpg","contentUrl":"https:\/\/veritasinfo.org\/wp-content\/uploads\/2026\/01\/FB_IMG_1769022246200.jpg","width":1080,"height":680},{"@type":"BreadcrumbList","@id":"https:\/\/veritasinfo.org\/?p=28666#breadcrumb","itemListElement":[{"@type":"ListItem","position":1,"name":"Home","item":"https:\/\/veritasinfo.org\/"},{"@type":"ListItem","position":2,"name":"\u200bBislimi: Dit\u00eb e bardh\u00eb p\u00ebr shqiptar\u00ebt e uragan i zi p\u00ebr Beogradin nga Capitol Hill"}]},{"@type":"WebSite","@id":"https:\/\/veritasinfo.org\/#website","url":"https:\/\/veritasinfo.org\/","name":"","description":"","potentialAction":[{"@type":"SearchAction","target":{"@type":"EntryPoint","urlTemplate":"https:\/\/veritasinfo.org\/?s={search_term_string}"},"query-input":{"@type":"PropertyValueSpecification","valueRequired":true,"valueName":"search_term_string"}}],"inLanguage":"en-US"},{"@type":"Person","@id":"https:\/\/veritasinfo.org\/#\/schema\/person\/fe199eede04c3937362892b7444747cc","name":"US6","image":{"@type":"ImageObject","inLanguage":"en-US","@id":"https:\/\/veritasinfo.org\/#\/schema\/person\/image\/","url":"https:\/\/secure.gravatar.com\/avatar\/cb16c3c31c9d23b9b8c705964598220b3014e42ff51eb540ff23cefa3ae8c15f?s=96&d=mm&r=g","contentUrl":"https:\/\/secure.gravatar.com\/avatar\/cb16c3c31c9d23b9b8c705964598220b3014e42ff51eb540ff23cefa3ae8c15f?s=96&d=mm&r=g","caption":"US6"},"url":"https:\/\/veritasinfo.org\/?author=7"}]}},"featured_image_urls":{"full":["https:\/\/veritasinfo.org\/wp-content\/uploads\/2026\/01\/FB_IMG_1769022246200.jpg",1080,680,false],"thumbnail":["https:\/\/veritasinfo.org\/wp-content\/uploads\/2026\/01\/FB_IMG_1769022246200-150x150.jpg",150,150,true],"medium":["https:\/\/veritasinfo.org\/wp-content\/uploads\/2026\/01\/FB_IMG_1769022246200-300x189.jpg",300,189,true],"medium_large":["https:\/\/veritasinfo.org\/wp-content\/uploads\/2026\/01\/FB_IMG_1769022246200-768x484.jpg",640,403,true],"large":["https:\/\/veritasinfo.org\/wp-content\/uploads\/2026\/01\/FB_IMG_1769022246200-1024x645.jpg",640,403,true],"1536x1536":["https:\/\/veritasinfo.org\/wp-content\/uploads\/2026\/01\/FB_IMG_1769022246200.jpg",1080,680,false],"2048x2048":["https:\/\/veritasinfo.org\/wp-content\/uploads\/2026\/01\/FB_IMG_1769022246200.jpg",1080,680,false],"kreeti-slider-full":["https:\/\/veritasinfo.org\/wp-content\/uploads\/2026\/01\/FB_IMG_1769022246200.jpg",1080,680,false],"kreeti-featured":["https:\/\/veritasinfo.org\/wp-content\/uploads\/2026\/01\/FB_IMG_1769022246200.jpg",1024,645,false],"kreeti-medium":["https:\/\/veritasinfo.org\/wp-content\/uploads\/2026\/01\/FB_IMG_1769022246200.jpg",720,453,false],"kreeti-medium-square":["https:\/\/veritasinfo.org\/wp-content\/uploads\/2026\/01\/FB_IMG_1769022246200.jpg",350,220,false]},"author_info":{"info":["US6"]},"category_info":"<a href=\"https:\/\/veritasinfo.org\/?cat=58\" rel=\"category\">Politik\u00eb<\/a>","tag_info":"Politik\u00eb","comment_count":"0","_links":{"self":[{"href":"https:\/\/veritasinfo.org\/index.php?rest_route=\/wp\/v2\/posts\/28666","targetHints":{"allow":["GET"]}}],"collection":[{"href":"https:\/\/veritasinfo.org\/index.php?rest_route=\/wp\/v2\/posts"}],"about":[{"href":"https:\/\/veritasinfo.org\/index.php?rest_route=\/wp\/v2\/types\/post"}],"author":[{"embeddable":true,"href":"https:\/\/veritasinfo.org\/index.php?rest_route=\/wp\/v2\/users\/7"}],"replies":[{"embeddable":true,"href":"https:\/\/veritasinfo.org\/index.php?rest_route=%2Fwp%2Fv2%2Fcomments&post=28666"}],"version-history":[{"count":1,"href":"https:\/\/veritasinfo.org\/index.php?rest_route=\/wp\/v2\/posts\/28666\/revisions"}],"predecessor-version":[{"id":28668,"href":"https:\/\/veritasinfo.org\/index.php?rest_route=\/wp\/v2\/posts\/28666\/revisions\/28668"}],"wp:featuredmedia":[{"embeddable":true,"href":"https:\/\/veritasinfo.org\/index.php?rest_route=\/wp\/v2\/media\/28667"}],"wp:attachment":[{"href":"https:\/\/veritasinfo.org\/index.php?rest_route=%2Fwp%2Fv2%2Fmedia&parent=28666"}],"wp:term":[{"taxonomy":"category","embeddable":true,"href":"https:\/\/veritasinfo.org\/index.php?rest_route=%2Fwp%2Fv2%2Fcategories&post=28666"},{"taxonomy":"post_tag","embeddable":true,"href":"https:\/\/veritasinfo.org\/index.php?rest_route=%2Fwp%2Fv2%2Ftags&post=28666"}],"curies":[{"name":"wp","href":"https:\/\/api.w.org\/{rel}","templated":true}]}}