{"id":2863,"date":"2025-07-07T22:13:16","date_gmt":"2025-07-07T20:13:16","guid":{"rendered":"https:\/\/veritasinfo.org\/?p=2863"},"modified":"2025-07-07T22:13:43","modified_gmt":"2025-07-07T20:13:43","slug":"kurti-se-sastao-sa-rohdeom-razgovarali-o-konstituisanju-skupstine-i-saradnji-u-oblasti-vladavine-prava","status":"publish","type":"post","link":"https:\/\/veritasinfo.org\/?p=2863&lang=sr","title":{"rendered":"Kurti se sastao sa Rohdeom \u2013 razgovarali o konstituisanju Skup\u0161tine i saradnji u oblasti vladavine prava"},"content":{"rendered":"<p>Pri\u0161tina, 7. jul 2025<\/p>\n<p>Vr\u0161ioc du\u017enosti premijera, Albin Kurti, sastao se danas sa ambasadorom Savezne Republike Nema\u010dke u Kosovu, J\u00f6rnom Rohdeom. Tokom susreta razgovarali su o bilateralnim odnosima izme\u0111u dve zemlje i saradnji u razli\u010ditim oblastima, s posebnim naglaskom na vladavinu prava.<\/p>\n<p>Ambasador Rohde je tokom sastanka izrazio interesovanje za proces konstituisanja Skup\u0161tine Kosova, kao i za tok me\u0111unarodnih sporazuma koji \u010dekaju odobrenje zakonodavnog tela.<\/p>\n<p>Kurti je naglasio va\u017enost da se deveti saziv Skup\u0161tine konstitui\u0161e \u0161to pre izborom predsedni\u0161tva, podsetiv\u0161i na svoje napore da se prevazi\u0111e blokada \u2013 uklju\u010duju\u0107i sastanke sa liderima parlamentarnih stranaka i u\u010de\u0161\u0107e na sastanku koji je sazvala predsednica Republike, u skladu sa najnovijom odlukom Ustavnog suda.<\/p>\n<p>Jedna od tema bila je i dojava o bombi u zgradi Skup\u0161tine Kosova, koja se dogodila tokom pro\u0161log vikenda.<\/p>\n<p>Premijer je obavestio ambasadora da su bezbednosne institucije potvrdile da je pretnja stigla sa broja registrovanog u Srbiji, koji pripada telefonskoj kompaniji MTS, naglasiv\u0161i da je poreklo pretnje van granica Kosova.<\/p>\n<p>Na kraju sastanka, premijer Kurti zahvalio je ambasadoru Rohdeu na kontinuiranoj podr\u0161ci i tesnoj saradnji u ja\u010danju odnosa izme\u0111u Kosova i Nema\u010dke.<\/p>\n","protected":false},"excerpt":{"rendered":"<p>Pri\u0161tina, 7. jul 2025 Vr\u0161ioc du\u017enosti premijera, Albin Kurti, sastao se danas sa ambasadorom Savezne Republike Nema\u010dke u Kosovu, J\u00f6rnom Rohdeom. Tokom susreta razgovarali su<\/p>\n","protected":false},"author":1,"featured_media":2859,"comment_status":"open","ping_status":"open","sticky":false,"template":"","format":"standard","meta":{"footnotes":""},"categories":[28],"tags":[],"class_list":["post-2863","post","type-post","status-publish","format-standard","has-post-thumbnail","hentry","category-politika"],"yoast_head":"<!-- This site is optimized with the Yoast SEO plugin v25.3.1 - https:\/\/yoast.com\/wordpress\/plugins\/seo\/ -->\n<title>Kurti se sastao sa Rohdeom \u2013 razgovarali o konstituisanju Skup\u0161tine i saradnji u oblasti vladavine prava -<\/title>\n<meta name=\"robots\" content=\"index, follow, max-snippet:-1, max-image-preview:large, max-video-preview:-1\" \/>\n<link rel=\"canonical\" href=\"https:\/\/veritasinfo.org\/?p=2863&lang=sr\" \/>\n<meta property=\"og:locale\" content=\"en_US\" \/>\n<meta property=\"og:type\" content=\"article\" \/>\n<meta property=\"og:title\" content=\"Kurti se sastao sa Rohdeom \u2013 razgovarali o konstituisanju Skup\u0161tine i saradnji u oblasti vladavine prava -\" \/>\n<meta property=\"og:description\" content=\"Pri\u0161tina, 7. jul 2025 Vr\u0161ioc du\u017enosti premijera, Albin Kurti, sastao se danas sa ambasadorom Savezne Republike Nema\u010dke u Kosovu, J\u00f6rnom Rohdeom. Tokom susreta razgovarali su\" \/>\n<meta property=\"og:url\" content=\"https:\/\/veritasinfo.org\/?p=2863&amp;lang=sr\" \/>\n<meta property=\"article:published_time\" content=\"2025-07-07T20:13:16+00:00\" \/>\n<meta property=\"article:modified_time\" content=\"2025-07-07T20:13:43+00:00\" \/>\n<meta property=\"og:image\" content=\"https:\/\/veritasinfo.org\/wp-content\/uploads\/2025\/07\/IMG_0878.png\" \/>\n\t<meta property=\"og:image:width\" content=\"900\" \/>\n\t<meta property=\"og:image:height\" content=\"507\" \/>\n\t<meta property=\"og:image:type\" content=\"image\/png\" \/>\n<meta name=\"author\" content=\"admin\" \/>\n<meta name=\"twitter:card\" content=\"summary_large_image\" \/>\n<meta name=\"twitter:label1\" content=\"Written by\" \/>\n\t<meta name=\"twitter:data1\" content=\"admin\" \/>\n\t<meta name=\"twitter:label2\" content=\"Est. reading time\" \/>\n\t<meta name=\"twitter:data2\" content=\"1 minute\" \/>\n<script type=\"application\/ld+json\" class=\"yoast-schema-graph\">{\"@context\":\"https:\/\/schema.org\",\"@graph\":[{\"@type\":\"WebPage\",\"@id\":\"https:\/\/veritasinfo.org\/?p=2863&lang=sr\",\"url\":\"https:\/\/veritasinfo.org\/?p=2863&lang=sr\",\"name\":\"Kurti se sastao sa Rohdeom \u2013 razgovarali o konstituisanju Skup\u0161tine i saradnji u oblasti vladavine prava -\",\"isPartOf\":{\"@id\":\"https:\/\/veritasinfo.org\/#website\"},\"primaryImageOfPage\":{\"@id\":\"https:\/\/veritasinfo.org\/?p=2863&lang=sr#primaryimage\"},\"image\":{\"@id\":\"https:\/\/veritasinfo.org\/?p=2863&lang=sr#primaryimage\"},\"thumbnailUrl\":\"https:\/\/veritasinfo.org\/wp-content\/uploads\/2025\/07\/IMG_0878.png\",\"datePublished\":\"2025-07-07T20:13:16+00:00\",\"dateModified\":\"2025-07-07T20:13:43+00:00\",\"author\":{\"@id\":\"https:\/\/veritasinfo.org\/#\/schema\/person\/7701f8c088bece422266b100a712374f\"},\"breadcrumb\":{\"@id\":\"https:\/\/veritasinfo.org\/?p=2863&lang=sr#breadcrumb\"},\"inLanguage\":\"en-US\",\"potentialAction\":[{\"@type\":\"ReadAction\",\"target\":[\"https:\/\/veritasinfo.org\/?p=2863&lang=sr\"]}]},{\"@type\":\"ImageObject\",\"inLanguage\":\"en-US\",\"@id\":\"https:\/\/veritasinfo.org\/?p=2863&lang=sr#primaryimage\",\"url\":\"https:\/\/veritasinfo.org\/wp-content\/uploads\/2025\/07\/IMG_0878.png\",\"contentUrl\":\"https:\/\/veritasinfo.org\/wp-content\/uploads\/2025\/07\/IMG_0878.png\",\"width\":900,\"height\":507},{\"@type\":\"BreadcrumbList\",\"@id\":\"https:\/\/veritasinfo.org\/?p=2863&lang=sr#breadcrumb\",\"itemListElement\":[{\"@type\":\"ListItem\",\"position\":1,\"name\":\"Home\",\"item\":\"https:\/\/veritasinfo.org\/\"},{\"@type\":\"ListItem\",\"position\":2,\"name\":\"Kurti se sastao sa Rohdeom \u2013 razgovarali o konstituisanju Skup\u0161tine i saradnji u oblasti vladavine prava\"}]},{\"@type\":\"WebSite\",\"@id\":\"https:\/\/veritasinfo.org\/#website\",\"url\":\"https:\/\/veritasinfo.org\/\",\"name\":\"\",\"description\":\"\",\"potentialAction\":[{\"@type\":\"SearchAction\",\"target\":{\"@type\":\"EntryPoint\",\"urlTemplate\":\"https:\/\/veritasinfo.org\/?s={search_term_string}\"},\"query-input\":{\"@type\":\"PropertyValueSpecification\",\"valueRequired\":true,\"valueName\":\"search_term_string\"}}],\"inLanguage\":\"en-US\"},{\"@type\":\"Person\",\"@id\":\"https:\/\/veritasinfo.org\/#\/schema\/person\/7701f8c088bece422266b100a712374f\",\"name\":\"admin\",\"image\":{\"@type\":\"ImageObject\",\"inLanguage\":\"en-US\",\"@id\":\"https:\/\/veritasinfo.org\/#\/schema\/person\/image\/\",\"url\":\"https:\/\/secure.gravatar.com\/avatar\/ea53aa3bf6c9a12d5fde8ce4deff43fef3885ae33cf60184161a50d6987cfd2f?s=96&d=mm&r=g\",\"contentUrl\":\"https:\/\/secure.gravatar.com\/avatar\/ea53aa3bf6c9a12d5fde8ce4deff43fef3885ae33cf60184161a50d6987cfd2f?s=96&d=mm&r=g\",\"caption\":\"admin\"},\"sameAs\":[\"https:\/\/veritasinfo.org\"],\"url\":\"https:\/\/veritasinfo.org\/?author=1\"}]}<\/script>\n<!-- \/ Yoast SEO plugin. -->","yoast_head_json":{"title":"Kurti se sastao sa Rohdeom \u2013 razgovarali o konstituisanju Skup\u0161tine i saradnji u oblasti vladavine prava -","robots":{"index":"index","follow":"follow","max-snippet":"max-snippet:-1","max-image-preview":"max-image-preview:large","max-video-preview":"max-video-preview:-1"},"canonical":"https:\/\/veritasinfo.org\/?p=2863&lang=sr","og_locale":"en_US","og_type":"article","og_title":"Kurti se sastao sa Rohdeom \u2013 razgovarali o konstituisanju Skup\u0161tine i saradnji u oblasti vladavine prava -","og_description":"Pri\u0161tina, 7. jul 2025 Vr\u0161ioc du\u017enosti premijera, Albin Kurti, sastao se danas sa ambasadorom Savezne Republike Nema\u010dke u Kosovu, J\u00f6rnom Rohdeom. Tokom susreta razgovarali su","og_url":"https:\/\/veritasinfo.org\/?p=2863&lang=sr","article_published_time":"2025-07-07T20:13:16+00:00","article_modified_time":"2025-07-07T20:13:43+00:00","og_image":[{"width":900,"height":507,"url":"https:\/\/veritasinfo.org\/wp-content\/uploads\/2025\/07\/IMG_0878.png","type":"image\/png"}],"author":"admin","twitter_card":"summary_large_image","twitter_misc":{"Written by":"admin","Est. reading time":"1 minute"},"schema":{"@context":"https:\/\/schema.org","@graph":[{"@type":"WebPage","@id":"https:\/\/veritasinfo.org\/?p=2863&lang=sr","url":"https:\/\/veritasinfo.org\/?p=2863&lang=sr","name":"Kurti se sastao sa Rohdeom \u2013 razgovarali o konstituisanju Skup\u0161tine i saradnji u oblasti vladavine prava -","isPartOf":{"@id":"https:\/\/veritasinfo.org\/#website"},"primaryImageOfPage":{"@id":"https:\/\/veritasinfo.org\/?p=2863&lang=sr#primaryimage"},"image":{"@id":"https:\/\/veritasinfo.org\/?p=2863&lang=sr#primaryimage"},"thumbnailUrl":"https:\/\/veritasinfo.org\/wp-content\/uploads\/2025\/07\/IMG_0878.png","datePublished":"2025-07-07T20:13:16+00:00","dateModified":"2025-07-07T20:13:43+00:00","author":{"@id":"https:\/\/veritasinfo.org\/#\/schema\/person\/7701f8c088bece422266b100a712374f"},"breadcrumb":{"@id":"https:\/\/veritasinfo.org\/?p=2863&lang=sr#breadcrumb"},"inLanguage":"en-US","potentialAction":[{"@type":"ReadAction","target":["https:\/\/veritasinfo.org\/?p=2863&lang=sr"]}]},{"@type":"ImageObject","inLanguage":"en-US","@id":"https:\/\/veritasinfo.org\/?p=2863&lang=sr#primaryimage","url":"https:\/\/veritasinfo.org\/wp-content\/uploads\/2025\/07\/IMG_0878.png","contentUrl":"https:\/\/veritasinfo.org\/wp-content\/uploads\/2025\/07\/IMG_0878.png","width":900,"height":507},{"@type":"BreadcrumbList","@id":"https:\/\/veritasinfo.org\/?p=2863&lang=sr#breadcrumb","itemListElement":[{"@type":"ListItem","position":1,"name":"Home","item":"https:\/\/veritasinfo.org\/"},{"@type":"ListItem","position":2,"name":"Kurti se sastao sa Rohdeom \u2013 razgovarali o konstituisanju Skup\u0161tine i saradnji u oblasti vladavine prava"}]},{"@type":"WebSite","@id":"https:\/\/veritasinfo.org\/#website","url":"https:\/\/veritasinfo.org\/","name":"","description":"","potentialAction":[{"@type":"SearchAction","target":{"@type":"EntryPoint","urlTemplate":"https:\/\/veritasinfo.org\/?s={search_term_string}"},"query-input":{"@type":"PropertyValueSpecification","valueRequired":true,"valueName":"search_term_string"}}],"inLanguage":"en-US"},{"@type":"Person","@id":"https:\/\/veritasinfo.org\/#\/schema\/person\/7701f8c088bece422266b100a712374f","name":"admin","image":{"@type":"ImageObject","inLanguage":"en-US","@id":"https:\/\/veritasinfo.org\/#\/schema\/person\/image\/","url":"https:\/\/secure.gravatar.com\/avatar\/ea53aa3bf6c9a12d5fde8ce4deff43fef3885ae33cf60184161a50d6987cfd2f?s=96&d=mm&r=g","contentUrl":"https:\/\/secure.gravatar.com\/avatar\/ea53aa3bf6c9a12d5fde8ce4deff43fef3885ae33cf60184161a50d6987cfd2f?s=96&d=mm&r=g","caption":"admin"},"sameAs":["https:\/\/veritasinfo.org"],"url":"https:\/\/veritasinfo.org\/?author=1"}]}},"featured_image_urls":{"full":["https:\/\/veritasinfo.org\/wp-content\/uploads\/2025\/07\/IMG_0878.png",900,507,false],"thumbnail":["https:\/\/veritasinfo.org\/wp-content\/uploads\/2025\/07\/IMG_0878-150x150.png",150,150,true],"medium":["https:\/\/veritasinfo.org\/wp-content\/uploads\/2025\/07\/IMG_0878-300x169.png",300,169,true],"medium_large":["https:\/\/veritasinfo.org\/wp-content\/uploads\/2025\/07\/IMG_0878-768x433.png",640,361,true],"large":["https:\/\/veritasinfo.org\/wp-content\/uploads\/2025\/07\/IMG_0878.png",640,361,false],"1536x1536":["https:\/\/veritasinfo.org\/wp-content\/uploads\/2025\/07\/IMG_0878.png",900,507,false],"2048x2048":["https:\/\/veritasinfo.org\/wp-content\/uploads\/2025\/07\/IMG_0878.png",900,507,false],"kreeti-slider-full":["https:\/\/veritasinfo.org\/wp-content\/uploads\/2025\/07\/IMG_0878.png",900,507,false],"kreeti-featured":["https:\/\/veritasinfo.org\/wp-content\/uploads\/2025\/07\/IMG_0878.png",900,507,false],"kreeti-medium":["https:\/\/veritasinfo.org\/wp-content\/uploads\/2025\/07\/IMG_0878.png",720,406,false],"kreeti-medium-square":["https:\/\/veritasinfo.org\/wp-content\/uploads\/2025\/07\/IMG_0878.png",350,197,false]},"author_info":{"info":["admin"]},"category_info":"<a href=\"https:\/\/veritasinfo.org\/?cat=28&#038;lang=sr\" rel=\"category\">Politika<\/a>","tag_info":"Politika","comment_count":"0","_links":{"self":[{"href":"https:\/\/veritasinfo.org\/index.php?rest_route=\/wp\/v2\/posts\/2863","targetHints":{"allow":["GET"]}}],"collection":[{"href":"https:\/\/veritasinfo.org\/index.php?rest_route=\/wp\/v2\/posts"}],"about":[{"href":"https:\/\/veritasinfo.org\/index.php?rest_route=\/wp\/v2\/types\/post"}],"author":[{"embeddable":true,"href":"https:\/\/veritasinfo.org\/index.php?rest_route=\/wp\/v2\/users\/1"}],"replies":[{"embeddable":true,"href":"https:\/\/veritasinfo.org\/index.php?rest_route=%2Fwp%2Fv2%2Fcomments&post=2863"}],"version-history":[{"count":1,"href":"https:\/\/veritasinfo.org\/index.php?rest_route=\/wp\/v2\/posts\/2863\/revisions"}],"predecessor-version":[{"id":2864,"href":"https:\/\/veritasinfo.org\/index.php?rest_route=\/wp\/v2\/posts\/2863\/revisions\/2864"}],"wp:featuredmedia":[{"embeddable":true,"href":"https:\/\/veritasinfo.org\/index.php?rest_route=\/wp\/v2\/media\/2859"}],"wp:attachment":[{"href":"https:\/\/veritasinfo.org\/index.php?rest_route=%2Fwp%2Fv2%2Fmedia&parent=2863"}],"wp:term":[{"taxonomy":"category","embeddable":true,"href":"https:\/\/veritasinfo.org\/index.php?rest_route=%2Fwp%2Fv2%2Fcategories&post=2863"},{"taxonomy":"post_tag","embeddable":true,"href":"https:\/\/veritasinfo.org\/index.php?rest_route=%2Fwp%2Fv2%2Ftags&post=2863"}],"curies":[{"name":"wp","href":"https:\/\/api.w.org\/{rel}","templated":true}]}}