{"id":28624,"date":"2026-01-21T16:12:57","date_gmt":"2026-01-21T15:12:57","guid":{"rendered":"https:\/\/veritasinfo.org\/?p=28624"},"modified":"2026-01-21T16:12:57","modified_gmt":"2026-01-21T15:12:57","slug":"ish-kryetari-i-zvecanit-dhe-zyrtaret-e-larguar-vendimet-per-nderprerjen-e-kontratave-jane-te-kunderligjshme","status":"publish","type":"post","link":"https:\/\/veritasinfo.org\/?p=28624","title":{"rendered":"\u200bIsh-kryetari i Zve\u00e7anit dhe zyrtar\u00ebt e larguar: Vendimet p\u00ebr nd\u00ebrprerjen e kontratave jan\u00eb t\u00eb kund\u00ebrligjshme"},"content":{"rendered":"<p>Zve\u00e7an, 21 janar 2026 16:11<\/p>\n<p>\u200bIsh-kryetari i Zve\u00e7anit dhe zyrtar\u00ebt e larguar: Vendimet p\u00ebr nd\u00ebrprerjen e kontratave jan\u00eb t\u00eb kund\u00ebrligjshme.<\/p>\n<p>Vendimi i kryetarit aktual t\u00eb Komun\u00ebs s\u00eb Zve\u00e7anit, Dragisha Millovi, p\u00ebr nd\u00ebrprerjen e kontratave t\u00eb dy zyrtar\u00ebve komunal\u00eb po cil\u00ebsohet i kund\u00ebrligjsh\u00ebm. Ish-kryetari i komun\u00ebs, Ilir Peci, thot\u00eb se arsyet e p\u00ebrmendura n\u00eb vendim nuk q\u00ebndrojn\u00eb dhe se procedura \u00ebsht\u00eb zhvilluar n\u00eb kund\u00ebrshtim me ligjin.<\/p>\n<p>Ish-kryetari i Komun\u00ebs s\u00eb Zve\u00e7anit, Ilir Peci, ka th\u00ebn\u00eb p\u00ebr KosovaPress se kryetari aktual jav\u00ebn e kaluar ua ka nd\u00ebrprer\u00eb kontratat dy zyrtar\u00ebve komunal\u00eb, ndon\u00ebse ata ishin t\u00eb pun\u00ebsuar me afat t\u00eb pacaktuar. Ai theksoi se arsyet e p\u00ebrmendura n\u00eb vendim, mungesa e vler\u00ebsimit, trajnimeve dhe buxhetit, nuk q\u00ebndrojn\u00eb dhe nuk p\u00ebrb\u00ebjn\u00eb baz\u00eb ligjore p\u00ebr largimin e tyre nga puna.<\/p>\n<p>&#8220;Jav\u00ebn e kaluar, kryetari i tanish\u00ebm ka marr\u00eb vendim dhe ua ka nd\u00ebrprer\u00eb kontratat, vendimet e p\u00ebrgjithshme q\u00eb i kan\u00eb pasur zyrtar\u00ebt komunal\u00eb. Gjat\u00eb koh\u00ebs sime si kryetar, ata jan\u00eb pun\u00ebsuar me afat t\u00eb pacaktuar, mir\u00ebpo pas gjasht\u00eb muajsh \u00ebsht\u00eb dashur t\u2019u vazhdohet em\u00ebrimi, nd\u00ebrsa tani u \u00ebsht\u00eb nd\u00ebrprer\u00eb kontrata me tri pika t\u00eb p\u00ebrmendura n\u00eb vendim. K\u00ebto tri pika nuk kan\u00eb t\u00eb b\u00ebjn\u00eb me largimin e dy zyrtar\u00ebve. Pika e par\u00eb ka qen\u00eb se nuk \u00ebsht\u00eb b\u00ebr\u00eb vler\u00ebsimi i duhur i tyre, nd\u00ebrkoh\u00eb q\u00eb vler\u00ebsimi \u00ebsht\u00eb b\u00ebr\u00eb sa kam qen\u00eb un\u00eb kryetar i komun\u00ebs. P\u00ebr momentin nuk ka pasur kush ta b\u00ebj\u00eb vler\u00ebsimin, pasi nuk ka pasur shefa sektor\u00ebsh e as drejtor\u00eb, pra nuk ka pasur persona p\u00ebrgjegj\u00ebs p\u00ebr vler\u00ebsim.<\/p>\n<p>As kryetari i komun\u00ebs nuk ka thirrur ndonj\u00eb takim p\u00ebr t\u00eb par\u00eb se \u00e7far\u00eb pune kan\u00eb kryer k\u00ebta zyrtar\u00eb gjat\u00eb gjasht\u00eb muajve. Pika e dyt\u00eb \u00ebsht\u00eb se gjoja nuk kan\u00eb kryer seminare t\u00eb mjaftueshme, por seminaret nuk mund t\u2019i k\u00ebrkojn\u00eb vet\u00eb zyrtar\u00ebt. Ato caktohen nga zyra e kryetarit dhe stafi i tij. Pika e tret\u00eb \u00ebsht\u00eb se komuna e Zve\u00e7anit nuk ka buxhet, \u00e7ka nuk q\u00ebndron. \u00c7do komun\u00eb, kur hap nj\u00eb vend pune, e parasheh buxhetin p\u00ebr t\u00ebr\u00eb periudh\u00ebn, sidomos kur kontratat jan\u00eb me afat t\u00eb pacaktuar dhe jo p\u00ebr gjasht\u00eb muaj apo nj\u00eb vit. Pra, k\u00ebto tri pika nuk q\u00ebndrojn\u00eb asnj\u00ebra\u201d, thekson Peci.<\/p>\n<p>Peci tha se \u00ebsht\u00eb njoftuar nga dy zyrtar\u00ebt e larguar dhe se q\u00ebndron n\u00eb mb\u00ebshtetje t\u00eb tyre, duke theksuar se drejt\u00ebsia duhet t\u00eb respektohet n\u00eb rastin e tyre.<\/p>\n<p>\u201cJam lajm\u00ebruar menj\u00ebher\u00eb nga disa zyrtar\u00eb t\u00eb komun\u00ebs, konkretisht nga k\u00ebta dy zyrtar\u00eb q\u00eb jan\u00eb larguar nga puna. Un\u00eb, si asamblist dhe i vetmi shqiptar n\u00eb Komun\u00ebn e Zve\u00e7anit, jam n\u00eb mb\u00ebshtetje t\u00eb tyre dhe n\u00eb mb\u00ebshtetje t\u00eb s\u00eb drejt\u00ebs\u201d- ka deklaruar Peci.<\/p>\n<p>Ai ka th\u00ebn\u00eb se vendimi p\u00ebr nd\u00ebrprerjen e kontratave \u00ebsht\u00eb i kund\u00ebrligjsh\u00ebm dhe tash po ndiqet n\u00eb rrug\u00eb ligjore nga K\u00ebshilli dhe Gjykata.<\/p>\n<p>\u201cN\u00eb nj\u00eb takim kam marr\u00eb pjes\u00eb me kryetarin e tanish\u00ebm t\u00eb Zve\u00e7anit dhe dy zyrtar\u00ebt. I kam sqaruar se, bazuar n\u00eb k\u00ebto pika, b\u00ebhet fjal\u00eb p\u00ebr shkelje ligjore dhe se vendimi nuk \u00ebsht\u00eb i drejt\u00eb. Megjithat\u00eb, ai \u00ebsht\u00eb kryetar dhe e ka marr\u00eb vendimin. Tani, K\u00ebshilli apo Gjykata jan\u00eb instancat ku po ndiqen t\u00eb gjitha rrug\u00ebt ligjore\u201d- ka thenw Ilir Peci.<\/p>\n<p>Vedat\u00a0Musa, i larguar nga puna n\u00eb Komun\u00ebn e Zve\u00e7anit, ka th\u00ebn\u00eb p\u00ebr KosovaPress se arsyet e p\u00ebrmendura nga kryetari aktual Dragisha Milloviq jan\u00eb skandaloze.<\/p>\n<p>Musa ka shtuar se, duke qen\u00eb me akt-em\u00ebrim, paga e tij duhet t\u00eb sigurohet deri n\u00eb daljen n\u00eb pension.<\/p>\n<p>\u201cArsyet e p\u00ebrmendura n\u00eb vendimin p\u00ebr shkarkimin tim nga pozita q\u00eb kam pasur, nga kryetari i tanish\u00ebm Dragisha Milloviq, jan\u00eb skandaloze. E para, se komuna nuk ka buxhet t\u00eb mjaftuesh\u00ebm p\u00ebr t\u00eb paguar asistent\u00eb administrativ\u00eb. E dyta, se nuk ka raport vler\u00ebsimi nga drejtori apo kryetari i komun\u00ebs p\u00ebr periudh\u00ebn pes\u00ebmujore sa ka qen\u00eb kryetar Ilir Peci. Un\u00eb e di dhe e kam me vete vendimin p\u00ebr vler\u00ebsimin q\u00eb m\u00eb \u00ebsht\u00eb b\u00ebr\u00eb p\u00ebr periudh\u00ebn pes\u00ebmujore. Po ashtu, kur shteti hap konkurs p\u00ebr nj\u00eb pozit\u00eb t\u00eb caktuar, buxheti sigurohet p\u00ebr at\u00eb pozit\u00eb. Un\u00eb jam me akt-em\u00ebrim dhe p\u00ebrderisa je me akt-em\u00ebrim, paga t\u00eb sigurohet deri n\u00eb pension\u201c- tha Musa<\/p>\n<p>Ai ka th\u00ebn\u00eb se po p\u00ebrgatitet nj\u00eb ankes\u00eb n\u00eb K\u00ebshillin e Pavarur dhe \u00ebsht\u00eb i bindur se vendimi do t\u00eb kthehet n\u00eb favorin e tyre, pasi nuk kan\u00eb kryer asnj\u00eb shkelje.<\/p>\n<p>Musa shtoi se kryetari i tanish\u00ebm i ka ftuar n\u00eb takim vet\u00ebm pasi kishte marr\u00eb vendimin p\u00ebr nd\u00ebrprerjen e kontrat\u00ebs, pa ditur se kush ishte dhe \u00e7far\u00eb pune kryente, \u00e7ka sipas tij e b\u00ebn vendimin p\u00ebr shkarkimin t\u00eb pap\u00ebrshtatsh\u00ebm.<\/p>\n<p>\u201cN\u00eb K\u00ebshillin e Pavarur jemi duke p\u00ebrgatitur ankes\u00ebn p\u00ebr ta dor\u00ebzuar dhe jam i bindur se vendimi do t\u00eb kthehet n\u00eb favorin ton\u00eb, pasi nuk kemi b\u00ebr\u00eb asnj\u00eb shkelje, qoft\u00eb edhe m\u00eb t\u00eb vogl\u00ebn. Nuk e di n\u00eb \u00e7far\u00eb baze \u00ebsht\u00eb mb\u00ebshtetur kryetari, sepse thuhet se nuk ka vler\u00ebsim nga drejtori, nd\u00ebrkoh\u00eb q\u00eb un\u00eb kam qen\u00eb pa drejtor, pa mbik\u00ebqyr\u00ebs t\u00eb drejtp\u00ebrdrejt\u00eb dhe pa shef. Kryetari na ka ftuar n\u00eb takim vet\u00ebm pasi kishte marr\u00eb vendimin p\u00ebr nd\u00ebrprerjen e kontrat\u00ebs. Paramendojeni, ai e kishte marr\u00eb vendimin p\u00ebr shk\u00ebputjen e kontrat\u00ebs s\u00eb pun\u00ebs dhe m\u00eb pas m\u00eb pyeste si e kam emrin dhe n\u00eb cil\u00ebn drejtori punoj. Kjo tregon se ai nuk e ka pasur iden\u00eb se kush jam dhe \u00e7far\u00eb pune b\u00ebj, e jo m\u00eb t\u00eb marr\u00eb vendim p\u00ebr shkarkimin tim nga puna\u201d- p\u00ebrfundoi ai.<\/p>\n<p>Rasti i nd\u00ebrprerjes s\u00eb kontratave t\u00eb dy zyrtar\u00ebve n\u00eb Komun\u00ebn e Zve\u00e7anit ka ngritur dyshime p\u00ebr shkelje ligjore dhe keqmenaxhim, sipas ish-kryetarit Ilir Peci dhe t\u00eb larguarit Vedat Musa.<\/p>\n<p>&nbsp;<\/p>\n","protected":false},"excerpt":{"rendered":"<p>Zve\u00e7an, 21 janar 2026 16:11 \u200bIsh-kryetari i Zve\u00e7anit dhe zyrtar\u00ebt e larguar: Vendimet p\u00ebr nd\u00ebrprerjen e kontratave jan\u00eb t\u00eb kund\u00ebrligjshme. Vendimi i kryetarit aktual t\u00eb<\/p>\n","protected":false},"author":7,"featured_media":28625,"comment_status":"open","ping_status":"open","sticky":false,"template":"","format":"standard","meta":{"footnotes":""},"categories":[52],"tags":[],"class_list":["post-28624","post","type-post","status-publish","format-standard","has-post-thumbnail","hentry","category-komunat-sq"],"yoast_head":"<!-- This site is optimized with the Yoast SEO plugin v25.3.1 - https:\/\/yoast.com\/wordpress\/plugins\/seo\/ -->\n<title>\u200bIsh-kryetari i Zve\u00e7anit dhe zyrtar\u00ebt e larguar: Vendimet p\u00ebr nd\u00ebrprerjen e kontratave jan\u00eb t\u00eb kund\u00ebrligjshme -<\/title>\n<meta name=\"robots\" content=\"index, follow, max-snippet:-1, max-image-preview:large, max-video-preview:-1\" \/>\n<link rel=\"canonical\" href=\"https:\/\/veritasinfo.org\/?p=28624\" \/>\n<meta property=\"og:locale\" content=\"en_US\" \/>\n<meta property=\"og:type\" content=\"article\" \/>\n<meta property=\"og:title\" content=\"\u200bIsh-kryetari i Zve\u00e7anit dhe zyrtar\u00ebt e larguar: Vendimet p\u00ebr nd\u00ebrprerjen e kontratave jan\u00eb t\u00eb kund\u00ebrligjshme -\" \/>\n<meta property=\"og:description\" content=\"Zve\u00e7an, 21 janar 2026 16:11 \u200bIsh-kryetari i Zve\u00e7anit dhe zyrtar\u00ebt e larguar: Vendimet p\u00ebr nd\u00ebrprerjen e kontratave jan\u00eb t\u00eb kund\u00ebrligjshme. Vendimi i kryetarit aktual t\u00eb\" \/>\n<meta property=\"og:url\" content=\"https:\/\/veritasinfo.org\/?p=28624\" \/>\n<meta property=\"article:published_time\" content=\"2026-01-21T15:12:57+00:00\" \/>\n<meta property=\"og:image\" content=\"https:\/\/veritasinfo.org\/wp-content\/uploads\/2026\/01\/96121769004183.jpg\" \/>\n\t<meta property=\"og:image:width\" content=\"600\" \/>\n\t<meta property=\"og:image:height\" content=\"451\" \/>\n\t<meta property=\"og:image:type\" content=\"image\/jpeg\" \/>\n<meta name=\"author\" content=\"US6\" \/>\n<meta name=\"twitter:card\" content=\"summary_large_image\" \/>\n<meta name=\"twitter:label1\" content=\"Written by\" \/>\n\t<meta name=\"twitter:data1\" content=\"US6\" \/>\n\t<meta name=\"twitter:label2\" content=\"Est. reading time\" \/>\n\t<meta name=\"twitter:data2\" content=\"5 minutes\" \/>\n<script type=\"application\/ld+json\" class=\"yoast-schema-graph\">{\"@context\":\"https:\/\/schema.org\",\"@graph\":[{\"@type\":\"WebPage\",\"@id\":\"https:\/\/veritasinfo.org\/?p=28624\",\"url\":\"https:\/\/veritasinfo.org\/?p=28624\",\"name\":\"\u200bIsh-kryetari i Zve\u00e7anit dhe zyrtar\u00ebt e larguar: Vendimet p\u00ebr nd\u00ebrprerjen e kontratave jan\u00eb t\u00eb kund\u00ebrligjshme -\",\"isPartOf\":{\"@id\":\"https:\/\/veritasinfo.org\/#website\"},\"primaryImageOfPage\":{\"@id\":\"https:\/\/veritasinfo.org\/?p=28624#primaryimage\"},\"image\":{\"@id\":\"https:\/\/veritasinfo.org\/?p=28624#primaryimage\"},\"thumbnailUrl\":\"https:\/\/veritasinfo.org\/wp-content\/uploads\/2026\/01\/96121769004183.jpg\",\"datePublished\":\"2026-01-21T15:12:57+00:00\",\"author\":{\"@id\":\"https:\/\/veritasinfo.org\/#\/schema\/person\/fe199eede04c3937362892b7444747cc\"},\"breadcrumb\":{\"@id\":\"https:\/\/veritasinfo.org\/?p=28624#breadcrumb\"},\"inLanguage\":\"en-US\",\"potentialAction\":[{\"@type\":\"ReadAction\",\"target\":[\"https:\/\/veritasinfo.org\/?p=28624\"]}]},{\"@type\":\"ImageObject\",\"inLanguage\":\"en-US\",\"@id\":\"https:\/\/veritasinfo.org\/?p=28624#primaryimage\",\"url\":\"https:\/\/veritasinfo.org\/wp-content\/uploads\/2026\/01\/96121769004183.jpg\",\"contentUrl\":\"https:\/\/veritasinfo.org\/wp-content\/uploads\/2026\/01\/96121769004183.jpg\",\"width\":600,\"height\":451},{\"@type\":\"BreadcrumbList\",\"@id\":\"https:\/\/veritasinfo.org\/?p=28624#breadcrumb\",\"itemListElement\":[{\"@type\":\"ListItem\",\"position\":1,\"name\":\"Home\",\"item\":\"https:\/\/veritasinfo.org\/\"},{\"@type\":\"ListItem\",\"position\":2,\"name\":\"\u200bIsh-kryetari i Zve\u00e7anit dhe zyrtar\u00ebt e larguar: Vendimet p\u00ebr nd\u00ebrprerjen e kontratave jan\u00eb t\u00eb kund\u00ebrligjshme\"}]},{\"@type\":\"WebSite\",\"@id\":\"https:\/\/veritasinfo.org\/#website\",\"url\":\"https:\/\/veritasinfo.org\/\",\"name\":\"\",\"description\":\"\",\"potentialAction\":[{\"@type\":\"SearchAction\",\"target\":{\"@type\":\"EntryPoint\",\"urlTemplate\":\"https:\/\/veritasinfo.org\/?s={search_term_string}\"},\"query-input\":{\"@type\":\"PropertyValueSpecification\",\"valueRequired\":true,\"valueName\":\"search_term_string\"}}],\"inLanguage\":\"en-US\"},{\"@type\":\"Person\",\"@id\":\"https:\/\/veritasinfo.org\/#\/schema\/person\/fe199eede04c3937362892b7444747cc\",\"name\":\"US6\",\"image\":{\"@type\":\"ImageObject\",\"inLanguage\":\"en-US\",\"@id\":\"https:\/\/veritasinfo.org\/#\/schema\/person\/image\/\",\"url\":\"https:\/\/secure.gravatar.com\/avatar\/cb16c3c31c9d23b9b8c705964598220b3014e42ff51eb540ff23cefa3ae8c15f?s=96&d=mm&r=g\",\"contentUrl\":\"https:\/\/secure.gravatar.com\/avatar\/cb16c3c31c9d23b9b8c705964598220b3014e42ff51eb540ff23cefa3ae8c15f?s=96&d=mm&r=g\",\"caption\":\"US6\"},\"url\":\"https:\/\/veritasinfo.org\/?author=7\"}]}<\/script>\n<!-- \/ Yoast SEO plugin. -->","yoast_head_json":{"title":"\u200bIsh-kryetari i Zve\u00e7anit dhe zyrtar\u00ebt e larguar: Vendimet p\u00ebr nd\u00ebrprerjen e kontratave jan\u00eb t\u00eb kund\u00ebrligjshme -","robots":{"index":"index","follow":"follow","max-snippet":"max-snippet:-1","max-image-preview":"max-image-preview:large","max-video-preview":"max-video-preview:-1"},"canonical":"https:\/\/veritasinfo.org\/?p=28624","og_locale":"en_US","og_type":"article","og_title":"\u200bIsh-kryetari i Zve\u00e7anit dhe zyrtar\u00ebt e larguar: Vendimet p\u00ebr nd\u00ebrprerjen e kontratave jan\u00eb t\u00eb kund\u00ebrligjshme -","og_description":"Zve\u00e7an, 21 janar 2026 16:11 \u200bIsh-kryetari i Zve\u00e7anit dhe zyrtar\u00ebt e larguar: Vendimet p\u00ebr nd\u00ebrprerjen e kontratave jan\u00eb t\u00eb kund\u00ebrligjshme. Vendimi i kryetarit aktual t\u00eb","og_url":"https:\/\/veritasinfo.org\/?p=28624","article_published_time":"2026-01-21T15:12:57+00:00","og_image":[{"width":600,"height":451,"url":"https:\/\/veritasinfo.org\/wp-content\/uploads\/2026\/01\/96121769004183.jpg","type":"image\/jpeg"}],"author":"US6","twitter_card":"summary_large_image","twitter_misc":{"Written by":"US6","Est. reading time":"5 minutes"},"schema":{"@context":"https:\/\/schema.org","@graph":[{"@type":"WebPage","@id":"https:\/\/veritasinfo.org\/?p=28624","url":"https:\/\/veritasinfo.org\/?p=28624","name":"\u200bIsh-kryetari i Zve\u00e7anit dhe zyrtar\u00ebt e larguar: Vendimet p\u00ebr nd\u00ebrprerjen e kontratave jan\u00eb t\u00eb kund\u00ebrligjshme -","isPartOf":{"@id":"https:\/\/veritasinfo.org\/#website"},"primaryImageOfPage":{"@id":"https:\/\/veritasinfo.org\/?p=28624#primaryimage"},"image":{"@id":"https:\/\/veritasinfo.org\/?p=28624#primaryimage"},"thumbnailUrl":"https:\/\/veritasinfo.org\/wp-content\/uploads\/2026\/01\/96121769004183.jpg","datePublished":"2026-01-21T15:12:57+00:00","author":{"@id":"https:\/\/veritasinfo.org\/#\/schema\/person\/fe199eede04c3937362892b7444747cc"},"breadcrumb":{"@id":"https:\/\/veritasinfo.org\/?p=28624#breadcrumb"},"inLanguage":"en-US","potentialAction":[{"@type":"ReadAction","target":["https:\/\/veritasinfo.org\/?p=28624"]}]},{"@type":"ImageObject","inLanguage":"en-US","@id":"https:\/\/veritasinfo.org\/?p=28624#primaryimage","url":"https:\/\/veritasinfo.org\/wp-content\/uploads\/2026\/01\/96121769004183.jpg","contentUrl":"https:\/\/veritasinfo.org\/wp-content\/uploads\/2026\/01\/96121769004183.jpg","width":600,"height":451},{"@type":"BreadcrumbList","@id":"https:\/\/veritasinfo.org\/?p=28624#breadcrumb","itemListElement":[{"@type":"ListItem","position":1,"name":"Home","item":"https:\/\/veritasinfo.org\/"},{"@type":"ListItem","position":2,"name":"\u200bIsh-kryetari i Zve\u00e7anit dhe zyrtar\u00ebt e larguar: Vendimet p\u00ebr nd\u00ebrprerjen e kontratave jan\u00eb t\u00eb kund\u00ebrligjshme"}]},{"@type":"WebSite","@id":"https:\/\/veritasinfo.org\/#website","url":"https:\/\/veritasinfo.org\/","name":"","description":"","potentialAction":[{"@type":"SearchAction","target":{"@type":"EntryPoint","urlTemplate":"https:\/\/veritasinfo.org\/?s={search_term_string}"},"query-input":{"@type":"PropertyValueSpecification","valueRequired":true,"valueName":"search_term_string"}}],"inLanguage":"en-US"},{"@type":"Person","@id":"https:\/\/veritasinfo.org\/#\/schema\/person\/fe199eede04c3937362892b7444747cc","name":"US6","image":{"@type":"ImageObject","inLanguage":"en-US","@id":"https:\/\/veritasinfo.org\/#\/schema\/person\/image\/","url":"https:\/\/secure.gravatar.com\/avatar\/cb16c3c31c9d23b9b8c705964598220b3014e42ff51eb540ff23cefa3ae8c15f?s=96&d=mm&r=g","contentUrl":"https:\/\/secure.gravatar.com\/avatar\/cb16c3c31c9d23b9b8c705964598220b3014e42ff51eb540ff23cefa3ae8c15f?s=96&d=mm&r=g","caption":"US6"},"url":"https:\/\/veritasinfo.org\/?author=7"}]}},"featured_image_urls":{"full":["https:\/\/veritasinfo.org\/wp-content\/uploads\/2026\/01\/96121769004183.jpg",600,451,false],"thumbnail":["https:\/\/veritasinfo.org\/wp-content\/uploads\/2026\/01\/96121769004183-150x150.jpg",150,150,true],"medium":["https:\/\/veritasinfo.org\/wp-content\/uploads\/2026\/01\/96121769004183-300x226.jpg",300,226,true],"medium_large":["https:\/\/veritasinfo.org\/wp-content\/uploads\/2026\/01\/96121769004183.jpg",600,451,false],"large":["https:\/\/veritasinfo.org\/wp-content\/uploads\/2026\/01\/96121769004183.jpg",600,451,false],"1536x1536":["https:\/\/veritasinfo.org\/wp-content\/uploads\/2026\/01\/96121769004183.jpg",600,451,false],"2048x2048":["https:\/\/veritasinfo.org\/wp-content\/uploads\/2026\/01\/96121769004183.jpg",600,451,false],"kreeti-slider-full":["https:\/\/veritasinfo.org\/wp-content\/uploads\/2026\/01\/96121769004183.jpg",600,451,false],"kreeti-featured":["https:\/\/veritasinfo.org\/wp-content\/uploads\/2026\/01\/96121769004183.jpg",600,451,false],"kreeti-medium":["https:\/\/veritasinfo.org\/wp-content\/uploads\/2026\/01\/96121769004183.jpg",600,451,false],"kreeti-medium-square":["https:\/\/veritasinfo.org\/wp-content\/uploads\/2026\/01\/96121769004183.jpg",350,263,false]},"author_info":{"info":["US6"]},"category_info":"<a href=\"https:\/\/veritasinfo.org\/?cat=52\" rel=\"category\">Komunat<\/a>","tag_info":"Komunat","comment_count":"0","_links":{"self":[{"href":"https:\/\/veritasinfo.org\/index.php?rest_route=\/wp\/v2\/posts\/28624","targetHints":{"allow":["GET"]}}],"collection":[{"href":"https:\/\/veritasinfo.org\/index.php?rest_route=\/wp\/v2\/posts"}],"about":[{"href":"https:\/\/veritasinfo.org\/index.php?rest_route=\/wp\/v2\/types\/post"}],"author":[{"embeddable":true,"href":"https:\/\/veritasinfo.org\/index.php?rest_route=\/wp\/v2\/users\/7"}],"replies":[{"embeddable":true,"href":"https:\/\/veritasinfo.org\/index.php?rest_route=%2Fwp%2Fv2%2Fcomments&post=28624"}],"version-history":[{"count":1,"href":"https:\/\/veritasinfo.org\/index.php?rest_route=\/wp\/v2\/posts\/28624\/revisions"}],"predecessor-version":[{"id":28626,"href":"https:\/\/veritasinfo.org\/index.php?rest_route=\/wp\/v2\/posts\/28624\/revisions\/28626"}],"wp:featuredmedia":[{"embeddable":true,"href":"https:\/\/veritasinfo.org\/index.php?rest_route=\/wp\/v2\/media\/28625"}],"wp:attachment":[{"href":"https:\/\/veritasinfo.org\/index.php?rest_route=%2Fwp%2Fv2%2Fmedia&parent=28624"}],"wp:term":[{"taxonomy":"category","embeddable":true,"href":"https:\/\/veritasinfo.org\/index.php?rest_route=%2Fwp%2Fv2%2Fcategories&post=28624"},{"taxonomy":"post_tag","embeddable":true,"href":"https:\/\/veritasinfo.org\/index.php?rest_route=%2Fwp%2Fv2%2Ftags&post=28624"}],"curies":[{"name":"wp","href":"https:\/\/api.w.org\/{rel}","templated":true}]}}