{"id":28618,"date":"2026-01-21T15:36:34","date_gmt":"2026-01-21T14:36:34","guid":{"rendered":"https:\/\/veritasinfo.org\/?p=28618"},"modified":"2026-01-21T15:36:34","modified_gmt":"2026-01-21T14:36:34","slug":"burrin-e-ki-ne-uck-deshmitarja-tregon-se-si-u-debuan-nga-shtepite-ne-izbice-dhe-maltretimet-qe-ua-bene-forcat-serbe","status":"publish","type":"post","link":"https:\/\/veritasinfo.org\/?p=28618","title":{"rendered":"Burrin e ki n\u00eb U\u00c7K\u201d, d\u00ebshmitarja tregon se si u d\u00ebbuan nga sht\u00ebpit\u00eb n\u00eb Izbic\u00eb dhe maltretimet q\u00eb ua b\u00ebn\u00eb forcat serbe"},"content":{"rendered":"<p>Prishtin\u00eb 21 janar 2026\u00a0<em>15:34<\/em><\/p>\n<p>N\u00eb Gjykat\u00ebn Themelore n\u00eb Prishtin\u00eb, n\u00eb rigjykimin ndaj Muhamet Alidemajt i akuzuar p\u00ebr krime lufte n\u00eb Izbic\u00eb m\u00eb 1999, \u00ebsht\u00eb d\u00ebgjuar d\u00ebshmitarja e Prokuroris\u00eb, Xhevrie Tha\u00e7i, e cila tregoi se si ishin d\u00ebbuar prej sht\u00ebpive t\u00eb tyre nga forcat serbe dhe duke e goditur me shqelma e pyesnin ku e ka burrin.<\/p>\n<p>Sipas aktakuz\u00ebs, Alidemaj kishte marr\u00eb pjes\u00eb bashk\u00eb me pjes\u00ebtar\u00eb t\u00eb forcave policore dhe ushtarake serbe n\u00eb vrasjen e civil\u00ebve shqiptar\u00eb n\u00eb masakr\u00ebn e Izbic\u00ebs q\u00eb kishte ndodhur n\u00eb mars 1999, e ku ishin vrar\u00eb e masakruar 130 shqiptar\u00eb, raporton \u201cBetimi p\u00ebr Drejt\u00ebsi\u201d.<\/p>\n<p>D\u00ebshmitarja Tha\u00e7i, d\u00ebshmin\u00eb e saj e nisi duke rr\u00ebfyer p\u00ebr p\u00ebrjetimet e m\u00ebngjesit t\u00eb 28 marsit 1999, ku tha se forcat serbe i kishin nxjerr\u00eb nga sht\u00ebpit\u00eb n\u00eb Izbic\u00eb dhe i kishin vendosur n\u00eb nj\u00eb ar\u00eb.<\/p>\n<p>\u201cN\u00eb m\u00ebngjes, ora sakt\u00eb a ka qen\u00eb 07:00 apo m\u00eb von\u00eb nuk e di, na kan\u00eb qit\u00eb n\u00eb nj\u00eb ar\u00eb, aty kan\u00eb ardh\u00eb forcat serbe, kemi qen\u00eb popullat\u00eb e madhe aty. Un\u00eb i kam pas dy f\u00ebmij\u00eb me vete- djali pes\u00eb vje\u00e7, nd\u00ebrsa vajza tre vje\u00e7e edhe kunata-motra e burrit\u201d, tha d\u00ebshmitarja.<\/p>\n<div class=\"mandeta-ad mandeta-ad-tag_inarticle2\">\n<div><\/div>\n<\/div>\n<p>Aty sipas d\u00ebshmitares, nj\u00eb grup nga forcat serbe ishin nisur n\u00eb drejtim t\u00eb tyre, ku nj\u00ebri nga ata e kishte pyetur se ku ndodhej burri i saj.<\/p>\n<p>\u201cAta kan\u00eb ardh\u00eb n\u00eb drejtim nga ne, nj\u00eb pjes\u00eb e tyre, edhe ata na kan\u00eb maltretu duke na goditur k\u00ebmb\u00ebve me shqelma dhe flisnin shqip, mua m\u00eb ka pyetur ku e ke burrin dhe un\u00eb nuk jam p\u00ebrgjigjiur sepse f\u00ebmij\u00ebt jan\u00eb frik\u00ebsu dhe m\u00eb von\u00eb ju thash se burrin e kam n\u00eb Zvic\u00ebr. Ata kuptonin gjuh\u00ebn shqipe dhe nj\u00ebri prej tyre me ka th\u00ebn\u00eb po rren, n\u00eb gjuh\u00ebn shqipe. Ai q\u00eb fliste shqip m\u00eb ka th\u00ebn\u00eb po rren se nuk e ki burrin n\u00eb Zvic\u00ebr, e ki n\u00eb U\u00c7K, i cili \u00ebsht\u00eb n\u00eb mal\u201d, tha d\u00ebshmitarja Tha\u00e7i.<\/p>\n<p>Nd\u00ebrsa, e pyetur se si dukeshin ai grup personash q\u00eb i maltretuan at\u00eb dit\u00eb, d\u00ebshmitarja Tha\u00e7i, para trupit gjykues e p\u00ebrshkroi dukjen e tyre, duke iu referuar atij personi q\u00eb fliste shqip n\u00eb mesin e tyre.<\/p>\n<p>\u201cPersoni q\u00eb fliste shqip ka qen\u00eb me uniform\u00eb, ka pas\u00eb disa ngjyra n\u00eb fytyr\u00eb dhe nj\u00eb shami t\u00eb kuqe n\u00eb kok\u00eb dhe nj\u00eb kapele t\u00eb thjesht\u00eb, jo t\u00eb policis\u00eb. Uniforma s\u2019ka qen\u00eb si e ushtris\u00eb, por ka qen\u00eb si k\u00ebta q\u00eb kan\u00eb ba masakra- paramilitar\u00eb. Ai ka qen\u00eb prij\u00ebs i grupit\u201d, tha Tha\u00e7i.<\/p>\n<p>Edhe m\u00eb tutje, n\u00eb deklarimin e saj, d\u00ebshmitarja foli p\u00ebr p\u00ebrjetimet gjat\u00eb luft\u00ebs n\u00eb Kosov\u00eb, nd\u00ebr t\u00eb cilat p\u00ebrmendi momentin kur ishte ndar\u00eb nga f\u00ebmij\u00ebt e saj t\u00eb vegj\u00ebl p\u00ebr tre muaj.<\/p>\n<p>\u201cPas kat\u00ebr dite kur kemi shku n\u00eb Gjakov\u00eb m\u2019i kan\u00eb nda f\u00ebmij\u00ebt, ne shkuam n\u00eb Shqip\u00ebri, f\u00ebmij\u00ebt m\u00eb mbet\u00ebn n\u00eb Kosov\u00eb, v\u00ebllaun n\u00eb burg dhe burrin n\u00eb mal, tre muaj dit\u00eb, un\u00eb nuk kam ditur asgj\u00eb p\u00ebr f\u00ebmij\u00ebt e mi\u201d, tha d\u00ebshmitarja.<\/p>\n","protected":false},"excerpt":{"rendered":"<p>Prishtin\u00eb 21 janar 2026\u00a015:34 N\u00eb Gjykat\u00ebn Themelore n\u00eb Prishtin\u00eb, n\u00eb rigjykimin ndaj Muhamet Alidemajt i akuzuar p\u00ebr krime lufte n\u00eb Izbic\u00eb m\u00eb 1999, \u00ebsht\u00eb d\u00ebgjuar<\/p>\n","protected":false},"author":6,"featured_media":28619,"comment_status":"open","ping_status":"open","sticky":false,"template":"","format":"standard","meta":{"footnotes":""},"categories":[60],"tags":[],"class_list":["post-28618","post","type-post","status-publish","format-standard","has-post-thumbnail","hentry","category-shoqerore-sq"],"yoast_head":"<!-- This site is optimized with the Yoast SEO plugin v25.3.1 - https:\/\/yoast.com\/wordpress\/plugins\/seo\/ -->\n<title>Burrin e ki n\u00eb U\u00c7K\u201d, d\u00ebshmitarja tregon se si u d\u00ebbuan nga sht\u00ebpit\u00eb n\u00eb Izbic\u00eb dhe maltretimet q\u00eb ua b\u00ebn\u00eb forcat serbe -<\/title>\n<meta name=\"robots\" content=\"index, follow, max-snippet:-1, max-image-preview:large, max-video-preview:-1\" \/>\n<link rel=\"canonical\" href=\"https:\/\/veritasinfo.org\/?p=28618\" \/>\n<meta property=\"og:locale\" content=\"en_US\" \/>\n<meta property=\"og:type\" content=\"article\" \/>\n<meta property=\"og:title\" content=\"Burrin e ki n\u00eb U\u00c7K\u201d, d\u00ebshmitarja tregon se si u d\u00ebbuan nga sht\u00ebpit\u00eb n\u00eb Izbic\u00eb dhe maltretimet q\u00eb ua b\u00ebn\u00eb forcat serbe -\" \/>\n<meta property=\"og:description\" content=\"Prishtin\u00eb 21 janar 2026\u00a015:34 N\u00eb Gjykat\u00ebn Themelore n\u00eb Prishtin\u00eb, n\u00eb rigjykimin ndaj Muhamet Alidemajt i akuzuar p\u00ebr krime lufte n\u00eb Izbic\u00eb m\u00eb 1999, \u00ebsht\u00eb d\u00ebgjuar\" \/>\n<meta property=\"og:url\" content=\"https:\/\/veritasinfo.org\/?p=28618\" \/>\n<meta property=\"article:published_time\" content=\"2026-01-21T14:36:34+00:00\" \/>\n<meta property=\"og:image\" content=\"https:\/\/veritasinfo.org\/wp-content\/uploads\/2026\/01\/IMG_0500.png\" \/>\n\t<meta property=\"og:image:width\" content=\"600\" \/>\n\t<meta property=\"og:image:height\" content=\"360\" \/>\n\t<meta property=\"og:image:type\" content=\"image\/png\" \/>\n<meta name=\"author\" content=\"US5\" \/>\n<meta name=\"twitter:card\" content=\"summary_large_image\" \/>\n<meta name=\"twitter:label1\" content=\"Written by\" \/>\n\t<meta name=\"twitter:data1\" content=\"US5\" \/>\n\t<meta name=\"twitter:label2\" content=\"Est. reading time\" \/>\n\t<meta name=\"twitter:data2\" content=\"3 minutes\" \/>\n<script type=\"application\/ld+json\" class=\"yoast-schema-graph\">{\"@context\":\"https:\/\/schema.org\",\"@graph\":[{\"@type\":\"WebPage\",\"@id\":\"https:\/\/veritasinfo.org\/?p=28618\",\"url\":\"https:\/\/veritasinfo.org\/?p=28618\",\"name\":\"Burrin e ki n\u00eb U\u00c7K\u201d, d\u00ebshmitarja tregon se si u d\u00ebbuan nga sht\u00ebpit\u00eb n\u00eb Izbic\u00eb dhe maltretimet q\u00eb ua b\u00ebn\u00eb forcat serbe -\",\"isPartOf\":{\"@id\":\"https:\/\/veritasinfo.org\/#website\"},\"primaryImageOfPage\":{\"@id\":\"https:\/\/veritasinfo.org\/?p=28618#primaryimage\"},\"image\":{\"@id\":\"https:\/\/veritasinfo.org\/?p=28618#primaryimage\"},\"thumbnailUrl\":\"https:\/\/veritasinfo.org\/wp-content\/uploads\/2026\/01\/IMG_0500.png\",\"datePublished\":\"2026-01-21T14:36:34+00:00\",\"author\":{\"@id\":\"https:\/\/veritasinfo.org\/#\/schema\/person\/bc442336e35414d04494ab8fb45db4c6\"},\"breadcrumb\":{\"@id\":\"https:\/\/veritasinfo.org\/?p=28618#breadcrumb\"},\"inLanguage\":\"en-US\",\"potentialAction\":[{\"@type\":\"ReadAction\",\"target\":[\"https:\/\/veritasinfo.org\/?p=28618\"]}]},{\"@type\":\"ImageObject\",\"inLanguage\":\"en-US\",\"@id\":\"https:\/\/veritasinfo.org\/?p=28618#primaryimage\",\"url\":\"https:\/\/veritasinfo.org\/wp-content\/uploads\/2026\/01\/IMG_0500.png\",\"contentUrl\":\"https:\/\/veritasinfo.org\/wp-content\/uploads\/2026\/01\/IMG_0500.png\",\"width\":600,\"height\":360},{\"@type\":\"BreadcrumbList\",\"@id\":\"https:\/\/veritasinfo.org\/?p=28618#breadcrumb\",\"itemListElement\":[{\"@type\":\"ListItem\",\"position\":1,\"name\":\"Home\",\"item\":\"https:\/\/veritasinfo.org\/\"},{\"@type\":\"ListItem\",\"position\":2,\"name\":\"Burrin e ki n\u00eb U\u00c7K\u201d, d\u00ebshmitarja tregon se si u d\u00ebbuan nga sht\u00ebpit\u00eb n\u00eb Izbic\u00eb dhe maltretimet q\u00eb ua b\u00ebn\u00eb forcat serbe\"}]},{\"@type\":\"WebSite\",\"@id\":\"https:\/\/veritasinfo.org\/#website\",\"url\":\"https:\/\/veritasinfo.org\/\",\"name\":\"\",\"description\":\"\",\"potentialAction\":[{\"@type\":\"SearchAction\",\"target\":{\"@type\":\"EntryPoint\",\"urlTemplate\":\"https:\/\/veritasinfo.org\/?s={search_term_string}\"},\"query-input\":{\"@type\":\"PropertyValueSpecification\",\"valueRequired\":true,\"valueName\":\"search_term_string\"}}],\"inLanguage\":\"en-US\"},{\"@type\":\"Person\",\"@id\":\"https:\/\/veritasinfo.org\/#\/schema\/person\/bc442336e35414d04494ab8fb45db4c6\",\"name\":\"US5\",\"image\":{\"@type\":\"ImageObject\",\"inLanguage\":\"en-US\",\"@id\":\"https:\/\/veritasinfo.org\/#\/schema\/person\/image\/\",\"url\":\"https:\/\/secure.gravatar.com\/avatar\/16a61e7272a0c5d001121ebb9e60e925d5816e4ac1e443ed3e640d9a6ae55d0c?s=96&d=mm&r=g\",\"contentUrl\":\"https:\/\/secure.gravatar.com\/avatar\/16a61e7272a0c5d001121ebb9e60e925d5816e4ac1e443ed3e640d9a6ae55d0c?s=96&d=mm&r=g\",\"caption\":\"US5\"},\"url\":\"https:\/\/veritasinfo.org\/?author=6\"}]}<\/script>\n<!-- \/ Yoast SEO plugin. -->","yoast_head_json":{"title":"Burrin e ki n\u00eb U\u00c7K\u201d, d\u00ebshmitarja tregon se si u d\u00ebbuan nga sht\u00ebpit\u00eb n\u00eb Izbic\u00eb dhe maltretimet q\u00eb ua b\u00ebn\u00eb forcat serbe -","robots":{"index":"index","follow":"follow","max-snippet":"max-snippet:-1","max-image-preview":"max-image-preview:large","max-video-preview":"max-video-preview:-1"},"canonical":"https:\/\/veritasinfo.org\/?p=28618","og_locale":"en_US","og_type":"article","og_title":"Burrin e ki n\u00eb U\u00c7K\u201d, d\u00ebshmitarja tregon se si u d\u00ebbuan nga sht\u00ebpit\u00eb n\u00eb Izbic\u00eb dhe maltretimet q\u00eb ua b\u00ebn\u00eb forcat serbe -","og_description":"Prishtin\u00eb 21 janar 2026\u00a015:34 N\u00eb Gjykat\u00ebn Themelore n\u00eb Prishtin\u00eb, n\u00eb rigjykimin ndaj Muhamet Alidemajt i akuzuar p\u00ebr krime lufte n\u00eb Izbic\u00eb m\u00eb 1999, \u00ebsht\u00eb d\u00ebgjuar","og_url":"https:\/\/veritasinfo.org\/?p=28618","article_published_time":"2026-01-21T14:36:34+00:00","og_image":[{"width":600,"height":360,"url":"https:\/\/veritasinfo.org\/wp-content\/uploads\/2026\/01\/IMG_0500.png","type":"image\/png"}],"author":"US5","twitter_card":"summary_large_image","twitter_misc":{"Written by":"US5","Est. reading time":"3 minutes"},"schema":{"@context":"https:\/\/schema.org","@graph":[{"@type":"WebPage","@id":"https:\/\/veritasinfo.org\/?p=28618","url":"https:\/\/veritasinfo.org\/?p=28618","name":"Burrin e ki n\u00eb U\u00c7K\u201d, d\u00ebshmitarja tregon se si u d\u00ebbuan nga sht\u00ebpit\u00eb n\u00eb Izbic\u00eb dhe maltretimet q\u00eb ua b\u00ebn\u00eb forcat serbe -","isPartOf":{"@id":"https:\/\/veritasinfo.org\/#website"},"primaryImageOfPage":{"@id":"https:\/\/veritasinfo.org\/?p=28618#primaryimage"},"image":{"@id":"https:\/\/veritasinfo.org\/?p=28618#primaryimage"},"thumbnailUrl":"https:\/\/veritasinfo.org\/wp-content\/uploads\/2026\/01\/IMG_0500.png","datePublished":"2026-01-21T14:36:34+00:00","author":{"@id":"https:\/\/veritasinfo.org\/#\/schema\/person\/bc442336e35414d04494ab8fb45db4c6"},"breadcrumb":{"@id":"https:\/\/veritasinfo.org\/?p=28618#breadcrumb"},"inLanguage":"en-US","potentialAction":[{"@type":"ReadAction","target":["https:\/\/veritasinfo.org\/?p=28618"]}]},{"@type":"ImageObject","inLanguage":"en-US","@id":"https:\/\/veritasinfo.org\/?p=28618#primaryimage","url":"https:\/\/veritasinfo.org\/wp-content\/uploads\/2026\/01\/IMG_0500.png","contentUrl":"https:\/\/veritasinfo.org\/wp-content\/uploads\/2026\/01\/IMG_0500.png","width":600,"height":360},{"@type":"BreadcrumbList","@id":"https:\/\/veritasinfo.org\/?p=28618#breadcrumb","itemListElement":[{"@type":"ListItem","position":1,"name":"Home","item":"https:\/\/veritasinfo.org\/"},{"@type":"ListItem","position":2,"name":"Burrin e ki n\u00eb U\u00c7K\u201d, d\u00ebshmitarja tregon se si u d\u00ebbuan nga sht\u00ebpit\u00eb n\u00eb Izbic\u00eb dhe maltretimet q\u00eb ua b\u00ebn\u00eb forcat serbe"}]},{"@type":"WebSite","@id":"https:\/\/veritasinfo.org\/#website","url":"https:\/\/veritasinfo.org\/","name":"","description":"","potentialAction":[{"@type":"SearchAction","target":{"@type":"EntryPoint","urlTemplate":"https:\/\/veritasinfo.org\/?s={search_term_string}"},"query-input":{"@type":"PropertyValueSpecification","valueRequired":true,"valueName":"search_term_string"}}],"inLanguage":"en-US"},{"@type":"Person","@id":"https:\/\/veritasinfo.org\/#\/schema\/person\/bc442336e35414d04494ab8fb45db4c6","name":"US5","image":{"@type":"ImageObject","inLanguage":"en-US","@id":"https:\/\/veritasinfo.org\/#\/schema\/person\/image\/","url":"https:\/\/secure.gravatar.com\/avatar\/16a61e7272a0c5d001121ebb9e60e925d5816e4ac1e443ed3e640d9a6ae55d0c?s=96&d=mm&r=g","contentUrl":"https:\/\/secure.gravatar.com\/avatar\/16a61e7272a0c5d001121ebb9e60e925d5816e4ac1e443ed3e640d9a6ae55d0c?s=96&d=mm&r=g","caption":"US5"},"url":"https:\/\/veritasinfo.org\/?author=6"}]}},"featured_image_urls":{"full":["https:\/\/veritasinfo.org\/wp-content\/uploads\/2026\/01\/IMG_0500.png",600,360,false],"thumbnail":["https:\/\/veritasinfo.org\/wp-content\/uploads\/2026\/01\/IMG_0500-150x150.png",150,150,true],"medium":["https:\/\/veritasinfo.org\/wp-content\/uploads\/2026\/01\/IMG_0500-300x180.png",300,180,true],"medium_large":["https:\/\/veritasinfo.org\/wp-content\/uploads\/2026\/01\/IMG_0500.png",600,360,false],"large":["https:\/\/veritasinfo.org\/wp-content\/uploads\/2026\/01\/IMG_0500.png",600,360,false],"1536x1536":["https:\/\/veritasinfo.org\/wp-content\/uploads\/2026\/01\/IMG_0500.png",600,360,false],"2048x2048":["https:\/\/veritasinfo.org\/wp-content\/uploads\/2026\/01\/IMG_0500.png",600,360,false],"kreeti-slider-full":["https:\/\/veritasinfo.org\/wp-content\/uploads\/2026\/01\/IMG_0500.png",600,360,false],"kreeti-featured":["https:\/\/veritasinfo.org\/wp-content\/uploads\/2026\/01\/IMG_0500.png",600,360,false],"kreeti-medium":["https:\/\/veritasinfo.org\/wp-content\/uploads\/2026\/01\/IMG_0500.png",600,360,false],"kreeti-medium-square":["https:\/\/veritasinfo.org\/wp-content\/uploads\/2026\/01\/IMG_0500.png",350,210,false]},"author_info":{"info":["US5"]},"category_info":"<a href=\"https:\/\/veritasinfo.org\/?cat=60\" rel=\"category\">Shoq\u00ebrore<\/a>","tag_info":"Shoq\u00ebrore","comment_count":"0","_links":{"self":[{"href":"https:\/\/veritasinfo.org\/index.php?rest_route=\/wp\/v2\/posts\/28618","targetHints":{"allow":["GET"]}}],"collection":[{"href":"https:\/\/veritasinfo.org\/index.php?rest_route=\/wp\/v2\/posts"}],"about":[{"href":"https:\/\/veritasinfo.org\/index.php?rest_route=\/wp\/v2\/types\/post"}],"author":[{"embeddable":true,"href":"https:\/\/veritasinfo.org\/index.php?rest_route=\/wp\/v2\/users\/6"}],"replies":[{"embeddable":true,"href":"https:\/\/veritasinfo.org\/index.php?rest_route=%2Fwp%2Fv2%2Fcomments&post=28618"}],"version-history":[{"count":1,"href":"https:\/\/veritasinfo.org\/index.php?rest_route=\/wp\/v2\/posts\/28618\/revisions"}],"predecessor-version":[{"id":28620,"href":"https:\/\/veritasinfo.org\/index.php?rest_route=\/wp\/v2\/posts\/28618\/revisions\/28620"}],"wp:featuredmedia":[{"embeddable":true,"href":"https:\/\/veritasinfo.org\/index.php?rest_route=\/wp\/v2\/media\/28619"}],"wp:attachment":[{"href":"https:\/\/veritasinfo.org\/index.php?rest_route=%2Fwp%2Fv2%2Fmedia&parent=28618"}],"wp:term":[{"taxonomy":"category","embeddable":true,"href":"https:\/\/veritasinfo.org\/index.php?rest_route=%2Fwp%2Fv2%2Fcategories&post=28618"},{"taxonomy":"post_tag","embeddable":true,"href":"https:\/\/veritasinfo.org\/index.php?rest_route=%2Fwp%2Fv2%2Ftags&post=28618"}],"curies":[{"name":"wp","href":"https:\/\/api.w.org\/{rel}","templated":true}]}}