{"id":28603,"date":"2026-01-21T14:24:01","date_gmt":"2026-01-21T13:24:01","guid":{"rendered":"https:\/\/veritasinfo.org\/?p=28603"},"modified":"2026-01-21T14:24:01","modified_gmt":"2026-01-21T13:24:01","slug":"osmani-per-ftesen-e-trump-ne-bordin-e-paqes-thote-se-nuk-perfshine-detyrime-financiare","status":"publish","type":"post","link":"https:\/\/veritasinfo.org\/?p=28603","title":{"rendered":"Osmani p\u00ebr ftes\u00ebn e Trump n\u00eb Bordin e Paqes thot\u00eb se nuk p\u00ebrfshin\u00eb detyrime financiare"},"content":{"rendered":"<p>Prishtin\u00eb 21 janar 2026 14:21<\/p>\n<p>Presidentja e Kosov\u00ebs, Vjosa Osmani, ka konfirmuar se ka pranuar ftes\u00eb personale nga presidenti i Shteteve t\u00eb Bashkuara t\u00eb Amerik\u00ebs, Donald Trump, p\u00ebr t\u00eb marr\u00eb pjes\u00eb n\u00eb Bordin e Paqes, nj\u00eb organizat\u00eb e re nd\u00ebrkomb\u00ebtare e themeluar nga SHBA, ku Kosova \u00ebsht\u00eb p\u00ebrzgjedhur si nj\u00eb nga an\u00ebtaret themeluese,  por thekson edhe pjes\u00ebmarrja e Kosov\u00ebs n\u00eb k\u00ebt\u00eb organizat\u00eb nuk p\u00ebrfshin detyrime financiare t\u00eb detyrueshme, raporton Ekonomia Online.<\/p>\n<p>N\u00eb nj\u00eb deklarim p\u00ebr media, Osmani e ka cil\u00ebsuar k\u00ebt\u00eb ftes\u00eb si nj\u00eb zhvillim me r\u00ebnd\u00ebsi historike p\u00ebr Kosov\u00ebn, duke theksuar se b\u00ebhet fjal\u00eb p\u00ebr an\u00ebtar\u00ebsim n\u00eb nj\u00eb organizat\u00eb nd\u00ebrkomb\u00ebtare t\u00eb themeluar nga SHBA dhe ku Kosova \u00ebsht\u00eb p\u00ebrfshir\u00eb q\u00eb n\u00eb faz\u00ebn themeluese.<\/p>\n<p>\u201cKy \u00ebsht\u00eb nj\u00eb zhvillim i nj\u00eb r\u00ebnd\u00ebsie historike p\u00ebr Kosov\u00ebn. N\u00eb radh\u00eb t\u00eb par\u00eb p\u00ebr shkak se kjo \u00ebsht\u00eb nj\u00eb organizat\u00eb nd\u00ebrkomb\u00ebtare, \u00ebsht\u00eb an\u00ebtar\u00ebsim i Kosov\u00ebs n\u00eb nj\u00eb organizat\u00eb nd\u00ebrkomb\u00ebtare dhe at\u00eb si nj\u00eb nd\u00ebr an\u00ebtar\u00ebt themelues t\u00eb k\u00ebsaj organizate. N\u00eb radh\u00eb t\u00eb dyt\u00eb se kjo organizat\u00eb themelohet nga SHBA. Dhe n\u00eb radh\u00eb t\u00eb tret\u00eb p\u00ebr shkak se SHBA kan\u00eb p\u00ebrzgjedhur pik\u00ebrisht Kosov\u00ebn n\u00eb mesin e disa shteteve q\u00eb jan\u00eb an\u00ebtare themeluese, duke pasur parasysh p\u00ebrvoj\u00ebn e Kosov\u00ebs n\u00eb shtetnd\u00ebrtim, n\u00eb nd\u00ebrtim t\u00eb paqes, aleancave, p\u00ebrvoj\u00eb kjo q\u00eb do t\u00eb mund t\u00eb ndihmoj\u00eb n\u00eb nd\u00ebrtimin e paqes edhe n\u00eb vendet e tjera t\u00eb bot\u00ebs\u201d, tha ajo n\u00eb nj\u00eb deklarim p\u00ebr media.<\/p>\n<p>Osmani ka vler\u00ebsuar se kjo iniciativ\u00eb e re nd\u00ebrkomb\u00ebtare ka potencial t\u00eb jet\u00eb nj\u00eb nga m\u00eb t\u00eb suksesshmet n\u00eb historin\u00eb moderne, duke e lidhur drejtp\u00ebrdrejt me lidershipin e presidentit amerikan.<\/p>\n<p>\u201cDua ta p\u00ebrmend faktin se kam besim t\u00eb plot\u00eb q\u00eb kjo organizat\u00eb nd\u00ebrkomb\u00ebtare do t\u00eb jet\u00eb nj\u00eb nd\u00ebr organizatat m\u00eb t\u00eb suksesshme n\u00eb historin\u00eb moderne t\u00eb bot\u00ebs. N\u00eb radh\u00eb t\u00eb par\u00eb p\u00ebr shkak t\u00eb lidershipit t\u00eb guximsh\u00ebm dhe vizionit t\u00eb presidentit Trump dhe SHBA. Dhe n\u00eb radh\u00eb t\u00eb dyt\u00eb p\u00ebr shkak se bazohet n\u00eb vlerat m\u00eb fundamentale t\u00eb njer\u00ebzimit, pra n\u00eb r\u00ebnd\u00ebsin\u00eb e paqes p\u00ebr t\u00eb arritur gjith\u00e7ka tjet\u00ebr, sepse pa paqe gjith\u00e7ka tjet\u00ebr \u00ebsht\u00eb e pamundur p\u00ebr shtete, kombe dhe popuj. Prandaj me krenari t\u00eb madhe kam pranuar k\u00ebt\u00eb ftes\u00eb personale t\u00eb presidentit Trump\u201d, tha ajo.<\/p>\n<p>Presidentja Osmani sqaroi po ashtu se pjes\u00ebmarrja e Kosov\u00ebs n\u00eb k\u00ebt\u00eb organizat\u00eb nuk p\u00ebrfshin detyrime financiare t\u00eb detyrueshme.<\/p>\n<p>Sipas Osmanit, p\u00ebrfshirja e Kosov\u00ebs n\u00eb Bordin e Paqes paraqet jo vet\u00ebm nj\u00eb njohje t\u00eb p\u00ebrvoj\u00ebs s\u00eb saj n\u00eb shtetnd\u00ebrtim dhe paqe, por edhe nj\u00eb mund\u00ebsi p\u00ebr t\u00eb kontribuar n\u00eb promovimin e stabilitetit dhe paqes n\u00eb nivel global.<\/p>\n<p>\u201cNj\u00eb gj\u00eb e till\u00eb nuk \u00ebsht\u00eb p\u00ebrmendur n\u00eb dokumentacionin q\u00eb na \u00ebsht\u00eb d\u00ebrguar. Ju e keni par\u00eb edhe vet\u00eb ftes\u00ebn, por edhe n\u00eb dokumentacionin p\u00ebrcjell\u00ebs nuk p\u00ebrmendet \u00e7\u00ebshtja e ndonj\u00eb pagese. I lihet shteteve q\u00eb k\u00ebt\u00eb gj\u00eb ta b\u00ebjn\u00eb n\u00eb m\u00ebnyr\u00eb vullnetare. P\u00ebr t\u00eb gjitha \u00e7\u00ebshtjet jemi n\u00eb koordinim me SHBA. Kontributi i Kosov\u00ebs do t\u00eb jet\u00eb dometh\u00ebn\u00ebs p\u00ebr shkak t\u00eb p\u00ebrvoj\u00ebs son\u00eb n\u00eb nd\u00ebrtimin e paqes\u201d, tha ajo.<\/p>\n","protected":false},"excerpt":{"rendered":"<p>Prishtin\u00eb 21 janar 2026 14:21 Presidentja e Kosov\u00ebs, Vjosa Osmani, ka konfirmuar se ka pranuar ftes\u00eb personale nga presidenti i Shteteve t\u00eb Bashkuara t\u00eb Amerik\u00ebs,<\/p>\n","protected":false},"author":6,"featured_media":28604,"comment_status":"open","ping_status":"open","sticky":false,"template":"","format":"standard","meta":{"footnotes":""},"categories":[60],"tags":[],"class_list":["post-28603","post","type-post","status-publish","format-standard","has-post-thumbnail","hentry","category-shoqerore-sq"],"yoast_head":"<!-- This site is optimized with the Yoast SEO plugin v25.3.1 - https:\/\/yoast.com\/wordpress\/plugins\/seo\/ -->\n<title>Osmani p\u00ebr ftes\u00ebn e Trump n\u00eb Bordin e Paqes thot\u00eb se nuk p\u00ebrfshin\u00eb detyrime financiare -<\/title>\n<meta name=\"robots\" content=\"index, follow, max-snippet:-1, max-image-preview:large, max-video-preview:-1\" \/>\n<link rel=\"canonical\" href=\"https:\/\/veritasinfo.org\/?p=28603\" \/>\n<meta property=\"og:locale\" content=\"en_US\" \/>\n<meta property=\"og:type\" content=\"article\" \/>\n<meta property=\"og:title\" content=\"Osmani p\u00ebr ftes\u00ebn e Trump n\u00eb Bordin e Paqes thot\u00eb se nuk p\u00ebrfshin\u00eb detyrime financiare -\" \/>\n<meta property=\"og:description\" content=\"Prishtin\u00eb 21 janar 2026 14:21 Presidentja e Kosov\u00ebs, Vjosa Osmani, ka konfirmuar se ka pranuar ftes\u00eb personale nga presidenti i Shteteve t\u00eb Bashkuara t\u00eb Amerik\u00ebs,\" \/>\n<meta property=\"og:url\" content=\"https:\/\/veritasinfo.org\/?p=28603\" \/>\n<meta property=\"article:published_time\" content=\"2026-01-21T13:24:01+00:00\" \/>\n<meta property=\"og:image\" content=\"https:\/\/veritasinfo.org\/wp-content\/uploads\/2026\/01\/2023-09-28T130203Z_834283718_RC2MH3A77AA4_RTRMADP_3_KOSOVO-SERBIA-SHOOTING-OSMANI-1695911347.jpg\" \/>\n\t<meta property=\"og:image:width\" content=\"1800\" \/>\n\t<meta property=\"og:image:height\" content=\"1800\" \/>\n\t<meta property=\"og:image:type\" content=\"image\/jpeg\" \/>\n<meta name=\"author\" content=\"US5\" \/>\n<meta name=\"twitter:card\" content=\"summary_large_image\" \/>\n<meta name=\"twitter:label1\" content=\"Written by\" \/>\n\t<meta name=\"twitter:data1\" content=\"US5\" \/>\n<script type=\"application\/ld+json\" class=\"yoast-schema-graph\">{\"@context\":\"https:\/\/schema.org\",\"@graph\":[{\"@type\":\"WebPage\",\"@id\":\"https:\/\/veritasinfo.org\/?p=28603\",\"url\":\"https:\/\/veritasinfo.org\/?p=28603\",\"name\":\"Osmani p\u00ebr ftes\u00ebn e Trump n\u00eb Bordin e Paqes thot\u00eb se nuk p\u00ebrfshin\u00eb detyrime financiare -\",\"isPartOf\":{\"@id\":\"https:\/\/veritasinfo.org\/#website\"},\"primaryImageOfPage\":{\"@id\":\"https:\/\/veritasinfo.org\/?p=28603#primaryimage\"},\"image\":{\"@id\":\"https:\/\/veritasinfo.org\/?p=28603#primaryimage\"},\"thumbnailUrl\":\"https:\/\/veritasinfo.org\/wp-content\/uploads\/2026\/01\/2023-09-28T130203Z_834283718_RC2MH3A77AA4_RTRMADP_3_KOSOVO-SERBIA-SHOOTING-OSMANI-1695911347.jpg\",\"datePublished\":\"2026-01-21T13:24:01+00:00\",\"author\":{\"@id\":\"https:\/\/veritasinfo.org\/#\/schema\/person\/bc442336e35414d04494ab8fb45db4c6\"},\"breadcrumb\":{\"@id\":\"https:\/\/veritasinfo.org\/?p=28603#breadcrumb\"},\"inLanguage\":\"en-US\",\"potentialAction\":[{\"@type\":\"ReadAction\",\"target\":[\"https:\/\/veritasinfo.org\/?p=28603\"]}]},{\"@type\":\"ImageObject\",\"inLanguage\":\"en-US\",\"@id\":\"https:\/\/veritasinfo.org\/?p=28603#primaryimage\",\"url\":\"https:\/\/veritasinfo.org\/wp-content\/uploads\/2026\/01\/2023-09-28T130203Z_834283718_RC2MH3A77AA4_RTRMADP_3_KOSOVO-SERBIA-SHOOTING-OSMANI-1695911347.jpg\",\"contentUrl\":\"https:\/\/veritasinfo.org\/wp-content\/uploads\/2026\/01\/2023-09-28T130203Z_834283718_RC2MH3A77AA4_RTRMADP_3_KOSOVO-SERBIA-SHOOTING-OSMANI-1695911347.jpg\",\"width\":1800,\"height\":1800},{\"@type\":\"BreadcrumbList\",\"@id\":\"https:\/\/veritasinfo.org\/?p=28603#breadcrumb\",\"itemListElement\":[{\"@type\":\"ListItem\",\"position\":1,\"name\":\"Home\",\"item\":\"https:\/\/veritasinfo.org\/\"},{\"@type\":\"ListItem\",\"position\":2,\"name\":\"Osmani p\u00ebr ftes\u00ebn e Trump n\u00eb Bordin e Paqes thot\u00eb se nuk p\u00ebrfshin\u00eb detyrime financiare\"}]},{\"@type\":\"WebSite\",\"@id\":\"https:\/\/veritasinfo.org\/#website\",\"url\":\"https:\/\/veritasinfo.org\/\",\"name\":\"\",\"description\":\"\",\"potentialAction\":[{\"@type\":\"SearchAction\",\"target\":{\"@type\":\"EntryPoint\",\"urlTemplate\":\"https:\/\/veritasinfo.org\/?s={search_term_string}\"},\"query-input\":{\"@type\":\"PropertyValueSpecification\",\"valueRequired\":true,\"valueName\":\"search_term_string\"}}],\"inLanguage\":\"en-US\"},{\"@type\":\"Person\",\"@id\":\"https:\/\/veritasinfo.org\/#\/schema\/person\/bc442336e35414d04494ab8fb45db4c6\",\"name\":\"US5\",\"image\":{\"@type\":\"ImageObject\",\"inLanguage\":\"en-US\",\"@id\":\"https:\/\/veritasinfo.org\/#\/schema\/person\/image\/\",\"url\":\"https:\/\/secure.gravatar.com\/avatar\/16a61e7272a0c5d001121ebb9e60e925d5816e4ac1e443ed3e640d9a6ae55d0c?s=96&d=mm&r=g\",\"contentUrl\":\"https:\/\/secure.gravatar.com\/avatar\/16a61e7272a0c5d001121ebb9e60e925d5816e4ac1e443ed3e640d9a6ae55d0c?s=96&d=mm&r=g\",\"caption\":\"US5\"},\"url\":\"https:\/\/veritasinfo.org\/?author=6\"}]}<\/script>\n<!-- \/ Yoast SEO plugin. -->","yoast_head_json":{"title":"Osmani p\u00ebr ftes\u00ebn e Trump n\u00eb Bordin e Paqes thot\u00eb se nuk p\u00ebrfshin\u00eb detyrime financiare -","robots":{"index":"index","follow":"follow","max-snippet":"max-snippet:-1","max-image-preview":"max-image-preview:large","max-video-preview":"max-video-preview:-1"},"canonical":"https:\/\/veritasinfo.org\/?p=28603","og_locale":"en_US","og_type":"article","og_title":"Osmani p\u00ebr ftes\u00ebn e Trump n\u00eb Bordin e Paqes thot\u00eb se nuk p\u00ebrfshin\u00eb detyrime financiare -","og_description":"Prishtin\u00eb 21 janar 2026 14:21 Presidentja e Kosov\u00ebs, Vjosa Osmani, ka konfirmuar se ka pranuar ftes\u00eb personale nga presidenti i Shteteve t\u00eb Bashkuara t\u00eb Amerik\u00ebs,","og_url":"https:\/\/veritasinfo.org\/?p=28603","article_published_time":"2026-01-21T13:24:01+00:00","og_image":[{"width":1800,"height":1800,"url":"https:\/\/veritasinfo.org\/wp-content\/uploads\/2026\/01\/2023-09-28T130203Z_834283718_RC2MH3A77AA4_RTRMADP_3_KOSOVO-SERBIA-SHOOTING-OSMANI-1695911347.jpg","type":"image\/jpeg"}],"author":"US5","twitter_card":"summary_large_image","twitter_misc":{"Written by":"US5"},"schema":{"@context":"https:\/\/schema.org","@graph":[{"@type":"WebPage","@id":"https:\/\/veritasinfo.org\/?p=28603","url":"https:\/\/veritasinfo.org\/?p=28603","name":"Osmani p\u00ebr ftes\u00ebn e Trump n\u00eb Bordin e Paqes thot\u00eb se nuk p\u00ebrfshin\u00eb detyrime financiare -","isPartOf":{"@id":"https:\/\/veritasinfo.org\/#website"},"primaryImageOfPage":{"@id":"https:\/\/veritasinfo.org\/?p=28603#primaryimage"},"image":{"@id":"https:\/\/veritasinfo.org\/?p=28603#primaryimage"},"thumbnailUrl":"https:\/\/veritasinfo.org\/wp-content\/uploads\/2026\/01\/2023-09-28T130203Z_834283718_RC2MH3A77AA4_RTRMADP_3_KOSOVO-SERBIA-SHOOTING-OSMANI-1695911347.jpg","datePublished":"2026-01-21T13:24:01+00:00","author":{"@id":"https:\/\/veritasinfo.org\/#\/schema\/person\/bc442336e35414d04494ab8fb45db4c6"},"breadcrumb":{"@id":"https:\/\/veritasinfo.org\/?p=28603#breadcrumb"},"inLanguage":"en-US","potentialAction":[{"@type":"ReadAction","target":["https:\/\/veritasinfo.org\/?p=28603"]}]},{"@type":"ImageObject","inLanguage":"en-US","@id":"https:\/\/veritasinfo.org\/?p=28603#primaryimage","url":"https:\/\/veritasinfo.org\/wp-content\/uploads\/2026\/01\/2023-09-28T130203Z_834283718_RC2MH3A77AA4_RTRMADP_3_KOSOVO-SERBIA-SHOOTING-OSMANI-1695911347.jpg","contentUrl":"https:\/\/veritasinfo.org\/wp-content\/uploads\/2026\/01\/2023-09-28T130203Z_834283718_RC2MH3A77AA4_RTRMADP_3_KOSOVO-SERBIA-SHOOTING-OSMANI-1695911347.jpg","width":1800,"height":1800},{"@type":"BreadcrumbList","@id":"https:\/\/veritasinfo.org\/?p=28603#breadcrumb","itemListElement":[{"@type":"ListItem","position":1,"name":"Home","item":"https:\/\/veritasinfo.org\/"},{"@type":"ListItem","position":2,"name":"Osmani p\u00ebr ftes\u00ebn e Trump n\u00eb Bordin e Paqes thot\u00eb se nuk p\u00ebrfshin\u00eb detyrime financiare"}]},{"@type":"WebSite","@id":"https:\/\/veritasinfo.org\/#website","url":"https:\/\/veritasinfo.org\/","name":"","description":"","potentialAction":[{"@type":"SearchAction","target":{"@type":"EntryPoint","urlTemplate":"https:\/\/veritasinfo.org\/?s={search_term_string}"},"query-input":{"@type":"PropertyValueSpecification","valueRequired":true,"valueName":"search_term_string"}}],"inLanguage":"en-US"},{"@type":"Person","@id":"https:\/\/veritasinfo.org\/#\/schema\/person\/bc442336e35414d04494ab8fb45db4c6","name":"US5","image":{"@type":"ImageObject","inLanguage":"en-US","@id":"https:\/\/veritasinfo.org\/#\/schema\/person\/image\/","url":"https:\/\/secure.gravatar.com\/avatar\/16a61e7272a0c5d001121ebb9e60e925d5816e4ac1e443ed3e640d9a6ae55d0c?s=96&d=mm&r=g","contentUrl":"https:\/\/secure.gravatar.com\/avatar\/16a61e7272a0c5d001121ebb9e60e925d5816e4ac1e443ed3e640d9a6ae55d0c?s=96&d=mm&r=g","caption":"US5"},"url":"https:\/\/veritasinfo.org\/?author=6"}]}},"featured_image_urls":{"full":["https:\/\/veritasinfo.org\/wp-content\/uploads\/2026\/01\/2023-09-28T130203Z_834283718_RC2MH3A77AA4_RTRMADP_3_KOSOVO-SERBIA-SHOOTING-OSMANI-1695911347.jpg",1800,1800,false],"thumbnail":["https:\/\/veritasinfo.org\/wp-content\/uploads\/2026\/01\/2023-09-28T130203Z_834283718_RC2MH3A77AA4_RTRMADP_3_KOSOVO-SERBIA-SHOOTING-OSMANI-1695911347-150x150.jpg",150,150,true],"medium":["https:\/\/veritasinfo.org\/wp-content\/uploads\/2026\/01\/2023-09-28T130203Z_834283718_RC2MH3A77AA4_RTRMADP_3_KOSOVO-SERBIA-SHOOTING-OSMANI-1695911347-300x300.jpg",300,300,true],"medium_large":["https:\/\/veritasinfo.org\/wp-content\/uploads\/2026\/01\/2023-09-28T130203Z_834283718_RC2MH3A77AA4_RTRMADP_3_KOSOVO-SERBIA-SHOOTING-OSMANI-1695911347-768x768.jpg",640,640,true],"large":["https:\/\/veritasinfo.org\/wp-content\/uploads\/2026\/01\/2023-09-28T130203Z_834283718_RC2MH3A77AA4_RTRMADP_3_KOSOVO-SERBIA-SHOOTING-OSMANI-1695911347-1024x1024.jpg",640,640,true],"1536x1536":["https:\/\/veritasinfo.org\/wp-content\/uploads\/2026\/01\/2023-09-28T130203Z_834283718_RC2MH3A77AA4_RTRMADP_3_KOSOVO-SERBIA-SHOOTING-OSMANI-1695911347-1536x1536.jpg",1536,1536,true],"2048x2048":["https:\/\/veritasinfo.org\/wp-content\/uploads\/2026\/01\/2023-09-28T130203Z_834283718_RC2MH3A77AA4_RTRMADP_3_KOSOVO-SERBIA-SHOOTING-OSMANI-1695911347.jpg",1800,1800,false],"kreeti-slider-full":["https:\/\/veritasinfo.org\/wp-content\/uploads\/2026\/01\/2023-09-28T130203Z_834283718_RC2MH3A77AA4_RTRMADP_3_KOSOVO-SERBIA-SHOOTING-OSMANI-1695911347.jpg",720,720,false],"kreeti-featured":["https:\/\/veritasinfo.org\/wp-content\/uploads\/2026\/01\/2023-09-28T130203Z_834283718_RC2MH3A77AA4_RTRMADP_3_KOSOVO-SERBIA-SHOOTING-OSMANI-1695911347.jpg",1024,1024,false],"kreeti-medium":["https:\/\/veritasinfo.org\/wp-content\/uploads\/2026\/01\/2023-09-28T130203Z_834283718_RC2MH3A77AA4_RTRMADP_3_KOSOVO-SERBIA-SHOOTING-OSMANI-1695911347.jpg",530,530,false],"kreeti-medium-square":["https:\/\/veritasinfo.org\/wp-content\/uploads\/2026\/01\/2023-09-28T130203Z_834283718_RC2MH3A77AA4_RTRMADP_3_KOSOVO-SERBIA-SHOOTING-OSMANI-1695911347.jpg",350,350,false]},"author_info":{"info":["US5"]},"category_info":"<a href=\"https:\/\/veritasinfo.org\/?cat=60\" rel=\"category\">Shoq\u00ebrore<\/a>","tag_info":"Shoq\u00ebrore","comment_count":"0","_links":{"self":[{"href":"https:\/\/veritasinfo.org\/index.php?rest_route=\/wp\/v2\/posts\/28603","targetHints":{"allow":["GET"]}}],"collection":[{"href":"https:\/\/veritasinfo.org\/index.php?rest_route=\/wp\/v2\/posts"}],"about":[{"href":"https:\/\/veritasinfo.org\/index.php?rest_route=\/wp\/v2\/types\/post"}],"author":[{"embeddable":true,"href":"https:\/\/veritasinfo.org\/index.php?rest_route=\/wp\/v2\/users\/6"}],"replies":[{"embeddable":true,"href":"https:\/\/veritasinfo.org\/index.php?rest_route=%2Fwp%2Fv2%2Fcomments&post=28603"}],"version-history":[{"count":1,"href":"https:\/\/veritasinfo.org\/index.php?rest_route=\/wp\/v2\/posts\/28603\/revisions"}],"predecessor-version":[{"id":28605,"href":"https:\/\/veritasinfo.org\/index.php?rest_route=\/wp\/v2\/posts\/28603\/revisions\/28605"}],"wp:featuredmedia":[{"embeddable":true,"href":"https:\/\/veritasinfo.org\/index.php?rest_route=\/wp\/v2\/media\/28604"}],"wp:attachment":[{"href":"https:\/\/veritasinfo.org\/index.php?rest_route=%2Fwp%2Fv2%2Fmedia&parent=28603"}],"wp:term":[{"taxonomy":"category","embeddable":true,"href":"https:\/\/veritasinfo.org\/index.php?rest_route=%2Fwp%2Fv2%2Fcategories&post=28603"},{"taxonomy":"post_tag","embeddable":true,"href":"https:\/\/veritasinfo.org\/index.php?rest_route=%2Fwp%2Fv2%2Ftags&post=28603"}],"curies":[{"name":"wp","href":"https:\/\/api.w.org\/{rel}","templated":true}]}}