{"id":28581,"date":"2026-01-21T11:06:18","date_gmt":"2026-01-21T10:06:18","guid":{"rendered":"https:\/\/veritasinfo.org\/?p=28581"},"modified":"2026-01-21T11:06:18","modified_gmt":"2026-01-21T10:06:18","slug":"osmani-nga-varri-i-rugoves-beri-bashke-gjithe-popullin-per-kauzen-e-tij-per-liri-pavaresi-dhe-demokraci","status":"publish","type":"post","link":"https:\/\/veritasinfo.org\/?p=28581","title":{"rendered":"Osmani nga varri i Rugov\u00ebs: B\u00ebri bashk\u00eb gjith\u00eb popullin p\u00ebr kauz\u00ebn e tij p\u00ebr liri, pavar\u00ebsi dhe demokraci"},"content":{"rendered":"<p>Prishtin\u00eb 21 janar 2026 11:05<\/p>\n<p>Presidentja e Kosov\u00ebs, Vjosa Osmani bashk\u00eb me familjen e ish-Presidentit t\u00eb Kosov\u00ebs Ibrahim Rugova kan\u00eb b\u00ebr\u00eb homazhe tek varri i tij n\u00eb Velani p\u00ebr 20-vjetorin e vdekjes s\u00eb tij, nga ku tha se ai e b\u00ebri bashk\u00eb gjith\u00eb popullin e Kosov\u00ebs rreth kauz\u00ebs p\u00ebr liri, pavar\u00ebsi dhe demokraci, kauz\u00eb kjo q\u00eb akoma \u00ebsht\u00eb gjall\u00eb.<\/p>\n<p>\u201cSot \u00ebsht\u00eb 20 vjetori i shkuarjes n\u00eb amshim t\u00eb atit themeltar t\u00eb republik\u00ebs s\u00eb Kosov\u00ebs arkitektit t\u00eb pavar\u00ebsis\u00eb, njeriut q\u00eb i dha gjith\u00e7ka Republik\u00ebs son\u00eb dhe nd\u00ebrtoi vizionin p\u00ebr t\u00eb ecur p\u00ebrpara edhe brezat q\u00eb do t\u00eb vijn\u00eb pas nesh. Presidenti Rugova e b\u00ebri bashk\u00eb gjith\u00eb popullin e Kosov\u00ebs rreth kauz\u00ebs p\u00ebr liri, pavar\u00ebsi dhe demokraci. Kauz\u00eb kjo q\u00eb \u00ebsht\u00eb akoma e gjall\u00eb dhe \u00ebsht\u00eb jet\u00ebsuar p\u00ebr shkak t\u00eb sakrific\u00ebs s\u00eb madhe t\u00eb popullit ton\u00eb, luft\u00ebs son\u00eb \u00e7lirimtare dhe nd\u00ebrtimit t\u00eb aleancave me aleat\u00ebt ton\u00eb strategjik brenda familjes eueroataltike, aleanca k\u00ebto q\u00eb i nd\u00ebrtoi presidenti Rugova me nj\u00eb vizion t\u00eb pashoq q\u00eb \u00ebsht\u00eb sot mbetet drit\u00eb n\u00eb udh\u00ebrr\u00ebfyesin p\u00ebr gjithsecilin prej nesh q\u00eb e duam Kosov\u00ebn akoma m\u00eb t\u00eb fort\u00eb dhe t\u00eb integruar n\u00eb strukturat euroatlantike n\u00eb familjen ku Kosova dhe populli i saj e ka vendin. Nderimi p\u00ebr presidentin Rugova do t\u00eb jet\u00eb i p\u00ebrjetsh\u00ebm dhe vizioni i tij do t\u00eb rroj\u00eb p\u00ebr aq koh\u00eb sa do t\u00eb rr\u00ebnoj\u00eb dhe Kosova, do t\u00eb rroj\u00eb p\u00ebrjet\u00ebsisht\u201d, tha Osmani.<\/p>\n<p>Nd\u00ebrsa bashk\u00ebshortja e Rugov\u00ebs, Fana Rugova ka fal\u00ebnderuar Osmanin.<\/p>\n<p>\u201cFal\u00ebnderoj presidenten Osmani p\u00ebr k\u00ebt\u00eb ceremoni q\u00eb organizoi p\u00ebr nder t\u00eb presidentit historik t\u00eb Kosov\u00ebs, Presidenti Ibrahim Rugova. Faleminderit shum\u00eb zonja presidente p\u00ebr t\u00eb gjitha k\u00ebto aktivitete\u201d, tha ajo.<\/p>\n","protected":false},"excerpt":{"rendered":"<p>Prishtin\u00eb 21 janar 2026 11:05 Presidentja e Kosov\u00ebs, Vjosa Osmani bashk\u00eb me familjen e ish-Presidentit t\u00eb Kosov\u00ebs Ibrahim Rugova kan\u00eb b\u00ebr\u00eb homazhe tek varri i<\/p>\n","protected":false},"author":6,"featured_media":28582,"comment_status":"open","ping_status":"open","sticky":false,"template":"","format":"standard","meta":{"footnotes":""},"categories":[60],"tags":[],"class_list":["post-28581","post","type-post","status-publish","format-standard","has-post-thumbnail","hentry","category-shoqerore-sq"],"yoast_head":"<!-- This site is optimized with the Yoast SEO plugin v25.3.1 - https:\/\/yoast.com\/wordpress\/plugins\/seo\/ -->\n<title>Osmani nga varri i Rugov\u00ebs: B\u00ebri bashk\u00eb gjith\u00eb popullin p\u00ebr kauz\u00ebn e tij p\u00ebr liri, pavar\u00ebsi dhe demokraci -<\/title>\n<meta name=\"robots\" content=\"index, follow, max-snippet:-1, max-image-preview:large, max-video-preview:-1\" \/>\n<link rel=\"canonical\" href=\"https:\/\/veritasinfo.org\/?p=28581\" \/>\n<meta property=\"og:locale\" content=\"en_US\" \/>\n<meta property=\"og:type\" content=\"article\" \/>\n<meta property=\"og:title\" content=\"Osmani nga varri i Rugov\u00ebs: B\u00ebri bashk\u00eb gjith\u00eb popullin p\u00ebr kauz\u00ebn e tij p\u00ebr liri, pavar\u00ebsi dhe demokraci -\" \/>\n<meta property=\"og:description\" content=\"Prishtin\u00eb 21 janar 2026 11:05 Presidentja e Kosov\u00ebs, Vjosa Osmani bashk\u00eb me familjen e ish-Presidentit t\u00eb Kosov\u00ebs Ibrahim Rugova kan\u00eb b\u00ebr\u00eb homazhe tek varri i\" \/>\n<meta property=\"og:url\" content=\"https:\/\/veritasinfo.org\/?p=28581\" \/>\n<meta property=\"article:published_time\" content=\"2026-01-21T10:06:18+00:00\" \/>\n<meta property=\"og:image\" content=\"https:\/\/veritasinfo.org\/wp-content\/uploads\/2026\/01\/osmani-1-1-1333x1000-1.jpg\" \/>\n\t<meta property=\"og:image:width\" content=\"1333\" \/>\n\t<meta property=\"og:image:height\" content=\"1000\" \/>\n\t<meta property=\"og:image:type\" content=\"image\/jpeg\" \/>\n<meta name=\"author\" content=\"US5\" \/>\n<meta name=\"twitter:card\" content=\"summary_large_image\" \/>\n<meta name=\"twitter:label1\" content=\"Written by\" \/>\n\t<meta name=\"twitter:data1\" content=\"US5\" \/>\n<script type=\"application\/ld+json\" class=\"yoast-schema-graph\">{\"@context\":\"https:\/\/schema.org\",\"@graph\":[{\"@type\":\"WebPage\",\"@id\":\"https:\/\/veritasinfo.org\/?p=28581\",\"url\":\"https:\/\/veritasinfo.org\/?p=28581\",\"name\":\"Osmani nga varri i Rugov\u00ebs: B\u00ebri bashk\u00eb gjith\u00eb popullin p\u00ebr kauz\u00ebn e tij p\u00ebr liri, pavar\u00ebsi dhe demokraci -\",\"isPartOf\":{\"@id\":\"https:\/\/veritasinfo.org\/#website\"},\"primaryImageOfPage\":{\"@id\":\"https:\/\/veritasinfo.org\/?p=28581#primaryimage\"},\"image\":{\"@id\":\"https:\/\/veritasinfo.org\/?p=28581#primaryimage\"},\"thumbnailUrl\":\"https:\/\/veritasinfo.org\/wp-content\/uploads\/2026\/01\/osmani-1-1-1333x1000-1.jpg\",\"datePublished\":\"2026-01-21T10:06:18+00:00\",\"author\":{\"@id\":\"https:\/\/veritasinfo.org\/#\/schema\/person\/bc442336e35414d04494ab8fb45db4c6\"},\"breadcrumb\":{\"@id\":\"https:\/\/veritasinfo.org\/?p=28581#breadcrumb\"},\"inLanguage\":\"en-US\",\"potentialAction\":[{\"@type\":\"ReadAction\",\"target\":[\"https:\/\/veritasinfo.org\/?p=28581\"]}]},{\"@type\":\"ImageObject\",\"inLanguage\":\"en-US\",\"@id\":\"https:\/\/veritasinfo.org\/?p=28581#primaryimage\",\"url\":\"https:\/\/veritasinfo.org\/wp-content\/uploads\/2026\/01\/osmani-1-1-1333x1000-1.jpg\",\"contentUrl\":\"https:\/\/veritasinfo.org\/wp-content\/uploads\/2026\/01\/osmani-1-1-1333x1000-1.jpg\",\"width\":1333,\"height\":1000},{\"@type\":\"BreadcrumbList\",\"@id\":\"https:\/\/veritasinfo.org\/?p=28581#breadcrumb\",\"itemListElement\":[{\"@type\":\"ListItem\",\"position\":1,\"name\":\"Home\",\"item\":\"https:\/\/veritasinfo.org\/\"},{\"@type\":\"ListItem\",\"position\":2,\"name\":\"Osmani nga varri i Rugov\u00ebs: B\u00ebri bashk\u00eb gjith\u00eb popullin p\u00ebr kauz\u00ebn e tij p\u00ebr liri, pavar\u00ebsi dhe demokraci\"}]},{\"@type\":\"WebSite\",\"@id\":\"https:\/\/veritasinfo.org\/#website\",\"url\":\"https:\/\/veritasinfo.org\/\",\"name\":\"\",\"description\":\"\",\"potentialAction\":[{\"@type\":\"SearchAction\",\"target\":{\"@type\":\"EntryPoint\",\"urlTemplate\":\"https:\/\/veritasinfo.org\/?s={search_term_string}\"},\"query-input\":{\"@type\":\"PropertyValueSpecification\",\"valueRequired\":true,\"valueName\":\"search_term_string\"}}],\"inLanguage\":\"en-US\"},{\"@type\":\"Person\",\"@id\":\"https:\/\/veritasinfo.org\/#\/schema\/person\/bc442336e35414d04494ab8fb45db4c6\",\"name\":\"US5\",\"image\":{\"@type\":\"ImageObject\",\"inLanguage\":\"en-US\",\"@id\":\"https:\/\/veritasinfo.org\/#\/schema\/person\/image\/\",\"url\":\"https:\/\/secure.gravatar.com\/avatar\/16a61e7272a0c5d001121ebb9e60e925d5816e4ac1e443ed3e640d9a6ae55d0c?s=96&d=mm&r=g\",\"contentUrl\":\"https:\/\/secure.gravatar.com\/avatar\/16a61e7272a0c5d001121ebb9e60e925d5816e4ac1e443ed3e640d9a6ae55d0c?s=96&d=mm&r=g\",\"caption\":\"US5\"},\"url\":\"https:\/\/veritasinfo.org\/?author=6\"}]}<\/script>\n<!-- \/ Yoast SEO plugin. -->","yoast_head_json":{"title":"Osmani nga varri i Rugov\u00ebs: B\u00ebri bashk\u00eb gjith\u00eb popullin p\u00ebr kauz\u00ebn e tij p\u00ebr liri, pavar\u00ebsi dhe demokraci -","robots":{"index":"index","follow":"follow","max-snippet":"max-snippet:-1","max-image-preview":"max-image-preview:large","max-video-preview":"max-video-preview:-1"},"canonical":"https:\/\/veritasinfo.org\/?p=28581","og_locale":"en_US","og_type":"article","og_title":"Osmani nga varri i Rugov\u00ebs: B\u00ebri bashk\u00eb gjith\u00eb popullin p\u00ebr kauz\u00ebn e tij p\u00ebr liri, pavar\u00ebsi dhe demokraci -","og_description":"Prishtin\u00eb 21 janar 2026 11:05 Presidentja e Kosov\u00ebs, Vjosa Osmani bashk\u00eb me familjen e ish-Presidentit t\u00eb Kosov\u00ebs Ibrahim Rugova kan\u00eb b\u00ebr\u00eb homazhe tek varri i","og_url":"https:\/\/veritasinfo.org\/?p=28581","article_published_time":"2026-01-21T10:06:18+00:00","og_image":[{"width":1333,"height":1000,"url":"https:\/\/veritasinfo.org\/wp-content\/uploads\/2026\/01\/osmani-1-1-1333x1000-1.jpg","type":"image\/jpeg"}],"author":"US5","twitter_card":"summary_large_image","twitter_misc":{"Written by":"US5"},"schema":{"@context":"https:\/\/schema.org","@graph":[{"@type":"WebPage","@id":"https:\/\/veritasinfo.org\/?p=28581","url":"https:\/\/veritasinfo.org\/?p=28581","name":"Osmani nga varri i Rugov\u00ebs: B\u00ebri bashk\u00eb gjith\u00eb popullin p\u00ebr kauz\u00ebn e tij p\u00ebr liri, pavar\u00ebsi dhe demokraci -","isPartOf":{"@id":"https:\/\/veritasinfo.org\/#website"},"primaryImageOfPage":{"@id":"https:\/\/veritasinfo.org\/?p=28581#primaryimage"},"image":{"@id":"https:\/\/veritasinfo.org\/?p=28581#primaryimage"},"thumbnailUrl":"https:\/\/veritasinfo.org\/wp-content\/uploads\/2026\/01\/osmani-1-1-1333x1000-1.jpg","datePublished":"2026-01-21T10:06:18+00:00","author":{"@id":"https:\/\/veritasinfo.org\/#\/schema\/person\/bc442336e35414d04494ab8fb45db4c6"},"breadcrumb":{"@id":"https:\/\/veritasinfo.org\/?p=28581#breadcrumb"},"inLanguage":"en-US","potentialAction":[{"@type":"ReadAction","target":["https:\/\/veritasinfo.org\/?p=28581"]}]},{"@type":"ImageObject","inLanguage":"en-US","@id":"https:\/\/veritasinfo.org\/?p=28581#primaryimage","url":"https:\/\/veritasinfo.org\/wp-content\/uploads\/2026\/01\/osmani-1-1-1333x1000-1.jpg","contentUrl":"https:\/\/veritasinfo.org\/wp-content\/uploads\/2026\/01\/osmani-1-1-1333x1000-1.jpg","width":1333,"height":1000},{"@type":"BreadcrumbList","@id":"https:\/\/veritasinfo.org\/?p=28581#breadcrumb","itemListElement":[{"@type":"ListItem","position":1,"name":"Home","item":"https:\/\/veritasinfo.org\/"},{"@type":"ListItem","position":2,"name":"Osmani nga varri i Rugov\u00ebs: B\u00ebri bashk\u00eb gjith\u00eb popullin p\u00ebr kauz\u00ebn e tij p\u00ebr liri, pavar\u00ebsi dhe demokraci"}]},{"@type":"WebSite","@id":"https:\/\/veritasinfo.org\/#website","url":"https:\/\/veritasinfo.org\/","name":"","description":"","potentialAction":[{"@type":"SearchAction","target":{"@type":"EntryPoint","urlTemplate":"https:\/\/veritasinfo.org\/?s={search_term_string}"},"query-input":{"@type":"PropertyValueSpecification","valueRequired":true,"valueName":"search_term_string"}}],"inLanguage":"en-US"},{"@type":"Person","@id":"https:\/\/veritasinfo.org\/#\/schema\/person\/bc442336e35414d04494ab8fb45db4c6","name":"US5","image":{"@type":"ImageObject","inLanguage":"en-US","@id":"https:\/\/veritasinfo.org\/#\/schema\/person\/image\/","url":"https:\/\/secure.gravatar.com\/avatar\/16a61e7272a0c5d001121ebb9e60e925d5816e4ac1e443ed3e640d9a6ae55d0c?s=96&d=mm&r=g","contentUrl":"https:\/\/secure.gravatar.com\/avatar\/16a61e7272a0c5d001121ebb9e60e925d5816e4ac1e443ed3e640d9a6ae55d0c?s=96&d=mm&r=g","caption":"US5"},"url":"https:\/\/veritasinfo.org\/?author=6"}]}},"featured_image_urls":{"full":["https:\/\/veritasinfo.org\/wp-content\/uploads\/2026\/01\/osmani-1-1-1333x1000-1.jpg",1333,1000,false],"thumbnail":["https:\/\/veritasinfo.org\/wp-content\/uploads\/2026\/01\/osmani-1-1-1333x1000-1-150x150.jpg",150,150,true],"medium":["https:\/\/veritasinfo.org\/wp-content\/uploads\/2026\/01\/osmani-1-1-1333x1000-1-300x225.jpg",300,225,true],"medium_large":["https:\/\/veritasinfo.org\/wp-content\/uploads\/2026\/01\/osmani-1-1-1333x1000-1-768x576.jpg",640,480,true],"large":["https:\/\/veritasinfo.org\/wp-content\/uploads\/2026\/01\/osmani-1-1-1333x1000-1-1024x768.jpg",640,480,true],"1536x1536":["https:\/\/veritasinfo.org\/wp-content\/uploads\/2026\/01\/osmani-1-1-1333x1000-1.jpg",1333,1000,false],"2048x2048":["https:\/\/veritasinfo.org\/wp-content\/uploads\/2026\/01\/osmani-1-1-1333x1000-1.jpg",1333,1000,false],"kreeti-slider-full":["https:\/\/veritasinfo.org\/wp-content\/uploads\/2026\/01\/osmani-1-1-1333x1000-1.jpg",960,720,false],"kreeti-featured":["https:\/\/veritasinfo.org\/wp-content\/uploads\/2026\/01\/osmani-1-1-1333x1000-1.jpg",1024,768,false],"kreeti-medium":["https:\/\/veritasinfo.org\/wp-content\/uploads\/2026\/01\/osmani-1-1-1333x1000-1.jpg",706,530,false],"kreeti-medium-square":["https:\/\/veritasinfo.org\/wp-content\/uploads\/2026\/01\/osmani-1-1-1333x1000-1.jpg",350,263,false]},"author_info":{"info":["US5"]},"category_info":"<a href=\"https:\/\/veritasinfo.org\/?cat=60\" rel=\"category\">Shoq\u00ebrore<\/a>","tag_info":"Shoq\u00ebrore","comment_count":"0","_links":{"self":[{"href":"https:\/\/veritasinfo.org\/index.php?rest_route=\/wp\/v2\/posts\/28581","targetHints":{"allow":["GET"]}}],"collection":[{"href":"https:\/\/veritasinfo.org\/index.php?rest_route=\/wp\/v2\/posts"}],"about":[{"href":"https:\/\/veritasinfo.org\/index.php?rest_route=\/wp\/v2\/types\/post"}],"author":[{"embeddable":true,"href":"https:\/\/veritasinfo.org\/index.php?rest_route=\/wp\/v2\/users\/6"}],"replies":[{"embeddable":true,"href":"https:\/\/veritasinfo.org\/index.php?rest_route=%2Fwp%2Fv2%2Fcomments&post=28581"}],"version-history":[{"count":1,"href":"https:\/\/veritasinfo.org\/index.php?rest_route=\/wp\/v2\/posts\/28581\/revisions"}],"predecessor-version":[{"id":28583,"href":"https:\/\/veritasinfo.org\/index.php?rest_route=\/wp\/v2\/posts\/28581\/revisions\/28583"}],"wp:featuredmedia":[{"embeddable":true,"href":"https:\/\/veritasinfo.org\/index.php?rest_route=\/wp\/v2\/media\/28582"}],"wp:attachment":[{"href":"https:\/\/veritasinfo.org\/index.php?rest_route=%2Fwp%2Fv2%2Fmedia&parent=28581"}],"wp:term":[{"taxonomy":"category","embeddable":true,"href":"https:\/\/veritasinfo.org\/index.php?rest_route=%2Fwp%2Fv2%2Fcategories&post=28581"},{"taxonomy":"post_tag","embeddable":true,"href":"https:\/\/veritasinfo.org\/index.php?rest_route=%2Fwp%2Fv2%2Ftags&post=28581"}],"curies":[{"name":"wp","href":"https:\/\/api.w.org\/{rel}","templated":true}]}}