{"id":2850,"date":"2025-07-07T21:53:04","date_gmt":"2025-07-07T19:53:04","guid":{"rendered":"https:\/\/veritasinfo.org\/?p=2850"},"modified":"2025-07-07T21:55:41","modified_gmt":"2025-07-07T19:55:41","slug":"nazim-bllaca-ruante-kontakte-te-fshehta-me-prokurore-serbe","status":"publish","type":"post","link":"https:\/\/veritasinfo.org\/?p=2850","title":{"rendered":"Nazim Bllaca ruante kontakte t\u00eb fshehta me prokuror\u00eb serb\u00eb"},"content":{"rendered":"<p>Prishtin\u00eb, 07 Korrik 2025<\/p>\n<p>Nazim Bllaca, i njohur si d\u00ebshmitari bashk\u00ebpunues i EULEX-it n\u00eb rastet e famshme \u201cBllaca 1\u201d, \u201cBllaca 2\u201d, \u201cBllaca 3\u201d dhe \u201cBllaca 4\u201d, del t\u00eb ket\u00eb pasur komunikime t\u00eb vazhdueshme dhe t\u00eb fshehta me prokuror\u00eb serb\u00eb, p\u00ebrfshir\u00eb edhe prokurorin p\u00ebr Krime Lufte n\u00eb Serbi, Dragolub Stankoviq.<\/p>\n<div class=\"code-block code-block-8\">\n<div id=\"futureads_d773fe1afb07405e8d2f0e46933877d3_zone_104122_sect_47401_site_41437\" data-sender=\"futureads\">T\u00eb dh\u00ebnat e reja t\u00eb publikuara n\u00eb emisionin \u201cDebat Plus\u201d, t\u00eb cilat p\u00ebrmbajn\u00eb dokumente dhe email-komunikime nd\u00ebrmjet Bllac\u00ebs dhe Stankoviqit, hedhin dyshime t\u00eb r\u00ebnda mbi integritetin e d\u00ebshmive t\u00eb tij dhe bashk\u00ebpunimin me EULEX-in.<\/div>\n<\/div>\n<p>\u201cJa nj\u00eb prov\u00eb, se si Bllaca komunikonte me prokuror\u00ebt serb\u00eb. Me k\u00eb se? Dragolub Stankoviq, prokuror p\u00ebr Krime Lufte n\u00eb Serbi\u201d, ka th\u00ebn\u00eb Ermal Panduri.<\/p>\n<p>Dokumentet tregojn\u00eb se para se t\u00eb b\u00ebhej d\u00ebshmitar i EULEX-it, Bllaca kishte bashk\u00ebpunuar me Prokurorin\u00eb serbe dhe ishte strehuar p\u00ebr nj\u00eb koh\u00eb n\u00eb Serbi. Edhe pas kthimit n\u00eb Kosov\u00eb dhe gjat\u00eb q\u00ebndrimit n\u00eb burg, ai kishte ruajtur kontaktet me prokuror\u00ebt serb\u00eb.<\/p>\n<div class=\"code-block code-block-7\">\n<p>&nbsp;<\/p>\n<div id=\"beacon_95321ca288\">N\u00eb nj\u00eb email t\u00eb 9 marsit 2016, Bllaca i k\u00ebrkon prokurorit serb q\u00eb komunikimi mes tyre t\u00eb mbetet sekret dhe t\u00eb mos merret vesh nga askush, madje as nga zyrtar\u00ebt e EULEX-it.<\/div>\n<p>&nbsp;<\/p>\n<\/div>\n<p>Ai thekson qart\u00eb se nuk do t\u00eb bashk\u00ebpunoj\u00eb me EULEX-in apo Gjykat\u00ebn Speciale p\u00ebr krime lufte, pa u takuar fillimisht me Stankoviqin.<\/p>\n<p>\u201cUn\u00eb nuk kam marr\u00ebveshje me prokuror\u00eb t\u00eb EULEX-it dhe nuk do t\u00eb b\u00ebj kompromis p\u00ebr t\u00eb d\u00ebshmuar n\u00eb Hag\u00eb p\u00ebr krime lufte pa u takuar me ju\u201d, thuhet n\u00eb nj\u00eb nga email\u00ebt q\u00eb Bllaca i d\u00ebrgon Stankoviqit.<\/p>\n<p>Madje, ai e b\u00ebn t\u00eb qart\u00eb se \u00ebsht\u00eb d\u00ebshmitari i vet\u00ebm q\u00eb mund t\u00eb lidh\u00eb Azem Syl\u00ebn \u2013 ish-komandantin e Shtabit t\u00eb P\u00ebrgjithsh\u00ebm t\u00eb U\u00c7K-s\u00eb \u2013 me periudh\u00ebn e pasluft\u00ebs dhe krimet e pretenduara si vrasje politike, vrasje t\u00eb bashk\u00ebpun\u00ebtor\u00ebve t\u00eb Serbis\u00eb dhe t\u00eb d\u00ebshmitar\u00ebve t\u00eb Hag\u00ebs.<\/p>\n<p>Stankoviq i p\u00ebrgjigjet Bllac\u00ebs n\u00eb shqip, duke i th\u00ebn\u00eb:<\/p>\n<p>\u201cKjo \u00ebsht\u00eb e gjitha e drejt\u00eb dhe un\u00eb jam me ty\u201d.<\/p>\n<p>N\u00eb komunikime t\u00eb m\u00ebvonshme, prokurori serb i shkruan edhe n\u00eb serbisht, duke p\u00ebrmendur arrestime n\u00eb Shkup, duke l\u00ebn\u00eb t\u00eb kuptohet se informatat e nd\u00ebrsjella vazhdonin.<\/p>\n<p>Zbulimet e reja ngrejn\u00eb pyetje serioze p\u00ebr m\u00ebnyr\u00ebn se si EULEX ka trajtuar k\u00ebt\u00eb d\u00ebshmitar dhe se sa jan\u00eb verifikuar lidhjet e tij me strukturat serbe t\u00eb drejt\u00ebsis\u00eb.<\/p>\n<p>&nbsp;<\/p>\n","protected":false},"excerpt":{"rendered":"<p>Prishtin\u00eb, 07 Korrik 2025 Nazim Bllaca, i njohur si d\u00ebshmitari bashk\u00ebpunues i EULEX-it n\u00eb rastet e famshme \u201cBllaca 1\u201d, \u201cBllaca 2\u201d, \u201cBllaca 3\u201d dhe \u201cBllaca<\/p>\n","protected":false},"author":1,"featured_media":2851,"comment_status":"open","ping_status":"open","sticky":false,"template":"","format":"standard","meta":{"footnotes":""},"categories":[60],"tags":[],"class_list":["post-2850","post","type-post","status-publish","format-standard","has-post-thumbnail","hentry","category-shoqerore-sq"],"yoast_head":"<!-- This site is optimized with the Yoast SEO plugin v25.3.1 - https:\/\/yoast.com\/wordpress\/plugins\/seo\/ -->\n<title>Nazim Bllaca ruante kontakte t\u00eb fshehta me prokuror\u00eb serb\u00eb -<\/title>\n<meta name=\"robots\" content=\"index, follow, max-snippet:-1, max-image-preview:large, max-video-preview:-1\" \/>\n<link rel=\"canonical\" href=\"https:\/\/veritasinfo.org\/?p=2850\" \/>\n<meta property=\"og:locale\" content=\"en_US\" \/>\n<meta property=\"og:type\" content=\"article\" \/>\n<meta property=\"og:title\" content=\"Nazim Bllaca ruante kontakte t\u00eb fshehta me prokuror\u00eb serb\u00eb -\" \/>\n<meta property=\"og:description\" content=\"Prishtin\u00eb, 07 Korrik 2025 Nazim Bllaca, i njohur si d\u00ebshmitari bashk\u00ebpunues i EULEX-it n\u00eb rastet e famshme \u201cBllaca 1\u201d, \u201cBllaca 2\u201d, \u201cBllaca 3\u201d dhe \u201cBllaca\" \/>\n<meta property=\"og:url\" content=\"https:\/\/veritasinfo.org\/?p=2850\" \/>\n<meta property=\"article:published_time\" content=\"2025-07-07T19:53:04+00:00\" \/>\n<meta property=\"article:modified_time\" content=\"2025-07-07T19:55:41+00:00\" \/>\n<meta property=\"og:image\" content=\"https:\/\/veritasinfo.org\/wp-content\/uploads\/2025\/07\/IMG_1764.png\" \/>\n\t<meta property=\"og:image:width\" content=\"777\" \/>\n\t<meta property=\"og:image:height\" content=\"484\" \/>\n\t<meta property=\"og:image:type\" content=\"image\/png\" \/>\n<meta name=\"author\" content=\"admin\" \/>\n<meta name=\"twitter:card\" content=\"summary_large_image\" \/>\n<meta name=\"twitter:label1\" content=\"Written by\" \/>\n\t<meta name=\"twitter:data1\" content=\"admin\" \/>\n\t<meta name=\"twitter:label2\" content=\"Est. reading time\" \/>\n\t<meta name=\"twitter:data2\" content=\"2 minutes\" \/>\n<script type=\"application\/ld+json\" class=\"yoast-schema-graph\">{\"@context\":\"https:\/\/schema.org\",\"@graph\":[{\"@type\":\"WebPage\",\"@id\":\"https:\/\/veritasinfo.org\/?p=2850\",\"url\":\"https:\/\/veritasinfo.org\/?p=2850\",\"name\":\"Nazim Bllaca ruante kontakte t\u00eb fshehta me prokuror\u00eb serb\u00eb -\",\"isPartOf\":{\"@id\":\"https:\/\/veritasinfo.org\/#website\"},\"primaryImageOfPage\":{\"@id\":\"https:\/\/veritasinfo.org\/?p=2850#primaryimage\"},\"image\":{\"@id\":\"https:\/\/veritasinfo.org\/?p=2850#primaryimage\"},\"thumbnailUrl\":\"https:\/\/veritasinfo.org\/wp-content\/uploads\/2025\/07\/IMG_1764.png\",\"datePublished\":\"2025-07-07T19:53:04+00:00\",\"dateModified\":\"2025-07-07T19:55:41+00:00\",\"author\":{\"@id\":\"https:\/\/veritasinfo.org\/#\/schema\/person\/7701f8c088bece422266b100a712374f\"},\"breadcrumb\":{\"@id\":\"https:\/\/veritasinfo.org\/?p=2850#breadcrumb\"},\"inLanguage\":\"en-US\",\"potentialAction\":[{\"@type\":\"ReadAction\",\"target\":[\"https:\/\/veritasinfo.org\/?p=2850\"]}]},{\"@type\":\"ImageObject\",\"inLanguage\":\"en-US\",\"@id\":\"https:\/\/veritasinfo.org\/?p=2850#primaryimage\",\"url\":\"https:\/\/veritasinfo.org\/wp-content\/uploads\/2025\/07\/IMG_1764.png\",\"contentUrl\":\"https:\/\/veritasinfo.org\/wp-content\/uploads\/2025\/07\/IMG_1764.png\",\"width\":777,\"height\":484},{\"@type\":\"BreadcrumbList\",\"@id\":\"https:\/\/veritasinfo.org\/?p=2850#breadcrumb\",\"itemListElement\":[{\"@type\":\"ListItem\",\"position\":1,\"name\":\"Home\",\"item\":\"https:\/\/veritasinfo.org\/\"},{\"@type\":\"ListItem\",\"position\":2,\"name\":\"Nazim Bllaca ruante kontakte t\u00eb fshehta me prokuror\u00eb serb\u00eb\"}]},{\"@type\":\"WebSite\",\"@id\":\"https:\/\/veritasinfo.org\/#website\",\"url\":\"https:\/\/veritasinfo.org\/\",\"name\":\"\",\"description\":\"\",\"potentialAction\":[{\"@type\":\"SearchAction\",\"target\":{\"@type\":\"EntryPoint\",\"urlTemplate\":\"https:\/\/veritasinfo.org\/?s={search_term_string}\"},\"query-input\":{\"@type\":\"PropertyValueSpecification\",\"valueRequired\":true,\"valueName\":\"search_term_string\"}}],\"inLanguage\":\"en-US\"},{\"@type\":\"Person\",\"@id\":\"https:\/\/veritasinfo.org\/#\/schema\/person\/7701f8c088bece422266b100a712374f\",\"name\":\"admin\",\"image\":{\"@type\":\"ImageObject\",\"inLanguage\":\"en-US\",\"@id\":\"https:\/\/veritasinfo.org\/#\/schema\/person\/image\/\",\"url\":\"https:\/\/secure.gravatar.com\/avatar\/ea53aa3bf6c9a12d5fde8ce4deff43fef3885ae33cf60184161a50d6987cfd2f?s=96&d=mm&r=g\",\"contentUrl\":\"https:\/\/secure.gravatar.com\/avatar\/ea53aa3bf6c9a12d5fde8ce4deff43fef3885ae33cf60184161a50d6987cfd2f?s=96&d=mm&r=g\",\"caption\":\"admin\"},\"sameAs\":[\"https:\/\/veritasinfo.org\"],\"url\":\"https:\/\/veritasinfo.org\/?author=1\"}]}<\/script>\n<!-- \/ Yoast SEO plugin. -->","yoast_head_json":{"title":"Nazim Bllaca ruante kontakte t\u00eb fshehta me prokuror\u00eb serb\u00eb -","robots":{"index":"index","follow":"follow","max-snippet":"max-snippet:-1","max-image-preview":"max-image-preview:large","max-video-preview":"max-video-preview:-1"},"canonical":"https:\/\/veritasinfo.org\/?p=2850","og_locale":"en_US","og_type":"article","og_title":"Nazim Bllaca ruante kontakte t\u00eb fshehta me prokuror\u00eb serb\u00eb -","og_description":"Prishtin\u00eb, 07 Korrik 2025 Nazim Bllaca, i njohur si d\u00ebshmitari bashk\u00ebpunues i EULEX-it n\u00eb rastet e famshme \u201cBllaca 1\u201d, \u201cBllaca 2\u201d, \u201cBllaca 3\u201d dhe \u201cBllaca","og_url":"https:\/\/veritasinfo.org\/?p=2850","article_published_time":"2025-07-07T19:53:04+00:00","article_modified_time":"2025-07-07T19:55:41+00:00","og_image":[{"width":777,"height":484,"url":"https:\/\/veritasinfo.org\/wp-content\/uploads\/2025\/07\/IMG_1764.png","type":"image\/png"}],"author":"admin","twitter_card":"summary_large_image","twitter_misc":{"Written by":"admin","Est. reading time":"2 minutes"},"schema":{"@context":"https:\/\/schema.org","@graph":[{"@type":"WebPage","@id":"https:\/\/veritasinfo.org\/?p=2850","url":"https:\/\/veritasinfo.org\/?p=2850","name":"Nazim Bllaca ruante kontakte t\u00eb fshehta me prokuror\u00eb serb\u00eb -","isPartOf":{"@id":"https:\/\/veritasinfo.org\/#website"},"primaryImageOfPage":{"@id":"https:\/\/veritasinfo.org\/?p=2850#primaryimage"},"image":{"@id":"https:\/\/veritasinfo.org\/?p=2850#primaryimage"},"thumbnailUrl":"https:\/\/veritasinfo.org\/wp-content\/uploads\/2025\/07\/IMG_1764.png","datePublished":"2025-07-07T19:53:04+00:00","dateModified":"2025-07-07T19:55:41+00:00","author":{"@id":"https:\/\/veritasinfo.org\/#\/schema\/person\/7701f8c088bece422266b100a712374f"},"breadcrumb":{"@id":"https:\/\/veritasinfo.org\/?p=2850#breadcrumb"},"inLanguage":"en-US","potentialAction":[{"@type":"ReadAction","target":["https:\/\/veritasinfo.org\/?p=2850"]}]},{"@type":"ImageObject","inLanguage":"en-US","@id":"https:\/\/veritasinfo.org\/?p=2850#primaryimage","url":"https:\/\/veritasinfo.org\/wp-content\/uploads\/2025\/07\/IMG_1764.png","contentUrl":"https:\/\/veritasinfo.org\/wp-content\/uploads\/2025\/07\/IMG_1764.png","width":777,"height":484},{"@type":"BreadcrumbList","@id":"https:\/\/veritasinfo.org\/?p=2850#breadcrumb","itemListElement":[{"@type":"ListItem","position":1,"name":"Home","item":"https:\/\/veritasinfo.org\/"},{"@type":"ListItem","position":2,"name":"Nazim Bllaca ruante kontakte t\u00eb fshehta me prokuror\u00eb serb\u00eb"}]},{"@type":"WebSite","@id":"https:\/\/veritasinfo.org\/#website","url":"https:\/\/veritasinfo.org\/","name":"","description":"","potentialAction":[{"@type":"SearchAction","target":{"@type":"EntryPoint","urlTemplate":"https:\/\/veritasinfo.org\/?s={search_term_string}"},"query-input":{"@type":"PropertyValueSpecification","valueRequired":true,"valueName":"search_term_string"}}],"inLanguage":"en-US"},{"@type":"Person","@id":"https:\/\/veritasinfo.org\/#\/schema\/person\/7701f8c088bece422266b100a712374f","name":"admin","image":{"@type":"ImageObject","inLanguage":"en-US","@id":"https:\/\/veritasinfo.org\/#\/schema\/person\/image\/","url":"https:\/\/secure.gravatar.com\/avatar\/ea53aa3bf6c9a12d5fde8ce4deff43fef3885ae33cf60184161a50d6987cfd2f?s=96&d=mm&r=g","contentUrl":"https:\/\/secure.gravatar.com\/avatar\/ea53aa3bf6c9a12d5fde8ce4deff43fef3885ae33cf60184161a50d6987cfd2f?s=96&d=mm&r=g","caption":"admin"},"sameAs":["https:\/\/veritasinfo.org"],"url":"https:\/\/veritasinfo.org\/?author=1"}]}},"featured_image_urls":{"full":["https:\/\/veritasinfo.org\/wp-content\/uploads\/2025\/07\/IMG_1764.png",777,484,false],"thumbnail":["https:\/\/veritasinfo.org\/wp-content\/uploads\/2025\/07\/IMG_1764-150x150.png",150,150,true],"medium":["https:\/\/veritasinfo.org\/wp-content\/uploads\/2025\/07\/IMG_1764-300x187.png",300,187,true],"medium_large":["https:\/\/veritasinfo.org\/wp-content\/uploads\/2025\/07\/IMG_1764-768x478.png",640,398,true],"large":["https:\/\/veritasinfo.org\/wp-content\/uploads\/2025\/07\/IMG_1764.png",640,399,false],"1536x1536":["https:\/\/veritasinfo.org\/wp-content\/uploads\/2025\/07\/IMG_1764.png",777,484,false],"2048x2048":["https:\/\/veritasinfo.org\/wp-content\/uploads\/2025\/07\/IMG_1764.png",777,484,false],"kreeti-slider-full":["https:\/\/veritasinfo.org\/wp-content\/uploads\/2025\/07\/IMG_1764.png",777,484,false],"kreeti-featured":["https:\/\/veritasinfo.org\/wp-content\/uploads\/2025\/07\/IMG_1764.png",777,484,false],"kreeti-medium":["https:\/\/veritasinfo.org\/wp-content\/uploads\/2025\/07\/IMG_1764.png",720,448,false],"kreeti-medium-square":["https:\/\/veritasinfo.org\/wp-content\/uploads\/2025\/07\/IMG_1764.png",350,218,false]},"author_info":{"info":["admin"]},"category_info":"<a href=\"https:\/\/veritasinfo.org\/?cat=60\" rel=\"category\">Shoq\u00ebrore<\/a>","tag_info":"Shoq\u00ebrore","comment_count":"0","_links":{"self":[{"href":"https:\/\/veritasinfo.org\/index.php?rest_route=\/wp\/v2\/posts\/2850","targetHints":{"allow":["GET"]}}],"collection":[{"href":"https:\/\/veritasinfo.org\/index.php?rest_route=\/wp\/v2\/posts"}],"about":[{"href":"https:\/\/veritasinfo.org\/index.php?rest_route=\/wp\/v2\/types\/post"}],"author":[{"embeddable":true,"href":"https:\/\/veritasinfo.org\/index.php?rest_route=\/wp\/v2\/users\/1"}],"replies":[{"embeddable":true,"href":"https:\/\/veritasinfo.org\/index.php?rest_route=%2Fwp%2Fv2%2Fcomments&post=2850"}],"version-history":[{"count":2,"href":"https:\/\/veritasinfo.org\/index.php?rest_route=\/wp\/v2\/posts\/2850\/revisions"}],"predecessor-version":[{"id":2853,"href":"https:\/\/veritasinfo.org\/index.php?rest_route=\/wp\/v2\/posts\/2850\/revisions\/2853"}],"wp:featuredmedia":[{"embeddable":true,"href":"https:\/\/veritasinfo.org\/index.php?rest_route=\/wp\/v2\/media\/2851"}],"wp:attachment":[{"href":"https:\/\/veritasinfo.org\/index.php?rest_route=%2Fwp%2Fv2%2Fmedia&parent=2850"}],"wp:term":[{"taxonomy":"category","embeddable":true,"href":"https:\/\/veritasinfo.org\/index.php?rest_route=%2Fwp%2Fv2%2Fcategories&post=2850"},{"taxonomy":"post_tag","embeddable":true,"href":"https:\/\/veritasinfo.org\/index.php?rest_route=%2Fwp%2Fv2%2Ftags&post=2850"}],"curies":[{"name":"wp","href":"https:\/\/api.w.org\/{rel}","templated":true}]}}