{"id":28443,"date":"2026-01-20T10:13:32","date_gmt":"2026-01-20T09:13:32","guid":{"rendered":"https:\/\/veritasinfo.org\/?p=28443"},"modified":"2026-01-20T10:13:32","modified_gmt":"2026-01-20T09:13:32","slug":"davos-kurti-ne-panelin-e-shtepise-se-shba-sebesimi-shtylle-e-lidershipit","status":"publish","type":"post","link":"https:\/\/veritasinfo.org\/?p=28443","title":{"rendered":"Davos, Kurti n\u00eb panelin e Sht\u00ebpis\u00eb s\u00eb SHBA-s\u00eb:Besimi, shtyll\u00eb e lidershipit"},"content":{"rendered":"<p>Prishtin\u00eb 20 janar 2026 10:12<\/p>\n<p>Kryeministri n\u00eb detyr\u00eb i Kosov\u00ebs, Albin Kurti, ka marr\u00eb pjes\u00eb sot n\u00eb nj\u00eb panel diskutimi t\u00eb mbajtur n\u00eb Sht\u00ebpin\u00eb e Shteteve t\u00eb Bashkuara t\u00eb Amerik\u00ebs n\u00eb Davos, me tem\u00ebn \u201cBesimi, Lidershipi dhe Amerika 250\u201d.<\/p>\n<p>Agjenda e dit\u00ebs s\u00eb Kryeministrit Kurti n\u00eb kuad\u00ebr t\u00eb Forumit Ekonomik Bot\u00ebror ka nisur me k\u00ebt\u00eb panel, ku ai ishte i ftuar p\u00ebr t\u00eb diskutuar rolin e besimit n\u00eb udh\u00ebheqje dhe n\u00eb nd\u00ebrtimin e unitetit shoq\u00ebror e shtet\u00ebror, njofton zyra e Kryeministrit.<\/p>\n<p>B\u00ebhet e ditur se gjat\u00eb p\u00ebrgjigjeve t\u00eb tij ndaj pyetjeve t\u00eb adresuara nga moderator\u00ebt dhe pjes\u00ebmarr\u00ebsit, Kurti theksoi se besimi p\u00ebrb\u00ebn nj\u00eb shtyll\u00eb themelore t\u00eb sh\u00ebrbimit publik dhe t\u00eb kohezionit shoq\u00ebror n\u00eb etapa t\u00eb ndryshme t\u00eb zhvillimit t\u00eb nj\u00eb shteti. Ai vuri n\u00eb pah se optimizmi p\u00ebr t\u00eb ardhmen buron nga p\u00ebrpjekjet e vazhdueshme dhe angazhimi aktiv i shoq\u00ebrive p\u00ebr ndryshim pozitiv.<\/p>\n<p>Paneli \u00ebsht\u00eb pjes\u00eb e iniciativ\u00ebs s\u00eb Forumit Ekonomik Bot\u00ebror \u201cKomuniteti i Besimit n\u00eb Veprim\u201d, e cila synon t\u00eb nxis\u00eb reflektim dhe bashk\u00ebpunim nd\u00ebrmjet lider\u00ebve nga e gjith\u00eb bota, me fokus n\u00eb nd\u00ebrtimin e partneriteteve inovative n\u00eb fushat e mjedisit, ekonomis\u00eb dhe teknologjis\u00eb, si dhe n\u00eb p\u00ebrshpejtimin e bashk\u00ebpunimit global n\u00eb kontekstin aktual shoq\u00ebror.<\/p>\n","protected":false},"excerpt":{"rendered":"<p>Prishtin\u00eb 20 janar 2026 10:12 Kryeministri n\u00eb detyr\u00eb i Kosov\u00ebs, Albin Kurti, ka marr\u00eb pjes\u00eb sot n\u00eb nj\u00eb panel diskutimi t\u00eb mbajtur n\u00eb Sht\u00ebpin\u00eb e<\/p>\n","protected":false},"author":6,"featured_media":28444,"comment_status":"open","ping_status":"open","sticky":false,"template":"","format":"standard","meta":{"footnotes":""},"categories":[58],"tags":[],"class_list":["post-28443","post","type-post","status-publish","format-standard","has-post-thumbnail","hentry","category-politike-sq"],"yoast_head":"<!-- This site is optimized with the Yoast SEO plugin v25.3.1 - https:\/\/yoast.com\/wordpress\/plugins\/seo\/ -->\n<title>Davos, Kurti n\u00eb panelin e Sht\u00ebpis\u00eb s\u00eb SHBA-s\u00eb:Besimi, shtyll\u00eb e lidershipit -<\/title>\n<meta name=\"robots\" content=\"index, follow, max-snippet:-1, max-image-preview:large, max-video-preview:-1\" \/>\n<link rel=\"canonical\" href=\"https:\/\/veritasinfo.org\/?p=28443\" \/>\n<meta property=\"og:locale\" content=\"en_US\" \/>\n<meta property=\"og:type\" content=\"article\" \/>\n<meta property=\"og:title\" content=\"Davos, Kurti n\u00eb panelin e Sht\u00ebpis\u00eb s\u00eb SHBA-s\u00eb:Besimi, shtyll\u00eb e lidershipit -\" \/>\n<meta property=\"og:description\" content=\"Prishtin\u00eb 20 janar 2026 10:12 Kryeministri n\u00eb detyr\u00eb i Kosov\u00ebs, Albin Kurti, ka marr\u00eb pjes\u00eb sot n\u00eb nj\u00eb panel diskutimi t\u00eb mbajtur n\u00eb Sht\u00ebpin\u00eb e\" \/>\n<meta property=\"og:url\" content=\"https:\/\/veritasinfo.org\/?p=28443\" \/>\n<meta property=\"article:published_time\" content=\"2026-01-20T09:13:32+00:00\" \/>\n<meta property=\"og:image\" content=\"https:\/\/veritasinfo.org\/wp-content\/uploads\/2026\/01\/0-4.jpg\" \/>\n\t<meta property=\"og:image:width\" content=\"1385\" \/>\n\t<meta property=\"og:image:height\" content=\"923\" \/>\n\t<meta property=\"og:image:type\" content=\"image\/jpeg\" \/>\n<meta name=\"author\" content=\"US5\" \/>\n<meta name=\"twitter:card\" content=\"summary_large_image\" \/>\n<meta name=\"twitter:label1\" content=\"Written by\" \/>\n\t<meta name=\"twitter:data1\" content=\"US5\" \/>\n<script type=\"application\/ld+json\" class=\"yoast-schema-graph\">{\"@context\":\"https:\/\/schema.org\",\"@graph\":[{\"@type\":\"WebPage\",\"@id\":\"https:\/\/veritasinfo.org\/?p=28443\",\"url\":\"https:\/\/veritasinfo.org\/?p=28443\",\"name\":\"Davos, Kurti n\u00eb panelin e Sht\u00ebpis\u00eb s\u00eb SHBA-s\u00eb:Besimi, shtyll\u00eb e lidershipit -\",\"isPartOf\":{\"@id\":\"https:\/\/veritasinfo.org\/#website\"},\"primaryImageOfPage\":{\"@id\":\"https:\/\/veritasinfo.org\/?p=28443#primaryimage\"},\"image\":{\"@id\":\"https:\/\/veritasinfo.org\/?p=28443#primaryimage\"},\"thumbnailUrl\":\"https:\/\/veritasinfo.org\/wp-content\/uploads\/2026\/01\/0-4.jpg\",\"datePublished\":\"2026-01-20T09:13:32+00:00\",\"author\":{\"@id\":\"https:\/\/veritasinfo.org\/#\/schema\/person\/bc442336e35414d04494ab8fb45db4c6\"},\"breadcrumb\":{\"@id\":\"https:\/\/veritasinfo.org\/?p=28443#breadcrumb\"},\"inLanguage\":\"en-US\",\"potentialAction\":[{\"@type\":\"ReadAction\",\"target\":[\"https:\/\/veritasinfo.org\/?p=28443\"]}]},{\"@type\":\"ImageObject\",\"inLanguage\":\"en-US\",\"@id\":\"https:\/\/veritasinfo.org\/?p=28443#primaryimage\",\"url\":\"https:\/\/veritasinfo.org\/wp-content\/uploads\/2026\/01\/0-4.jpg\",\"contentUrl\":\"https:\/\/veritasinfo.org\/wp-content\/uploads\/2026\/01\/0-4.jpg\",\"width\":1385,\"height\":923},{\"@type\":\"BreadcrumbList\",\"@id\":\"https:\/\/veritasinfo.org\/?p=28443#breadcrumb\",\"itemListElement\":[{\"@type\":\"ListItem\",\"position\":1,\"name\":\"Home\",\"item\":\"https:\/\/veritasinfo.org\/\"},{\"@type\":\"ListItem\",\"position\":2,\"name\":\"Davos, Kurti n\u00eb panelin e Sht\u00ebpis\u00eb s\u00eb SHBA-s\u00eb:Besimi, shtyll\u00eb e lidershipit\"}]},{\"@type\":\"WebSite\",\"@id\":\"https:\/\/veritasinfo.org\/#website\",\"url\":\"https:\/\/veritasinfo.org\/\",\"name\":\"\",\"description\":\"\",\"potentialAction\":[{\"@type\":\"SearchAction\",\"target\":{\"@type\":\"EntryPoint\",\"urlTemplate\":\"https:\/\/veritasinfo.org\/?s={search_term_string}\"},\"query-input\":{\"@type\":\"PropertyValueSpecification\",\"valueRequired\":true,\"valueName\":\"search_term_string\"}}],\"inLanguage\":\"en-US\"},{\"@type\":\"Person\",\"@id\":\"https:\/\/veritasinfo.org\/#\/schema\/person\/bc442336e35414d04494ab8fb45db4c6\",\"name\":\"US5\",\"image\":{\"@type\":\"ImageObject\",\"inLanguage\":\"en-US\",\"@id\":\"https:\/\/veritasinfo.org\/#\/schema\/person\/image\/\",\"url\":\"https:\/\/secure.gravatar.com\/avatar\/16a61e7272a0c5d001121ebb9e60e925d5816e4ac1e443ed3e640d9a6ae55d0c?s=96&d=mm&r=g\",\"contentUrl\":\"https:\/\/secure.gravatar.com\/avatar\/16a61e7272a0c5d001121ebb9e60e925d5816e4ac1e443ed3e640d9a6ae55d0c?s=96&d=mm&r=g\",\"caption\":\"US5\"},\"url\":\"https:\/\/veritasinfo.org\/?author=6\"}]}<\/script>\n<!-- \/ Yoast SEO plugin. -->","yoast_head_json":{"title":"Davos, Kurti n\u00eb panelin e Sht\u00ebpis\u00eb s\u00eb SHBA-s\u00eb:Besimi, shtyll\u00eb e lidershipit -","robots":{"index":"index","follow":"follow","max-snippet":"max-snippet:-1","max-image-preview":"max-image-preview:large","max-video-preview":"max-video-preview:-1"},"canonical":"https:\/\/veritasinfo.org\/?p=28443","og_locale":"en_US","og_type":"article","og_title":"Davos, Kurti n\u00eb panelin e Sht\u00ebpis\u00eb s\u00eb SHBA-s\u00eb:Besimi, shtyll\u00eb e lidershipit -","og_description":"Prishtin\u00eb 20 janar 2026 10:12 Kryeministri n\u00eb detyr\u00eb i Kosov\u00ebs, Albin Kurti, ka marr\u00eb pjes\u00eb sot n\u00eb nj\u00eb panel diskutimi t\u00eb mbajtur n\u00eb Sht\u00ebpin\u00eb e","og_url":"https:\/\/veritasinfo.org\/?p=28443","article_published_time":"2026-01-20T09:13:32+00:00","og_image":[{"width":1385,"height":923,"url":"https:\/\/veritasinfo.org\/wp-content\/uploads\/2026\/01\/0-4.jpg","type":"image\/jpeg"}],"author":"US5","twitter_card":"summary_large_image","twitter_misc":{"Written by":"US5"},"schema":{"@context":"https:\/\/schema.org","@graph":[{"@type":"WebPage","@id":"https:\/\/veritasinfo.org\/?p=28443","url":"https:\/\/veritasinfo.org\/?p=28443","name":"Davos, Kurti n\u00eb panelin e Sht\u00ebpis\u00eb s\u00eb SHBA-s\u00eb:Besimi, shtyll\u00eb e lidershipit -","isPartOf":{"@id":"https:\/\/veritasinfo.org\/#website"},"primaryImageOfPage":{"@id":"https:\/\/veritasinfo.org\/?p=28443#primaryimage"},"image":{"@id":"https:\/\/veritasinfo.org\/?p=28443#primaryimage"},"thumbnailUrl":"https:\/\/veritasinfo.org\/wp-content\/uploads\/2026\/01\/0-4.jpg","datePublished":"2026-01-20T09:13:32+00:00","author":{"@id":"https:\/\/veritasinfo.org\/#\/schema\/person\/bc442336e35414d04494ab8fb45db4c6"},"breadcrumb":{"@id":"https:\/\/veritasinfo.org\/?p=28443#breadcrumb"},"inLanguage":"en-US","potentialAction":[{"@type":"ReadAction","target":["https:\/\/veritasinfo.org\/?p=28443"]}]},{"@type":"ImageObject","inLanguage":"en-US","@id":"https:\/\/veritasinfo.org\/?p=28443#primaryimage","url":"https:\/\/veritasinfo.org\/wp-content\/uploads\/2026\/01\/0-4.jpg","contentUrl":"https:\/\/veritasinfo.org\/wp-content\/uploads\/2026\/01\/0-4.jpg","width":1385,"height":923},{"@type":"BreadcrumbList","@id":"https:\/\/veritasinfo.org\/?p=28443#breadcrumb","itemListElement":[{"@type":"ListItem","position":1,"name":"Home","item":"https:\/\/veritasinfo.org\/"},{"@type":"ListItem","position":2,"name":"Davos, Kurti n\u00eb panelin e Sht\u00ebpis\u00eb s\u00eb SHBA-s\u00eb:Besimi, shtyll\u00eb e lidershipit"}]},{"@type":"WebSite","@id":"https:\/\/veritasinfo.org\/#website","url":"https:\/\/veritasinfo.org\/","name":"","description":"","potentialAction":[{"@type":"SearchAction","target":{"@type":"EntryPoint","urlTemplate":"https:\/\/veritasinfo.org\/?s={search_term_string}"},"query-input":{"@type":"PropertyValueSpecification","valueRequired":true,"valueName":"search_term_string"}}],"inLanguage":"en-US"},{"@type":"Person","@id":"https:\/\/veritasinfo.org\/#\/schema\/person\/bc442336e35414d04494ab8fb45db4c6","name":"US5","image":{"@type":"ImageObject","inLanguage":"en-US","@id":"https:\/\/veritasinfo.org\/#\/schema\/person\/image\/","url":"https:\/\/secure.gravatar.com\/avatar\/16a61e7272a0c5d001121ebb9e60e925d5816e4ac1e443ed3e640d9a6ae55d0c?s=96&d=mm&r=g","contentUrl":"https:\/\/secure.gravatar.com\/avatar\/16a61e7272a0c5d001121ebb9e60e925d5816e4ac1e443ed3e640d9a6ae55d0c?s=96&d=mm&r=g","caption":"US5"},"url":"https:\/\/veritasinfo.org\/?author=6"}]}},"featured_image_urls":{"full":["https:\/\/veritasinfo.org\/wp-content\/uploads\/2026\/01\/0-4.jpg",1385,923,false],"thumbnail":["https:\/\/veritasinfo.org\/wp-content\/uploads\/2026\/01\/0-4-150x150.jpg",150,150,true],"medium":["https:\/\/veritasinfo.org\/wp-content\/uploads\/2026\/01\/0-4-300x200.jpg",300,200,true],"medium_large":["https:\/\/veritasinfo.org\/wp-content\/uploads\/2026\/01\/0-4-768x512.jpg",640,427,true],"large":["https:\/\/veritasinfo.org\/wp-content\/uploads\/2026\/01\/0-4-1024x682.jpg",640,426,true],"1536x1536":["https:\/\/veritasinfo.org\/wp-content\/uploads\/2026\/01\/0-4.jpg",1385,923,false],"2048x2048":["https:\/\/veritasinfo.org\/wp-content\/uploads\/2026\/01\/0-4.jpg",1385,923,false],"kreeti-slider-full":["https:\/\/veritasinfo.org\/wp-content\/uploads\/2026\/01\/0-4.jpg",1080,720,false],"kreeti-featured":["https:\/\/veritasinfo.org\/wp-content\/uploads\/2026\/01\/0-4.jpg",1024,682,false],"kreeti-medium":["https:\/\/veritasinfo.org\/wp-content\/uploads\/2026\/01\/0-4.jpg",720,480,false],"kreeti-medium-square":["https:\/\/veritasinfo.org\/wp-content\/uploads\/2026\/01\/0-4.jpg",350,233,false]},"author_info":{"info":["US5"]},"category_info":"<a href=\"https:\/\/veritasinfo.org\/?cat=58\" rel=\"category\">Politik\u00eb<\/a>","tag_info":"Politik\u00eb","comment_count":"0","_links":{"self":[{"href":"https:\/\/veritasinfo.org\/index.php?rest_route=\/wp\/v2\/posts\/28443","targetHints":{"allow":["GET"]}}],"collection":[{"href":"https:\/\/veritasinfo.org\/index.php?rest_route=\/wp\/v2\/posts"}],"about":[{"href":"https:\/\/veritasinfo.org\/index.php?rest_route=\/wp\/v2\/types\/post"}],"author":[{"embeddable":true,"href":"https:\/\/veritasinfo.org\/index.php?rest_route=\/wp\/v2\/users\/6"}],"replies":[{"embeddable":true,"href":"https:\/\/veritasinfo.org\/index.php?rest_route=%2Fwp%2Fv2%2Fcomments&post=28443"}],"version-history":[{"count":1,"href":"https:\/\/veritasinfo.org\/index.php?rest_route=\/wp\/v2\/posts\/28443\/revisions"}],"predecessor-version":[{"id":28445,"href":"https:\/\/veritasinfo.org\/index.php?rest_route=\/wp\/v2\/posts\/28443\/revisions\/28445"}],"wp:featuredmedia":[{"embeddable":true,"href":"https:\/\/veritasinfo.org\/index.php?rest_route=\/wp\/v2\/media\/28444"}],"wp:attachment":[{"href":"https:\/\/veritasinfo.org\/index.php?rest_route=%2Fwp%2Fv2%2Fmedia&parent=28443"}],"wp:term":[{"taxonomy":"category","embeddable":true,"href":"https:\/\/veritasinfo.org\/index.php?rest_route=%2Fwp%2Fv2%2Fcategories&post=28443"},{"taxonomy":"post_tag","embeddable":true,"href":"https:\/\/veritasinfo.org\/index.php?rest_route=%2Fwp%2Fv2%2Ftags&post=28443"}],"curies":[{"name":"wp","href":"https:\/\/api.w.org\/{rel}","templated":true}]}}