{"id":2843,"date":"2025-07-07T21:13:54","date_gmt":"2025-07-07T19:13:54","guid":{"rendered":"https:\/\/veritasinfo.org\/?p=2843"},"modified":"2025-07-07T22:03:51","modified_gmt":"2025-07-07T20:03:51","slug":"arrestohen-pese-police-ne-rastin-arrestimit-te-27-vjecarit-qe-vdiq-ne-lipjan","status":"publish","type":"post","link":"https:\/\/veritasinfo.org\/?p=2843","title":{"rendered":"Arrestohen pes\u00eb polic\u00eb n\u00eb rastin arrestimit t\u00eb 27-vje\u00e7arit q\u00eb vdiq n\u00eb Lipjan"},"content":{"rendered":"<p>Prishtin\u00eb, 7 Korrik 2025<\/p>\n<p style=\"font-weight: 400;\"><span style=\"font-style: inherit; font-weight: inherit;\"><br \/>\nPes\u00eb zyrtar\u00ebt policor\u00eb, suspendimin e t\u00eb cil\u00ebve e k\u00ebrkoi Inspektorati Policor, jan\u00eb arrestuar, pasi dyshohen p\u00ebr vepr\u00ebn &#8220;vrasje nga pakujdesia&#8221;.<\/span><\/p>\n<p style=\"font-weight: 400;\"><span style=\"font-style: inherit; font-weight: inherit;\">T\u00eb nj\u00ebjtit kan\u00eb marr\u00eb pjes\u00eb n\u00eb arrestimin e nj\u00eb burri n\u00eb Lipjan, i cili m\u00eb pas vdiq.<\/span><\/p>\n<p style=\"font-weight: 400;\"><span style=\"font-style: inherit; font-weight: inherit;\">27-vje\u00e7ari, Agon Zejnullahu, ka vdekur n\u00eb or\u00ebt e para t\u00eb s\u00eb h\u00ebn\u00ebs, pak pasi \u00ebsht\u00eb arrestuar nga policia n\u00eb Lipjan, p\u00ebr shkak t\u00eb dyshimeve se po sulmonte automjete e kalimtar\u00eb.<\/span><\/p>\n<p style=\"font-weight: 400;\"><span style=\"font-style: inherit; font-weight: inherit;\">E, Alban Zejnullahu, v\u00ebllai i t\u00eb ndjerit ka th\u00ebn\u00eb se Agoni vdiq si pasoj\u00eb e dhun\u00ebs s\u00eb ushtruar nga policia gjat\u00eb arrestimit.<\/span><\/p>\n<p style=\"font-weight: 400;\"><span style=\"font-style: inherit; font-weight: inherit;\">\u201cNe nuk na ka njoftuar kurrgj\u00eb, na e kan\u00eb nd\u00ebrruar dy-tri her\u00eb, jo k\u00ebshtu ka vdekur, jo k\u00ebshtu. Pasi i kemi par\u00eb videot, e kemi v\u00ebrejtur q\u00eb rasti ka qen\u00eb krejt ndryshe. Nga dhuna e tepruar e polic\u00ebve, ka ardhur deri te vdekja edhe n\u00eb baz\u00eb t\u00eb videos si\u00e7 duket\u201d, ka th\u00ebn\u00eb ai.\u00a0\u00a0<\/span><\/p>\n","protected":false},"excerpt":{"rendered":"<p>Prishtin\u00eb, 7 Korrik 2025 Pes\u00eb zyrtar\u00ebt policor\u00eb, suspendimin e t\u00eb cil\u00ebve e k\u00ebrkoi Inspektorati Policor, jan\u00eb arrestuar, pasi dyshohen p\u00ebr vepr\u00ebn &#8220;vrasje nga pakujdesia&#8221;. T\u00eb<\/p>\n","protected":false},"author":1,"featured_media":2844,"comment_status":"open","ping_status":"open","sticky":false,"template":"","format":"standard","meta":{"footnotes":""},"categories":[60],"tags":[],"class_list":["post-2843","post","type-post","status-publish","format-standard","has-post-thumbnail","hentry","category-shoqerore-sq"],"yoast_head":"<!-- This site is optimized with the Yoast SEO plugin v25.3.1 - https:\/\/yoast.com\/wordpress\/plugins\/seo\/ -->\n<title>Arrestohen pes\u00eb polic\u00eb n\u00eb rastin arrestimit t\u00eb 27-vje\u00e7arit q\u00eb vdiq n\u00eb Lipjan -<\/title>\n<meta name=\"robots\" content=\"index, follow, max-snippet:-1, max-image-preview:large, max-video-preview:-1\" \/>\n<link rel=\"canonical\" href=\"https:\/\/veritasinfo.org\/?p=2843\" \/>\n<meta property=\"og:locale\" content=\"en_US\" \/>\n<meta property=\"og:type\" content=\"article\" \/>\n<meta property=\"og:title\" content=\"Arrestohen pes\u00eb polic\u00eb n\u00eb rastin arrestimit t\u00eb 27-vje\u00e7arit q\u00eb vdiq n\u00eb Lipjan -\" \/>\n<meta property=\"og:description\" content=\"Prishtin\u00eb, 7 Korrik 2025 Pes\u00eb zyrtar\u00ebt policor\u00eb, suspendimin e t\u00eb cil\u00ebve e k\u00ebrkoi Inspektorati Policor, jan\u00eb arrestuar, pasi dyshohen p\u00ebr vepr\u00ebn &#8220;vrasje nga pakujdesia&#8221;. T\u00eb\" \/>\n<meta property=\"og:url\" content=\"https:\/\/veritasinfo.org\/?p=2843\" \/>\n<meta property=\"article:published_time\" content=\"2025-07-07T19:13:54+00:00\" \/>\n<meta property=\"article:modified_time\" content=\"2025-07-07T20:03:51+00:00\" \/>\n<meta property=\"og:image\" content=\"https:\/\/veritasinfo.org\/wp-content\/uploads\/2025\/07\/IMG_0877.webp\" \/>\n\t<meta property=\"og:image:width\" content=\"1030\" \/>\n\t<meta property=\"og:image:height\" content=\"755\" \/>\n\t<meta property=\"og:image:type\" content=\"image\/webp\" \/>\n<meta name=\"author\" content=\"admin\" \/>\n<meta name=\"twitter:card\" content=\"summary_large_image\" \/>\n<meta name=\"twitter:label1\" content=\"Written by\" \/>\n\t<meta name=\"twitter:data1\" content=\"admin\" \/>\n\t<meta name=\"twitter:label2\" content=\"Est. reading time\" \/>\n\t<meta name=\"twitter:data2\" content=\"1 minute\" \/>\n<script type=\"application\/ld+json\" class=\"yoast-schema-graph\">{\"@context\":\"https:\/\/schema.org\",\"@graph\":[{\"@type\":\"WebPage\",\"@id\":\"https:\/\/veritasinfo.org\/?p=2843\",\"url\":\"https:\/\/veritasinfo.org\/?p=2843\",\"name\":\"Arrestohen pes\u00eb polic\u00eb n\u00eb rastin arrestimit t\u00eb 27-vje\u00e7arit q\u00eb vdiq n\u00eb Lipjan -\",\"isPartOf\":{\"@id\":\"https:\/\/veritasinfo.org\/#website\"},\"primaryImageOfPage\":{\"@id\":\"https:\/\/veritasinfo.org\/?p=2843#primaryimage\"},\"image\":{\"@id\":\"https:\/\/veritasinfo.org\/?p=2843#primaryimage\"},\"thumbnailUrl\":\"https:\/\/veritasinfo.org\/wp-content\/uploads\/2025\/07\/IMG_0877.webp\",\"datePublished\":\"2025-07-07T19:13:54+00:00\",\"dateModified\":\"2025-07-07T20:03:51+00:00\",\"author\":{\"@id\":\"https:\/\/veritasinfo.org\/#\/schema\/person\/7701f8c088bece422266b100a712374f\"},\"breadcrumb\":{\"@id\":\"https:\/\/veritasinfo.org\/?p=2843#breadcrumb\"},\"inLanguage\":\"en-US\",\"potentialAction\":[{\"@type\":\"ReadAction\",\"target\":[\"https:\/\/veritasinfo.org\/?p=2843\"]}]},{\"@type\":\"ImageObject\",\"inLanguage\":\"en-US\",\"@id\":\"https:\/\/veritasinfo.org\/?p=2843#primaryimage\",\"url\":\"https:\/\/veritasinfo.org\/wp-content\/uploads\/2025\/07\/IMG_0877.webp\",\"contentUrl\":\"https:\/\/veritasinfo.org\/wp-content\/uploads\/2025\/07\/IMG_0877.webp\",\"width\":1030,\"height\":755},{\"@type\":\"BreadcrumbList\",\"@id\":\"https:\/\/veritasinfo.org\/?p=2843#breadcrumb\",\"itemListElement\":[{\"@type\":\"ListItem\",\"position\":1,\"name\":\"Home\",\"item\":\"https:\/\/veritasinfo.org\/\"},{\"@type\":\"ListItem\",\"position\":2,\"name\":\"Arrestohen pes\u00eb polic\u00eb n\u00eb rastin arrestimit t\u00eb 27-vje\u00e7arit q\u00eb vdiq n\u00eb Lipjan\"}]},{\"@type\":\"WebSite\",\"@id\":\"https:\/\/veritasinfo.org\/#website\",\"url\":\"https:\/\/veritasinfo.org\/\",\"name\":\"\",\"description\":\"\",\"potentialAction\":[{\"@type\":\"SearchAction\",\"target\":{\"@type\":\"EntryPoint\",\"urlTemplate\":\"https:\/\/veritasinfo.org\/?s={search_term_string}\"},\"query-input\":{\"@type\":\"PropertyValueSpecification\",\"valueRequired\":true,\"valueName\":\"search_term_string\"}}],\"inLanguage\":\"en-US\"},{\"@type\":\"Person\",\"@id\":\"https:\/\/veritasinfo.org\/#\/schema\/person\/7701f8c088bece422266b100a712374f\",\"name\":\"admin\",\"image\":{\"@type\":\"ImageObject\",\"inLanguage\":\"en-US\",\"@id\":\"https:\/\/veritasinfo.org\/#\/schema\/person\/image\/\",\"url\":\"https:\/\/secure.gravatar.com\/avatar\/ea53aa3bf6c9a12d5fde8ce4deff43fef3885ae33cf60184161a50d6987cfd2f?s=96&d=mm&r=g\",\"contentUrl\":\"https:\/\/secure.gravatar.com\/avatar\/ea53aa3bf6c9a12d5fde8ce4deff43fef3885ae33cf60184161a50d6987cfd2f?s=96&d=mm&r=g\",\"caption\":\"admin\"},\"sameAs\":[\"https:\/\/veritasinfo.org\"],\"url\":\"https:\/\/veritasinfo.org\/?author=1\"}]}<\/script>\n<!-- \/ Yoast SEO plugin. -->","yoast_head_json":{"title":"Arrestohen pes\u00eb polic\u00eb n\u00eb rastin arrestimit t\u00eb 27-vje\u00e7arit q\u00eb vdiq n\u00eb Lipjan -","robots":{"index":"index","follow":"follow","max-snippet":"max-snippet:-1","max-image-preview":"max-image-preview:large","max-video-preview":"max-video-preview:-1"},"canonical":"https:\/\/veritasinfo.org\/?p=2843","og_locale":"en_US","og_type":"article","og_title":"Arrestohen pes\u00eb polic\u00eb n\u00eb rastin arrestimit t\u00eb 27-vje\u00e7arit q\u00eb vdiq n\u00eb Lipjan -","og_description":"Prishtin\u00eb, 7 Korrik 2025 Pes\u00eb zyrtar\u00ebt policor\u00eb, suspendimin e t\u00eb cil\u00ebve e k\u00ebrkoi Inspektorati Policor, jan\u00eb arrestuar, pasi dyshohen p\u00ebr vepr\u00ebn &#8220;vrasje nga pakujdesia&#8221;. T\u00eb","og_url":"https:\/\/veritasinfo.org\/?p=2843","article_published_time":"2025-07-07T19:13:54+00:00","article_modified_time":"2025-07-07T20:03:51+00:00","og_image":[{"width":1030,"height":755,"url":"https:\/\/veritasinfo.org\/wp-content\/uploads\/2025\/07\/IMG_0877.webp","type":"image\/webp"}],"author":"admin","twitter_card":"summary_large_image","twitter_misc":{"Written by":"admin","Est. reading time":"1 minute"},"schema":{"@context":"https:\/\/schema.org","@graph":[{"@type":"WebPage","@id":"https:\/\/veritasinfo.org\/?p=2843","url":"https:\/\/veritasinfo.org\/?p=2843","name":"Arrestohen pes\u00eb polic\u00eb n\u00eb rastin arrestimit t\u00eb 27-vje\u00e7arit q\u00eb vdiq n\u00eb Lipjan -","isPartOf":{"@id":"https:\/\/veritasinfo.org\/#website"},"primaryImageOfPage":{"@id":"https:\/\/veritasinfo.org\/?p=2843#primaryimage"},"image":{"@id":"https:\/\/veritasinfo.org\/?p=2843#primaryimage"},"thumbnailUrl":"https:\/\/veritasinfo.org\/wp-content\/uploads\/2025\/07\/IMG_0877.webp","datePublished":"2025-07-07T19:13:54+00:00","dateModified":"2025-07-07T20:03:51+00:00","author":{"@id":"https:\/\/veritasinfo.org\/#\/schema\/person\/7701f8c088bece422266b100a712374f"},"breadcrumb":{"@id":"https:\/\/veritasinfo.org\/?p=2843#breadcrumb"},"inLanguage":"en-US","potentialAction":[{"@type":"ReadAction","target":["https:\/\/veritasinfo.org\/?p=2843"]}]},{"@type":"ImageObject","inLanguage":"en-US","@id":"https:\/\/veritasinfo.org\/?p=2843#primaryimage","url":"https:\/\/veritasinfo.org\/wp-content\/uploads\/2025\/07\/IMG_0877.webp","contentUrl":"https:\/\/veritasinfo.org\/wp-content\/uploads\/2025\/07\/IMG_0877.webp","width":1030,"height":755},{"@type":"BreadcrumbList","@id":"https:\/\/veritasinfo.org\/?p=2843#breadcrumb","itemListElement":[{"@type":"ListItem","position":1,"name":"Home","item":"https:\/\/veritasinfo.org\/"},{"@type":"ListItem","position":2,"name":"Arrestohen pes\u00eb polic\u00eb n\u00eb rastin arrestimit t\u00eb 27-vje\u00e7arit q\u00eb vdiq n\u00eb Lipjan"}]},{"@type":"WebSite","@id":"https:\/\/veritasinfo.org\/#website","url":"https:\/\/veritasinfo.org\/","name":"","description":"","potentialAction":[{"@type":"SearchAction","target":{"@type":"EntryPoint","urlTemplate":"https:\/\/veritasinfo.org\/?s={search_term_string}"},"query-input":{"@type":"PropertyValueSpecification","valueRequired":true,"valueName":"search_term_string"}}],"inLanguage":"en-US"},{"@type":"Person","@id":"https:\/\/veritasinfo.org\/#\/schema\/person\/7701f8c088bece422266b100a712374f","name":"admin","image":{"@type":"ImageObject","inLanguage":"en-US","@id":"https:\/\/veritasinfo.org\/#\/schema\/person\/image\/","url":"https:\/\/secure.gravatar.com\/avatar\/ea53aa3bf6c9a12d5fde8ce4deff43fef3885ae33cf60184161a50d6987cfd2f?s=96&d=mm&r=g","contentUrl":"https:\/\/secure.gravatar.com\/avatar\/ea53aa3bf6c9a12d5fde8ce4deff43fef3885ae33cf60184161a50d6987cfd2f?s=96&d=mm&r=g","caption":"admin"},"sameAs":["https:\/\/veritasinfo.org"],"url":"https:\/\/veritasinfo.org\/?author=1"}]}},"featured_image_urls":{"full":["https:\/\/veritasinfo.org\/wp-content\/uploads\/2025\/07\/IMG_0877.webp",1030,755,false],"thumbnail":["https:\/\/veritasinfo.org\/wp-content\/uploads\/2025\/07\/IMG_0877-150x150.webp",150,150,true],"medium":["https:\/\/veritasinfo.org\/wp-content\/uploads\/2025\/07\/IMG_0877-300x220.webp",300,220,true],"medium_large":["https:\/\/veritasinfo.org\/wp-content\/uploads\/2025\/07\/IMG_0877-768x563.webp",640,469,true],"large":["https:\/\/veritasinfo.org\/wp-content\/uploads\/2025\/07\/IMG_0877-1024x751.webp",640,469,true],"1536x1536":["https:\/\/veritasinfo.org\/wp-content\/uploads\/2025\/07\/IMG_0877.webp",1030,755,false],"2048x2048":["https:\/\/veritasinfo.org\/wp-content\/uploads\/2025\/07\/IMG_0877.webp",1030,755,false],"kreeti-slider-full":["https:\/\/veritasinfo.org\/wp-content\/uploads\/2025\/07\/IMG_0877.webp",982,720,false],"kreeti-featured":["https:\/\/veritasinfo.org\/wp-content\/uploads\/2025\/07\/IMG_0877.webp",1024,751,false],"kreeti-medium":["https:\/\/veritasinfo.org\/wp-content\/uploads\/2025\/07\/IMG_0877.webp",720,528,false],"kreeti-medium-square":["https:\/\/veritasinfo.org\/wp-content\/uploads\/2025\/07\/IMG_0877.webp",350,257,false]},"author_info":{"info":["admin"]},"category_info":"<a href=\"https:\/\/veritasinfo.org\/?cat=60\" rel=\"category\">Shoq\u00ebrore<\/a>","tag_info":"Shoq\u00ebrore","comment_count":"0","_links":{"self":[{"href":"https:\/\/veritasinfo.org\/index.php?rest_route=\/wp\/v2\/posts\/2843","targetHints":{"allow":["GET"]}}],"collection":[{"href":"https:\/\/veritasinfo.org\/index.php?rest_route=\/wp\/v2\/posts"}],"about":[{"href":"https:\/\/veritasinfo.org\/index.php?rest_route=\/wp\/v2\/types\/post"}],"author":[{"embeddable":true,"href":"https:\/\/veritasinfo.org\/index.php?rest_route=\/wp\/v2\/users\/1"}],"replies":[{"embeddable":true,"href":"https:\/\/veritasinfo.org\/index.php?rest_route=%2Fwp%2Fv2%2Fcomments&post=2843"}],"version-history":[{"count":1,"href":"https:\/\/veritasinfo.org\/index.php?rest_route=\/wp\/v2\/posts\/2843\/revisions"}],"predecessor-version":[{"id":2845,"href":"https:\/\/veritasinfo.org\/index.php?rest_route=\/wp\/v2\/posts\/2843\/revisions\/2845"}],"wp:featuredmedia":[{"embeddable":true,"href":"https:\/\/veritasinfo.org\/index.php?rest_route=\/wp\/v2\/media\/2844"}],"wp:attachment":[{"href":"https:\/\/veritasinfo.org\/index.php?rest_route=%2Fwp%2Fv2%2Fmedia&parent=2843"}],"wp:term":[{"taxonomy":"category","embeddable":true,"href":"https:\/\/veritasinfo.org\/index.php?rest_route=%2Fwp%2Fv2%2Fcategories&post=2843"},{"taxonomy":"post_tag","embeddable":true,"href":"https:\/\/veritasinfo.org\/index.php?rest_route=%2Fwp%2Fv2%2Ftags&post=2843"}],"curies":[{"name":"wp","href":"https:\/\/api.w.org\/{rel}","templated":true}]}}