{"id":28406,"date":"2026-01-20T08:05:30","date_gmt":"2026-01-20T07:05:30","guid":{"rendered":"https:\/\/veritasinfo.org\/?p=28406"},"modified":"2026-01-20T08:05:30","modified_gmt":"2026-01-20T07:05:30","slug":"sot-ne-davos-kurti-do-te-flase-per-demokracine-e-kosoven","status":"publish","type":"post","link":"https:\/\/veritasinfo.org\/?p=28406","title":{"rendered":"Sot n\u00eb Davos, Kurti do t\u00eb flas\u00eb p\u00ebr demokracin\u00eb e Kosov\u00ebn"},"content":{"rendered":"<p>Prishtin\u00eb 20 janar 2026 08:40<br \/>\nKryeministri n\u00eb detyr\u00eb i Republik\u00ebs s\u00eb Kosov\u00ebs, Albin Kurti, sot n\u00eb Sht\u00ebpin\u00eb e Kosov\u00ebs n\u00eb Davos, n\u00eb kuad\u00ebr t\u00eb Forumit n\u00eb Davos, do t\u00eb flas\u00eb p\u00ebr Kosov\u00ebn e demokracin\u00eb.<\/p>\n<p>\u201cNj\u00eb bised\u00eb q\u00eb bashkon Albin Kurtin, Kryeminist\u00ebr i Republik\u00ebs s\u00eb Kosov\u00ebs, dhe Rory Stewart OBE, p\u00ebr nj\u00eb shk\u00ebmbim t\u00eb hapur mbi udh\u00ebheqjen, demokracin\u00eb, Kosov\u00ebn dhe \u00e7\u00ebshtjet globale\u201d, njofton Sht\u00ebpia e Kosov\u00ebs.<\/p>\n<p>Kryeministri n\u00eb detyr\u00eb i Republik\u00ebs s\u00eb Kosov\u00ebs, Albin Kurti, dje priti n\u00eb Sht\u00ebpin\u00eb e Kosov\u00ebs n\u00eb Davos ministrin e Promovimit t\u00eb Eksportit, Tregtis\u00eb Nd\u00ebrkomb\u00ebtare dhe Zhvillimit Ekonomik t\u00eb Kanadas\u00eb, Maninder Sidhu.<\/p>\n<p>Kosova do t\u00eb prezantohet n\u00eb Forumin Ekonomik Bot\u00ebror \u201cDavos 2026\u201d p\u00ebrmes iniciativ\u00ebs \u201cHouse of Kosova\u201d, me sloganin \u201cSht\u00ebpia e Kosov\u00ebs, sht\u00ebpi e talentit\u201d. Ky prezantim e radhit Kosov\u00ebn n\u00eb mesin e 25 shteteve n\u00eb bot\u00eb q\u00eb kan\u00eb hap\u00ebsir\u00eb t\u00eb dedikuar p\u00ebrfaq\u00ebsimi gjat\u00eb k\u00ebtij forumi global.<\/p>\n<p>N\u00eb Davos, Kosova do t\u00eb p\u00ebrfaq\u00ebsohet nga kryeministri n\u00eb detyr\u00eb, Albin Kurti, i cili do t\u00eb zhvilloj\u00eb takime me lider\u00eb politik\u00eb nd\u00ebrkomb\u00ebtar\u00eb, investitor\u00eb t\u00eb huaj dhe t\u00eb diaspor\u00ebs, si dhe p\u00ebrfaq\u00ebsues t\u00eb shoq\u00ebris\u00eb civile dhe biznesit global.<\/p>\n<p>\u201cHouse of Kosova\u201d do t\u00eb jet\u00eb e hapur nga 19 deri m\u00eb 23 janar 2026, \u00e7do dit\u00eb nga ora 10:00, n\u00eb Davos Platz, duke sh\u00ebrbyer si pik\u00eb takimi dhe rrjet\u00ebzimi p\u00ebr lider\u00eb, sip\u00ebrmarr\u00ebs, investitor\u00eb dhe p\u00ebrfaq\u00ebsues t\u00eb diaspor\u00ebs kosovare.<\/p>\n<p>Programi i sivjetm\u00eb p\u00ebrfshin panele t\u00eb nivelit t\u00eb lart\u00eb, prezantime t\u00eb potencialit t\u00eb Kosov\u00ebs p\u00ebr investime t\u00eb huaja, aktivitete kulturore dhe ngjarje rrjet\u00ebzimi q\u00eb adresojn\u00eb temat m\u00eb aktuale globale, p\u00ebrfshir\u00eb demokracin\u00eb, sigurin\u00eb, inteligjenc\u00ebn artificiale, tranzicionin energjetik dhe nd\u00ebrtimin e q\u00ebndruesh\u00ebm.<\/p>\n<p>Pjes\u00ebmarrja e Kosov\u00ebs me \u201cHouse of Kosova\u201d n\u00eb Davos vler\u00ebsohet si nj\u00eb platform\u00eb strategjike p\u00ebr promovimin e vendit si destinacion p\u00ebr investime, inovacion dhe bashk\u00ebpunim nd\u00ebrkomb\u00ebtar.<\/p>\n","protected":false},"excerpt":{"rendered":"<p>Prishtin\u00eb 20 janar 2026 08:40 Kryeministri n\u00eb detyr\u00eb i Republik\u00ebs s\u00eb Kosov\u00ebs, Albin Kurti, sot n\u00eb Sht\u00ebpin\u00eb e Kosov\u00ebs n\u00eb Davos, n\u00eb kuad\u00ebr t\u00eb Forumit<\/p>\n","protected":false},"author":6,"featured_media":28407,"comment_status":"open","ping_status":"open","sticky":false,"template":"","format":"standard","meta":{"footnotes":""},"categories":[58],"tags":[],"class_list":["post-28406","post","type-post","status-publish","format-standard","has-post-thumbnail","hentry","category-politike-sq"],"yoast_head":"<!-- This site is optimized with the Yoast SEO plugin v25.3.1 - https:\/\/yoast.com\/wordpress\/plugins\/seo\/ -->\n<title>Sot n\u00eb Davos, Kurti do t\u00eb flas\u00eb p\u00ebr demokracin\u00eb e Kosov\u00ebn -<\/title>\n<meta name=\"robots\" content=\"index, follow, max-snippet:-1, max-image-preview:large, max-video-preview:-1\" \/>\n<link rel=\"canonical\" href=\"https:\/\/veritasinfo.org\/?p=28406\" \/>\n<meta property=\"og:locale\" content=\"en_US\" \/>\n<meta property=\"og:type\" content=\"article\" \/>\n<meta property=\"og:title\" content=\"Sot n\u00eb Davos, Kurti do t\u00eb flas\u00eb p\u00ebr demokracin\u00eb e Kosov\u00ebn -\" \/>\n<meta property=\"og:description\" content=\"Prishtin\u00eb 20 janar 2026 08:40 Kryeministri n\u00eb detyr\u00eb i Republik\u00ebs s\u00eb Kosov\u00ebs, Albin Kurti, sot n\u00eb Sht\u00ebpin\u00eb e Kosov\u00ebs n\u00eb Davos, n\u00eb kuad\u00ebr t\u00eb Forumit\" \/>\n<meta property=\"og:url\" content=\"https:\/\/veritasinfo.org\/?p=28406\" \/>\n<meta property=\"article:published_time\" content=\"2026-01-20T07:05:30+00:00\" \/>\n<meta property=\"og:image\" content=\"https:\/\/veritasinfo.org\/wp-content\/uploads\/2026\/01\/auto_714788-VKL5CoyKNN1768892073.jpeg\" \/>\n\t<meta property=\"og:image:width\" content=\"900\" \/>\n\t<meta property=\"og:image:height\" content=\"577\" \/>\n\t<meta property=\"og:image:type\" content=\"image\/jpeg\" \/>\n<meta name=\"author\" content=\"US5\" \/>\n<meta name=\"twitter:card\" content=\"summary_large_image\" \/>\n<meta name=\"twitter:label1\" content=\"Written by\" \/>\n\t<meta name=\"twitter:data1\" content=\"US5\" \/>\n\t<meta name=\"twitter:label2\" content=\"Est. reading time\" \/>\n\t<meta name=\"twitter:data2\" content=\"1 minute\" \/>\n<script type=\"application\/ld+json\" class=\"yoast-schema-graph\">{\"@context\":\"https:\/\/schema.org\",\"@graph\":[{\"@type\":\"WebPage\",\"@id\":\"https:\/\/veritasinfo.org\/?p=28406\",\"url\":\"https:\/\/veritasinfo.org\/?p=28406\",\"name\":\"Sot n\u00eb Davos, Kurti do t\u00eb flas\u00eb p\u00ebr demokracin\u00eb e Kosov\u00ebn -\",\"isPartOf\":{\"@id\":\"https:\/\/veritasinfo.org\/#website\"},\"primaryImageOfPage\":{\"@id\":\"https:\/\/veritasinfo.org\/?p=28406#primaryimage\"},\"image\":{\"@id\":\"https:\/\/veritasinfo.org\/?p=28406#primaryimage\"},\"thumbnailUrl\":\"https:\/\/veritasinfo.org\/wp-content\/uploads\/2026\/01\/auto_714788-VKL5CoyKNN1768892073.jpeg\",\"datePublished\":\"2026-01-20T07:05:30+00:00\",\"author\":{\"@id\":\"https:\/\/veritasinfo.org\/#\/schema\/person\/bc442336e35414d04494ab8fb45db4c6\"},\"breadcrumb\":{\"@id\":\"https:\/\/veritasinfo.org\/?p=28406#breadcrumb\"},\"inLanguage\":\"en-US\",\"potentialAction\":[{\"@type\":\"ReadAction\",\"target\":[\"https:\/\/veritasinfo.org\/?p=28406\"]}]},{\"@type\":\"ImageObject\",\"inLanguage\":\"en-US\",\"@id\":\"https:\/\/veritasinfo.org\/?p=28406#primaryimage\",\"url\":\"https:\/\/veritasinfo.org\/wp-content\/uploads\/2026\/01\/auto_714788-VKL5CoyKNN1768892073.jpeg\",\"contentUrl\":\"https:\/\/veritasinfo.org\/wp-content\/uploads\/2026\/01\/auto_714788-VKL5CoyKNN1768892073.jpeg\",\"width\":900,\"height\":577},{\"@type\":\"BreadcrumbList\",\"@id\":\"https:\/\/veritasinfo.org\/?p=28406#breadcrumb\",\"itemListElement\":[{\"@type\":\"ListItem\",\"position\":1,\"name\":\"Home\",\"item\":\"https:\/\/veritasinfo.org\/\"},{\"@type\":\"ListItem\",\"position\":2,\"name\":\"Sot n\u00eb Davos, Kurti do t\u00eb flas\u00eb p\u00ebr demokracin\u00eb e Kosov\u00ebn\"}]},{\"@type\":\"WebSite\",\"@id\":\"https:\/\/veritasinfo.org\/#website\",\"url\":\"https:\/\/veritasinfo.org\/\",\"name\":\"\",\"description\":\"\",\"potentialAction\":[{\"@type\":\"SearchAction\",\"target\":{\"@type\":\"EntryPoint\",\"urlTemplate\":\"https:\/\/veritasinfo.org\/?s={search_term_string}\"},\"query-input\":{\"@type\":\"PropertyValueSpecification\",\"valueRequired\":true,\"valueName\":\"search_term_string\"}}],\"inLanguage\":\"en-US\"},{\"@type\":\"Person\",\"@id\":\"https:\/\/veritasinfo.org\/#\/schema\/person\/bc442336e35414d04494ab8fb45db4c6\",\"name\":\"US5\",\"image\":{\"@type\":\"ImageObject\",\"inLanguage\":\"en-US\",\"@id\":\"https:\/\/veritasinfo.org\/#\/schema\/person\/image\/\",\"url\":\"https:\/\/secure.gravatar.com\/avatar\/16a61e7272a0c5d001121ebb9e60e925d5816e4ac1e443ed3e640d9a6ae55d0c?s=96&d=mm&r=g\",\"contentUrl\":\"https:\/\/secure.gravatar.com\/avatar\/16a61e7272a0c5d001121ebb9e60e925d5816e4ac1e443ed3e640d9a6ae55d0c?s=96&d=mm&r=g\",\"caption\":\"US5\"},\"url\":\"https:\/\/veritasinfo.org\/?author=6\"}]}<\/script>\n<!-- \/ Yoast SEO plugin. -->","yoast_head_json":{"title":"Sot n\u00eb Davos, Kurti do t\u00eb flas\u00eb p\u00ebr demokracin\u00eb e Kosov\u00ebn -","robots":{"index":"index","follow":"follow","max-snippet":"max-snippet:-1","max-image-preview":"max-image-preview:large","max-video-preview":"max-video-preview:-1"},"canonical":"https:\/\/veritasinfo.org\/?p=28406","og_locale":"en_US","og_type":"article","og_title":"Sot n\u00eb Davos, Kurti do t\u00eb flas\u00eb p\u00ebr demokracin\u00eb e Kosov\u00ebn -","og_description":"Prishtin\u00eb 20 janar 2026 08:40 Kryeministri n\u00eb detyr\u00eb i Republik\u00ebs s\u00eb Kosov\u00ebs, Albin Kurti, sot n\u00eb Sht\u00ebpin\u00eb e Kosov\u00ebs n\u00eb Davos, n\u00eb kuad\u00ebr t\u00eb Forumit","og_url":"https:\/\/veritasinfo.org\/?p=28406","article_published_time":"2026-01-20T07:05:30+00:00","og_image":[{"width":900,"height":577,"url":"https:\/\/veritasinfo.org\/wp-content\/uploads\/2026\/01\/auto_714788-VKL5CoyKNN1768892073.jpeg","type":"image\/jpeg"}],"author":"US5","twitter_card":"summary_large_image","twitter_misc":{"Written by":"US5","Est. reading time":"1 minute"},"schema":{"@context":"https:\/\/schema.org","@graph":[{"@type":"WebPage","@id":"https:\/\/veritasinfo.org\/?p=28406","url":"https:\/\/veritasinfo.org\/?p=28406","name":"Sot n\u00eb Davos, Kurti do t\u00eb flas\u00eb p\u00ebr demokracin\u00eb e Kosov\u00ebn -","isPartOf":{"@id":"https:\/\/veritasinfo.org\/#website"},"primaryImageOfPage":{"@id":"https:\/\/veritasinfo.org\/?p=28406#primaryimage"},"image":{"@id":"https:\/\/veritasinfo.org\/?p=28406#primaryimage"},"thumbnailUrl":"https:\/\/veritasinfo.org\/wp-content\/uploads\/2026\/01\/auto_714788-VKL5CoyKNN1768892073.jpeg","datePublished":"2026-01-20T07:05:30+00:00","author":{"@id":"https:\/\/veritasinfo.org\/#\/schema\/person\/bc442336e35414d04494ab8fb45db4c6"},"breadcrumb":{"@id":"https:\/\/veritasinfo.org\/?p=28406#breadcrumb"},"inLanguage":"en-US","potentialAction":[{"@type":"ReadAction","target":["https:\/\/veritasinfo.org\/?p=28406"]}]},{"@type":"ImageObject","inLanguage":"en-US","@id":"https:\/\/veritasinfo.org\/?p=28406#primaryimage","url":"https:\/\/veritasinfo.org\/wp-content\/uploads\/2026\/01\/auto_714788-VKL5CoyKNN1768892073.jpeg","contentUrl":"https:\/\/veritasinfo.org\/wp-content\/uploads\/2026\/01\/auto_714788-VKL5CoyKNN1768892073.jpeg","width":900,"height":577},{"@type":"BreadcrumbList","@id":"https:\/\/veritasinfo.org\/?p=28406#breadcrumb","itemListElement":[{"@type":"ListItem","position":1,"name":"Home","item":"https:\/\/veritasinfo.org\/"},{"@type":"ListItem","position":2,"name":"Sot n\u00eb Davos, Kurti do t\u00eb flas\u00eb p\u00ebr demokracin\u00eb e Kosov\u00ebn"}]},{"@type":"WebSite","@id":"https:\/\/veritasinfo.org\/#website","url":"https:\/\/veritasinfo.org\/","name":"","description":"","potentialAction":[{"@type":"SearchAction","target":{"@type":"EntryPoint","urlTemplate":"https:\/\/veritasinfo.org\/?s={search_term_string}"},"query-input":{"@type":"PropertyValueSpecification","valueRequired":true,"valueName":"search_term_string"}}],"inLanguage":"en-US"},{"@type":"Person","@id":"https:\/\/veritasinfo.org\/#\/schema\/person\/bc442336e35414d04494ab8fb45db4c6","name":"US5","image":{"@type":"ImageObject","inLanguage":"en-US","@id":"https:\/\/veritasinfo.org\/#\/schema\/person\/image\/","url":"https:\/\/secure.gravatar.com\/avatar\/16a61e7272a0c5d001121ebb9e60e925d5816e4ac1e443ed3e640d9a6ae55d0c?s=96&d=mm&r=g","contentUrl":"https:\/\/secure.gravatar.com\/avatar\/16a61e7272a0c5d001121ebb9e60e925d5816e4ac1e443ed3e640d9a6ae55d0c?s=96&d=mm&r=g","caption":"US5"},"url":"https:\/\/veritasinfo.org\/?author=6"}]}},"featured_image_urls":{"full":["https:\/\/veritasinfo.org\/wp-content\/uploads\/2026\/01\/auto_714788-VKL5CoyKNN1768892073.jpeg",900,577,false],"thumbnail":["https:\/\/veritasinfo.org\/wp-content\/uploads\/2026\/01\/auto_714788-VKL5CoyKNN1768892073-150x150.jpeg",150,150,true],"medium":["https:\/\/veritasinfo.org\/wp-content\/uploads\/2026\/01\/auto_714788-VKL5CoyKNN1768892073-300x192.jpeg",300,192,true],"medium_large":["https:\/\/veritasinfo.org\/wp-content\/uploads\/2026\/01\/auto_714788-VKL5CoyKNN1768892073-768x492.jpeg",640,410,true],"large":["https:\/\/veritasinfo.org\/wp-content\/uploads\/2026\/01\/auto_714788-VKL5CoyKNN1768892073.jpeg",640,410,false],"1536x1536":["https:\/\/veritasinfo.org\/wp-content\/uploads\/2026\/01\/auto_714788-VKL5CoyKNN1768892073.jpeg",900,577,false],"2048x2048":["https:\/\/veritasinfo.org\/wp-content\/uploads\/2026\/01\/auto_714788-VKL5CoyKNN1768892073.jpeg",900,577,false],"kreeti-slider-full":["https:\/\/veritasinfo.org\/wp-content\/uploads\/2026\/01\/auto_714788-VKL5CoyKNN1768892073.jpeg",900,577,false],"kreeti-featured":["https:\/\/veritasinfo.org\/wp-content\/uploads\/2026\/01\/auto_714788-VKL5CoyKNN1768892073.jpeg",900,577,false],"kreeti-medium":["https:\/\/veritasinfo.org\/wp-content\/uploads\/2026\/01\/auto_714788-VKL5CoyKNN1768892073.jpeg",720,462,false],"kreeti-medium-square":["https:\/\/veritasinfo.org\/wp-content\/uploads\/2026\/01\/auto_714788-VKL5CoyKNN1768892073.jpeg",350,224,false]},"author_info":{"info":["US5"]},"category_info":"<a href=\"https:\/\/veritasinfo.org\/?cat=58\" rel=\"category\">Politik\u00eb<\/a>","tag_info":"Politik\u00eb","comment_count":"0","_links":{"self":[{"href":"https:\/\/veritasinfo.org\/index.php?rest_route=\/wp\/v2\/posts\/28406","targetHints":{"allow":["GET"]}}],"collection":[{"href":"https:\/\/veritasinfo.org\/index.php?rest_route=\/wp\/v2\/posts"}],"about":[{"href":"https:\/\/veritasinfo.org\/index.php?rest_route=\/wp\/v2\/types\/post"}],"author":[{"embeddable":true,"href":"https:\/\/veritasinfo.org\/index.php?rest_route=\/wp\/v2\/users\/6"}],"replies":[{"embeddable":true,"href":"https:\/\/veritasinfo.org\/index.php?rest_route=%2Fwp%2Fv2%2Fcomments&post=28406"}],"version-history":[{"count":1,"href":"https:\/\/veritasinfo.org\/index.php?rest_route=\/wp\/v2\/posts\/28406\/revisions"}],"predecessor-version":[{"id":28408,"href":"https:\/\/veritasinfo.org\/index.php?rest_route=\/wp\/v2\/posts\/28406\/revisions\/28408"}],"wp:featuredmedia":[{"embeddable":true,"href":"https:\/\/veritasinfo.org\/index.php?rest_route=\/wp\/v2\/media\/28407"}],"wp:attachment":[{"href":"https:\/\/veritasinfo.org\/index.php?rest_route=%2Fwp%2Fv2%2Fmedia&parent=28406"}],"wp:term":[{"taxonomy":"category","embeddable":true,"href":"https:\/\/veritasinfo.org\/index.php?rest_route=%2Fwp%2Fv2%2Fcategories&post=28406"},{"taxonomy":"post_tag","embeddable":true,"href":"https:\/\/veritasinfo.org\/index.php?rest_route=%2Fwp%2Fv2%2Ftags&post=28406"}],"curies":[{"name":"wp","href":"https:\/\/api.w.org\/{rel}","templated":true}]}}