{"id":28383,"date":"2026-01-19T21:23:27","date_gmt":"2026-01-19T20:23:27","guid":{"rendered":"https:\/\/veritasinfo.org\/?p=28383"},"modified":"2026-01-19T21:23:27","modified_gmt":"2026-01-19T20:23:27","slug":"ministria-e-shendetesise-reagon-per-ilacet-e-dyshuara-per-autizmin","status":"publish","type":"post","link":"https:\/\/veritasinfo.org\/?p=28383","title":{"rendered":"Ministria e Sh\u00ebndet\u00ebsis\u00eb reagon p\u00ebr ila\u00e7et e dyshuara p\u00ebr autizmin"},"content":{"rendered":"<p>Prishtin\u00eb, 19 janar 2026 21:21<\/p>\n<p>Ministria e Sh\u00ebndet\u00ebsis\u00eb ka shprehur shqet\u00ebsim t\u00eb thell\u00eb pas raportimeve n\u00eb media se nj\u00eb individ dyshohet se ka ofruar ila\u00e7e, duke i paraqitur ato si trajtim p\u00ebr autiz\u00ebm.<\/p>\n<p>N\u00eb nj\u00eb reagim zyrtar, Ministria i b\u00ebn thirrje qytetar\u00ebve q\u00eb t\u2019u besojn\u00eb vet\u00ebm metodave t\u00eb verifikuara shkenc\u00ebrisht, t\u00eb ofruara nga institucione dhe profesionist\u00eb t\u00eb licencuar sh\u00ebndet\u00ebsor\u00eb.<\/p>\n<p>Lidhur me k\u00ebt\u00eb rast, Ministria ka njoftuar institucionet kompetente dhe po koordinon veprimet me Policin\u00eb e Kosov\u00ebs p\u00ebr trajtimin e m\u00ebtejm\u00eb t\u00eb \u00e7\u00ebshtjes, sipas kompetencave ligjore.<\/p>\n<p><iframe style=\"border: none; overflow: hidden;\" data-src=\"https:\/\/www.facebook.com\/plugins\/post.php?href=https%3A%2F%2Fwww.facebook.com%2FMinistria.Shendetesise.RKS%2Fposts%2Fpfbid027MjtKzcNKV3t3oqQtazJtU3tcCiqrmA4SVtE6SgRKoSizKhgcHxGMymHfgCjMAyEl&amp;show_text=true&amp;width=500\" width=\"500\" height=\"277\" frameborder=\"0\" scrolling=\"no\" allowfullscreen=\"allowfullscreen\" src=\"data:image\/gif;base64,R0lGODlhAQABAAAAACH5BAEKAAEALAAAAAABAAEAAAICTAEAOw==\" class=\"lazyload\" data-load-mode=\"1\"><\/iframe><\/p>\n","protected":false},"excerpt":{"rendered":"<p>Prishtin\u00eb, 19 janar 2026 21:21 Ministria e Sh\u00ebndet\u00ebsis\u00eb ka shprehur shqet\u00ebsim t\u00eb thell\u00eb pas raportimeve n\u00eb media se nj\u00eb individ dyshohet se ka ofruar ila\u00e7e,<\/p>\n","protected":false},"author":7,"featured_media":28384,"comment_status":"open","ping_status":"open","sticky":false,"template":"","format":"standard","meta":{"footnotes":""},"categories":[60],"tags":[],"class_list":["post-28383","post","type-post","status-publish","format-standard","has-post-thumbnail","hentry","category-shoqerore-sq"],"yoast_head":"<!-- This site is optimized with the Yoast SEO plugin v25.3.1 - https:\/\/yoast.com\/wordpress\/plugins\/seo\/ -->\n<title>Ministria e Sh\u00ebndet\u00ebsis\u00eb reagon p\u00ebr ila\u00e7et e dyshuara p\u00ebr autizmin -<\/title>\n<meta name=\"robots\" content=\"index, follow, max-snippet:-1, max-image-preview:large, max-video-preview:-1\" \/>\n<link rel=\"canonical\" href=\"https:\/\/veritasinfo.org\/?p=28383\" \/>\n<meta property=\"og:locale\" content=\"en_US\" \/>\n<meta property=\"og:type\" content=\"article\" \/>\n<meta property=\"og:title\" content=\"Ministria e Sh\u00ebndet\u00ebsis\u00eb reagon p\u00ebr ila\u00e7et e dyshuara p\u00ebr autizmin -\" \/>\n<meta property=\"og:description\" content=\"Prishtin\u00eb, 19 janar 2026 21:21 Ministria e Sh\u00ebndet\u00ebsis\u00eb ka shprehur shqet\u00ebsim t\u00eb thell\u00eb pas raportimeve n\u00eb media se nj\u00eb individ dyshohet se ka ofruar ila\u00e7e,\" \/>\n<meta property=\"og:url\" content=\"https:\/\/veritasinfo.org\/?p=28383\" \/>\n<meta property=\"article:published_time\" content=\"2026-01-19T20:23:27+00:00\" \/>\n<meta property=\"og:image\" content=\"https:\/\/veritasinfo.org\/wp-content\/uploads\/2026\/01\/1-61.jpg\" \/>\n\t<meta property=\"og:image:width\" content=\"533\" \/>\n\t<meta property=\"og:image:height\" content=\"350\" \/>\n\t<meta property=\"og:image:type\" content=\"image\/jpeg\" \/>\n<meta name=\"author\" content=\"US6\" \/>\n<meta name=\"twitter:card\" content=\"summary_large_image\" \/>\n<meta name=\"twitter:label1\" content=\"Written by\" \/>\n\t<meta name=\"twitter:data1\" content=\"US6\" \/>\n\t<meta name=\"twitter:label2\" content=\"Est. reading time\" \/>\n\t<meta name=\"twitter:data2\" content=\"1 minute\" \/>\n<script type=\"application\/ld+json\" class=\"yoast-schema-graph\">{\"@context\":\"https:\/\/schema.org\",\"@graph\":[{\"@type\":\"WebPage\",\"@id\":\"https:\/\/veritasinfo.org\/?p=28383\",\"url\":\"https:\/\/veritasinfo.org\/?p=28383\",\"name\":\"Ministria e Sh\u00ebndet\u00ebsis\u00eb reagon p\u00ebr ila\u00e7et e dyshuara p\u00ebr autizmin -\",\"isPartOf\":{\"@id\":\"https:\/\/veritasinfo.org\/#website\"},\"primaryImageOfPage\":{\"@id\":\"https:\/\/veritasinfo.org\/?p=28383#primaryimage\"},\"image\":{\"@id\":\"https:\/\/veritasinfo.org\/?p=28383#primaryimage\"},\"thumbnailUrl\":\"https:\/\/veritasinfo.org\/wp-content\/uploads\/2026\/01\/1-61.jpg\",\"datePublished\":\"2026-01-19T20:23:27+00:00\",\"author\":{\"@id\":\"https:\/\/veritasinfo.org\/#\/schema\/person\/fe199eede04c3937362892b7444747cc\"},\"breadcrumb\":{\"@id\":\"https:\/\/veritasinfo.org\/?p=28383#breadcrumb\"},\"inLanguage\":\"en-US\",\"potentialAction\":[{\"@type\":\"ReadAction\",\"target\":[\"https:\/\/veritasinfo.org\/?p=28383\"]}]},{\"@type\":\"ImageObject\",\"inLanguage\":\"en-US\",\"@id\":\"https:\/\/veritasinfo.org\/?p=28383#primaryimage\",\"url\":\"https:\/\/veritasinfo.org\/wp-content\/uploads\/2026\/01\/1-61.jpg\",\"contentUrl\":\"https:\/\/veritasinfo.org\/wp-content\/uploads\/2026\/01\/1-61.jpg\",\"width\":533,\"height\":350},{\"@type\":\"BreadcrumbList\",\"@id\":\"https:\/\/veritasinfo.org\/?p=28383#breadcrumb\",\"itemListElement\":[{\"@type\":\"ListItem\",\"position\":1,\"name\":\"Home\",\"item\":\"https:\/\/veritasinfo.org\/\"},{\"@type\":\"ListItem\",\"position\":2,\"name\":\"Ministria e Sh\u00ebndet\u00ebsis\u00eb reagon p\u00ebr ila\u00e7et e dyshuara p\u00ebr autizmin\"}]},{\"@type\":\"WebSite\",\"@id\":\"https:\/\/veritasinfo.org\/#website\",\"url\":\"https:\/\/veritasinfo.org\/\",\"name\":\"\",\"description\":\"\",\"potentialAction\":[{\"@type\":\"SearchAction\",\"target\":{\"@type\":\"EntryPoint\",\"urlTemplate\":\"https:\/\/veritasinfo.org\/?s={search_term_string}\"},\"query-input\":{\"@type\":\"PropertyValueSpecification\",\"valueRequired\":true,\"valueName\":\"search_term_string\"}}],\"inLanguage\":\"en-US\"},{\"@type\":\"Person\",\"@id\":\"https:\/\/veritasinfo.org\/#\/schema\/person\/fe199eede04c3937362892b7444747cc\",\"name\":\"US6\",\"image\":{\"@type\":\"ImageObject\",\"inLanguage\":\"en-US\",\"@id\":\"https:\/\/veritasinfo.org\/#\/schema\/person\/image\/\",\"url\":\"https:\/\/secure.gravatar.com\/avatar\/cb16c3c31c9d23b9b8c705964598220b3014e42ff51eb540ff23cefa3ae8c15f?s=96&d=mm&r=g\",\"contentUrl\":\"https:\/\/secure.gravatar.com\/avatar\/cb16c3c31c9d23b9b8c705964598220b3014e42ff51eb540ff23cefa3ae8c15f?s=96&d=mm&r=g\",\"caption\":\"US6\"},\"url\":\"https:\/\/veritasinfo.org\/?author=7\"}]}<\/script>\n<!-- \/ Yoast SEO plugin. -->","yoast_head_json":{"title":"Ministria e Sh\u00ebndet\u00ebsis\u00eb reagon p\u00ebr ila\u00e7et e dyshuara p\u00ebr autizmin -","robots":{"index":"index","follow":"follow","max-snippet":"max-snippet:-1","max-image-preview":"max-image-preview:large","max-video-preview":"max-video-preview:-1"},"canonical":"https:\/\/veritasinfo.org\/?p=28383","og_locale":"en_US","og_type":"article","og_title":"Ministria e Sh\u00ebndet\u00ebsis\u00eb reagon p\u00ebr ila\u00e7et e dyshuara p\u00ebr autizmin -","og_description":"Prishtin\u00eb, 19 janar 2026 21:21 Ministria e Sh\u00ebndet\u00ebsis\u00eb ka shprehur shqet\u00ebsim t\u00eb thell\u00eb pas raportimeve n\u00eb media se nj\u00eb individ dyshohet se ka ofruar ila\u00e7e,","og_url":"https:\/\/veritasinfo.org\/?p=28383","article_published_time":"2026-01-19T20:23:27+00:00","og_image":[{"width":533,"height":350,"url":"https:\/\/veritasinfo.org\/wp-content\/uploads\/2026\/01\/1-61.jpg","type":"image\/jpeg"}],"author":"US6","twitter_card":"summary_large_image","twitter_misc":{"Written by":"US6","Est. reading time":"1 minute"},"schema":{"@context":"https:\/\/schema.org","@graph":[{"@type":"WebPage","@id":"https:\/\/veritasinfo.org\/?p=28383","url":"https:\/\/veritasinfo.org\/?p=28383","name":"Ministria e Sh\u00ebndet\u00ebsis\u00eb reagon p\u00ebr ila\u00e7et e dyshuara p\u00ebr autizmin -","isPartOf":{"@id":"https:\/\/veritasinfo.org\/#website"},"primaryImageOfPage":{"@id":"https:\/\/veritasinfo.org\/?p=28383#primaryimage"},"image":{"@id":"https:\/\/veritasinfo.org\/?p=28383#primaryimage"},"thumbnailUrl":"https:\/\/veritasinfo.org\/wp-content\/uploads\/2026\/01\/1-61.jpg","datePublished":"2026-01-19T20:23:27+00:00","author":{"@id":"https:\/\/veritasinfo.org\/#\/schema\/person\/fe199eede04c3937362892b7444747cc"},"breadcrumb":{"@id":"https:\/\/veritasinfo.org\/?p=28383#breadcrumb"},"inLanguage":"en-US","potentialAction":[{"@type":"ReadAction","target":["https:\/\/veritasinfo.org\/?p=28383"]}]},{"@type":"ImageObject","inLanguage":"en-US","@id":"https:\/\/veritasinfo.org\/?p=28383#primaryimage","url":"https:\/\/veritasinfo.org\/wp-content\/uploads\/2026\/01\/1-61.jpg","contentUrl":"https:\/\/veritasinfo.org\/wp-content\/uploads\/2026\/01\/1-61.jpg","width":533,"height":350},{"@type":"BreadcrumbList","@id":"https:\/\/veritasinfo.org\/?p=28383#breadcrumb","itemListElement":[{"@type":"ListItem","position":1,"name":"Home","item":"https:\/\/veritasinfo.org\/"},{"@type":"ListItem","position":2,"name":"Ministria e Sh\u00ebndet\u00ebsis\u00eb reagon p\u00ebr ila\u00e7et e dyshuara p\u00ebr autizmin"}]},{"@type":"WebSite","@id":"https:\/\/veritasinfo.org\/#website","url":"https:\/\/veritasinfo.org\/","name":"","description":"","potentialAction":[{"@type":"SearchAction","target":{"@type":"EntryPoint","urlTemplate":"https:\/\/veritasinfo.org\/?s={search_term_string}"},"query-input":{"@type":"PropertyValueSpecification","valueRequired":true,"valueName":"search_term_string"}}],"inLanguage":"en-US"},{"@type":"Person","@id":"https:\/\/veritasinfo.org\/#\/schema\/person\/fe199eede04c3937362892b7444747cc","name":"US6","image":{"@type":"ImageObject","inLanguage":"en-US","@id":"https:\/\/veritasinfo.org\/#\/schema\/person\/image\/","url":"https:\/\/secure.gravatar.com\/avatar\/cb16c3c31c9d23b9b8c705964598220b3014e42ff51eb540ff23cefa3ae8c15f?s=96&d=mm&r=g","contentUrl":"https:\/\/secure.gravatar.com\/avatar\/cb16c3c31c9d23b9b8c705964598220b3014e42ff51eb540ff23cefa3ae8c15f?s=96&d=mm&r=g","caption":"US6"},"url":"https:\/\/veritasinfo.org\/?author=7"}]}},"featured_image_urls":{"full":["https:\/\/veritasinfo.org\/wp-content\/uploads\/2026\/01\/1-61.jpg",533,350,false],"thumbnail":["https:\/\/veritasinfo.org\/wp-content\/uploads\/2026\/01\/1-61-150x150.jpg",150,150,true],"medium":["https:\/\/veritasinfo.org\/wp-content\/uploads\/2026\/01\/1-61-300x197.jpg",300,197,true],"medium_large":["https:\/\/veritasinfo.org\/wp-content\/uploads\/2026\/01\/1-61.jpg",533,350,false],"large":["https:\/\/veritasinfo.org\/wp-content\/uploads\/2026\/01\/1-61.jpg",533,350,false],"1536x1536":["https:\/\/veritasinfo.org\/wp-content\/uploads\/2026\/01\/1-61.jpg",533,350,false],"2048x2048":["https:\/\/veritasinfo.org\/wp-content\/uploads\/2026\/01\/1-61.jpg",533,350,false],"kreeti-slider-full":["https:\/\/veritasinfo.org\/wp-content\/uploads\/2026\/01\/1-61.jpg",533,350,false],"kreeti-featured":["https:\/\/veritasinfo.org\/wp-content\/uploads\/2026\/01\/1-61.jpg",533,350,false],"kreeti-medium":["https:\/\/veritasinfo.org\/wp-content\/uploads\/2026\/01\/1-61.jpg",533,350,false],"kreeti-medium-square":["https:\/\/veritasinfo.org\/wp-content\/uploads\/2026\/01\/1-61.jpg",350,230,false]},"author_info":{"info":["US6"]},"category_info":"<a href=\"https:\/\/veritasinfo.org\/?cat=60\" rel=\"category\">Shoq\u00ebrore<\/a>","tag_info":"Shoq\u00ebrore","comment_count":"0","_links":{"self":[{"href":"https:\/\/veritasinfo.org\/index.php?rest_route=\/wp\/v2\/posts\/28383","targetHints":{"allow":["GET"]}}],"collection":[{"href":"https:\/\/veritasinfo.org\/index.php?rest_route=\/wp\/v2\/posts"}],"about":[{"href":"https:\/\/veritasinfo.org\/index.php?rest_route=\/wp\/v2\/types\/post"}],"author":[{"embeddable":true,"href":"https:\/\/veritasinfo.org\/index.php?rest_route=\/wp\/v2\/users\/7"}],"replies":[{"embeddable":true,"href":"https:\/\/veritasinfo.org\/index.php?rest_route=%2Fwp%2Fv2%2Fcomments&post=28383"}],"version-history":[{"count":1,"href":"https:\/\/veritasinfo.org\/index.php?rest_route=\/wp\/v2\/posts\/28383\/revisions"}],"predecessor-version":[{"id":28385,"href":"https:\/\/veritasinfo.org\/index.php?rest_route=\/wp\/v2\/posts\/28383\/revisions\/28385"}],"wp:featuredmedia":[{"embeddable":true,"href":"https:\/\/veritasinfo.org\/index.php?rest_route=\/wp\/v2\/media\/28384"}],"wp:attachment":[{"href":"https:\/\/veritasinfo.org\/index.php?rest_route=%2Fwp%2Fv2%2Fmedia&parent=28383"}],"wp:term":[{"taxonomy":"category","embeddable":true,"href":"https:\/\/veritasinfo.org\/index.php?rest_route=%2Fwp%2Fv2%2Fcategories&post=28383"},{"taxonomy":"post_tag","embeddable":true,"href":"https:\/\/veritasinfo.org\/index.php?rest_route=%2Fwp%2Fv2%2Ftags&post=28383"}],"curies":[{"name":"wp","href":"https:\/\/api.w.org\/{rel}","templated":true}]}}