{"id":28372,"date":"2026-01-19T19:53:21","date_gmt":"2026-01-19T18:53:21","guid":{"rendered":"https:\/\/veritasinfo.org\/?p=28372"},"modified":"2026-01-19T19:53:21","modified_gmt":"2026-01-19T18:53:21","slug":"podnosi-ostavku-predsednik-bugarske","status":"publish","type":"post","link":"https:\/\/veritasinfo.org\/?p=28372&lang=sr","title":{"rendered":"Podnosi ostavku predsednik Bugarske"},"content":{"rendered":"<p data-start=\"0\" data-end=\"74\">Pri\u0161tina, 19. januar 2026, 19:50<\/p>\n<p data-start=\"76\" data-end=\"283\">Predsednik Bugarske, Rumen Radev, saop\u0161tio je u ponedeljak da \u0107e podneti ostavku, podsti\u010du\u0107i spekulacije da bi mogao da osnuje sopstvenu politi\u010dku partiju i u\u010destvuje na predstoje\u0107im parlamentarnim izborima.<\/p>\n<p data-start=\"285\" data-end=\"440\">Radev \u2013 \u010diji je mandat na uglavnom ceremonijalnoj funkciji trajao do januara 2027. godine \u2013 izjavio je da \u0107e u utorak podneti ostavku Ustavnom sudu zemlje.<\/p>\n<p data-start=\"442\" data-end=\"573\">Ukoliko ostavka bude prihva\u0107ena, na mestu predsednika zameni\u0107e ga potpredsednica Ilijana Jotova do predsedni\u010dkih izbora u novembru.<\/p>\n<p data-start=\"575\" data-end=\"798\">Radev, koji je iskazivao skepticizam prema najnovijem koraku Bugarske ka pridru\u017eivanju evrozoni i zauzimao prijateljskiji stav prema Kremlju u vezi sa ratom u Ukrajini, izabran je za predsednika 2016. godine, a ponovo 2021.<\/p>\n<p data-start=\"800\" data-end=\"926\">\u201eDanas vam se, po poslednji put, obra\u0107am kao predsednik na\u0161e Bugarske\u201c, rekao je Radev u ponedeljak u televizijskom obra\u0107anju.<\/p>\n<p data-start=\"928\" data-end=\"1041\">Me\u0111utim, njegove politi\u010dke ambicije su porasle i on ve\u0107 du\u017ee vreme pominje mogu\u0107nost osnivanja sopstvene partije.<\/p>\n<p data-start=\"1043\" data-end=\"1327\">Njegova o\u010dekivana odluka o podno\u0161enju ostavke dolazi usred politi\u010dke krize, u trenutku kada se Bugarska sprema da odr\u017ei parlamentarne izbore po osmi put u poslednje \u010detiri godine. Niz izbornih pobednika nije uspeo da obezbedi ve\u0107inu ili da formira stabilne koalicije za odr\u017eivu vladu.<\/p>\n<p data-start=\"1329\" data-end=\"1490\">Poslednja koalicija trajala je gotovo godinu dana, sve dok protesti protiv novog bud\u017eeta i ra\u0161irene korupcije nisu primorali vladu da podnese ostavku u decembru.<\/p>\n<p data-start=\"1492\" data-end=\"1546\">O\u010dekuje se da izbori budu odr\u017eani u narednim mesecima.<\/p>\n<p data-start=\"1548\" data-end=\"1758\">U me\u0111uvremenu, Radev, biv\u0161i komandant vazduhoplovnih snaga, bio je primoran da vi\u0161e puta imenuje prelazne vlade, \u0161to je pove\u0107alo njegov javni profil i politi\u010dke ambicije, navode analiti\u010dari i zapadni diplomati.<\/p>\n<p data-start=\"1760\" data-end=\"2118\">Radev je okrivio \u201elo\u0161 model upravljanja\u201c i oligarhiju za to \u0161to su \u201eBugari prestali da glasaju\u201c, \u0161to \u201ene veruju medijima i pravosu\u0111u\u201c i za \u201epreplavljivanje trgova\u201c tokom 2020. i 2025. godine. Prema njegovim re\u010dima, sa takozvanim \u201esastavom\u201c \u2013 vladom GERB-a i PP-DB iz 2023. godine \u2013 izbrisana je linija razdvajanja izme\u0111u oligarhije i boraca protiv korupcije.<\/p>\n<p data-start=\"2120\" data-end=\"2307\">\u201eBugarska je zavr\u0161ila proces svoje evropske integracije. Sada smo \u010dlanovi \u0160engena i evrozone. Pitanje je za\u0161to, uprkos postizanju tih ciljeva, nismo dostigli i zadovoljstvo\u201c, dodao je on.<\/p>\n<p data-start=\"2309\" data-end=\"2442\">Tako\u0111e je kritikovao poslanike zbog odbijanja njegovog predloga za odr\u017eavanje referenduma o uvo\u0111enju evra od 1. januara 2026. godine.<\/p>\n<p data-start=\"2444\" data-end=\"2509\">\u201eDana\u0161nja politi\u010dka klasa izdala je nade Bugara\u201c, dodao je Radev.<\/p>\n<p data-start=\"2511\" data-end=\"2831\" data-is-last-node=\"\" data-is-only-node=\"\">\u201eDve tre\u0107ine gra\u0111ana vi\u0161e ne glasa i potrebna je nova dru\u0161tvena pogodba. Na\u0161a demokratija ne\u0107e opstati ako je prepustimo korumpiranim ljudima, kompromiserima i ekstremistima. To zavisi od li\u010dnog anga\u017eovanja svakog od nas, a va\u0161e poverenje me obavezuje da \u0161titim dr\u017eavnost, institucije i na\u0161u budu\u0107nost\u201c, zaklju\u010dio je on.<\/p>\n","protected":false},"excerpt":{"rendered":"<p>Pri\u0161tina, 19. januar 2026, 19:50 Predsednik Bugarske, Rumen Radev, saop\u0161tio je u ponedeljak da \u0107e podneti ostavku, podsti\u010du\u0107i spekulacije da bi mogao da osnuje sopstvenu<\/p>\n","protected":false},"author":7,"featured_media":28370,"comment_status":"open","ping_status":"open","sticky":false,"template":"","format":"standard","meta":{"footnotes":""},"categories":[74],"tags":[],"class_list":["post-28372","post","type-post","status-publish","format-standard","has-post-thumbnail","hentry","category-svet"],"yoast_head":"<!-- This site is optimized with the Yoast SEO plugin v25.3.1 - https:\/\/yoast.com\/wordpress\/plugins\/seo\/ -->\n<title>Podnosi ostavku predsednik Bugarske -<\/title>\n<meta name=\"robots\" content=\"index, follow, max-snippet:-1, max-image-preview:large, max-video-preview:-1\" \/>\n<link rel=\"canonical\" href=\"https:\/\/veritasinfo.org\/?p=28372&lang=sr\" \/>\n<meta property=\"og:locale\" content=\"en_US\" \/>\n<meta property=\"og:type\" content=\"article\" \/>\n<meta property=\"og:title\" content=\"Podnosi ostavku predsednik Bugarske -\" \/>\n<meta property=\"og:description\" content=\"Pri\u0161tina, 19. januar 2026, 19:50 Predsednik Bugarske, Rumen Radev, saop\u0161tio je u ponedeljak da \u0107e podneti ostavku, podsti\u010du\u0107i spekulacije da bi mogao da osnuje sopstvenu\" \/>\n<meta property=\"og:url\" content=\"https:\/\/veritasinfo.org\/?p=28372&amp;lang=sr\" \/>\n<meta property=\"article:published_time\" content=\"2026-01-19T18:53:21+00:00\" \/>\n<meta property=\"og:image\" content=\"https:\/\/veritasinfo.org\/wp-content\/uploads\/2026\/01\/1-60.jpg\" \/>\n\t<meta property=\"og:image:width\" content=\"807\" \/>\n\t<meta property=\"og:image:height\" content=\"505\" \/>\n\t<meta property=\"og:image:type\" content=\"image\/jpeg\" \/>\n<meta name=\"author\" content=\"US6\" \/>\n<meta name=\"twitter:card\" content=\"summary_large_image\" \/>\n<meta name=\"twitter:label1\" content=\"Written by\" \/>\n\t<meta name=\"twitter:data1\" content=\"US6\" \/>\n\t<meta name=\"twitter:label2\" content=\"Est. reading time\" \/>\n\t<meta name=\"twitter:data2\" content=\"2 minutes\" \/>\n<script type=\"application\/ld+json\" class=\"yoast-schema-graph\">{\"@context\":\"https:\/\/schema.org\",\"@graph\":[{\"@type\":\"WebPage\",\"@id\":\"https:\/\/veritasinfo.org\/?p=28372&lang=sr\",\"url\":\"https:\/\/veritasinfo.org\/?p=28372&lang=sr\",\"name\":\"Podnosi ostavku predsednik Bugarske -\",\"isPartOf\":{\"@id\":\"https:\/\/veritasinfo.org\/#website\"},\"primaryImageOfPage\":{\"@id\":\"https:\/\/veritasinfo.org\/?p=28372&lang=sr#primaryimage\"},\"image\":{\"@id\":\"https:\/\/veritasinfo.org\/?p=28372&lang=sr#primaryimage\"},\"thumbnailUrl\":\"https:\/\/veritasinfo.org\/wp-content\/uploads\/2026\/01\/1-60.jpg\",\"datePublished\":\"2026-01-19T18:53:21+00:00\",\"author\":{\"@id\":\"https:\/\/veritasinfo.org\/#\/schema\/person\/fe199eede04c3937362892b7444747cc\"},\"breadcrumb\":{\"@id\":\"https:\/\/veritasinfo.org\/?p=28372&lang=sr#breadcrumb\"},\"inLanguage\":\"en-US\",\"potentialAction\":[{\"@type\":\"ReadAction\",\"target\":[\"https:\/\/veritasinfo.org\/?p=28372&lang=sr\"]}]},{\"@type\":\"ImageObject\",\"inLanguage\":\"en-US\",\"@id\":\"https:\/\/veritasinfo.org\/?p=28372&lang=sr#primaryimage\",\"url\":\"https:\/\/veritasinfo.org\/wp-content\/uploads\/2026\/01\/1-60.jpg\",\"contentUrl\":\"https:\/\/veritasinfo.org\/wp-content\/uploads\/2026\/01\/1-60.jpg\",\"width\":807,\"height\":505},{\"@type\":\"BreadcrumbList\",\"@id\":\"https:\/\/veritasinfo.org\/?p=28372&lang=sr#breadcrumb\",\"itemListElement\":[{\"@type\":\"ListItem\",\"position\":1,\"name\":\"Home\",\"item\":\"https:\/\/veritasinfo.org\/\"},{\"@type\":\"ListItem\",\"position\":2,\"name\":\"Podnosi ostavku predsednik Bugarske\"}]},{\"@type\":\"WebSite\",\"@id\":\"https:\/\/veritasinfo.org\/#website\",\"url\":\"https:\/\/veritasinfo.org\/\",\"name\":\"\",\"description\":\"\",\"potentialAction\":[{\"@type\":\"SearchAction\",\"target\":{\"@type\":\"EntryPoint\",\"urlTemplate\":\"https:\/\/veritasinfo.org\/?s={search_term_string}\"},\"query-input\":{\"@type\":\"PropertyValueSpecification\",\"valueRequired\":true,\"valueName\":\"search_term_string\"}}],\"inLanguage\":\"en-US\"},{\"@type\":\"Person\",\"@id\":\"https:\/\/veritasinfo.org\/#\/schema\/person\/fe199eede04c3937362892b7444747cc\",\"name\":\"US6\",\"image\":{\"@type\":\"ImageObject\",\"inLanguage\":\"en-US\",\"@id\":\"https:\/\/veritasinfo.org\/#\/schema\/person\/image\/\",\"url\":\"https:\/\/secure.gravatar.com\/avatar\/cb16c3c31c9d23b9b8c705964598220b3014e42ff51eb540ff23cefa3ae8c15f?s=96&d=mm&r=g\",\"contentUrl\":\"https:\/\/secure.gravatar.com\/avatar\/cb16c3c31c9d23b9b8c705964598220b3014e42ff51eb540ff23cefa3ae8c15f?s=96&d=mm&r=g\",\"caption\":\"US6\"},\"url\":\"https:\/\/veritasinfo.org\/?author=7\"}]}<\/script>\n<!-- \/ Yoast SEO plugin. -->","yoast_head_json":{"title":"Podnosi ostavku predsednik Bugarske -","robots":{"index":"index","follow":"follow","max-snippet":"max-snippet:-1","max-image-preview":"max-image-preview:large","max-video-preview":"max-video-preview:-1"},"canonical":"https:\/\/veritasinfo.org\/?p=28372&lang=sr","og_locale":"en_US","og_type":"article","og_title":"Podnosi ostavku predsednik Bugarske -","og_description":"Pri\u0161tina, 19. januar 2026, 19:50 Predsednik Bugarske, Rumen Radev, saop\u0161tio je u ponedeljak da \u0107e podneti ostavku, podsti\u010du\u0107i spekulacije da bi mogao da osnuje sopstvenu","og_url":"https:\/\/veritasinfo.org\/?p=28372&lang=sr","article_published_time":"2026-01-19T18:53:21+00:00","og_image":[{"width":807,"height":505,"url":"https:\/\/veritasinfo.org\/wp-content\/uploads\/2026\/01\/1-60.jpg","type":"image\/jpeg"}],"author":"US6","twitter_card":"summary_large_image","twitter_misc":{"Written by":"US6","Est. reading time":"2 minutes"},"schema":{"@context":"https:\/\/schema.org","@graph":[{"@type":"WebPage","@id":"https:\/\/veritasinfo.org\/?p=28372&lang=sr","url":"https:\/\/veritasinfo.org\/?p=28372&lang=sr","name":"Podnosi ostavku predsednik Bugarske -","isPartOf":{"@id":"https:\/\/veritasinfo.org\/#website"},"primaryImageOfPage":{"@id":"https:\/\/veritasinfo.org\/?p=28372&lang=sr#primaryimage"},"image":{"@id":"https:\/\/veritasinfo.org\/?p=28372&lang=sr#primaryimage"},"thumbnailUrl":"https:\/\/veritasinfo.org\/wp-content\/uploads\/2026\/01\/1-60.jpg","datePublished":"2026-01-19T18:53:21+00:00","author":{"@id":"https:\/\/veritasinfo.org\/#\/schema\/person\/fe199eede04c3937362892b7444747cc"},"breadcrumb":{"@id":"https:\/\/veritasinfo.org\/?p=28372&lang=sr#breadcrumb"},"inLanguage":"en-US","potentialAction":[{"@type":"ReadAction","target":["https:\/\/veritasinfo.org\/?p=28372&lang=sr"]}]},{"@type":"ImageObject","inLanguage":"en-US","@id":"https:\/\/veritasinfo.org\/?p=28372&lang=sr#primaryimage","url":"https:\/\/veritasinfo.org\/wp-content\/uploads\/2026\/01\/1-60.jpg","contentUrl":"https:\/\/veritasinfo.org\/wp-content\/uploads\/2026\/01\/1-60.jpg","width":807,"height":505},{"@type":"BreadcrumbList","@id":"https:\/\/veritasinfo.org\/?p=28372&lang=sr#breadcrumb","itemListElement":[{"@type":"ListItem","position":1,"name":"Home","item":"https:\/\/veritasinfo.org\/"},{"@type":"ListItem","position":2,"name":"Podnosi ostavku predsednik Bugarske"}]},{"@type":"WebSite","@id":"https:\/\/veritasinfo.org\/#website","url":"https:\/\/veritasinfo.org\/","name":"","description":"","potentialAction":[{"@type":"SearchAction","target":{"@type":"EntryPoint","urlTemplate":"https:\/\/veritasinfo.org\/?s={search_term_string}"},"query-input":{"@type":"PropertyValueSpecification","valueRequired":true,"valueName":"search_term_string"}}],"inLanguage":"en-US"},{"@type":"Person","@id":"https:\/\/veritasinfo.org\/#\/schema\/person\/fe199eede04c3937362892b7444747cc","name":"US6","image":{"@type":"ImageObject","inLanguage":"en-US","@id":"https:\/\/veritasinfo.org\/#\/schema\/person\/image\/","url":"https:\/\/secure.gravatar.com\/avatar\/cb16c3c31c9d23b9b8c705964598220b3014e42ff51eb540ff23cefa3ae8c15f?s=96&d=mm&r=g","contentUrl":"https:\/\/secure.gravatar.com\/avatar\/cb16c3c31c9d23b9b8c705964598220b3014e42ff51eb540ff23cefa3ae8c15f?s=96&d=mm&r=g","caption":"US6"},"url":"https:\/\/veritasinfo.org\/?author=7"}]}},"featured_image_urls":{"full":["https:\/\/veritasinfo.org\/wp-content\/uploads\/2026\/01\/1-60.jpg",807,505,false],"thumbnail":["https:\/\/veritasinfo.org\/wp-content\/uploads\/2026\/01\/1-60-150x150.jpg",150,150,true],"medium":["https:\/\/veritasinfo.org\/wp-content\/uploads\/2026\/01\/1-60-300x188.jpg",300,188,true],"medium_large":["https:\/\/veritasinfo.org\/wp-content\/uploads\/2026\/01\/1-60-768x481.jpg",640,401,true],"large":["https:\/\/veritasinfo.org\/wp-content\/uploads\/2026\/01\/1-60.jpg",640,400,false],"1536x1536":["https:\/\/veritasinfo.org\/wp-content\/uploads\/2026\/01\/1-60.jpg",807,505,false],"2048x2048":["https:\/\/veritasinfo.org\/wp-content\/uploads\/2026\/01\/1-60.jpg",807,505,false],"kreeti-slider-full":["https:\/\/veritasinfo.org\/wp-content\/uploads\/2026\/01\/1-60.jpg",807,505,false],"kreeti-featured":["https:\/\/veritasinfo.org\/wp-content\/uploads\/2026\/01\/1-60.jpg",807,505,false],"kreeti-medium":["https:\/\/veritasinfo.org\/wp-content\/uploads\/2026\/01\/1-60.jpg",720,451,false],"kreeti-medium-square":["https:\/\/veritasinfo.org\/wp-content\/uploads\/2026\/01\/1-60.jpg",350,219,false]},"author_info":{"info":["US6"]},"category_info":"<a href=\"https:\/\/veritasinfo.org\/?cat=74&#038;lang=sr\" rel=\"category\">Svet<\/a>","tag_info":"Svet","comment_count":"0","_links":{"self":[{"href":"https:\/\/veritasinfo.org\/index.php?rest_route=\/wp\/v2\/posts\/28372","targetHints":{"allow":["GET"]}}],"collection":[{"href":"https:\/\/veritasinfo.org\/index.php?rest_route=\/wp\/v2\/posts"}],"about":[{"href":"https:\/\/veritasinfo.org\/index.php?rest_route=\/wp\/v2\/types\/post"}],"author":[{"embeddable":true,"href":"https:\/\/veritasinfo.org\/index.php?rest_route=\/wp\/v2\/users\/7"}],"replies":[{"embeddable":true,"href":"https:\/\/veritasinfo.org\/index.php?rest_route=%2Fwp%2Fv2%2Fcomments&post=28372"}],"version-history":[{"count":1,"href":"https:\/\/veritasinfo.org\/index.php?rest_route=\/wp\/v2\/posts\/28372\/revisions"}],"predecessor-version":[{"id":28373,"href":"https:\/\/veritasinfo.org\/index.php?rest_route=\/wp\/v2\/posts\/28372\/revisions\/28373"}],"wp:featuredmedia":[{"embeddable":true,"href":"https:\/\/veritasinfo.org\/index.php?rest_route=\/wp\/v2\/media\/28370"}],"wp:attachment":[{"href":"https:\/\/veritasinfo.org\/index.php?rest_route=%2Fwp%2Fv2%2Fmedia&parent=28372"}],"wp:term":[{"taxonomy":"category","embeddable":true,"href":"https:\/\/veritasinfo.org\/index.php?rest_route=%2Fwp%2Fv2%2Fcategories&post=28372"},{"taxonomy":"post_tag","embeddable":true,"href":"https:\/\/veritasinfo.org\/index.php?rest_route=%2Fwp%2Fv2%2Ftags&post=28372"}],"curies":[{"name":"wp","href":"https:\/\/api.w.org\/{rel}","templated":true}]}}