{"id":28359,"date":"2026-01-19T17:35:16","date_gmt":"2026-01-19T16:35:16","guid":{"rendered":"https:\/\/veritasinfo.org\/?p=28359"},"modified":"2026-01-19T17:35:16","modified_gmt":"2026-01-19T16:35:16","slug":"kurti-ne-davos-per-forumin-ekonomik-boteror","status":"publish","type":"post","link":"https:\/\/veritasinfo.org\/?p=28359","title":{"rendered":"Kurti n\u00eb Davos p\u00ebr Forumin Ekonomik Bot\u00ebror"},"content":{"rendered":"<p>Prishtin\u00eb 19 Janar 2026 17:34<\/p>\n<p>Kryeministri n\u00eb detyr\u00eb i Republik\u00ebs s\u00eb Kosov\u00ebs, Albin Kurti, ka udh\u00ebtuar p\u00ebr n\u00eb Davos t\u00eb Zvicr\u00ebs, ku do t\u00eb marr\u00eb pjes\u00eb n\u00eb Forumin Ekonomik Bot\u00ebror (WEF) mes lider\u00ebve t\u00eb shumt\u00eb nga e gjith\u00eb bota, ka njoftuar Zyra e Kryeministrit t\u00eb h\u00ebn\u00ebn.<\/p>\n<p>N\u00eb kuad\u00ebr t\u00eb WEF, Kosova do ta ket\u00eb p\u00ebr t\u00eb dytin vit hap\u00ebsir\u00ebn e dedikuar p\u00ebrfaq\u00ebsuese, t\u00eb quajtur \u201cSht\u00ebpia e Kosov\u00ebs\u201d.<\/p>\n<p>Kurti thuhet se do t\u00eb marr\u00eb pjes\u00eb n\u00eb ngjarjet dhe panelet e diskutimit q\u00eb organizohen n\u00eb Sht\u00ebpin\u00eb e Kosov\u00ebs, krahas edhe takimeve zyrtare bilaterale me udh\u00ebheq\u00ebs t\u00eb lart\u00eb dhe investitor\u00eb n\u00eb margjina t\u00eb Forumit Ekonomik Bot\u00ebror.<\/p>\n<p>Kjo faqe kontrollohet dhe menaxhohet nga KOHA. T\u00eb gjitha materialet n\u00eb t\u00eb, p\u00ebrfshir\u00eb fotogra\ufb01t\u00eb, jan\u00eb t\u00eb mbrojtura me copyright t\u00eb KOHA-s dhe p\u00ebr to KOHA mban t\u00eb drejtat e rezervuara. Materialet n\u00eb k\u00ebt\u00eb faqe nuk mund t\u00eb p\u00ebrdoren p\u00ebr q\u00ebllime komerciale. Ndalohet kopjimi, riprodhimi, publikimi i paautorizuar qoft\u00eb origjinal apo i modi\ufb01kuar n\u00eb \u00e7far\u00ebdo m\u00ebnyre, pa lejen paraprake t\u00eb KOHA-s. Shfryt\u00ebzimi i materialeve nga ndonj\u00eb faqe interneti a medium tjet\u00ebr pa lejen e Grupit KOHA, n\u00eb em\u00ebr t\u00eb krejt nj\u00ebsive q\u00eb e p\u00ebrb\u00ebjn\u00eb (Koha Ditore, KohaVision, Koha.net, Botimet KOHA, KOHA Print dhe ARTA), \u00ebsht\u00eb shkelje e drejtave t\u00eb autorit dhe t\u00eb pron\u00ebs intelektuale sipas dispozitave ligjore n\u00eb fuqi. T\u00eb gjith\u00eb shkel\u00ebsit e k\u00ebtyre t\u00eb drejtave do t\u00eb ballafaqohen me ligjin.<\/p>\n","protected":false},"excerpt":{"rendered":"<p>Prishtin\u00eb 19 Janar 2026 17:34 Kryeministri n\u00eb detyr\u00eb i Republik\u00ebs s\u00eb Kosov\u00ebs, Albin Kurti, ka udh\u00ebtuar p\u00ebr n\u00eb Davos t\u00eb Zvicr\u00ebs, ku do t\u00eb marr\u00eb<\/p>\n","protected":false},"author":6,"featured_media":28360,"comment_status":"open","ping_status":"open","sticky":false,"template":"","format":"standard","meta":{"footnotes":""},"categories":[60],"tags":[],"class_list":["post-28359","post","type-post","status-publish","format-standard","has-post-thumbnail","hentry","category-shoqerore-sq"],"yoast_head":"<!-- This site is optimized with the Yoast SEO plugin v25.3.1 - https:\/\/yoast.com\/wordpress\/plugins\/seo\/ -->\n<title>Kurti n\u00eb Davos p\u00ebr Forumin Ekonomik Bot\u00ebror -<\/title>\n<meta name=\"robots\" content=\"index, follow, max-snippet:-1, max-image-preview:large, max-video-preview:-1\" \/>\n<link rel=\"canonical\" href=\"https:\/\/veritasinfo.org\/?p=28359\" \/>\n<meta property=\"og:locale\" content=\"en_US\" \/>\n<meta property=\"og:type\" content=\"article\" \/>\n<meta property=\"og:title\" content=\"Kurti n\u00eb Davos p\u00ebr Forumin Ekonomik Bot\u00ebror -\" \/>\n<meta property=\"og:description\" content=\"Prishtin\u00eb 19 Janar 2026 17:34 Kryeministri n\u00eb detyr\u00eb i Republik\u00ebs s\u00eb Kosov\u00ebs, Albin Kurti, ka udh\u00ebtuar p\u00ebr n\u00eb Davos t\u00eb Zvicr\u00ebs, ku do t\u00eb marr\u00eb\" \/>\n<meta property=\"og:url\" content=\"https:\/\/veritasinfo.org\/?p=28359\" \/>\n<meta property=\"article:published_time\" content=\"2026-01-19T16:35:16+00:00\" \/>\n<meta property=\"og:image\" content=\"https:\/\/veritasinfo.org\/wp-content\/uploads\/2026\/01\/6e34b181-fdae-4a57-b4a4-a44eff76585c.webp\" \/>\n\t<meta property=\"og:image:width\" content=\"860\" \/>\n\t<meta property=\"og:image:height\" content=\"550\" \/>\n\t<meta property=\"og:image:type\" content=\"image\/webp\" \/>\n<meta name=\"author\" content=\"US5\" \/>\n<meta name=\"twitter:card\" content=\"summary_large_image\" \/>\n<meta name=\"twitter:label1\" content=\"Written by\" \/>\n\t<meta name=\"twitter:data1\" content=\"US5\" \/>\n<script type=\"application\/ld+json\" class=\"yoast-schema-graph\">{\"@context\":\"https:\/\/schema.org\",\"@graph\":[{\"@type\":\"WebPage\",\"@id\":\"https:\/\/veritasinfo.org\/?p=28359\",\"url\":\"https:\/\/veritasinfo.org\/?p=28359\",\"name\":\"Kurti n\u00eb Davos p\u00ebr Forumin Ekonomik Bot\u00ebror -\",\"isPartOf\":{\"@id\":\"https:\/\/veritasinfo.org\/#website\"},\"primaryImageOfPage\":{\"@id\":\"https:\/\/veritasinfo.org\/?p=28359#primaryimage\"},\"image\":{\"@id\":\"https:\/\/veritasinfo.org\/?p=28359#primaryimage\"},\"thumbnailUrl\":\"https:\/\/veritasinfo.org\/wp-content\/uploads\/2026\/01\/6e34b181-fdae-4a57-b4a4-a44eff76585c.webp\",\"datePublished\":\"2026-01-19T16:35:16+00:00\",\"author\":{\"@id\":\"https:\/\/veritasinfo.org\/#\/schema\/person\/bc442336e35414d04494ab8fb45db4c6\"},\"breadcrumb\":{\"@id\":\"https:\/\/veritasinfo.org\/?p=28359#breadcrumb\"},\"inLanguage\":\"en-US\",\"potentialAction\":[{\"@type\":\"ReadAction\",\"target\":[\"https:\/\/veritasinfo.org\/?p=28359\"]}]},{\"@type\":\"ImageObject\",\"inLanguage\":\"en-US\",\"@id\":\"https:\/\/veritasinfo.org\/?p=28359#primaryimage\",\"url\":\"https:\/\/veritasinfo.org\/wp-content\/uploads\/2026\/01\/6e34b181-fdae-4a57-b4a4-a44eff76585c.webp\",\"contentUrl\":\"https:\/\/veritasinfo.org\/wp-content\/uploads\/2026\/01\/6e34b181-fdae-4a57-b4a4-a44eff76585c.webp\",\"width\":860,\"height\":550},{\"@type\":\"BreadcrumbList\",\"@id\":\"https:\/\/veritasinfo.org\/?p=28359#breadcrumb\",\"itemListElement\":[{\"@type\":\"ListItem\",\"position\":1,\"name\":\"Home\",\"item\":\"https:\/\/veritasinfo.org\/\"},{\"@type\":\"ListItem\",\"position\":2,\"name\":\"Kurti n\u00eb Davos p\u00ebr Forumin Ekonomik Bot\u00ebror\"}]},{\"@type\":\"WebSite\",\"@id\":\"https:\/\/veritasinfo.org\/#website\",\"url\":\"https:\/\/veritasinfo.org\/\",\"name\":\"\",\"description\":\"\",\"potentialAction\":[{\"@type\":\"SearchAction\",\"target\":{\"@type\":\"EntryPoint\",\"urlTemplate\":\"https:\/\/veritasinfo.org\/?s={search_term_string}\"},\"query-input\":{\"@type\":\"PropertyValueSpecification\",\"valueRequired\":true,\"valueName\":\"search_term_string\"}}],\"inLanguage\":\"en-US\"},{\"@type\":\"Person\",\"@id\":\"https:\/\/veritasinfo.org\/#\/schema\/person\/bc442336e35414d04494ab8fb45db4c6\",\"name\":\"US5\",\"image\":{\"@type\":\"ImageObject\",\"inLanguage\":\"en-US\",\"@id\":\"https:\/\/veritasinfo.org\/#\/schema\/person\/image\/\",\"url\":\"https:\/\/secure.gravatar.com\/avatar\/16a61e7272a0c5d001121ebb9e60e925d5816e4ac1e443ed3e640d9a6ae55d0c?s=96&d=mm&r=g\",\"contentUrl\":\"https:\/\/secure.gravatar.com\/avatar\/16a61e7272a0c5d001121ebb9e60e925d5816e4ac1e443ed3e640d9a6ae55d0c?s=96&d=mm&r=g\",\"caption\":\"US5\"},\"url\":\"https:\/\/veritasinfo.org\/?author=6\"}]}<\/script>\n<!-- \/ Yoast SEO plugin. -->","yoast_head_json":{"title":"Kurti n\u00eb Davos p\u00ebr Forumin Ekonomik Bot\u00ebror -","robots":{"index":"index","follow":"follow","max-snippet":"max-snippet:-1","max-image-preview":"max-image-preview:large","max-video-preview":"max-video-preview:-1"},"canonical":"https:\/\/veritasinfo.org\/?p=28359","og_locale":"en_US","og_type":"article","og_title":"Kurti n\u00eb Davos p\u00ebr Forumin Ekonomik Bot\u00ebror -","og_description":"Prishtin\u00eb 19 Janar 2026 17:34 Kryeministri n\u00eb detyr\u00eb i Republik\u00ebs s\u00eb Kosov\u00ebs, Albin Kurti, ka udh\u00ebtuar p\u00ebr n\u00eb Davos t\u00eb Zvicr\u00ebs, ku do t\u00eb marr\u00eb","og_url":"https:\/\/veritasinfo.org\/?p=28359","article_published_time":"2026-01-19T16:35:16+00:00","og_image":[{"width":860,"height":550,"url":"https:\/\/veritasinfo.org\/wp-content\/uploads\/2026\/01\/6e34b181-fdae-4a57-b4a4-a44eff76585c.webp","type":"image\/webp"}],"author":"US5","twitter_card":"summary_large_image","twitter_misc":{"Written by":"US5"},"schema":{"@context":"https:\/\/schema.org","@graph":[{"@type":"WebPage","@id":"https:\/\/veritasinfo.org\/?p=28359","url":"https:\/\/veritasinfo.org\/?p=28359","name":"Kurti n\u00eb Davos p\u00ebr Forumin Ekonomik Bot\u00ebror -","isPartOf":{"@id":"https:\/\/veritasinfo.org\/#website"},"primaryImageOfPage":{"@id":"https:\/\/veritasinfo.org\/?p=28359#primaryimage"},"image":{"@id":"https:\/\/veritasinfo.org\/?p=28359#primaryimage"},"thumbnailUrl":"https:\/\/veritasinfo.org\/wp-content\/uploads\/2026\/01\/6e34b181-fdae-4a57-b4a4-a44eff76585c.webp","datePublished":"2026-01-19T16:35:16+00:00","author":{"@id":"https:\/\/veritasinfo.org\/#\/schema\/person\/bc442336e35414d04494ab8fb45db4c6"},"breadcrumb":{"@id":"https:\/\/veritasinfo.org\/?p=28359#breadcrumb"},"inLanguage":"en-US","potentialAction":[{"@type":"ReadAction","target":["https:\/\/veritasinfo.org\/?p=28359"]}]},{"@type":"ImageObject","inLanguage":"en-US","@id":"https:\/\/veritasinfo.org\/?p=28359#primaryimage","url":"https:\/\/veritasinfo.org\/wp-content\/uploads\/2026\/01\/6e34b181-fdae-4a57-b4a4-a44eff76585c.webp","contentUrl":"https:\/\/veritasinfo.org\/wp-content\/uploads\/2026\/01\/6e34b181-fdae-4a57-b4a4-a44eff76585c.webp","width":860,"height":550},{"@type":"BreadcrumbList","@id":"https:\/\/veritasinfo.org\/?p=28359#breadcrumb","itemListElement":[{"@type":"ListItem","position":1,"name":"Home","item":"https:\/\/veritasinfo.org\/"},{"@type":"ListItem","position":2,"name":"Kurti n\u00eb Davos p\u00ebr Forumin Ekonomik Bot\u00ebror"}]},{"@type":"WebSite","@id":"https:\/\/veritasinfo.org\/#website","url":"https:\/\/veritasinfo.org\/","name":"","description":"","potentialAction":[{"@type":"SearchAction","target":{"@type":"EntryPoint","urlTemplate":"https:\/\/veritasinfo.org\/?s={search_term_string}"},"query-input":{"@type":"PropertyValueSpecification","valueRequired":true,"valueName":"search_term_string"}}],"inLanguage":"en-US"},{"@type":"Person","@id":"https:\/\/veritasinfo.org\/#\/schema\/person\/bc442336e35414d04494ab8fb45db4c6","name":"US5","image":{"@type":"ImageObject","inLanguage":"en-US","@id":"https:\/\/veritasinfo.org\/#\/schema\/person\/image\/","url":"https:\/\/secure.gravatar.com\/avatar\/16a61e7272a0c5d001121ebb9e60e925d5816e4ac1e443ed3e640d9a6ae55d0c?s=96&d=mm&r=g","contentUrl":"https:\/\/secure.gravatar.com\/avatar\/16a61e7272a0c5d001121ebb9e60e925d5816e4ac1e443ed3e640d9a6ae55d0c?s=96&d=mm&r=g","caption":"US5"},"url":"https:\/\/veritasinfo.org\/?author=6"}]}},"featured_image_urls":{"full":["https:\/\/veritasinfo.org\/wp-content\/uploads\/2026\/01\/6e34b181-fdae-4a57-b4a4-a44eff76585c.webp",860,550,false],"thumbnail":["https:\/\/veritasinfo.org\/wp-content\/uploads\/2026\/01\/6e34b181-fdae-4a57-b4a4-a44eff76585c-150x150.webp",150,150,true],"medium":["https:\/\/veritasinfo.org\/wp-content\/uploads\/2026\/01\/6e34b181-fdae-4a57-b4a4-a44eff76585c-300x192.webp",300,192,true],"medium_large":["https:\/\/veritasinfo.org\/wp-content\/uploads\/2026\/01\/6e34b181-fdae-4a57-b4a4-a44eff76585c-768x491.webp",640,409,true],"large":["https:\/\/veritasinfo.org\/wp-content\/uploads\/2026\/01\/6e34b181-fdae-4a57-b4a4-a44eff76585c.webp",640,409,false],"1536x1536":["https:\/\/veritasinfo.org\/wp-content\/uploads\/2026\/01\/6e34b181-fdae-4a57-b4a4-a44eff76585c.webp",860,550,false],"2048x2048":["https:\/\/veritasinfo.org\/wp-content\/uploads\/2026\/01\/6e34b181-fdae-4a57-b4a4-a44eff76585c.webp",860,550,false],"kreeti-slider-full":["https:\/\/veritasinfo.org\/wp-content\/uploads\/2026\/01\/6e34b181-fdae-4a57-b4a4-a44eff76585c.webp",860,550,false],"kreeti-featured":["https:\/\/veritasinfo.org\/wp-content\/uploads\/2026\/01\/6e34b181-fdae-4a57-b4a4-a44eff76585c.webp",860,550,false],"kreeti-medium":["https:\/\/veritasinfo.org\/wp-content\/uploads\/2026\/01\/6e34b181-fdae-4a57-b4a4-a44eff76585c.webp",720,460,false],"kreeti-medium-square":["https:\/\/veritasinfo.org\/wp-content\/uploads\/2026\/01\/6e34b181-fdae-4a57-b4a4-a44eff76585c.webp",350,224,false]},"author_info":{"info":["US5"]},"category_info":"<a href=\"https:\/\/veritasinfo.org\/?cat=60\" rel=\"category\">Shoq\u00ebrore<\/a>","tag_info":"Shoq\u00ebrore","comment_count":"0","_links":{"self":[{"href":"https:\/\/veritasinfo.org\/index.php?rest_route=\/wp\/v2\/posts\/28359","targetHints":{"allow":["GET"]}}],"collection":[{"href":"https:\/\/veritasinfo.org\/index.php?rest_route=\/wp\/v2\/posts"}],"about":[{"href":"https:\/\/veritasinfo.org\/index.php?rest_route=\/wp\/v2\/types\/post"}],"author":[{"embeddable":true,"href":"https:\/\/veritasinfo.org\/index.php?rest_route=\/wp\/v2\/users\/6"}],"replies":[{"embeddable":true,"href":"https:\/\/veritasinfo.org\/index.php?rest_route=%2Fwp%2Fv2%2Fcomments&post=28359"}],"version-history":[{"count":1,"href":"https:\/\/veritasinfo.org\/index.php?rest_route=\/wp\/v2\/posts\/28359\/revisions"}],"predecessor-version":[{"id":28361,"href":"https:\/\/veritasinfo.org\/index.php?rest_route=\/wp\/v2\/posts\/28359\/revisions\/28361"}],"wp:featuredmedia":[{"embeddable":true,"href":"https:\/\/veritasinfo.org\/index.php?rest_route=\/wp\/v2\/media\/28360"}],"wp:attachment":[{"href":"https:\/\/veritasinfo.org\/index.php?rest_route=%2Fwp%2Fv2%2Fmedia&parent=28359"}],"wp:term":[{"taxonomy":"category","embeddable":true,"href":"https:\/\/veritasinfo.org\/index.php?rest_route=%2Fwp%2Fv2%2Fcategories&post=28359"},{"taxonomy":"post_tag","embeddable":true,"href":"https:\/\/veritasinfo.org\/index.php?rest_route=%2Fwp%2Fv2%2Ftags&post=28359"}],"curies":[{"name":"wp","href":"https:\/\/api.w.org\/{rel}","templated":true}]}}